{"id":2501,"date":"2014-01-03T00:00:00","date_gmt":"2014-01-03T00:00:00","guid":{"rendered":"https:\/\/espai-marx.net\/?p=2501"},"modified":"2020-02-19T10:15:36","modified_gmt":"2020-02-19T09:15:36","slug":"la-pah","status":"publish","type":"post","link":"https:\/\/espai-marx.net\/?p=2501","title":{"rendered":"La PAH. Apartidismo no es sin\u00f3nimo de anti-partidismo ni de apoliticismo"},"content":{"rendered":"<p>La pluralidad natural es una de las caracter\u00edsticas m\u00e1s importantes en la PAH.<br \/>\nEsta pluralidad se refleja en la diversidad de or\u00edgenes, religiones, ideolog\u00edas e incluso identificaciones pol\u00edticas. Y sin embargo se trata de un movimiento pol\u00edtico. Sencillamente por la naturaleza y caracter\u00edsticas de su lucha, eso es, el enfrentamiento contra la actitud bancaria amparada por la legalidad vigente, concentraciones para evitar desahucios en las puertas de los domicilios, escraches, lucha a trav\u00e9s de ILP para cambiar legislaci\u00f3n, etc.<br \/>\nEn resumen la pr\u00e1ctica de la desobediencia civil colectiva y organizada.<br \/>\nUn planteamiento claro y bien definido, radicalmente contrario a las pol\u00edticas defendidas por el poder establecido. No hay duda entonces del contenido pol\u00edtico de esta lucha.<br \/>\nHay que dejar claro, adem\u00e1s, que desde su creaci\u00f3n La PAH es un movimiento pol\u00edtico, y que la voluntad inicial de que los afectados se organicen y en su desarrollo se conviertan en activistas tomando progresiva conciencia pol\u00edtica convirti\u00e9ndose en sujetos activos, es evidente, independientemente de los debates que ello ha generado y genera en el interno de las PAH&#8217;s.<\/p>\n<p>Decimos adem\u00e1s que \u201cy sin embargo se trata de un movimiento pol\u00edtico\u201d pues el r\u00e1pido crecimiento de una organizaci\u00f3n tan plural cuyo elemento que une a sus componentes es \u201csolo\u201d la experiencia de afrontar la perdida de la vivienda sin ning\u00fan elemento de inquietud pol\u00edtica que una, conlleva, l\u00f3gicamente, a la ausencia de una visi\u00f3n pol\u00edtica consciente y colectiva del problema.<br \/>\nDe hecho podr\u00edamos hacer un paralelismo, en lo que se refiere a la formaci\u00f3n y crecimiento organizativo entre la PAH y las Comisiones Obreras originales de los 70 (recordando la uni\u00f3n aut\u00f3noma de asambleas de un\u00a0movimiento socio-pol\u00edtico que sin duda fue progresivamente determinante en la lucha pol\u00edtica)<\/p>\n<p>Decimos, podr\u00edamos pues hay una sustancial diferencia, mientras que esa experiencia de los a\u00f1os setenta se da en el contexto de una considerable conciencia pol\u00edtica en la sociedad, la formaci\u00f3n y crecimiento de la PAH se da en un contexto de sociedad despolitizada (este apoliticismo social lejos de tener su origen en un razonamiento individual es promovido estrat\u00e9gicamente por el neoliberalismo)<\/p>\n<p>Debido a todo lo expuesto, en el interno de la PAH hay sectores que defienden y mantienen \u201cla esencia Apol\u00edtica\u201d de la organizaci\u00f3n, confundiendo y mezclando el principio apartidista que acertadamente debe primar en un movimiento social. Apartidista s\u00ed, apol\u00edtico no. No son conceptos sin\u00f3nimos.<\/p>\n<p>Esta realidad dificulta que sepamos diferenciar, como organizaci\u00f3n, que opciones pol\u00edticas est\u00e1n con nosotros y que opciones son las que nos han llevado hasta aqu\u00ed. Y dificulta tender puentes para sumar con movimientos sociales o organizaciones pol\u00edticas que luchan decididamente contra el Neoliberalismo en concreto y contra el Capitalismo en general<br \/>\nTenemos que ser independientes y apartidistas, sin duda, pero a la vez tenemos que saber mantener v\u00ednculos m\u00e1s o menos estrechos con quienes desde otros \u00e1ngulos o escenarios de lucha son nuestros aliados potenciales y mantienen expl\u00edcitamente, y en algunos casos antes de la aparici\u00f3n de la PAH, sus mismas reivindicaciones.<\/p>\n<p>La PAH, en su acertada prudencia a no ser ni manipulada ni teledirigida, no puede valorar con el mismo list\u00f3n a todos los partidos y organizaciones pol\u00edticas.<\/p>\n<p>Las propuestas y acciones de las organizaciones pol\u00edticas de izquierdas antineoliberales no pueden verse con los mismos recelos que las que provienen de los partidos culpables de la pol\u00edtica inmobiliaria. El apartidismo no consiste en eso, eso es antipartidismo.Y tampoco son conceptos sin\u00f3nimos.<\/p>\n<p>El apartidismo hay que defenderlo como premisa para proteger la independencia y soberan\u00eda de la PAH. Pero jam\u00e1s debemos confundirlo con antipartidismo y apoliticismo.<\/p>\n<p>Desde el sindicato Co.bas, desde los afiliados que somos parte de la PAH, no cesaremos en la lucha por la independencia de la PAH, pero tampoco en nuestra labor de generar conciencia pol\u00edtica.<\/p>\n<p>El apartidismo nos fortalece, el apoliticismo nos debilita.<\/p>\n<p>Septiembre 2013<\/p>\n","protected":false},"excerpt":{"rendered":"<p>La pluralidad natural es una de las caracter\u00edsticas m\u00e1s importantes en la PAH.Esta pluralidad se refleja en la diversidad de or\u00edgenes, religiones, ideolog\u00edas e incluso identificaciones pol\u00edticas. Y sin embargo se trata de un movimiento pol\u00edtico.<\/p>\n","protected":false},"author":9,"featured_media":2502,"comment_status":"open","ping_status":"open","sticky":false,"template":"","format":"standard","meta":{"footnotes":""},"categories":[3],"tags":[],"class_list":["post-2501","post","type-post","status-publish","format-standard","has-post-thumbnail","hentry","category-condiciones-de-vida"],"aioseo_notices":[],"_links":{"self":[{"href":"https:\/\/espai-marx.net\/index.php?rest_route=\/wp\/v2\/posts\/2501","targetHints":{"allow":["GET"]}}],"collection":[{"href":"https:\/\/espai-marx.net\/index.php?rest_route=\/wp\/v2\/posts"}],"about":[{"href":"https:\/\/espai-marx.net\/index.php?rest_route=\/wp\/v2\/types\/post"}],"author":[{"embeddable":true,"href":"https:\/\/espai-marx.net\/index.php?rest_route=\/wp\/v2\/users\/9"}],"replies":[{"embeddable":true,"href":"https:\/\/espai-marx.net\/index.php?rest_route=%2Fwp%2Fv2%2Fcomments&post=2501"}],"version-history":[{"count":0,"href":"https:\/\/espai-marx.net\/index.php?rest_route=\/wp\/v2\/posts\/2501\/revisions"}],"wp:featuredmedia":[{"embeddable":true,"href":"https:\/\/espai-marx.net\/index.php?rest_route=\/wp\/v2\/media\/2502"}],"wp:attachment":[{"href":"https:\/\/espai-marx.net\/index.php?rest_route=%2Fwp%2Fv2%2Fmedia&parent=2501"}],"wp:term":[{"taxonomy":"category","embeddable":true,"href":"https:\/\/espai-marx.net\/index.php?rest_route=%2Fwp%2Fv2%2Fcategories&post=2501"},{"taxonomy":"post_tag","embeddable":true,"href":"https:\/\/espai-marx.net\/index.php?rest_route=%2Fwp%2Fv2%2Ftags&post=2501"}],"curies":[{"name":"wp","href":"https:\/\/api.w.org\/{rel}","templated":true}]}}