{"id":2523,"date":"2014-01-05T00:00:00","date_gmt":"2014-01-05T00:00:00","guid":{"rendered":"https:\/\/espai-marx.net\/?p=2523"},"modified":"2020-02-18T13:27:21","modified_gmt":"2020-02-18T12:27:21","slug":"senyors-de-la-troika-volem-la-independencia-pero-de-bon-rotllo-no-pateixin","status":"publish","type":"post","link":"https:\/\/espai-marx.net\/?p=2523","title":{"rendered":"Senyors de la Troika volem la independ\u00e8ncia per\u00f2 de bon rotllo, no pateixin"},"content":{"rendered":"<p>A prop\u00f2sit de la carta del senyor Mas<\/p>\n<p>&#8216;Senyors de la Troika volem la independ\u00e8ncia per\u00f2 de bon rotllo, no pateixin&#8217;<\/p>\n<p>Albert Pons Jodar<\/p>\n<p>El president de la Generalitat ha enviat una carta a estadistes europeus amb la que busca la complicitat i el suport en el &#8216;proc\u00e9s sobiranista&#8217;.<\/p>\n<p>En aquesta carta deixa clar que hi ha quatre condicions que avalen aquest proc\u00e9s : primer que ser\u00e0 escrupolosament democr\u00e0tic, segon que ser\u00e0 pac\u00edfic, tercer que ser\u00e0 transparent i quart ser\u00e0 dins la Uni\u00f3 Europea.<\/p>\n<p>Les tres primeres condicions no diuen gaire cosa, de fet s\u00f3n per a que quedi maco el redactat, totes tres diuen el mateix, tothom ent\u00e9n -a priori- que si un proc\u00e9s \u00e9s democr\u00e0tic ser\u00e0 pac\u00edfic i transparent. La quarta condici\u00f3 \u00e9s la important.<\/p>\n<p>El que diu Sr. Mas amb aquesta quarta condici\u00f3 \u00e9s &#8216;senyors de la Troika volem la independ\u00e8ncia per\u00f2 de bon rotllo, no pateixin&#8217;.<\/p>\n<p>No q\u00fcestionar la Uni\u00f3 Europea, \u00e9s no q\u00fcestionar res, \u00e9s dir-los als principals enemics del poble, el poder financer, tranquils que estem amb vosaltres.<\/p>\n<p>Per\u00f2, \u00e9s clar, CiU \u00e9s un partit de dretes que defensa les pol\u00edtiques neoliberals, \u00e9s la representaci\u00f3 pol\u00edtica a les institucions catalanes dels interessos del poder financer i per tant s\u00f3n coherents amb els seus objectius.<\/p>\n<p>Fins i tot, sota l&#8217;aparen\u00e7a de defensa del Estat Catal\u00e0 independent (o no independent) l&#8217;estan destruint, com ho estan fent tots els seus hom\u00f2legs arreu d&#8217;Europa.<\/p>\n<p>La destrucci\u00f3 de l&#8217;ensenyament, sanitat i pensions p\u00fabliques \u00e9s destrucci\u00f3 de l&#8217;Estat. La privatitzaci\u00f3 d&#8217;aquestes compet\u00e8ncies i de les empreses estrat\u00e8giques \u00e9s destrucci\u00f3 de l&#8217;Estat . Que \u00e9s l&#8217;Estat si perd totes aquestes funcions? res, una sucursal de la troika.<\/p>\n<p>El que m\u00e9s interessa al Capitalisme \u00e9s que en aquesta nova etapa Neocapitalista desapareguin els Estats com instruments de democr\u00e0cia i es converteixin en les seves oficines amb tecn\u00f2crates que vagin garantint el &#8216;No Estat&#8217;.<\/p>\n<p>Quan diem que avui les grans decisions pol\u00edtiques (i tamb\u00e9 les petites) no les fan els Estats i diem que v\u00e9nen &#8216;d&#8217;Europa&#8217; (de la Troika) i que per aix\u00f2 no hi ha democr\u00e0cia, com \u00e9s possible que quan ens ho mirem des d&#8217;un altre angle no ens adonem que la Uni\u00f3 Europea no \u00e9s un D\u00e9u . La Uni\u00f3 Europea \u00e9s la Troika.<\/p>\n<p>Cal molta reflexi\u00f3 des dels independentistes d&#8217;esquerra en el proc\u00e9s d&#8217;aquest &#8216;proc\u00e9s sobiranista&#8217; que explica el Sr. Mas a &#8216;Europa&#8217;. Cal molta reflexi\u00f3 sobre de que parlem quan diem Europa.<\/p>\n<p>I cal molta reflexi\u00f3 quan des de posicions &#8216;infantils d&#8217;esquerra&#8217; veiem en els pol\u00edtics (per la seva condici\u00f3 de pol\u00edtics) i en el Estat (per la seva condici\u00f3 d&#8217;Estat) els nostres enemics. L&#8217;Estat ja l&#8217;estan destruint, ja est\u00e0 desapareixent i no ho est\u00e0 fent cap moviment revolucionari ho est\u00e0 fent el propi Neocapitalisme.<\/p>\n<p>Una \u00faltima dada: la nova llei de seguretat ciutadana, que permet fer de policies als guardes de seguretat d&#8217;empreses privades, \u00e9s una atac m\u00e9s a la democr\u00e0cia, \u00e9s un pas m\u00e9s en la destrucci\u00f3 de l&#8217;Estat Democr\u00e0tic i per cert llei aprovada pel PP, PNV i CiU, com totes les lleis i reformes que estan destruint la Democr\u00e0cia, l&#8217;Estat i les nostres vides.<\/p>\n<p><strong style=\"mso-bidi-font-weight: normal;\">Espai Marx publica aquest article d\u2019Albert Pons J\u00f3dar (<a href=\"https:\/\/www.facebook.com\/albert.ponsjodar\">https:\/\/www.facebook.com\/albert.ponsjodar<\/a>) amb perm\u00eds de l\u2019autor, i estimula la seva m\u00e9s amplia difusi\u00f3. <\/strong><\/p>\n","protected":false},"excerpt":{"rendered":"<p>No q\u00fcestionar la Uni\u00f3 Europea, \u00e9s no q\u00fcestionar res, \u00e9s dir-los als principals enemics del poble, el poder financer, tranquils que estem amb vosaltres.<\/p>\n","protected":false},"author":9,"featured_media":2524,"comment_status":"open","ping_status":"open","sticky":false,"template":"","format":"standard","meta":{"footnotes":""},"categories":[13,2],"tags":[],"class_list":["post-2523","post","type-post","status-publish","format-standard","has-post-thumbnail","hentry","category-la-izquierda-a-debate","category-nacionalismo"],"aioseo_notices":[],"_links":{"self":[{"href":"https:\/\/espai-marx.net\/index.php?rest_route=\/wp\/v2\/posts\/2523","targetHints":{"allow":["GET"]}}],"collection":[{"href":"https:\/\/espai-marx.net\/index.php?rest_route=\/wp\/v2\/posts"}],"about":[{"href":"https:\/\/espai-marx.net\/index.php?rest_route=\/wp\/v2\/types\/post"}],"author":[{"embeddable":true,"href":"https:\/\/espai-marx.net\/index.php?rest_route=\/wp\/v2\/users\/9"}],"replies":[{"embeddable":true,"href":"https:\/\/espai-marx.net\/index.php?rest_route=%2Fwp%2Fv2%2Fcomments&post=2523"}],"version-history":[{"count":0,"href":"https:\/\/espai-marx.net\/index.php?rest_route=\/wp\/v2\/posts\/2523\/revisions"}],"wp:featuredmedia":[{"embeddable":true,"href":"https:\/\/espai-marx.net\/index.php?rest_route=\/wp\/v2\/media\/2524"}],"wp:attachment":[{"href":"https:\/\/espai-marx.net\/index.php?rest_route=%2Fwp%2Fv2%2Fmedia&parent=2523"}],"wp:term":[{"taxonomy":"category","embeddable":true,"href":"https:\/\/espai-marx.net\/index.php?rest_route=%2Fwp%2Fv2%2Fcategories&post=2523"},{"taxonomy":"post_tag","embeddable":true,"href":"https:\/\/espai-marx.net\/index.php?rest_route=%2Fwp%2Fv2%2Ftags&post=2523"}],"curies":[{"name":"wp","href":"https:\/\/api.w.org\/{rel}","templated":true}]}}