{"id":2535,"date":"2014-01-14T00:00:00","date_gmt":"2014-01-14T00:00:00","guid":{"rendered":"https:\/\/espai-marx.net\/?p=2535"},"modified":"2020-02-18T13:13:00","modified_gmt":"2020-02-18T12:13:00","slug":"luis-manero-peiro-se-suicido","status":"publish","type":"post","link":"https:\/\/espai-marx.net\/?p=2535","title":{"rendered":"Luis Manero Peir\u00f3, se \u201csuicid\u00f3\u201d&#8230;"},"content":{"rendered":"<p class=\"western\" style=\"margin-top: 0.64cm; margin-bottom: 0cm; line-height: 150%;\" align=\"JUSTIFY\">En la madrugada del lunes, Luis se suicida tir\u00e1ndose al vac\u00edo por el balc\u00f3n del mediterr\u00e1neo. Divorciado y con una hija, viv\u00eda solo desde hac\u00eda m\u00e1s de 10 a\u00f1os en uno de los barrios de poniente de Tarragona, en una vivienda hipotecado a 30 a\u00f1os, de los que habr\u00eda pagado 12 hasta la fecha.<\/p>\n<p class=\"western\" style=\"margin-top: 0.64cm; margin-bottom: 0cm; line-height: 150%;\" align=\"JUSTIFY\">Naci\u00f3 en Zaragoza y desde muy peque\u00f1o vino a vivir a Tarragona con su familia. Ten\u00eda 50 a\u00f1os y a partir de los 16 estuvo trabajando normalmente hasta que en el 2010 fue despedido del ramo de la construcci\u00f3n donde ejerc\u00eda como encofrador.<\/p>\n<p class=\"western\" style=\"margin-top: 0.64cm; margin-bottom: 0cm; line-height: 150%;\" align=\"JUSTIFY\">Luis hab\u00eda agotado los dos a\u00f1os de paro, seis meses de ayuda y hasta el d\u00eda de su muerte llevaba tres meses sin cobrar nada. A\u00fan se qued\u00f3 esperando que le llegara la indemnizaci\u00f3n del Fondo de Garant\u00eda Salarial.<\/p>\n<p class=\"western\" lang=\"es-ES\" style=\"margin-top: 0.64cm; margin-bottom: 0cm; line-height: 150%;\" align=\"JUSTIFY\"><b>Pero Luis no se tir\u00f3, lo empujaron<\/b><\/p>\n<p class=\"western\" style=\"margin-top: 0.64cm; margin-bottom: 0cm; line-height: 150%;\" align=\"JUSTIFY\">Si lo explicamos de otro modo, m\u00e1s parecido a la realidad, aseguramos que Lu\u00eds ha sido asesinado por un acto de terrorismo de Estado, sin paliativos. Lu\u00eds, como tantos, otros ha sido catapultado al vac\u00edo, sin compasi\u00f3n.<\/p>\n<p class=\"western\" style=\"margin-top: 0.64cm; margin-bottom: 0cm; line-height: 150%;\" align=\"JUSTIFY\">Quien lo despidi\u00f3 del trabajo, es posible que siga pavone\u00e1ndose de un lado para otro, como lo hac\u00eda entonces, con su lujoso mercedes de 200.000 euros y a d\u00eda de hoy, en paradero desconocido todo el dinero que Luis y otros le dieron a ganar durante la gran bacanal del hormig\u00f3n y el de la indemnizaci\u00f3n que no les pag\u00f3. Y \u00bfpor qu\u00e9 iba a pagar? Eso solo lo hubiera hecho un empresario \u201craro\u201d, con problemas de conciencia social. A tomar \u201cvientos\u201d que pague FOGASA.<\/p>\n<p class=\"western\" style=\"margin-top: 0.64cm; margin-bottom: 0cm; line-height: 150%;\" align=\"JUSTIFY\">Sobre las ocho horas apareci\u00f3 el cuerpo que debi\u00f3 caer durante la noche. Todo y as\u00ed era un ser humano que, (aunque ninguneado durante toda su vida, como toda persona que vende su esfuerzo para poder subsistir, y aunque no hubiera sido nada m\u00e1s que por su drama final) merec\u00eda, por lo menos, una nota con su nombre y apellidos. A no ser que, a esos peri\u00f3dicos que suelen \u201cdanzar\u201d por las barras de los bares, les comunicaran que solo era una paloma con las alas rotas. De otro modo, pudo pasar que ese d\u00eda, a los diarios no les funcionaran ni los correos ni los tel\u00e9fonos. Algo as\u00ed debi\u00f3 suceder tambi\u00e9n con la persona que se lanz\u00f3 desde un noveno piso del barrio de S. Pere i S. Pau, si mal no recuerdo, el pasado d\u00eda 24 de mayo.<\/p>\n<p class=\"western\" style=\"margin-top: 0.64cm; margin-bottom: 0cm; line-height: 150%;\" align=\"JUSTIFY\">Sin embargo, los que nos encontramos faenando frente a estas cosechas de maldades, sabemos que no es suficiente con matarlos, la confabulaci\u00f3n del terror ordena que se han de tapar, no se han de ense\u00f1ar tales atrocidades, para que no haya alarma popular. Y para eso est\u00e1n los guardianes de los medios televisivos y del \u201cpapelaj\u00e9\u201d, para obedecer al un\u00edsono en pro de seguir llenando de bogavantes sus \u201chermosos\u201d est\u00f3magos.<\/p>\n<p class=\"western\" style=\"margin-top: 0.64cm; margin-bottom: 0cm; line-height: 150%;\" align=\"JUSTIFY\">Su hermano me cuenta, que Lu\u00eds era una persona a la que le costaba mucho estar sin trabajar. Si a eso le agregamos que ya no le llegaba ni un c\u00e9ntimo y que tuvo el \u201cdesacierto\u201d de seguir pagando la hipoteca al banco hasta el mes de abril, el desenlace estaba servido. Y eso que Lu\u00eds, (afiliado a nuestro Sindicato de COBAS, sin pagar cuota desde hac\u00eda dos a\u00f1os por su situaci\u00f3n econ\u00f3mica), era de los que hab\u00edan adquirido un nivel de conciencia por lo que normalmente acud\u00eda a reuniones y participaba en las manifestaciones. Sin embargo se habr\u00eda de estar dentro de su piel, (en los calabozos de su vida, torturado, oyendo atroces susurros de las momias del capitalismo), para saber por qu\u00e9 se oblig\u00f3 a ese vuelo sin retorno.<\/p>\n","protected":false},"excerpt":{"rendered":"<p class='MsoNormal' style='text-align: justify;'>Si lo explicamos de otro modo, m\u00e1s parecido a la realidad, aseguramos que Lu\u00eds ha sido asesinado por un acto de terrorismo de Estado, sin paliativos. Lu\u00eds, como tantos, otros ha sido catapultado al vac\u00edo, sin compasi\u00f3n.<\/p>\n","protected":false},"author":9,"featured_media":2536,"comment_status":"open","ping_status":"open","sticky":false,"template":"","format":"standard","meta":{"footnotes":""},"categories":[3],"tags":[],"class_list":["post-2535","post","type-post","status-publish","format-standard","has-post-thumbnail","hentry","category-condiciones-de-vida"],"aioseo_notices":[],"_links":{"self":[{"href":"https:\/\/espai-marx.net\/index.php?rest_route=\/wp\/v2\/posts\/2535","targetHints":{"allow":["GET"]}}],"collection":[{"href":"https:\/\/espai-marx.net\/index.php?rest_route=\/wp\/v2\/posts"}],"about":[{"href":"https:\/\/espai-marx.net\/index.php?rest_route=\/wp\/v2\/types\/post"}],"author":[{"embeddable":true,"href":"https:\/\/espai-marx.net\/index.php?rest_route=\/wp\/v2\/users\/9"}],"replies":[{"embeddable":true,"href":"https:\/\/espai-marx.net\/index.php?rest_route=%2Fwp%2Fv2%2Fcomments&post=2535"}],"version-history":[{"count":0,"href":"https:\/\/espai-marx.net\/index.php?rest_route=\/wp\/v2\/posts\/2535\/revisions"}],"wp:featuredmedia":[{"embeddable":true,"href":"https:\/\/espai-marx.net\/index.php?rest_route=\/wp\/v2\/media\/2536"}],"wp:attachment":[{"href":"https:\/\/espai-marx.net\/index.php?rest_route=%2Fwp%2Fv2%2Fmedia&parent=2535"}],"wp:term":[{"taxonomy":"category","embeddable":true,"href":"https:\/\/espai-marx.net\/index.php?rest_route=%2Fwp%2Fv2%2Fcategories&post=2535"},{"taxonomy":"post_tag","embeddable":true,"href":"https:\/\/espai-marx.net\/index.php?rest_route=%2Fwp%2Fv2%2Ftags&post=2535"}],"curies":[{"name":"wp","href":"https:\/\/api.w.org\/{rel}","templated":true}]}}