{"id":2543,"date":"2014-01-15T00:00:00","date_gmt":"2014-01-14T23:00:00","guid":{"rendered":"https:\/\/espai-marx.net\/?p=2543"},"modified":"2020-02-19T10:13:13","modified_gmt":"2020-02-19T09:13:13","slug":"breve-noticia-urgente-de-un-excelente-libro","status":"publish","type":"post","link":"https:\/\/espai-marx.net\/?p=2543","title":{"rendered":"Breve noticia urgente de un excelente libro"},"content":{"rendered":"<p>Llega a nuestras manos un breve libro de poes\u00eda escrito por uno de nuestros amigos, Daniel Salgado. Daniel Salgado es poeta de ya largo recorrido, cuya obra po\u00e9tica re\u00fane un notable conjunto de trabajos. Es tambi\u00e9n miembro de un grupo musical, y su afici\u00f3n y amor por la m\u00fasica reverbera en las p\u00e1ginas del presente libro del que damos noticia.<\/p>\n<p>Daniel Salgado acaba de publicar en gallego un nuevo poemario de gran hermosura, de gran fuerza po\u00e9tica, de bien elaborado compromiso pol\u00edtico, tal como lo revela el mismo t\u00edtulo de la obra, de inspiraci\u00f3n brechtiana<\/p>\n<p><strong>Dos tempos sombrizos<\/strong>. Daniel Salgado, Edici\u00f3ns Xerais de Galicia, Vigo, noviembre 2013. Es \u00e9ste un libro de poes\u00eda que resulta a la vez \u00edntimo y vibrante, expresivo y recogido, repleto de reflexi\u00f3n melanc\u00f3lica y rearme moral y pol\u00edtico ante y para el presente, no por medio de la incitaci\u00f3n ilusa, sino mediante la reflexi\u00f3n realista, mediante la meditaci\u00f3n ante la ruina del presente. Un trabajo po\u00e9tico \u2013 filos\u00f3fico, en el que la pol\u00edtica, expl\u00edcita, est\u00e1 mediada por el corpus filos\u00f3fico marxista: Benjamin, Gramsci, Marshall Berman, Bensaid, y tambi\u00e9n Brecht, a comenzar por esa declaraci\u00f3n brectiana del t\u00edtulo, que produce una poes\u00eda reflexiva muy potente y muy expresiva, expl\u00edcitamente pol\u00edtica y en absoluto panfletaria. Es la poes\u00eda el g\u00e9nero m\u00e1s pr\u00f3ximo a la filosof\u00eda, por ser el m\u00e1s conscientemente autoreflexivo, el que exige y parte de una m\u00e1s \u00edntima, directa, autointerpelaci\u00f3n, y esto posibilita esa excelente fusi\u00f3n de ambos en la poes\u00eda, tal como lo hace Daniel.<\/p>\n<p>La palabra \u201cmiedo\u201d est\u00e1 en el libro, pero m\u00e1s que poes\u00eda del miedo \u2013es el \u00e9nfasis de la contraportada- es poes\u00eda de la consciencia del peligro, consciencia del peligro visto a la luz del rel\u00e1mpago del momento presente, que nos hace comprender que ni siquiera los muertos est\u00e1n a salvo del enemigo victorioso, y poes\u00eda de la consciencia de la magnitud de la derrota, y de la destrucci\u00f3n civilizatoria. Consciencia de que las certezas y las fortalezas del pasado se han hundido: todo lo s\u00f3lido se desvanece en el aire.<\/p>\n<p>No es poes\u00eda de rendici\u00f3n, de marasmo moral e invitaci\u00f3n a la entrega, s\u00ed es melanc\u00f3lica y reflexiva. Es poes\u00eda de firmeza, de la firmeza que surge de la declaraci\u00f3n de derrota, de ser y querer ser incluido en las listas de los derrotados; poes\u00eda en que la subjetividad meditativa encarnada en el yo po\u00e9tico se desdobla y enfrenta, en dial\u00e9ctica negativa, con el orden triunfante del mundo y contra la irremediabilidad de lo que existe, y lo hace al afrontar y proferir, poner nombre, y tristeza, a la realidad que vivimos. Poes\u00eda de resistencia, de resistir no con lo s\u00f3lido, que demuestra su vanidad en el desvanecerse, sino con lo tenue, con el pensamiento que es tenue pero revela ser lo perennemente resistente, lo imposible de aniquilar por su aparente fragilidad, por ser solo idea. Precisamente por ser idea, y poder ser asumido y poder encarnarse en el ser humano com\u00fan; por poder llegar a formar la \u00fanica muralla firme posible, la no s\u00f3lida, la palpitante muralla de carne.<\/p>\n<p>Es el de Salgado un libro de resistencia firme mediante la tenue palabra. Un libro emocionante, que nos invita a la reflexi\u00f3n y nos alienta a la resistencia. Un libro excelente, de verdadera poes\u00eda. Queda aqu\u00ed la nota; lector, no te lo pierdas.<\/p>\n","protected":false},"excerpt":{"rendered":"<p>\u00a0<\/p>\n<p style='margin-bottom: 0cm;' align='JUSTIFY'>Daniel Salgado acaba de publicar en gallego un nuevo poemario de gran hermosura, de gran fuerza po\u00e9tica, de bien elaborado  compromiso pol\u00edtico. Un trabajo po\u00e9tico\u2013filos\u00f3fico, en el que la pol\u00edtica, expl\u00edcita, est\u00e1 mediada por el corpus filos\u00f3fico marxista: Benjamin, Gramsci, Marshall Berman, Bensaid y Brecht. Es un libro de resistencia firme mediante la tenue palabra, un libro emocionante, que nos invita a la reflexi\u00f3n y nos alienta a la resistencia.<\/p>\n","protected":false},"author":9,"featured_media":2544,"comment_status":"open","ping_status":"open","sticky":false,"template":"","format":"standard","meta":{"footnotes":""},"categories":[19],"tags":[1065,984,917],"class_list":["post-2543","post","type-post","status-publish","format-standard","has-post-thumbnail","hentry","category-cultura","tag-daniel-salgado","tag-dos-tempos-sombrizos","tag-resenas"],"aioseo_notices":[],"_links":{"self":[{"href":"https:\/\/espai-marx.net\/index.php?rest_route=\/wp\/v2\/posts\/2543","targetHints":{"allow":["GET"]}}],"collection":[{"href":"https:\/\/espai-marx.net\/index.php?rest_route=\/wp\/v2\/posts"}],"about":[{"href":"https:\/\/espai-marx.net\/index.php?rest_route=\/wp\/v2\/types\/post"}],"author":[{"embeddable":true,"href":"https:\/\/espai-marx.net\/index.php?rest_route=\/wp\/v2\/users\/9"}],"replies":[{"embeddable":true,"href":"https:\/\/espai-marx.net\/index.php?rest_route=%2Fwp%2Fv2%2Fcomments&post=2543"}],"version-history":[{"count":0,"href":"https:\/\/espai-marx.net\/index.php?rest_route=\/wp\/v2\/posts\/2543\/revisions"}],"wp:featuredmedia":[{"embeddable":true,"href":"https:\/\/espai-marx.net\/index.php?rest_route=\/wp\/v2\/media\/2544"}],"wp:attachment":[{"href":"https:\/\/espai-marx.net\/index.php?rest_route=%2Fwp%2Fv2%2Fmedia&parent=2543"}],"wp:term":[{"taxonomy":"category","embeddable":true,"href":"https:\/\/espai-marx.net\/index.php?rest_route=%2Fwp%2Fv2%2Fcategories&post=2543"},{"taxonomy":"post_tag","embeddable":true,"href":"https:\/\/espai-marx.net\/index.php?rest_route=%2Fwp%2Fv2%2Ftags&post=2543"}],"curies":[{"name":"wp","href":"https:\/\/api.w.org\/{rel}","templated":true}]}}