{"id":2550,"date":"2014-01-17T00:00:00","date_gmt":"2014-01-17T00:00:00","guid":{"rendered":"https:\/\/espai-marx.net\/?p=2550"},"modified":"2020-02-18T13:08:49","modified_gmt":"2020-02-18T12:08:49","slug":"sobre-metodos-y-contenidos","status":"publish","type":"post","link":"https:\/\/espai-marx.net\/?p=2550","title":{"rendered":"Sobre m\u00e9todos y contenidos"},"content":{"rendered":"<p>Hace ya tal vez demasiado tiempo, alguien a quien pienso seguramente admirar\u00e1 Pablo Iglesias, Guy Debord, escrib\u00eda que \u201cno se puede combatir ya la alienaci\u00f3n bajo formas alienadas\u201d. Y hace bastantes m\u00e1s Antonio Gramsci escrib\u00eda tambi\u00e9n que \u201cen la pol\u00edtica de masas decir la verdad es una necesidad pol\u00edtica\u201d.<\/p>\n<p>No pretendo que este art\u00edculo se convierta en una sucesi\u00f3n de citas inconexas en las que el lector se pueda perder, pero creo que cada una de ellas expresa las principales cr\u00edticas que voy a tratar de exponer: una sobre el m\u00e9todo y otra sobre el contenido. Ambos no deben ir separados y, posiblemente, uno sea, en buena parte, consecuencia del otro, pero tratarlos aparte se me antoja una cuesti\u00f3n de orden.<\/p>\n<p>En ning\u00fan caso es mi intenci\u00f3n elaborar una cr\u00edtica que tenga que ver con el despecho porque esta candidatura pudiese perjudicar a otra que me pueda parecer m\u00e1s oportuna o porque \u201cmi grupito\u201d est\u00e9 o no est\u00e9 incluido en ella. Han surgido y surgir\u00e1n cr\u00edticas, leg\u00edtimas por supuesto, a las que podemos considerar \u201cpartidistas\u201d, pero esta no va a ser ninguna de ellas. Incluso es posible que el grupo al que pertenezco manifieste su apoyo, de una u otra manera a esta candidatura.<\/p>\n<p>Pasemos entonces a la cuesti\u00f3n del m\u00e9todo. Tal vez resulte demasiado contundente calificar de alienado al m\u00e9todo para construir esta candidatura. A\u00fan reconociendo esto, s\u00ed pienso que resulta un calificativo descriptivo que pretende llamar la atenci\u00f3n. Una vez m\u00e1s, la en\u00e9sima, nos encontramos con la construcci\u00f3n de una candidatura a toda prisa, con una carrera en la que parece que lo \u00fanico que importa es \u201caprovechar la ocasi\u00f3n\u201d. Y volvemos a hallarnos ante una supuesta unidad que en realidad es muy pobre y poco unitaria, y que deja a una multitud de sujetos que podr\u00edan estar fuera del proyecto.<\/p>\n<p>Como siempre, se dan todos los llamamientos a la horizontalidad, a la representaci\u00f3n de los movimientos sociales o a la construcci\u00f3n desde abajo, mientras que, en realidad, la decisi\u00f3n procede m\u00e1s de la intenci\u00f3n de alg\u00fan partido por no quedarse fuera del juego electoral en el escenario europeo. Por supuesto, todo esto v\u00eda estimulaci\u00f3n del natural ego de un cabeza de lista que tiene una enorme capacidad para la comunicaci\u00f3n. En mi opini\u00f3n se vuelve a caer en el error de centrar todos los esfuerzos y las esperanzas en las contiendas electorales, repitiendo lo que ya ha hecho muchas veces IU, mientras que no se consigue un arraigo social real. Tal vez esa ausencia de arraigo y esa impotencia para construir sociedad alternativa son las que impulsan a esa irrefrenable tendencia electoralista.<\/p>\n<p>Hay en la historia reciente de la izquierda espa\u00f1ola numerosos ejemplos, por no decir todos, de agrupamientos y candidaturas que han nacido con vocaci\u00f3n de futuro, con la intenci\u00f3n de construir algo s\u00f3lido, desde abajo, para trabajar con largo aliento, y que se han disuelto al d\u00eda siguiente del mayor o menor fracaso electoral. De todos modos, al igual que en este caso, en mi opini\u00f3n, siempre estos agrupamientos han carecido de un apoyo social relevante y han fiado su proyecto a que un resultado electoral importante fuese la palanca para construir un movimiento fuerte; craso error una vez m\u00e1s intentar colocar a los bueyes delante del carro\u2026<\/p>\n<p>Y, como ya se ha apuntado en alg\u00fan que otro art\u00edculo al respecto, siempre se nos llena la boca con nuestra inquebrantable adhesi\u00f3n a \u201clo colectivo\u201d y nuestro rechazo al caudillismo y a las figuras que representen cualquier tipo de hiperliderazgo. Pero, cuando llega la hora de la verdad, cuando nos entran las prisas porque los otros se presentan y nosotros, claro, no vamos a ser menos, olvidamos el ya famoso \u201cNi en dioses, reyes ni tribunos est\u00e1 el supremo salvador\u201d, de la Internacional y buscamos al m\u00e1s famoso de los tribunos, a un \u201csupremo salvador\u201d que pueda conseguir un buen pu\u00f1ado de votos que nos deje, de momento, en buen lugar. Y, sin embargo, olvidamos lo principal, que solo un potente y amplio movimiento de masas es capaz de cambiar las cosas de modo radical.<\/p>\n<p>Todo esto sin tener en cuenta el da\u00f1o que puede hacer a futuros procesos unitarios la ausencia de numerosos grupos que se reclaman de la izquierda, y, lo que puede ser m\u00e1s importante, el sentimiento de instrumentalizaci\u00f3n electoralista que puede cundir en algunos movimientos sociales. Estos procesos de \u201cunidad\u201d, apresurados y casi siempre sesgados, dejan cad\u00e1veres y malas sensaciones por el camino en todas las ocasiones. Deber\u00eda ser mucho m\u00e1s importante la consolidaci\u00f3n de alianzas y de relaciones con la sociedad que las urgencias por participar en las elecciones. No contemplo, por incredulidad, el inmenso da\u00f1o que podr\u00eda hacer al conjunto del movimiento si el objetivo de esta candidatura no fuese m\u00e1s que el de constituirse en grupo de presi\u00f3n para negociar puestos en un eventual proceso de fusi\u00f3n con la candidatura de IU. Esto ya ser\u00eda m\u00e1s tr\u00e1gico que c\u00f3mico.<\/p>\n<p>Resulta ya un poco agobiante que cada vez que se abordan este tipo de procesos, se exprese la voluntad de que el siguiente se har\u00e1 con m\u00e1s tiempo y que se iniciar\u00e1 una elaboraci\u00f3n realmente \u201cdesde abajo\u201d. La raz\u00f3n por la cual ocurre esto una y otra vez, me parece evidente: no existe una base social real, los grupos pol\u00edticos que impulsan estas candidaturas no tienen ni la implantaci\u00f3n ni la influencia necesarias para que su programa sea reflejo de las aspiraciones populares; de ah\u00ed que esa tendencia, ante la propia debilidad, a fiar su suerte a personajes medi\u00e1ticos, sea bastante natural.<\/p>\n<p>La cuesti\u00f3n de los contenidos tambi\u00e9n va muy ligada con el tema del m\u00e9todo. Los contenidos, tambi\u00e9n elaborados a toda prisa y con no demasiada discusi\u00f3n colectiva, no son casuales y s\u00ed m\u00e1s bien causales. Cuando se pretende armar una candidatura como \u00e9sta, en lo que lo menos importante es el manifiesto, y lo m\u00e1s importante las figuras que la encabezan, los contenidos que \u201ctriunfan\u201d son los que ya han sido discutidos previamente por el grupo m\u00e1s organizado que integra esa candidatura. No pienso que se trate de una t\u00e1ctica traicionera o fruto de la perfidia de un Comit\u00e9 Central en la sombra que pretende imponer sus ideas, pero s\u00ed debemos reconocer que la pasividad o la buena voluntad del resto hacen que determinadas ideas se vean plasmadas u obviadas en los documentos.<\/p>\n<p>En el manifiesto de esta candidatura nos encontramos con alguna ausencia clamorosa. Yo dir\u00eda que falta lo principal, y por eso pienso que esa necesidad de decir la verdad al pueblo no queda cubierta en este caso. \u00bfQu\u00e9 es lo principal? Creo que resulta indispensable que una candidatura de izquierdas que quiere un cambio social radical plantee la necesidad de la salida del Euro y el cuestionamiento de la presencia espa\u00f1ola en la UE. Hay que decir la verdad porque hay que dejar muy claro que con el euro y con este modelo de Uni\u00f3n Europea no son posibles otro tipo de pol\u00edticas que las neoliberales que hemos conocido hasta ahora.<\/p>\n<p>No es posible hurtar a nuestros conciudadanos un debate que ya est\u00e1 surgiendo en muchos pa\u00edses de la UE. Y salir del euro o de la Uni\u00f3n Europea no es ponerse del lado de Marine Le Pen o de la extrema derecha europea, no se est\u00e1 hablando de una vuelta al pasado o de la recuperaci\u00f3n de la peseta. Cuando se habla de estas cuestiones desde la izquierda, estamos pensando en una salida organizada de un grupo de pa\u00edses de tama\u00f1o cuando menos medio y de la creaci\u00f3n de un \u00e1rea econ\u00f3mica propia basada en los intereses de las personas y no el de los mercados. Un ALBA a la mediterr\u00e1nea, por buscar un referente. Que IU no se haya atrevido a plantear esta cuesti\u00f3n puede tener una cierta l\u00f3gica, pero una candidatura de \u201cla izquierda de la izquierda\u201d s\u00ed deber\u00eda plantear estas cosas sin ning\u00fan miedo.<\/p>\n<p>Y una izquierda sin miedo y que tenga la intenci\u00f3n de decirle la verdad al pueblo debe hablar de la Uni\u00f3n Europea claramente y denunciar el proceso colonial al que nos est\u00e1 sometiendo el capitalismo alem\u00e1n. Hay que decirle al pueblo que las enormes tasas de paro que sufre nuestro pa\u00eds se deben, fundamentalmente, al papel que se nos ha otorgado en la divisi\u00f3n del trabajo en el interior de la UE: servicios, fundamentalmente turismo y muy poco m\u00e1s. Hay que contarle tambi\u00e9n a nuestro pueblo que este proceso se inici\u00f3 con la integraci\u00f3n en la UE, que no se ha detenido ni por un momento, y que ha sido favorecido tanto por los gobiernos del PSOE como los del PP. Y hay que explicar, tambi\u00e9n, que en la Uni\u00f3n Europea actual no hay espacio para pol\u00edticas distintas y que Europa no es necesariamente la UE:<\/p>\n<p>No se trata de guardar ninguna ortodoxia ni de descalificar a esta candidatura porque no reparten panfletos en las f\u00e1bricas. La izquierda tiene que darse cuenta de que al igual que la explotaci\u00f3n del capitalismo se ha ido extendiendo a todos los aspectos de la vida del ser humano, los escenarios de rebeli\u00f3n y de resistencia se han multiplicado. La f\u00e1brica se ha desparramado por los barrios, dec\u00eda hace poco un compa\u00f1ero. De nada sirve hoy en d\u00eda agarrarse a ortodoxias o a f\u00f3rmulas predeterminadas. Los hechos de Burgos son paradigm\u00e1ticos. Tal vez esa multiplicaci\u00f3n de escenarios de conflicto social ha pillado a la izquierda con el m\u00e1s bajo grado de organizaci\u00f3n y de extensi\u00f3n de su historia, pero las cosas son as\u00ed, la retirada y el acomodamiento de la izquierda pol\u00edtica y sindical mayoritarias hacen que las tareas nos parezcan ahora m\u00e1s colosales. Solo identificando los lugares del conflicto social y construy\u00e9ndose en ellos podr\u00e1 la izquierda empezar a luchar por la hegemon\u00eda.<\/p>\n<p>Esta cr\u00edtica a la candidatura que parece va a encabezar Pablo Iglesias no pretende ser destructiva y est\u00e1 escrita desde la completa seguridad de que tanto Pablo como todos los que participan y apoyan su candidatura son \u201cde los nuestros\u201d y est\u00e1n en la misma trinchera que el resto. Tambi\u00e9n es evidente que habr\u00e1 \u201cde los nuestros\u201d en las diversas candidaturas de izquierda que se presenten a estas elecciones, y, por supuesto, entre los que no se presenten. La candidatura encabezada por Pablo Iglesias tiene apoyos importantes y, con toda seguridad contar\u00e1 con activistas comprometidos y honestos, pero creo que era necesario breve an\u00e1lisis de las debilidades que presenta. En tanto en cuanto sirva de espacio de encuentro de diversos grupos y experiencias de lucha, podremos decir que la candidatura ha jugado un papel positivo. Esperemos, al menos, que esta convergencia sirva para que, de una vez por todas y sin urgencias electorales, se empiece la paciente construcci\u00f3n de un proyecto con una amplia base social.<\/p>\n<p>Carlos Guti\u00e9rrez. (MIA-Pinto)<\/p>\n","protected":false},"excerpt":{"rendered":"<p class='MsoNormal' style='text-align: justify;'>Como siempre, se dan todos los llamamientos a la horizontalidad, a la representaci\u00f3n de los movimientos sociales o a la construcci\u00f3n desde abajo, mientras que, en realidad, la decisi\u00f3n procede m\u00e1s de la intenci\u00f3n de alg\u00fan partido por no quedarse fuera del juego electoral en el escenario europeo. Todo esto v\u00eda estimulaci\u00f3n de un cabeza de lista que tiene una enorme capacidad para la comunicaci\u00f3n. Se vuelve a caer en el error de centrar todos los esfuerzos y las esperanzas en las contiendas electorales, mientras que no se consigue un arraigo social real. Olvidamos lo principal: solo un potente y amplio movimiento de masas ser\u00e1 capaz de cambiar las cosas de modo radical.<\/p>\n","protected":false},"author":9,"featured_media":2551,"comment_status":"open","ping_status":"open","sticky":false,"template":"","format":"standard","meta":{"footnotes":""},"categories":[13],"tags":[],"class_list":["post-2550","post","type-post","status-publish","format-standard","has-post-thumbnail","hentry","category-la-izquierda-a-debate"],"aioseo_notices":[],"_links":{"self":[{"href":"https:\/\/espai-marx.net\/index.php?rest_route=\/wp\/v2\/posts\/2550","targetHints":{"allow":["GET"]}}],"collection":[{"href":"https:\/\/espai-marx.net\/index.php?rest_route=\/wp\/v2\/posts"}],"about":[{"href":"https:\/\/espai-marx.net\/index.php?rest_route=\/wp\/v2\/types\/post"}],"author":[{"embeddable":true,"href":"https:\/\/espai-marx.net\/index.php?rest_route=\/wp\/v2\/users\/9"}],"replies":[{"embeddable":true,"href":"https:\/\/espai-marx.net\/index.php?rest_route=%2Fwp%2Fv2%2Fcomments&post=2550"}],"version-history":[{"count":0,"href":"https:\/\/espai-marx.net\/index.php?rest_route=\/wp\/v2\/posts\/2550\/revisions"}],"wp:featuredmedia":[{"embeddable":true,"href":"https:\/\/espai-marx.net\/index.php?rest_route=\/wp\/v2\/media\/2551"}],"wp:attachment":[{"href":"https:\/\/espai-marx.net\/index.php?rest_route=%2Fwp%2Fv2%2Fmedia&parent=2550"}],"wp:term":[{"taxonomy":"category","embeddable":true,"href":"https:\/\/espai-marx.net\/index.php?rest_route=%2Fwp%2Fv2%2Fcategories&post=2550"},{"taxonomy":"post_tag","embeddable":true,"href":"https:\/\/espai-marx.net\/index.php?rest_route=%2Fwp%2Fv2%2Ftags&post=2550"}],"curies":[{"name":"wp","href":"https:\/\/api.w.org\/{rel}","templated":true}]}}