{"id":2581,"date":"2014-02-16T00:00:00","date_gmt":"2014-02-15T23:00:00","guid":{"rendered":"https:\/\/espai-marx.net\/?p=2581"},"modified":"2020-02-19T10:09:32","modified_gmt":"2020-02-19T09:09:32","slug":"patricia-heras-in-memoriam-un-nuevo-crimen-de-estado","status":"publish","type":"post","link":"https:\/\/espai-marx.net\/?p=2581","title":{"rendered":"Patricia Heras: In Memoriam (un nuevo crimen de estado)"},"content":{"rendered":"<p>Patricia Heras se suicid\u00f3 el 26 de abril de 2011. Cumpl\u00eda una condena de tres a\u00f1os de prisi\u00f3n. Se le hab\u00eda aplicado el tercer grado. A los seis meses de ingresar en la c\u00e1rcel, se quit\u00f3 la vida en su casa, aprovechando que su r\u00e9gimen penitenciario solo le obligaba a dormir en su celda. Hab\u00eda nacido en Madrid, pero estudiaba filolog\u00eda en la Universidad de Barcelona y escrib\u00eda poes\u00eda. Su familia y sus amigos coinciden en retratarla como una joven hipersensible, solidaria y llena de inquietudes. Una de sus profesoras sostiene que se caracterizaba por \u201cuna sensibilidad y una lucidez que pocos m\u00e1s ten\u00edan dentro del aula. Adem\u00e1s de persona extremadamente educada, hab\u00eda le\u00eddo much\u00edsimo y se hab\u00eda dedicado a reflexionar sobre las constantes humanas con refinamiento espiritual y rigor intelectual\u201d. \u00bfCu\u00e1l fue su delito? La noche del 4 de febrero sali\u00f3 con su amigo Alex. Circulaban en bicicleta y sufrieron una ca\u00edda. Alex se hizo una brecha y sangraba mucho. Llamaron a una ambulancia, que les recogi\u00f3 y les traslad\u00f3 al Hospital del Mar. Patricia, que s\u00f3lo hab\u00eda sufrido magulladuras, no sospechaba que iba \u201cdirectamente al infierno\u201d, de acuerdo con sus propias palabras.<\/p>\n<p>Poco antes, los Mossos d\u2019Esquadra hab\u00edan realizado una carga en el centro de Barcelona. El incidente se produjo cerca de un antiguo teatro okupado en la calle Sant Pere M\u00e9s Baix, donde se celebraba una fiesta rave. Desde la azotea del edificio, se lanzaron objetos contra la polic\u00eda, que repart\u00eda porrazos con su brutalidad habitual. Joan Clos, alcalde de Barcelona, minti\u00f3, asegurando que una maceta impact\u00f3 en la cabeza de un agente y lo dej\u00f3 gravemente herido. Despu\u00e9s, se cambi\u00f3 la versi\u00f3n. No fue una maceta, sino una piedra y se arroj\u00f3 desde la calle. Las dudas de los peritos m\u00e9dicos se consideraron irrelevantes. De inmediato, se produjeron las primeras detenciones. Patricia y un amigo coincidieron con los detenidos en el hospital. La polic\u00eda descubre su presencia y cree que pertenecen al mismo grupo por su est\u00e9tica \u201cantisistema\u201d. Patricia lleva el pelo a lo Cyndi Lauper y viste de negro. No sirven de nada sus explicaciones. Es detenida, vejada y maltratada. M\u00e1s tarde, es acusada de lanzar una valla contra la polic\u00eda, causando un hematoma en el muslo de un agente, lo cual es poco cre\u00edble por su delgadez y su escasa fuerza f\u00edsica. El juez aplica la presunci\u00f3n de veracidad para considerar probada la versi\u00f3n de dos polic\u00edas, que incriminan a Patricia, Rodrigo, Ricardo, Alex Cisternas y Juan Daniel Pintos. Ricardo se lleva la condena m\u00e1s grave: cinco a\u00f1os de prisi\u00f3n. Patricia declara ante el juez: \u201cNo soy okupa, no soy punki y no soy una desarraigada\u201d. S\u00f3lo es una chica normal que viste de forma estrafalaria, al menos a los ojos de la sociedad biempensante. Pasan unos a\u00f1os y los polic\u00edas que han actuado como testigos son inhabilitados y condenados a penas de prisi\u00f3n por torturar a un joven negro, manipulando y falsificando pruebas para acreditar un presunto delito de tr\u00e1fico de drogas. El azar estropea el montaje, pues el joven es el hijo del embajador de Trinidad y Tobago en Noruega. Patricia, Rodrigo y el resto de los acusados proceden de familias obreras o de clase media y no tienen tanta suerte. Todos los ciudadanos son iguales ante la ley, pero la experiencia demuestra que esa declaraci\u00f3n de intenciones no se cumple en la realidad. La impunidad de la polic\u00eda prospera en un sistema judicial heredado del franquismo. El racismo, el clasismo y la tortura son las se\u00f1as de identidad de unas Fuerzas de Seguridad del Estado que le han declarado la guerra a los ciudadanos, particularmente los que se hallan en estado de m\u00e1xima vulnerabilidad, pues han perdido su vivienda o el trabajo. Jorge Fern\u00e1ndez D\u00edaz, Ministro del Interior, admiti\u00f3 hace poco que todos los a\u00f1os se producen casi 4.000 denuncias contra la polic\u00eda por malos tratos y torturas. Casi todos los casos se resuelven con una vergonzosa absoluci\u00f3n. El porcentaje de condenas roza el 3%. \u00bfAlguien puede creer seriamente que el 97% de las denuncias son falsas? \u00bfNo es m\u00e1s probable que la mayor\u00eda de las v\u00edctimas de los abusos policiales no se atrevan a denunciar, pues saben que las investigaciones son realizadas por otros polic\u00edas y los jueces aplican sistem\u00e1ticamente la presunci\u00f3n de veracidad de los agentes? \u00bfSe puede hablar de democracia en un escenario tan perverso, cuya intenci\u00f3n de fondo es propagar los sentimientos de miedo, impotencia e indefensi\u00f3n? En un Estado policial y autoritario, hay que identificar (o inventar) a un enemigo interior que justifique la represi\u00f3n y el recorte de las libertades democr\u00e1ticas. Los perro-flautas y los antisistema son ese enemigo imaginario, al igual que en otro tiempo lo fueron las brujas o los jud\u00edos.<\/p>\n<p>En octubre de 2010 Patricia ingres\u00f3 en la prisi\u00f3n de mujeres Wad Ras de Barcelona. Comienza a escribir un diario que refleja su experiencia: \u201cNo he perdido mi capacidad asombrosa de abstracci\u00f3n con lo cual no he perdido la sonrisa ni el buen humor, s\u00f3lo perturbado por un incre\u00edble atasco intestinal\u201d. El 18 de diciembre se le concedi\u00f3 el tercer grado, gracias a un contrato de trabajo en el exterior. \u201cLo m\u00e1s duro -se lamentaba Patricia- son las entrevistas con la Junta de Tratamiento (la que debe aprobar si pueden concederle el tercer grado). Duele escuchar que si no reconozco mi delito no tengo voluntad de reinserci\u00f3n, ni arrepentimiento; hoy me ha dicho el psic\u00f3logo que eso es propio de psic\u00f3patas\u201d. La tarde del martes 26 de abril la situaci\u00f3n sobrepasa su resistencia psicol\u00f3gica. No quiere dormir en la c\u00e1rcel una noche m\u00e1s y se suicida, arroj\u00e1ndose al vac\u00edo desde el balc\u00f3n de su casa. Su muerte provoca un efecto demoledor en su familia y amigos. Enseguida surgen las manifestaciones de indignaci\u00f3n y solidaridad. Cerca de 500 personas se re\u00fanen en el Forat de la Vergonya y se dirigen con bengalas a la prisi\u00f3n de Wad Ras, lanzando consignas: \u201cAbajo los muros de las prisiones\u201d, \u201cLas c\u00e1rceles son centros de exterminio\u201d, \u201cVuestras rejas no callar\u00e1n nuestros gritos de libertad\u201d, \u201cNo es suicidio, es asesinato\u201d, \u201cPatricia Heras, ni oblit ni perd\u00f3\u201d. Al d\u00eda siguiente, se manifiestan 300 personas en Zaragoza y la polic\u00eda carga contra ellas, provocando m\u00faltiples lesiones y heridas. El 4 de mayo se realiza una concentraci\u00f3n en Madrid frente al Ministerio de Justicia. En Girona, se realizan pintadas: \u201cPatricia, no olvidamos\u201d y se revientan siete cajeros autom\u00e1ticos. Gregorio Mor\u00e1n, columnista de La Vanguardia, afirma que la conciencia de los polic\u00edas, jueces y funcionarios de prisi\u00f3n \u201cpesa menos a\u00fan que los art\u00edculos de peri\u00f3dico que nunca salieron para homenajear a una poeta muerta, con final de perro abandonado\u201d.<\/p>\n<p>Patricia dej\u00f3 una frase desoladora y de indudable belleza l\u00edrica: \u201cMi reino est\u00e1 inerme y envenenado como todo mi ser\u2026 Me s\u00e9 vencida\u201d. En una nota de despedida dirigida a su amiga Silvia, escribi\u00f3: \u201cNo puedo m\u00e1s con este dolor\u2026\u201d. La madre de uno de los procesados, Mariana Huidobro, escribi\u00f3 una carta responsabilizando a los polic\u00edas, los jueces y los pol\u00edticos del suicidio de Patricia. \u201cPatricia era un \u00e1ngel que necesitaba sus alas para volar y ustedes se las cortaron\u201d. Amnist\u00eda Internacional denunci\u00f3 que al menos tres de los detenidos en el incidente de Sant Pere M\u00e9s Baix fueron torturados. Patricia tambi\u00e9n denunci\u00f3 malos tratos. Jueces y forenses actuaron una vez m\u00e1s como encubridores. La tortura est\u00e1 profundamente arraigada en el Estado espa\u00f1ol y las instituciones explotan su potencial intimidador y su capacidad de obtener falsas inculpaciones. A\u00fan cumplen condena tres j\u00f3venes y ning\u00fan juez se ha planteado revocar la sentencia de Patricia. Tampoco se ha revocado la sentencia de Salvador Puig Antich ni se ha juzgado a los asesinos del estudiante de derecho Enrique Ruano, torturado hasta la muerte en 1969 por tres agentes de la Brigada Pol\u00edtico-Social. Ruano militaba en el Frente de Liberaci\u00f3n Popular, una organizaci\u00f3n antifranquista a la que se llamaba coloquialmente FELIPE. Se afirm\u00f3 que se hab\u00eda suicidado, lanz\u00e1ndose al vac\u00edo desde el s\u00e9ptimo piso de un inmueble de Pr\u00edncipe de Vergara (por entonces, General Mola). El ABC public\u00f3 un falso diario que le presentaba como un muchacho depresivo e inestable. Torcuato Luca de Tena, entonces director del diario, ha reconocido las presiones de Manuel Fraga Iribarne para publicar el enga\u00f1o. Ahora sabemos que se false\u00f3 la autopsia para ocultar que uno de los polic\u00edas dispar\u00f3 contra Ruano antes de arrojarlo por una ventana. Francisco Luis Colino, Jes\u00fas Sim\u00f3n Crist\u00f3bal y Celso Galv\u00e1n, los tres agentes que participaron en el crimen, recibieron en los a\u00f1os posteriores 26 condecoraciones, la mayor\u00eda otorgadas despu\u00e9s de 1975. Celso Galv\u00e1n trabaj\u00f3 como escolta de la Casa Real, Colino ocup\u00f3 un cargo de libre designaci\u00f3n en la Delegaci\u00f3n del Gobierno de Madrid y Sim\u00f3n ejerci\u00f3 como comisario en Torrej\u00f3n de Ardoz en la \u00e9poca de Jos\u00e9 Barrionuevo como Ministro del Interior. Ninguno manifest\u00f3 el m\u00e1s leve signo de arrepentimiento. Fraga amenaz\u00f3 por tel\u00e9fono al padre de Enrique Ruano, record\u00e1ndole que a\u00fan ten\u00eda una hija y no deb\u00eda escarbar m\u00e1s en el caso.<\/p>\n<p>No s\u00e9 si Patricia Heras conoc\u00eda la historia de Enrique Ruano. Ten\u00edan m\u00e1s o menos la misma edad. Sus vidas se quedaron incompletas, tr\u00e1gicamente truncada por un sistema que apenas ha experimentado cambios desde el 18 de julio de 1936. El franquismo sigue vivo. Est\u00e1 en el Ej\u00e9rcito, las Fuerzas de Seguridad del Estado, los tribunales, el Congreso de los Diputados, los grandes peri\u00f3dicos, cada vez m\u00e1s parecidos a la prensa del Movimiento. Patricia podr\u00eda haber sido mi alumna. He conocido a muchas chicas as\u00ed. No puedo perdonar ni absolver a los criminales que conspiraron para inculparla de un crimen imaginario y empujarla al suicidio. Desgraciadamente, s\u00f3lo puedo expresar mi profunda tristeza, al igual que millones de ciudadanos, cuya indignaci\u00f3n se ha convertido en dolorosa impotencia. Cuando se comete una injusticia y las instituciones amparan el delito o incluso lo perpetran, no se puede hablar de libertad, democracia o derechos humanos. La Espa\u00f1a de 2014 es la Espa\u00f1a de 1969, ligeramente maquillada para adaptarse a los cambios del escenario internacional. Siguen gobernando los canallas y la sociedad, cada vez m\u00e1s oprimida, humillada y maltratada, se pregunta si las fosas clandestinas del franquismo no son los verdaderos pilares de este tiempo de infamias. Patricia, me hubiera gustado conocerte en las aulas y escuchar tus poemas. Cada vez que muere una chica como t\u00fa el mundo se convierte en un lugar mucho m\u00e1s pobre, mezquino y sombr\u00edo. Descansa en paz.<\/p>\n<p><strong>Fuente:<\/strong> <a href=\"http:\/\/rafaelnarbona.es\/?p=6572\">http:\/\/rafaelnarbona.es\/?p=6572<\/a><\/p>\n","protected":false},"excerpt":{"rendered":"<p>\u00a0<\/p>\n<p style='margin-top: 0.2cm; margin-bottom: 0cm; line-height: 150%;' align='JUSTIFY'>Patricia Heras se suicid\u00f3 el 26 de abril de 2011. Cumpl\u00eda una condena de tres a\u00f1os de prisi\u00f3n. Se le hab\u00eda aplicado el tercer grado. A los seis meses de ingresar en la c\u00e1rcel, se quit\u00f3 la vida en su casa, aprovechando que su r\u00e9gimen penitenciario solo le obligaba a dormir en su celda. Hab\u00eda nacido en Madrid, pero estudiaba filolog\u00eda en la Universidad de Barcelona y escrib\u00eda poes\u00eda.<\/p>\n","protected":false},"author":9,"featured_media":2582,"comment_status":"open","ping_status":"open","sticky":false,"template":"","format":"standard","meta":{"footnotes":""},"categories":[3],"tags":[1074],"class_list":["post-2581","post","type-post","status-publish","format-standard","has-post-thumbnail","hentry","category-condiciones-de-vida","tag-patricia-heras"],"aioseo_notices":[],"_links":{"self":[{"href":"https:\/\/espai-marx.net\/index.php?rest_route=\/wp\/v2\/posts\/2581","targetHints":{"allow":["GET"]}}],"collection":[{"href":"https:\/\/espai-marx.net\/index.php?rest_route=\/wp\/v2\/posts"}],"about":[{"href":"https:\/\/espai-marx.net\/index.php?rest_route=\/wp\/v2\/types\/post"}],"author":[{"embeddable":true,"href":"https:\/\/espai-marx.net\/index.php?rest_route=\/wp\/v2\/users\/9"}],"replies":[{"embeddable":true,"href":"https:\/\/espai-marx.net\/index.php?rest_route=%2Fwp%2Fv2%2Fcomments&post=2581"}],"version-history":[{"count":0,"href":"https:\/\/espai-marx.net\/index.php?rest_route=\/wp\/v2\/posts\/2581\/revisions"}],"wp:featuredmedia":[{"embeddable":true,"href":"https:\/\/espai-marx.net\/index.php?rest_route=\/wp\/v2\/media\/2582"}],"wp:attachment":[{"href":"https:\/\/espai-marx.net\/index.php?rest_route=%2Fwp%2Fv2%2Fmedia&parent=2581"}],"wp:term":[{"taxonomy":"category","embeddable":true,"href":"https:\/\/espai-marx.net\/index.php?rest_route=%2Fwp%2Fv2%2Fcategories&post=2581"},{"taxonomy":"post_tag","embeddable":true,"href":"https:\/\/espai-marx.net\/index.php?rest_route=%2Fwp%2Fv2%2Ftags&post=2581"}],"curies":[{"name":"wp","href":"https:\/\/api.w.org\/{rel}","templated":true}]}}