{"id":2583,"date":"2014-02-17T00:00:00","date_gmt":"2014-02-17T00:00:00","guid":{"rendered":"https:\/\/espai-marx.net\/?p=2583"},"modified":"2020-02-18T12:46:47","modified_gmt":"2020-02-18T11:46:47","slug":"la-anomalia-francesa-ultimo-obstaculo-para-la-hegemonia-alemana-toca-a-su-fin","status":"publish","type":"post","link":"https:\/\/espai-marx.net\/?p=2583","title":{"rendered":"La \u201canomal\u00eda\u201d francesa, \u00faltimo obst\u00e1culo para la hegemon\u00eda alemana, toca a su fin"},"content":{"rendered":"<p style=\"margin-top: 0.64cm; margin-bottom: 0cm; background: #ffffff; line-height: 150%;\" align=\"JUSTIFY\">El 17 de noviembre del 2013 <b>Paul Krugman<\/b> daba la voz de alarma y denunciaba la existencia de un \u201ccomplot\u201d contra Francia. Motivo: la rebaja por parte de Standard &amp; Poor\u2019s (S&amp;P) de la calificaci\u00f3n del pa\u00eds galo. Tomaba nota, de un lado, la campa\u00f1a de importantes medios internacionales de comunicaci\u00f3n econ\u00f3mica que calificaban a Francia de autentica \u201cbomba de relojer\u00eda\u201d potencialmente m\u00e1s grave que Espa\u00f1a, Grecia o Portugal; analizaba, de otro, las variables macro m\u00e1s importantes del pa\u00eds vecino sin encontrar raz\u00f3n alguna para tanto pesimismo y tanta alarma, sobre todo si se comparaban con las de otros pa\u00edses del denominado \u201cn\u00facleo\u201d. Su conclusi\u00f3n no pod\u00eda ser m\u00e1s contundente: \u201cFrancia ha cometido el imperdonable pecado de ser fiscalmente responsable sin hacer sufrir a los pobres y a los desafortunados. Y debe ser castigada\u201d.<\/p>\n<p style=\"margin-top: 0.64cm; margin-bottom: 0cm; background: #ffffff; line-height: 150%;\" align=\"JUSTIFY\">Dos meses m\u00e1s tarde, el conocido Premio Nobel de Econom\u00eda vuelve al mismo asunto, esta vez con un titular a\u00fan m\u00e1s significativo: <u><a href=\"http:\/\/economia.elpais.com\/economia\/2014\/01\/17\/actualidad\/1389976315_883957.html\" target=\"_blank\" rel=\"noopener noreferrer\"><i>Esc\u00e1ndalo en Francia<\/i><\/a><\/u>. El centro de la noticia: el cambio radical de posici\u00f3n del presidente <b>Hollande<\/b> hacia las tesis neoliberales, reduciendo impuestos a las empresas y recortando el gasto, llegando a reivindicar, nada m\u00e1s y nada menos, que la famosa <i>Ley de Say<\/i>: \u201cen la realidad la oferta genera demanda\u201d. <b>Marx<\/b> y <b>Keynes<\/b> seguro que dar\u00e1n un salto en sus tumbas y podr\u00e1n recordar, con iron\u00eda, aquello de que cuando las sesudas teor\u00edas coinciden con los intereses de los poderosos se garantizan un amplio predicamento a cambio de perder capacidad anal\u00edtica y predictiva.<\/p>\n<p style=\"margin-top: 0.64cm; margin-bottom: 0cm; background: #ffffff; line-height: 150%;\" align=\"JUSTIFY\">El viejo revolucionario, a\u00f1adir\u00eda que el sistema sigue agudizando sus contradicciones y que la crisis seguir\u00e1 su curso; el liberal, se preguntar\u00eda, una vez m\u00e1s, qu\u00e9 tendr\u00eda que pasar para que los economistas y los pol\u00edticos de la derecha aprendieran de verdad del pasado y dejaran de poner en peligro el bienestar de las personas y, lo fundamental, la viabilidad del propio capitalismo.<\/p>\n<p lang=\"es-ES\" style=\"margin-top: 0.64cm; margin-bottom: 0cm; background: #ffffff; line-height: 150%;\" align=\"JUSTIFY\">Sin embargo hay que negar la mayor: Hollande no ha cambiado sustancialmente de posici\u00f3n, simplemente ahora est\u00e1 en condiciones de hacer p\u00fablico su \u201cprograma oculto\u201d. El PSOE ha hablado mucho en estos a\u00f1os del \u201cprograma oculto\u201d del PP, llamando la atenci\u00f3n sobre la doblez y la hipocres\u00eda de una derecha que dice una cosa en la oposici\u00f3n y hace otra radicalmente diferente en el gobierno. El verdadero programa oculto de los ex socialdem\u00f3cratas y de los conservadores no es otro que la trama de poder neoliberal institucionalizada y garantizada por la Europa alemana del euro.<\/p>\n<p style=\"margin-top: 0.64cm; margin-bottom: 0cm; background: #ffffff; line-height: 150%;\" align=\"JUSTIFY\">Cuando el presidente franc\u00e9s, una vez m\u00e1s, incumpliendo sus promesas electorales, hizo suyo el \u201cTratado de Estabilidad, Coordinaci\u00f3n y Gobernanza en la Uni\u00f3n Europea\u201d acept\u00f3 conscientemente atarse de pies y de manos a unas reglas de juego y a unos objetivos que acentuaban los rasgos \u201cordo liberales\u201d del Tratado de Lisboa y que de facto la convert\u00edan en su verdadero programa-marco de gobierno, en Francia y en todos los pa\u00edses de la zona euro.<\/p>\n<p style=\"margin-top: 0.64cm; margin-bottom: 0cm; background: #ffffff; line-height: 150%;\" align=\"JUSTIFY\"><b>Perry Anderson<\/b>, con su agudeza habitual, advert\u00eda ya en Junio del a\u00f1o pasado por d\u00f3nde estaba caminado realmente el gobierno franc\u00e9s. El giro a la derecha lo daba ya por supuesto, a\u00f1adiendo dos opiniones de mucho inter\u00e9s, tambi\u00e9n para nosotros. La primera, que los socialistas estaban mejor preparados que la derecha para aplicar el programa neoliberal, ya que se aseguraban una menor oposici\u00f3n de los sindicatos y que siempre pod\u00edan usar el espantajo de la vuelta de la derecha al poder para moderar a su base social y electoral.<\/p>\n<p style=\"margin-top: 0.64cm; margin-bottom: 0cm; background: #ffffff; line-height: 150%;\" align=\"JUSTIFY\">La segunda era m\u00e1s sutil: dado que los gobiernos, todos los gobiernos, aplican pol\u00edticas especialmente negativas para la ciudadan\u00eda, necesitan de \u201cun suplemento ideol\u00f3gico\u201d capaz de polarizar el debate p\u00fablico y hacer resaltar las diferencias. El suplemento de <b>Sarkozy<\/b> fue la \u201cidentidad nacional\u201d; el de Hollande, \u201cmatrimonio para todos\u201d; en nuestro pa\u00eds parece que ser\u00e1 el aborto y sus contornos.<\/p>\n<p style=\"margin-top: 0.64cm; margin-bottom: 0cm; background: #ffffff; line-height: 150%;\" align=\"JUSTIFY\">Para entender lo que pasa y lo que nos pasa es fundamental comprender bien el papel que cumple la Uni\u00f3n Europea en el discurso pol\u00edtico. Europa (as\u00ed, confundiendo esta con La UE) es el instrumento, la justificaci\u00f3n y, en \u00faltimo lugar, la coerci\u00f3n necesaria para hacer avanzar el neoliberalismo en todos y cada uno de los pa\u00edses europeos. Lo que no podr\u00eda realizarse, sin grandes conflictos sociales y pol\u00edticos, en cada uno de los pa\u00edses individualmente considerados, se ejecuta en el conjunto de la Uni\u00f3n sin poner en grave peligro la gobernabilidad y la estabilidad del sistema.<\/p>\n<p style=\"margin-top: 0.64cm; margin-bottom: 0cm; background: #ffffff; line-height: 150%;\" align=\"JUSTIFY\">El dispositivo europeo es enormemente eficaz: sirve de coartada (Europa lo ha decidido ya), de justificaci\u00f3n, (no podemos dar marcha atr\u00e1s en el proceso de unidad e integraci\u00f3n europea que es un bien en s\u00ed mismo) y de coerci\u00f3n (no cumplir los tratados es condenarse a salir del euro y de la UE). La clave: desconectar la soberan\u00eda popular de las decisiones fundamentales que afectan a las poblaciones. Es la otra cara del proceso de integraci\u00f3n: consciente y planificadamente se ceden parcelas vitales de la soberan\u00eda estatal a instancias no democr\u00e1ticas, ligadas estructuralmente a los grupos de poder econ\u00f3mico, que toman decisiones obligatorias para los Estados y para las personas. La Troika es esto: los administradores generales de los poderes econ\u00f3micos unificados tras el Estado alem\u00e1n.<\/p>\n<p lang=\"es-ES\" style=\"margin-top: 0.64cm; margin-bottom: 0cm; background: #ffffff; line-height: 150%;\" align=\"JUSTIFY\">Hollande quiere, con el apoyo de la patronal y de las instituciones de la Uni\u00f3n, dar por concluida la \u201canormalidad francesa\u201d. Lo que esto significa es claro: poner fin a un Estado fuerte, capaz de controlar el mercado, asegurar los derechos sociales y garantizar una ciudadan\u00eda plena e integral. En el centro est\u00e1 la Rep\u00fablica, sus valores, sus instituciones y, m\u00e1s all\u00e1, la legitimidad del sistema pol\u00edtico. Hollande afronta un reto com\u00fan a todos los gobiernos de la zona euro: \u00bfc\u00f3mo conseguir en condiciones democr\u00e1ticas que las poblaciones acepten la degradaci\u00f3n de los servicios p\u00fablicos, la p\u00e9rdida de los derechos sindicales y laborales y el retroceso sustancial en la condiciones de vida de las personas?<\/p>\n<p lang=\"es-ES\" style=\"margin-top: 0.64cm; margin-bottom: 0cm; background: #ffffff; line-height: 150%;\" align=\"JUSTIFY\">Desde otro punto de vista se puede decir que la gran tarea de los gobiernos de la Uni\u00f3n y de sus instituciones es conspirar sistem\u00e1ticamente contra sus ciudadanos y ciudadanas. Para conseguir esto es necesaria una f\u00e9rrea alianza entre el capitalismo monopolista-financiero, los poderes medi\u00e1ticos y la clase pol\u00edtica.<\/p>\n<p lang=\"es-ES\" style=\"margin-top: 0.64cm; margin-bottom: 0cm; background: #ffffff; line-height: 150%;\" align=\"JUSTIFY\">Hay un dato que no se puede olvidar en este contexto y es el papel de Alemania. La cuesti\u00f3n se podr\u00eda definir del siguiente modo: para que el Estado alem\u00e1n pueda construir una s\u00f3lida hegemon\u00eda en la UE, los dem\u00e1s Estados deben de ser \u201cmenos Estados\u201d, es decir, tiene que haber un debilitamiento estructural de los Estados nacionales y sus instrumentos de regulaci\u00f3n y control. Aqu\u00ed es donde aparece la dimensi\u00f3n geopol\u00edtica. Francia es el \u00fanico pa\u00eds que est\u00e1 en condiciones de oponerse a la gran Alemania y liderar a los pa\u00edses del Sur. La Francia republicana, rebelde y nacional-popular sigue siendo la gran reserva espiritual y material de la democracia plebeya. Hablar aqu\u00ed, como he hecho tantas veces, de Vichy es pertinente. De nuevo se produce una alianza de los poderes econ\u00f3micos franceses y el Estado alem\u00e1n para derrotar al movimiento popular y republicano, a la izquierda realmente existente. Hollande es el eje de esta alianza. No es de extra\u00f1ar su agresiva pol\u00edtica internacional, su alineamiento f\u00e9rreo con los sectores m\u00e1s duros de la Administraci\u00f3n norteamericana y su supeditaci\u00f3n al Estado de Israel.<\/p>\n<p style=\"margin-top: 0.64cm; margin-bottom: 0cm; background: #ffffff; line-height: 150%;\" align=\"JUSTIFY\">\u00bfAlguien se puede extra\u00f1ar de que, en un contexto caracterizado por la construcci\u00f3n de democracias \u201climitadas y olig\u00e1rquicas\u201d, la degradaci\u00f3n de las condiciones de vida y la p\u00e9rdida radical de derechos, crezca la extrema derecha y el populismo nacionalista de <b>Marie Le Pen<\/b>?<\/p>\n<p>Manolo Monereo P\u00e9rez. Polit\u00f3logo y miembro del Consejo Pol\u00edtico Federal de IU. Su \u00faltima obra publicada es <b>De la crisis a la revoluci\u00f3n democr\u00e1tica<\/b> (Ed. El viejo Topo, 2013).<\/p>\n<p class=\"western\" style=\"margin-top: 0.64cm; margin-bottom: 0cm; line-height: 150%;\" align=\"JUSTIFY\"><b>Fuente:<\/b> <u><a href=\"http:\/\/www.cuartopoder.es\/tribuna\/la-anomalia-francesa-ultimo-obstaculo-para-la-hegemonia-alemana-toca-su-fin\/5492\">http:\/\/www.cuartopoder.es\/tribuna\/la-anomalia-francesa-ultimo-obstaculo-para-la-hegemonia-alemana-toca-su-fin\/5492<\/a><\/u><\/p>\n","protected":false},"excerpt":{"rendered":"<p style='margin-top: 18.0pt; margin-right: 0cm; margin-bottom: .0001pt; margin-left: 0cm; text-align: justify; line-height: 150%; background: white;'>Hollande afronta un reto com\u00fan a todos los gobiernos de la zona euro: \u00bfc\u00f3mo conseguir en condiciones democr\u00e1ticas que las poblaciones acepten la degradaci\u00f3n de los servicios p\u00fablicos, la p\u00e9rdida de los derechos sindicales y laborales y el retroceso sustancial en la condiciones de vida de las personas? Desde otro punto de vista se puede decir que la gran tarea de los gobiernos de la Uni\u00f3n y de sus instituciones es conspirar sistem\u00e1ticamente contra sus ciudadanos y ciudadanas. Para conseguir esto es necesaria una f\u00e9rrea alianza entre el capitalismo monopolista-financiero, los poderes medi\u00e1ticos y la clase pol\u00edtica.<\/p>\n","protected":false},"author":9,"featured_media":2584,"comment_status":"open","ping_status":"open","sticky":false,"template":"","format":"standard","meta":{"footnotes":""},"categories":[13],"tags":[],"class_list":["post-2583","post","type-post","status-publish","format-standard","has-post-thumbnail","hentry","category-la-izquierda-a-debate"],"aioseo_notices":[],"_links":{"self":[{"href":"https:\/\/espai-marx.net\/index.php?rest_route=\/wp\/v2\/posts\/2583","targetHints":{"allow":["GET"]}}],"collection":[{"href":"https:\/\/espai-marx.net\/index.php?rest_route=\/wp\/v2\/posts"}],"about":[{"href":"https:\/\/espai-marx.net\/index.php?rest_route=\/wp\/v2\/types\/post"}],"author":[{"embeddable":true,"href":"https:\/\/espai-marx.net\/index.php?rest_route=\/wp\/v2\/users\/9"}],"replies":[{"embeddable":true,"href":"https:\/\/espai-marx.net\/index.php?rest_route=%2Fwp%2Fv2%2Fcomments&post=2583"}],"version-history":[{"count":0,"href":"https:\/\/espai-marx.net\/index.php?rest_route=\/wp\/v2\/posts\/2583\/revisions"}],"wp:featuredmedia":[{"embeddable":true,"href":"https:\/\/espai-marx.net\/index.php?rest_route=\/wp\/v2\/media\/2584"}],"wp:attachment":[{"href":"https:\/\/espai-marx.net\/index.php?rest_route=%2Fwp%2Fv2%2Fmedia&parent=2583"}],"wp:term":[{"taxonomy":"category","embeddable":true,"href":"https:\/\/espai-marx.net\/index.php?rest_route=%2Fwp%2Fv2%2Fcategories&post=2583"},{"taxonomy":"post_tag","embeddable":true,"href":"https:\/\/espai-marx.net\/index.php?rest_route=%2Fwp%2Fv2%2Ftags&post=2583"}],"curies":[{"name":"wp","href":"https:\/\/api.w.org\/{rel}","templated":true}]}}