{"id":2616,"date":"2014-03-24T00:00:00","date_gmt":"2014-03-24T00:00:00","guid":{"rendered":"https:\/\/espai-marx.net\/?p=2616"},"modified":"2020-02-18T11:03:11","modified_gmt":"2020-02-18T10:03:11","slug":"22m-mucho-mas-que-una-cifra-de-participantes-en-una-manifestacion","status":"publish","type":"post","link":"https:\/\/espai-marx.net\/?p=2616","title":{"rendered":"22M. Mucho m\u00e1s que una cifra de participantes en una manifestaci\u00f3n"},"content":{"rendered":"<p style=\"font-style: normal; font-weight: normal; line-height: 150%;\" align=\"JUSTIFY\">Especular con la cifra de participantes que asistieron el s\u00e1bado 22 de marzo a Madrid, reduce y simplifica a la m\u00ednima expresi\u00f3n un acontecimiento pol\u00edtico-social de dimensiones infinitamente m\u00e1s grandes que el n\u00famero de asistentes.<\/p>\n<p style=\"font-style: normal; font-weight: normal; line-height: 150%;\" align=\"JUSTIFY\">La cifra existe, los medios t\u00e9cnicos para calcularla tambi\u00e9n, los helic\u00f3pteros que sobrevolaban Madrid, pueden saber con gran precisi\u00f3n el n\u00famero de participantes. Pero a pie de calle es imposible calcular, es m\u00e1s, cuando se barajan cifras de cientos de miles de personas es dif\u00edcil saber si eramos uno, dos o tres millones, no puedes contar ni aproximadamente como solemos hacer en una manifestaci\u00f3n de miles, por poner un ejemplo la columna del nordeste cuando llegaba a Atocha cuatro horas despu\u00e9s de iniciar su marcha en San Blas se hab\u00eda multiplicado, de la misma manera que se a\u00f1ad\u00eda gente tambi\u00e9n habr\u00eda quienes dejaban la columna para a\u00f1adirse m\u00e1s tarde a la manifestaci\u00f3n central donde conflu\u00edan todas las columnas . Por otro lado hay un n\u00famero indeterminado de asistentes cuya participaci\u00f3n nunca estuvo coordinada por ning\u00fan n\u00facleo organizador, incluso hubieron tantos grupos de asistentes que se autorganizaron como grupos que se a\u00f1adieron a la organizaci\u00f3n coordinada de \u00abMarchas de la dignidad\u00bb.<\/p>\n<p style=\"font-style: normal; font-weight: normal; line-height: 150%;\" align=\"JUSTIFY\">Sencillamente esta dificultad del c\u00e1lculo por lo inmenso y por la autorganizaci\u00f3n no coordinada es lo que hace que la asistencia sea un gran \u00e9xito. La cifra concreta jam\u00e1s se sabr\u00e1, pues quienes la saben o pueden saberla su objetivo es esconderla.<\/p>\n<p style=\"font-style: normal; font-weight: normal; line-height: 150%;\" align=\"JUSTIFY\">Pero m\u00e1s all\u00e1 de la cifra, los verdaderos datos de esta manifestaci\u00f3n, la verdadera lectura que hay a retener se basa en otros elementos de mayor relevancia. La manifestaci\u00f3n del 22M no es una convocatoria puntual, ni un fin en si mismo, ni el objetivo de una lucha como estamos acostumbrados a entender una manifestaci\u00f3n.<\/p>\n<p style=\"font-style: normal; font-weight: normal; line-height: 150%;\" align=\"JUSTIFY\">El 22M viene precedido de muchos d\u00edas de marchas desde distintos lugares del Estado espa\u00f1ol, con el firme compromiso que reflejan sus participantes realizando una acci\u00f3n de estas caracter\u00edsticas. Pasando por muchos pueblos con la complicidad y empat\u00eda de muchos conciudadanos, algunos sum\u00e1ndose y haciendo crecer las columnas humanas.<\/p>\n<p style=\"font-style: normal; font-weight: normal; line-height: 150%;\" align=\"JUSTIFY\">El 22M es reflejo de que una parte importante de la sociedad est\u00e1 avanzando en consciencia pol\u00edtica y social, se est\u00e1 organizando y est\u00e1 dejando a atr\u00e1s la indiferencia y el apoliticismo generado por el propio sistema para tenernos pasivos.<\/p>\n<p style=\"font-style: normal; font-weight: normal; line-height: 150%;\" align=\"JUSTIFY\">El 22M viene precedido tambi\u00e9n de meses de reflexi\u00f3n y acciones de muchos colectivos comprometidos en la lucha. Es la expresi\u00f3n de la complicidad entre los movimientos sociales y movimientos pol\u00edticos anticapitalistas, rompiendo los sectarismos, in\u00fatiles protagonismos y mezquinas ambiciones de liderar, poniendo en evidencia la certeza de que las Unidades Populares las construye el pueblo organizado, activo y con criterio, y pasar p\u00e1gina a la estrecha e inmadura visi\u00f3n de que la coalici\u00f3n de ciertos grupos elitistas alejados de la lucha y con el pueblo pasivo defender\u00e1n nuestros intereses milagrosamente en las instituciones. La expresi\u00f3n pol\u00edtica revolucionaria o se nutre del pueblo activo y es consecuencia de este o es est\u00e9ril.<\/p>\n<p style=\"font-style: normal; font-weight: normal; line-height: 150%;\" align=\"JUSTIFY\">El 22M pone en evidencia por en\u00e9sima vez, pero quiz\u00e1 con m\u00e1s contundencia la absoluta inutilidad de las dos grandes estructuras \u00abagentes sociales\u00bb para liderar el movimiento popular y obrero. Hoy la huelga general, se concibe al margen de ellos.<\/p>\n<p style=\"font-style: normal; font-weight: normal; line-height: 150%;\" align=\"JUSTIFY\">El 22M escucha y atiende la reflexi\u00f3n final del 15-M \u00abde la indignaci\u00f3n a la organizaci\u00f3n\u00bb y refleja el resultado de la lucha, el trabajo lento de estos tres a\u00f1os puliendo formas, despejando dudas y aprendiendo a hacer pol\u00edtica desde la base y en el sentido m\u00e1s puro.<\/p>\n<p style=\"line-height: 150%;\" align=\"JUSTIFY\">Y el 22M a parte de ser consecuencia de todo esto y mucho m\u00e1s, tambi\u00e9n es causa, origen y punto de partida. Es un salto cualitativo en la visi\u00f3n de la lucha organizada en el futuro. Nos ayuda a ver el camino com\u00fan, un poquito m\u00e1s claro, hacia el horizonte y nos facilita entender que hay que trabajar en los pueblos y barrios desde \u00e9ste esp\u00edritu de complicidad de las luchas como ingrediente indispensable de poder popular.<\/p>\n<p style=\"line-height: 150%;\" align=\"JUSTIFY\">Todav\u00eda somos pocos, el trabajo bien hecho necesita su tiempo, la formaci\u00f3n de lo que entendemos como Unidad Popular es incipiente. Pero ahora tenemos brotes verdes y sanos, cuid\u00e9moslos para que crezcan fuertes y grandes.<\/p>\n<p style=\"line-height: 150%;\" align=\"JUSTIFY\">Volveremos a Madrid, pero esa vez acompa\u00f1ados de muchos m\u00e1s, de todos los que se ir\u00e1n sumando al compromiso ciudadano del d\u00eda a d\u00eda, el verdadero 22 de marzo.<\/p>\n","protected":false},"excerpt":{"rendered":"<p>\u00a0<\/p>\n<p style='margin-top: 0.2cm; margin-bottom: 0cm; font-style: normal; font-weight: normal; line-height: 150%;' align='JUSTIFY'>Especular con la cifra de participantes que asistieron el s\u00e1bado 22 de marzo a Madrid, reduce y simplifica a la m\u00ednima expresi\u00f3n un acontecimiento pol\u00edtico-social de dimensiones infinitamente m\u00e1s grandes que el n\u00famero de asistentes. M\u00e1s all\u00e1 de la cifra, los verdaderos datos de esta manifestaci\u00f3n, la verdadera lectura que hay a retener se basa en otros elementos de mayor relevancia.<\/p>\n","protected":false},"author":9,"featured_media":2617,"comment_status":"open","ping_status":"open","sticky":false,"template":"","format":"standard","meta":{"footnotes":""},"categories":[13],"tags":[],"class_list":["post-2616","post","type-post","status-publish","format-standard","has-post-thumbnail","hentry","category-la-izquierda-a-debate"],"aioseo_notices":[],"_links":{"self":[{"href":"https:\/\/espai-marx.net\/index.php?rest_route=\/wp\/v2\/posts\/2616","targetHints":{"allow":["GET"]}}],"collection":[{"href":"https:\/\/espai-marx.net\/index.php?rest_route=\/wp\/v2\/posts"}],"about":[{"href":"https:\/\/espai-marx.net\/index.php?rest_route=\/wp\/v2\/types\/post"}],"author":[{"embeddable":true,"href":"https:\/\/espai-marx.net\/index.php?rest_route=\/wp\/v2\/users\/9"}],"replies":[{"embeddable":true,"href":"https:\/\/espai-marx.net\/index.php?rest_route=%2Fwp%2Fv2%2Fcomments&post=2616"}],"version-history":[{"count":0,"href":"https:\/\/espai-marx.net\/index.php?rest_route=\/wp\/v2\/posts\/2616\/revisions"}],"wp:featuredmedia":[{"embeddable":true,"href":"https:\/\/espai-marx.net\/index.php?rest_route=\/wp\/v2\/media\/2617"}],"wp:attachment":[{"href":"https:\/\/espai-marx.net\/index.php?rest_route=%2Fwp%2Fv2%2Fmedia&parent=2616"}],"wp:term":[{"taxonomy":"category","embeddable":true,"href":"https:\/\/espai-marx.net\/index.php?rest_route=%2Fwp%2Fv2%2Fcategories&post=2616"},{"taxonomy":"post_tag","embeddable":true,"href":"https:\/\/espai-marx.net\/index.php?rest_route=%2Fwp%2Fv2%2Ftags&post=2616"}],"curies":[{"name":"wp","href":"https:\/\/api.w.org\/{rel}","templated":true}]}}