{"id":2618,"date":"2014-03-24T00:00:00","date_gmt":"2014-03-24T00:00:00","guid":{"rendered":"https:\/\/espai-marx.net\/?p=2618"},"modified":"2020-02-18T11:05:29","modified_gmt":"2020-02-18T10:05:29","slug":"un-largo-camino-por-delante","status":"publish","type":"post","link":"https:\/\/espai-marx.net\/?p=2618","title":{"rendered":"Un largo camino por delante"},"content":{"rendered":"<p style=\"font-style: normal; font-weight: normal;\" align=\"JUSTIFY\">Creo que hay que situar las Marchas en su justo t\u00e9rmino para no entusiasmarse demasiado o, por el contrario, pensar que no han servido para nada. En este sentido me parece importante hacer una reflexi\u00f3n parecida a la que se puede hacer sobre el 15M, salvando las distancias. Qui\u00e9n viese el 15M como una posibilidad real de cambiar las cosas de inmediato, adem\u00e1s de confundirse, corri\u00f3 el peligro de desanimarse e irse a casa. Por el contrario, el 15M fue un important\u00edsimo paso adelante. y supuso que bastante gente se animase a participar en la lucha social y pol\u00edtica. Si lo vemos desde esta segunda perspectiva no podemos decir que el 15M fue un fracaso, repito, quien lo viese como una posibilidad inminente de cambiar las cosas de modo radical si pudo salir muy decepcionado.<\/p>\n<p style=\"font-style: normal; font-weight: normal;\" align=\"JUSTIFY\">La movilizaci\u00f3n de ayer, y m\u00e1s que nada, el proceso preparatorio, ha supuesto experiencias muy importantes para gran cantidad de militantes y ha establecido estructuras organizativas que en algunos lugares pueden tener continuidad, sobre esto soy m\u00e1s esc\u00e9ptico, pero creo que algo perdurar\u00e1. Adem\u00e1s hemos sacado varias lecciones, para m\u00ed algunas de ellas son las siguientes: las movilizaciones hay que organizarlas con tiempo y seriedad, si se hace as\u00ed salen tan bien como la de ayer, adem\u00e1s es posible buscar acuerdos y encuentros entre organizaciones que pudieran parecer bastante enfrentadas. Me parece que est\u00e1 claro que vale mucho m\u00e1s una Marcha de la Dignidad22M que cien \u201casalta el Congreso\u201d o cosas parecidas convocadas sin medir cuales son tus propias fuerzas. Los fracasos o las convocatorias que pinchan no hacen otra cosa que fortalecer al enemigo.<\/p>\n<p style=\"font-style: normal; font-weight: normal;\" align=\"JUSTIFY\">Pienso que es tambi\u00e9n muy importante que se haya demostrado que somos capaces de convocar masivamente sin contar con los sindicatos llamados mayoritarios, CCOO y UGT, que para m\u00ed no son m\u00e1s que r\u00e9moras del pasado y mastodontes que deambulan buscando su cementerio de elefantes particular. Tampoco se ha contado con la \u201cimpagable ayuda\u201d del PSOE, ni de sus montajes como la famosa y muy \u201cactiva\u201d Cumbre Social. Que un germen de organizaci\u00f3n popular \u201cdesde abajo\u201d sea capaz de hacer algo tan impresionante se manifiesta como un s\u00edntoma de que el avance organizativo, en serio y para cambiar las cosas, est\u00e1 dando pasos en sentido positivo. S\u00f3lo avanzando en este sentido seremos capaces de cambiar las cosas de modo real. Tambi\u00e9n pienso que nos tienen m\u00e1s miedo que el que realmente nos deber\u00edan tener, eso es bueno, ya que el poder vislumbra que no est\u00e1 tan seguro, que \u00abel miedo puede cambiar de bando\u00bb y que todo ya no va a ser tan sencillo.<\/p>\n<p style=\"font-style: normal; font-weight: normal;\" align=\"JUSTIFY\">En estos d\u00edas vamos a tener, al calor de la muerte de Su\u00e1rez, una amplia campa\u00f1a que va a volver a ensalzar lo buena que fue la Transici\u00f3n y lo terrible que es que alguien despierte a las Dos Espa\u00f1as, o lo mal\u00edsimo que es que se pretenda cambiar las cosas desde la calle. Con el golpe de Tejero intentaron, en su tiempo, tanto legitimar el R\u00e9gimen como meter el miedo en el cuerpo de la gente que quer\u00eda ir m\u00e1s all\u00e1, no s\u00e9 que har\u00e1n ahora, pero todo depender\u00e1 de la correlaci\u00f3n de fuerzas que seamos capaces de construir. De momento, aseguro que la campa\u00f1a se va a centrar en cantar las bondades de la democracia que hemos construido \u201centre todos\u201d y que, por supuesto, se debe limitar al bonito ejercicio de ir a votar cada cuatro a\u00f1os, y despu\u00e9s aguantarnos con lo que los gobernantes de turno quieran imponer.<\/p>\n<p style=\"font-style: normal; font-weight: normal;\" align=\"JUSTIFY\">Las Marchas no son el fin, ni tampoco el principio, son una etapa, importante, de un proceso del que somos responsables de que siga adelante. No tenemos que caer en el des\u00e1nimo sino seguir como hasta ahora, organizados y teniendo las cosas claras. Contra lo que luchamos es poderoso, no se puede derribar con unas marchas o con un movimiento, ni siquiera votando. El Sistema est\u00e1 en nosotros mismos y en nuestra forma de vida cotidiana, por lo tanto derribarlo es muy dif\u00edcil y exige paciencia, organizaci\u00f3n y voluntad. La mejor lecci\u00f3n de las Marchas es que las cosas se pueden hacer bien, que las podemos hacer bien desde abajo. No necesitamos \u00abni dioses ni reyes ni tribunos\u00bb, nosotros mismos somos nuestros salvadores, los \u00fanicos que podemos cambiar el mundo de base.<\/p>\n<p style=\"margin-top: 0.2cm; margin-bottom: 0cm; font-style: normal; line-height: 150%;\" align=\"JUSTIFY\"><b>22M. Mucho m\u00e1s que una cifra de participantes en una manifestaci\u00f3n.<\/b><\/p>\n<p style=\"font-style: normal; font-weight: normal;\" align=\"JUSTIFY\">Especular con la cifra de participantes que asistieron el s\u00e1bado 22 de marzo a Madrid, reduce y simplifica a la m\u00ednima expresi\u00f3n un acontecimiento pol\u00edtico-social de dimensiones infinitamente m\u00e1s grandes que el n\u00famero de asistentes.<\/p>\n<p style=\"font-style: normal; font-weight: normal;\" align=\"JUSTIFY\">La cifra existe, los medios t\u00e9cnicos para calcularla tambi\u00e9n, los helic\u00f3pteros que sobrevolaban Madrid, pueden saber con gran precisi\u00f3n el n\u00famero de participantes. Pero a pie de calle es imposible calcular, es m\u00e1s, cuando se barajan cifras de cientos de miles de personas es dif\u00edcil saber si eramos uno, dos o tres millones, no puedes contar ni aproximadamente como solemos hacer en una manifestaci\u00f3n de miles, por poner un ejemplo la columna del nordeste cuando llegaba a Atocha cuatro horas despu\u00e9s de iniciar su marcha en San Blas se hab\u00eda multiplicado, de la misma manera que se a\u00f1ad\u00eda gente tambi\u00e9n habr\u00eda quienes dejaban la columna para a\u00f1adirse m\u00e1s tarde a la manifestaci\u00f3n central donde conflu\u00edan todas las columnas . Por otro lado hay un n\u00famero indeterminado de asistentes cuya participaci\u00f3n nunca estuvo coordinada por ning\u00fan n\u00facleo organizador, incluso hubieron tantos grupos de asistentes que se autorganizaron como grupos que se a\u00f1adieron a la organizaci\u00f3n coordinada de \u00abMarchas de la dignidad\u00bb.<\/p>\n<p style=\"font-style: normal; font-weight: normal;\" align=\"JUSTIFY\">Sencillamente esta dificultad del c\u00e1lculo por lo inmenso y por la autorganizaci\u00f3n no coordinada es lo que hace que la asistencia sea un gran \u00e9xito.<\/p>\n<p style=\"font-style: normal; font-weight: normal;\" align=\"JUSTIFY\">La cifra concreta jam\u00e1s se sabr\u00e1, pues quienes la saben o pueden saberla su objetivo es esconderla.<\/p>\n<p style=\"font-style: normal; font-weight: normal;\" align=\"JUSTIFY\">Pero m\u00e1s all\u00e1 de la cifra, los verdaderos datos de esta manifestaci\u00f3n, la verdadera lectura que hay a retener se basa en otros elementos de mayor relevancia.<\/p>\n<p style=\"font-style: normal; font-weight: normal;\" align=\"JUSTIFY\">La manifestaci\u00f3n del 22-M no es una convocatoria puntual, ni un fin en si mismo, ni el objetivo de una lucha como estamos acostumbrados a entender una manifestaci\u00f3n.<\/p>\n<p style=\"font-style: normal; font-weight: normal;\" align=\"JUSTIFY\">El 22-M viene precedido de muchos d\u00edas de marchas desde distintos lugares del Estado espa\u00f1ol, con el firme compromiso que reflejan sus participantes realizando una acci\u00f3n de estas caracter\u00edsticas. Pasando por muchos pueblos con la complicidad y empat\u00eda de muchos conciudadanos, algunos sum\u00e1ndose y haciendo crecer las columnas humanas.<\/p>\n<p style=\"font-style: normal; font-weight: normal;\" align=\"JUSTIFY\">El 22-M es reflejo de que una parte importante de la sociedad est\u00e1 avanzando en consciencia pol\u00edtica y social, se est\u00e1 organizando y est\u00e1 dejando a atr\u00e1s la indiferencia y el apoliticismo generado por el propio sistema para tenernos pasivos.<\/p>\n<p style=\"font-style: normal; font-weight: normal;\" align=\"JUSTIFY\">El 22-M viene precedido tambi\u00e9n de meses de reflexi\u00f3n y acciones de muchos colectivos comprometidos en la lucha. Es la expresi\u00f3n de la complicidad entre los movimientos sociales y movimientos pol\u00edticos anticapitalistas, rompiendo los sectarismos, in\u00fatiles protagonismos y mezquinas ambiciones de liderar, poniendo en evidencia la certeza de que las Unidades Populares las construye el pueblo organizado, activo y con criterio, y pasar p\u00e1gina a la estrecha e inmadura visi\u00f3n de que la coalici\u00f3n de ciertos grupos elitistas alejados de la lucha y con el pueblo pasivo defender\u00e1n nuestros intereses milagrosamente en las instituciones. La expresi\u00f3n pol\u00edtica revolucionaria o se nutre del pueblo activo y es consecuencia de este o es est\u00e9ril.<\/p>\n<p style=\"font-style: normal; font-weight: normal;\" align=\"JUSTIFY\">El 22-M pone en evidencia por en\u00e9sima vez, pero quiz\u00e1 con m\u00e1s contundencia la absoluta inutilidad de las dos grandes estructuras \u00abagentes sociales\u00bb para liderar el movimiento popular y obrero. Hoy la huelga general, se concibe al margen de ellos.<\/p>\n<p style=\"font-style: normal; font-weight: normal;\" align=\"JUSTIFY\">El 22-M escucha y atiende la reflexi\u00f3n final del 15-M \u00abde la indignaci\u00f3n a la organizaci\u00f3n\u00bb y refleja el resultado de la lucha, el trabajo lento de estos tres a\u00f1os puliendo formas, despejando dudas y aprendiendo a hacer pol\u00edtica desde la base y en el sentido m\u00e1s puro.<\/p>\n<p style=\"font-style: normal; font-weight: normal;\" align=\"JUSTIFY\">Y el 22-M a parte de ser consecuencia de todo esto y mucho m\u00e1s, tambi\u00e9n es causa, origen y punto de partida. Es un salto cualitativo en la visi\u00f3n de la lucha organizada en el futuro. Nos ayuda a ver el camino com\u00fan, un poquito m\u00e1s claro, hacia el horizonte y nos facilita entender que hay que trabajar en los pueblos y barrios desde \u00e9ste esp\u00edritu de complicidad de las luchas como ingrediente indispensable de poder popular.<\/p>\n<p style=\"font-style: normal; font-weight: normal; line-height: 0.4cm;\" align=\"JUSTIFY\">Todav\u00eda somos pocos, el trabajo bien hecho necesita su tiempo, la formaci\u00f3n de lo que entendemos como Unidad Popular es incipiente. Pero ahora tenemos brotes verdes y sanos, cuid\u00e9moslos para que crezcan fuertes y grandes.<\/p>\n<p style=\"font-style: normal; font-weight: normal;\" align=\"JUSTIFY\">Volveremos a Madrid, pero esa vez acompa\u00f1ados de muchos m\u00e1s, de todos los que se ir\u00e1n sumando al compromiso ciudadano del d\u00eda a d\u00eda, el verdadero 22 de marzo.<\/p>\n","protected":false},"excerpt":{"rendered":"<p>\u00a0<\/p>\n<p style='font-style: normal; font-weight: normal; line-height: 0.66cm;' align='JUSTIFY'>Creo que hay que situar las Marchas en su justo t\u00e9rmino para no entusiasmarse demasiado o, por el contrario, pensar que no han servido para nada. En este sentido me parece importante hacer una reflexi\u00f3n parecida a la que se puede hacer sobre el 15M, salvando las distancias. Qui\u00e9n viese el 15M como una posibilidad real de cambiar las cosas de inmediato, adem\u00e1s de confundirse, corri\u00f3 el peligro de desanimarse e irse a casa. Por el contrario, el 15M fue un important\u00edsimo paso adelante. y supuso que bastante gente se animase a participar en la lucha social y pol\u00edtica. Si lo vemos desde esta segunda perspectiva no podemos decir que el 15M fue un fracaso, repito, quien lo viese como una posibilidad inminente de cambiar las cosas de modo radical si pudo salir muy decepcionado.<\/p>\n","protected":false},"author":9,"featured_media":2619,"comment_status":"open","ping_status":"open","sticky":false,"template":"","format":"standard","meta":{"footnotes":""},"categories":[13],"tags":[],"class_list":["post-2618","post","type-post","status-publish","format-standard","has-post-thumbnail","hentry","category-la-izquierda-a-debate"],"aioseo_notices":[],"_links":{"self":[{"href":"https:\/\/espai-marx.net\/index.php?rest_route=\/wp\/v2\/posts\/2618","targetHints":{"allow":["GET"]}}],"collection":[{"href":"https:\/\/espai-marx.net\/index.php?rest_route=\/wp\/v2\/posts"}],"about":[{"href":"https:\/\/espai-marx.net\/index.php?rest_route=\/wp\/v2\/types\/post"}],"author":[{"embeddable":true,"href":"https:\/\/espai-marx.net\/index.php?rest_route=\/wp\/v2\/users\/9"}],"replies":[{"embeddable":true,"href":"https:\/\/espai-marx.net\/index.php?rest_route=%2Fwp%2Fv2%2Fcomments&post=2618"}],"version-history":[{"count":0,"href":"https:\/\/espai-marx.net\/index.php?rest_route=\/wp\/v2\/posts\/2618\/revisions"}],"wp:featuredmedia":[{"embeddable":true,"href":"https:\/\/espai-marx.net\/index.php?rest_route=\/wp\/v2\/media\/2619"}],"wp:attachment":[{"href":"https:\/\/espai-marx.net\/index.php?rest_route=%2Fwp%2Fv2%2Fmedia&parent=2618"}],"wp:term":[{"taxonomy":"category","embeddable":true,"href":"https:\/\/espai-marx.net\/index.php?rest_route=%2Fwp%2Fv2%2Fcategories&post=2618"},{"taxonomy":"post_tag","embeddable":true,"href":"https:\/\/espai-marx.net\/index.php?rest_route=%2Fwp%2Fv2%2Ftags&post=2618"}],"curies":[{"name":"wp","href":"https:\/\/api.w.org\/{rel}","templated":true}]}}