{"id":2636,"date":"2014-05-01T00:00:00","date_gmt":"2014-05-01T00:00:00","guid":{"rendered":"https:\/\/espai-marx.net\/?p=2636"},"modified":"2020-02-18T10:47:40","modified_gmt":"2020-02-18T09:47:40","slug":"sortir-de-l-ue-sortir-de-l-euro-construir-la-democracia-social","status":"publish","type":"post","link":"https:\/\/espai-marx.net\/?p=2636","title":{"rendered":"Sortir de l\u2019UE, sortir de l\u2019euro, construir la democr\u00e0cia social."},"content":{"rendered":"<p lang=\"ca-ES\" style=\"margin-top: 0.2cm; margin-bottom: 0cm; border: none; padding: 0cm; line-height: 150%;\" align=\"JUSTIFY\">Taller : \u00abEsquerdes i nusos hist\u00f2rics: entendre l&#8217;actual UE\u00bb. Present\u00e0: C\u00e9sar Casta\u00f1\u00f3n. V\u00e0rem intervenir: Xavier D\u00edez, Joan Tafalla, Gerardo Pisarello. Jornada del Proc\u00e9s Constituent, \u00abUni\u00f3 Europea, reforma o ruptura, La Farga d&#8217;Hospitalet, 5 abril 2014.<\/p>\n<p lang=\"ca-ES\" style=\"margin-top: 0.2cm; margin-bottom: 0cm; border: none; padding: 0cm; font-style: normal; font-weight: normal; line-height: 150%;\" align=\"JUSTIFY\">\n<p lang=\"ca-ES\" style=\"margin-top: 0.2cm; margin-bottom: 0cm; border: none; padding: 0cm; font-weight: normal; line-height: 150%;\" align=\"JUSTIFY\"><i>Intervenci\u00f3 de: Joan Tafalla.<\/i><\/p>\n<p lang=\"ca-ES\" style=\"margin-top: 0.2cm; margin-bottom: 0cm; border: none; padding: 0cm; font-style: normal; font-weight: normal; line-height: 150%;\" align=\"JUSTIFY\">15 minuts no permeten desenvolupar els arguments d\u2019una posici\u00f3 que \u00e9s a contracorrent del consens europeista d\u2019arrel \u201cprogressista\u201d.<\/p>\n<p lang=\"ca-ES\" style=\"margin-top: 0.2cm; margin-bottom: 0cm; border: none; padding: 0cm; font-style: normal; font-weight: normal; line-height: 150%;\" align=\"JUSTIFY\">No em queixo. La <i>isegoria<\/i>, la igualtat en el parlar \u00e9s el component essencial de la democr\u00e0cia. Que tots tinguem el mateix temps per a parlar en l\u2019\u00e0gora. Aix\u00ed, doncs, em limitar\u00e9 a llegir uns esp\u00e8cie d\u2019epigrames. Els arguments que hi ha darrera aquests epigrames els podeu trobar si us interessa aprofundir en ells en sengles intervencions meves fetes recentment a Roma i a Gran Canaria i en un petit llibret que he publicat amb el meu amic Joaquin Miras.<\/p>\n<p lang=\"ca-ES\" style=\"margin-top: 0.2cm; margin-bottom: 0cm; border: none; padding: 0cm; font-style: normal; font-weight: normal; line-height: 150%;\" align=\"JUSTIFY\">\n<p lang=\"ca-ES\" style=\"margin-top: 0.2cm; margin-bottom: 0cm; border: none; padding: 0cm; font-style: normal; font-weight: normal; line-height: 150%;\" align=\"JUSTIFY\"><b>1.- Una obvietat: Europa no es la Uni\u00f3 Europea.<\/b> Aix\u00f2 no sempre \u00e9s obvi. Quan afirmo que cal sortir de la UE no afirmo que calgui sortir d\u2019Europa, com si f\u00f3ssim la Balsa de Pedra de Jos\u00e9 Saramago. Per\u00f2 els arguments en contra de la sortida de la UE solen caure en aquest equ\u00edvoc. <b>Essent, com som, europeus, si volem construir una Europa democr\u00e0tica i social ens cal sortir de l\u2019UE.<\/b><\/p>\n<p lang=\"ca-ES\" style=\"margin-top: 0.2cm; margin-bottom: 0cm; border: none; padding: 0cm; font-style: normal; font-weight: normal; line-height: 150%;\" align=\"JUSTIFY\">\n<p lang=\"ca-ES\" style=\"margin-top: 0.2cm; margin-bottom: 0cm; border: none; padding: 0cm; font-style: normal; font-weight: normal; line-height: 150%;\" align=\"JUSTIFY\"><b>2.-<\/b> <b>A part de la nostra condici\u00f3 d\u2019europeus, tenim una segona condici\u00f3 de la que no podem desprendre\u2019ns: la condici\u00f3 de mediterranis.<\/b> La Mediterr\u00e0nia \u00e9s una \u00e0rea geogr\u00e0fica de cultures similars, un fons com\u00fa de tradicions i de formes de ser, un conjunt de pobles amb un inter\u00e8s com\u00fa: deslliurar-se tant de l\u2019imperialisme alemany, com del dels USA. Les migracions, l\u2019 ecologia, el problema energ\u00e8tic fan de la nostra cooperaci\u00f3 amb els pa\u00efsos mediterranis, de la cooperaci\u00f3 i la solidaritat en aquest \u00e0mbit, una prioritat. La sortida de la Uni\u00f3 europea no es assumpte que puguin fer una rep\u00fablica federal espanyola o d\u2019una futura rep\u00fablica catalana. La sortida de la UE l\u2019haurien de fer els diversos pa\u00efsos PIGS conjuntament o en un proc\u00e9s no gaire llarg per, a continuaci\u00f3, establir lla\u00e7os de cooperaci\u00f3 econ\u00f2mica i social que els permetessin de col\u00b7laborar i recolzar-se m\u00fatuament front l\u2019imperialisme alemany que els colonitza. Cal construir una ALBA mediterr\u00e0nia i, eventualment un sistema monetari com\u00fa.<\/p>\n<p lang=\"ca-ES\" style=\"margin-top: 0.2cm; margin-bottom: 0cm; border: none; padding: 0cm; font-style: normal; font-weight: normal; line-height: 150%;\" align=\"JUSTIFY\">\n<p lang=\"ca-ES\" style=\"margin-top: 0.2cm; margin-bottom: 0cm; border: none; padding: 0cm; font-style: normal; font-weight: normal; line-height: 150%;\" align=\"JUSTIFY\"><b>3.-<\/b> Un dels elements cabdals de la cultura de la transici\u00f3, millor dit de la cultura de la <i>transacci\u00f3<\/i> que permet\u00e9 l\u2019escamoteig que va transformar la ruptura democr\u00e0tica en la Constituci\u00f3 del 78, <b>fou el consens sobre la necessitat d\u2019ingressar a all\u00f2 que en aquella \u00e8poca s\u2019anomenava m\u00e9s sincerament, Mercat Com\u00fa<\/b>. Quan parlem de l\u2019esgotament de la Constituci\u00f3 del 78 cal que pensem en que una Constituci\u00f3 \u00e9s quelcom m\u00e9s qu\u2019 un paper, qu\u2019 un text de car\u00e0cter jur\u00eddic. Cal que parlem de la Constituci\u00f3 material, es a dir del conjunt del r\u00e8gim, del conjunt de la cultura material de vida de la gent. No es pot pensar en un proc\u00e9s constituent realment renovador si no es trenca amb el consens, amb la doxa basada en l\u2019idea que el progr\u00e9s i la democr\u00e0cia venen de la UE. De la UE sols ens ve la p\u00e8rdua de sobirania, la depend\u00e8ncia econ\u00f2mica, la desigualtat, el desastre social, incl\u00fas la guerra. Recordem els Balcans, pensem en l\u2019Ukraina. Sortir de l\u2019UE, sortir de l\u2019euro son mesures insuficients, cert , per\u00f2 necess\u00e0ries, imprescindibles si volem bastir una <b>democr\u00e0cia social.<\/b><\/p>\n<p lang=\"ca-ES\" style=\"margin-top: 0.2cm; margin-bottom: 0cm; border: none; padding: 0cm; font-style: normal; font-weight: normal; line-height: 150%;\" align=\"JUSTIFY\">\n<p lang=\"ca-ES\" style=\"margin-top: 0.2cm; margin-bottom: 0cm; border: none; padding: 0cm; font-style: normal; font-weight: normal; line-height: 150%;\" align=\"JUSTIFY\"><b>4.- El que passa avui a Europa no es culpa d\u2019errors de disseny, no \u00e9s culpa d\u2019errors de governan\u00e7a.<\/b> Dic que els problemes que pateix el nostre poble no s\u00f3n producte d\u2019errors corregibles. Son, pel contrari elements estructurants del sistema de la UE. La UE est\u00e0 dissenyada per a fer el que fa. Els seus mecanismes han estat fabricats expressament per a servir els interessos de l\u2019imperialisme alemany. La UE no \u00e9s la soluci\u00f3, \u00e9s el problema. <b>Els partidaris de reformar la UE no cometen l\u2019error de ser reformistes, el seu error \u00e9s sostenir una estrat\u00e8gia ut\u00f2pica.<\/b><\/p>\n<p lang=\"ca-ES\" style=\"margin-top: 0.2cm; margin-bottom: 0cm; border: none; padding: 0cm; font-style: normal; font-weight: normal; line-height: 150%;\" align=\"JUSTIFY\">\n<p lang=\"ca-ES\" style=\"margin-top: 0.2cm; margin-bottom: 0cm; border: none; padding: 0cm; font-style: normal; font-weight: normal; line-height: 150%;\" align=\"JUSTIFY\"><b>5.- Merc\u00e8s a aquests mecanismes i a aquesta institucionalitat, Alem\u00e0nia ha pogut conquerir per la pol\u00edtica i per l\u2019economia el que constitu\u00efa el seu antic objectiu: el Lebensraum, l\u2019espai vital, que va costar dues guerres mundials en el segle passat<\/b>. M\u00e9s enll\u00e0 d\u2019all\u00f2 ha aconseguir conquerir que els economistes del gran capital alemany anomenaven \u201cespai \u00fanic europeu (Lebensraumgemeinschaf).No puc entrenir-me aqu\u00ed en la descripci\u00f3 de les fases hist\u00f2riques que ha seguit aquest proc\u00e9s. Ho sento, no hi ha temps. Podeu trobar-ho en la meva intervenci\u00f3 a Roma.<\/p>\n<p lang=\"ca-ES\" style=\"margin-top: 0.2cm; margin-bottom: 0cm; border: none; padding: 0cm; font-style: normal; font-weight: normal; line-height: 150%;\" align=\"JUSTIFY\">\n<p lang=\"ca-ES\" style=\"margin-top: 0.2cm; margin-bottom: 0cm; border: none; padding: 0cm; font-style: normal; font-weight: normal; line-height: 150%;\" align=\"JUSTIFY\"><b>6.- La situaci\u00f3 actual europea \u00e9s una situaci\u00f3 neo-colonial, \u00e9s la relaci\u00f3 centre-periferia, \u00e9s la depend\u00e8ncia.<\/b> El que passa al primer pla \u00e9s una lluita d\u2019alliberament nacional dels pa\u00efsos perif\u00e8rics, dels pa\u00efsos sotmesos a mecanismes d\u2019explotaci\u00f3 neo-colonial. La lluita contra els vells estats-naci\u00f3 desfets i buidats de poders reals, essent important, passa a estar supeditada a aquesta lluita. El que passa a primer pla \u00e9s la lluita contra la dominaci\u00f3 continental per part d\u2019Alem\u00e0nia a trav\u00e9s de la UE. Els pobles perif\u00e8rics, els pobles dependents tenen que teixir aliances entre ells, per a combatre l\u2019enemic com\u00fa, per a fer-se independents. Per\u00f2 no podran ser independents, si no cooperen entre ells si no federen i confederen lluites, llurs combats, llurs economies, llurs cultures materials de vida.<\/p>\n<p lang=\"ca-ES\" style=\"margin-top: 0.2cm; margin-bottom: 0cm; border: none; padding: 0cm; font-style: normal; font-weight: normal; line-height: 150%;\" align=\"JUSTIFY\">\n<p lang=\"ca-ES\" style=\"margin-top: 0.2cm; margin-bottom: 0cm; border: none; padding: 0cm; font-style: normal; font-weight: normal; line-height: 150%;\" align=\"JUSTIFY\"><b>7.- Cap cadena es trenca mai per totes les baules al mateix temps. Les cadenes es trenquen per la baula m\u00e9s feble. <\/b>Dir d\u2019una altra manera m\u00e9s antiga: la lluita dels treballadors \u00e9s internacional pel seu contingut i nacional per la seva forma. Nego la major dels plantejaments europeistes del negristes i dels postmoderns: el subjecte europeu no existeix. El subjecte europeu, sols es podr\u00e0 crear sortint de la g\u00e0bia de la UE. Reclamar avui, al sortida de la UE no significa trencar la solidaritat internacional dels treballadors, al contrari \u00e9s la forma actual d\u2019aquest internacionalisme.<\/p>\n<p lang=\"ca-ES\" style=\"margin-top: 0.2cm; margin-bottom: 0cm; border: none; padding: 0cm; font-style: normal; font-weight: normal; line-height: 150%;\" align=\"JUSTIFY\">\n<p lang=\"ca-ES\" style=\"margin-top: 0.2cm; margin-bottom: 0cm; border: none; padding: 0cm; font-style: normal; font-weight: normal; line-height: 150%;\" align=\"JUSTIFY\"><b>8.- La major part del moviment sobiranista catal\u00e0 reclama un estat catal\u00e0 dins de la UE. <\/b>Tamb\u00e9 nego la major: <b>No hi ha sobirania nacional dins de la UE.<\/b> El somni d\u2019un estat catal\u00e0 dins l\u2019UE \u00e9s un somni de classes mitjanes empobrides que pretenen deslliurar-se de la seva actual condici\u00f3 d\u2019una manera totalment ut\u00f2pica: es pensa que podem ser una esp\u00e8cia de protectorat d\u2019Alemania o, millor dit de Baviera. Els protectorats recentment incorporats al domini alemany ja sabem el que els espera: el plans d\u2019austeritat de Cro\u00e0cia o d\u2019Ukraina. Al tradicional segrest de la sobirania popular exercit per l\u2019estat espanyol, va a menys. \u00c9s el problema menor. El segrest de la democr\u00e0cia, de la sobirania nacional prov\u00e9 de l\u2019UE, no tant del decadent estat espanyol. La sobirania nacional, la democr\u00e0cia l\u2019hem de recuperar els catalans, de la m\u00e0 de la resta dels pobles ib\u00e8rics i de la resta dels pobles mediterranis.<\/p>\n<p lang=\"ca-ES\" style=\"margin-top: 0.2cm; margin-bottom: 0cm; border: none; padding: 0cm; font-style: normal; font-weight: normal; line-height: 150%;\" align=\"JUSTIFY\">\n<p lang=\"ca-ES\" style=\"margin-top: 0.2cm; margin-bottom: 0cm; border: none; padding: 0cm; font-style: normal; font-weight: normal; line-height: 150%;\" align=\"JUSTIFY\"><b>9.- Si no es vol sortir de l\u2019UE, per lo menys cal sortir de l\u2019euro<\/b>. Si es vol tenir sobirania econ\u00f2mica, si es vol un desenvolupament econ\u00f2mic. Junt al no pagament del deute, junt a la nacionalitzaci\u00f3 de la banca i al control ferri del moviment de capitals, junt al disseny del model productiu global possible en l\u2019economia mundial actual. Per a poder fer aix\u00f2 cal un Banc nacional i una moneda nacional. Hi han pa\u00efsos dins l\u2019UE que tenen moneda pr\u00f2pia i no els va tant malament. La promesa de crear llocs de treball i un model de desenvolupament que no inclou els instruments necessaris, imprescindibles, encara que no suficients \u00e9s una utopia o pitjor, \u00e9s una mentida.<\/p>\n<p lang=\"ca-ES\" style=\"margin-top: 0.2cm; margin-bottom: 0cm; border: none; padding: 0cm; font-style: normal; font-weight: normal; line-height: 150%;\" align=\"JUSTIFY\">\n<p lang=\"ca-ES\" style=\"margin-top: 0.2cm; margin-bottom: 0cm; border: none; padding: 0cm; font-style: normal; font-weight: normal; line-height: 150%;\" align=\"JUSTIFY\"><b>10.-<\/b> Els estudiosos del peak oil afirmen que ja hi hem arribat. Les experi\u00e8ncies amb fracking en son una manifestaci\u00f3. La civilitzaci\u00f3 del petroli arriba a la seva fi. Les guerres presents i futures estan totes relacionades amb aquesta q\u00fcesti\u00f3 que \u00e9s central. La recuperaci\u00f3 de l\u2019economia de proximitat, la austeritat en la vida i en els consums, la construcci\u00f3 d\u2019una nova cultural material de vida, la recerca d\u2019una democr\u00e0cia social, no s\u00f3n una opci\u00f3: son l\u2019\u00fanic cam\u00ed. Un cam\u00ed que potser arriba ja tard. Per\u00f2 insisteixo: \u00e9s l\u2019\u00fanic cam\u00ed. <b>Sortir de l\u2019euro, trencar la g\u00e0bia de la UE, formen part d\u2019aquest cam\u00ed.<\/b><\/p>\n<p style=\"margin-top: 0.2cm; margin-bottom: 0cm; border: none; padding: 0cm; line-height: 150%;\" align=\"JUSTIFY\">\n<p style=\"margin-top: 0.2cm; margin-bottom: 0cm; border: none; padding: 0cm; line-height: 150%;\" align=\"JUSTIFY\">Per cert, fem un par\u00e8ntesi: el l\u00e8xic de la neo-llengua de les ci\u00e8ncies pol\u00edtiques postmodernes, \u00e9s un obstacle per que la ciutadania practiqui la pol\u00edtica. <i>Governan\u00e7a<\/i>, tradu\u00eft al llenguatge quotidi\u00e0: vol dir simplement acabar amb la democr\u00e0cia, acabar amb la sobirania, vol dir, en definitiva: ser esclaus o metecs en la nostra pr\u00f2pia polis.<\/p>\n<p lang=\"ca-ES\" style=\"margin-top: 0.2cm; margin-bottom: 0cm; line-height: 150%;\" align=\"JUSTIFY\">\n","protected":false},"excerpt":{"rendered":"<p>\u00a0<\/p>\n<p style='margin-top: 0.2cm; margin-bottom: 0cm; border: none; padding: 0cm; font-style: normal; font-weight: normal; line-height: 150%;' lang='ca-ES' align='JUSTIFY'>Els estudiosos del peak oil afirmen que ja hi hem arribat. Les experi\u00e8ncies amb fracking en son una manifestaci\u00f3. La civilitzaci\u00f3 del petroli arriba a la seva fi. Les guerres presents i futures estan totes relacionades amb aquesta q\u00fcesti\u00f3 que \u00e9s central. La recuperaci\u00f3 de l\u2019economia de proximitat, la austeritat en la vida i en els consums, la construcci\u00f3 d\u2019una nova cultural material de vida, la recerca d\u2019una democr\u00e0cia social, no s\u00f3n una opci\u00f3: son l\u2019\u00fanic cam\u00ed. Un cam\u00ed que potser arriba ja tard. Per\u00f2 insisteixo: \u00e9s l\u2019\u00fanic cam\u00ed. Sortir de l\u2019euro, trencar la g\u00e0bia de la UE, formen part d\u2019aquest cam\u00ed.<\/p>\n","protected":false},"author":9,"featured_media":2637,"comment_status":"open","ping_status":"open","sticky":false,"template":"","format":"standard","meta":{"footnotes":""},"categories":[13],"tags":[],"class_list":["post-2636","post","type-post","status-publish","format-standard","has-post-thumbnail","hentry","category-la-izquierda-a-debate"],"aioseo_notices":[],"_links":{"self":[{"href":"https:\/\/espai-marx.net\/index.php?rest_route=\/wp\/v2\/posts\/2636","targetHints":{"allow":["GET"]}}],"collection":[{"href":"https:\/\/espai-marx.net\/index.php?rest_route=\/wp\/v2\/posts"}],"about":[{"href":"https:\/\/espai-marx.net\/index.php?rest_route=\/wp\/v2\/types\/post"}],"author":[{"embeddable":true,"href":"https:\/\/espai-marx.net\/index.php?rest_route=\/wp\/v2\/users\/9"}],"replies":[{"embeddable":true,"href":"https:\/\/espai-marx.net\/index.php?rest_route=%2Fwp%2Fv2%2Fcomments&post=2636"}],"version-history":[{"count":0,"href":"https:\/\/espai-marx.net\/index.php?rest_route=\/wp\/v2\/posts\/2636\/revisions"}],"wp:featuredmedia":[{"embeddable":true,"href":"https:\/\/espai-marx.net\/index.php?rest_route=\/wp\/v2\/media\/2637"}],"wp:attachment":[{"href":"https:\/\/espai-marx.net\/index.php?rest_route=%2Fwp%2Fv2%2Fmedia&parent=2636"}],"wp:term":[{"taxonomy":"category","embeddable":true,"href":"https:\/\/espai-marx.net\/index.php?rest_route=%2Fwp%2Fv2%2Fcategories&post=2636"},{"taxonomy":"post_tag","embeddable":true,"href":"https:\/\/espai-marx.net\/index.php?rest_route=%2Fwp%2Fv2%2Ftags&post=2636"}],"curies":[{"name":"wp","href":"https:\/\/api.w.org\/{rel}","templated":true}]}}