{"id":2652,"date":"2014-05-15T00:00:00","date_gmt":"2014-05-15T00:00:00","guid":{"rendered":"https:\/\/espai-marx.net\/?p=2652"},"modified":"2020-02-18T10:40:15","modified_gmt":"2020-02-18T09:40:15","slug":"el-suicida-generoso","status":"publish","type":"post","link":"https:\/\/espai-marx.net\/?p=2652","title":{"rendered":"El suicida generoso"},"content":{"rendered":"<p lang=\"es-ES\" style=\"margin-top: 0.24cm; margin-bottom: 0cm; background: #ffffff; line-height: 150%;\" align=\"JUSTIFY\">Si hubiera sucedido en Alabama, Estados Unidos, de seguro ocupar\u00eda p\u00e1gina de los diarios y ser\u00eda noticia en m\u00e1s de un telediario. Pero ocurri\u00f3 en Valencia en d\u00eda tan significativo como el 14 de abril, por tanto cabe deducir que debe pasar por la censura social que ahora domina los medios, y podr\u00eda asegurar que pocos, muy pocos, se enteraron de la impresionante historia.<\/p>\n<p lang=\"es-ES\" style=\"margin-top: 0.24cm; margin-bottom: 0cm; background: #ffffff; line-height: 150%;\" align=\"JUSTIFY\">A las 10 de la ma\u00f1ana un individuo al que imagino de buena planta \u2013era un tirador ol\u00edmpico veterano\u2013, algo excitado, se presenta en la recepci\u00f3n del hospital valenciano de La Fe. Es jornada festiva en Valencia, lunes de Pascua. El hombre aborda a la chica que est\u00e1 en la recepci\u00f3n y le dice escuetamente: \u201cMe llamo Antonio Temprano Garc\u00eda y quiero donar todos mis \u00f3rganos\u201d.<\/p>\n<p lang=\"es-ES\" style=\"margin-top: 0.24cm; margin-bottom: 0cm; background: #ffffff; line-height: 150%;\" align=\"JUSTIFY\">No hace falta mucha imaginaci\u00f3n para contar la reacci\u00f3n de la empleada que se limita a extenderle un cuestionario de \u201cdonante de \u00f3rganos\u201d. \u00a1Qu\u00e9 otra cosa iba a hacer! Pero todo se transforma cuando Antonio Temprano a\u00f1ade: \u201cQuiero hacerlo r\u00e1pido porque me voy a suicidar\u201d.<\/p>\n<p lang=\"es-ES\" style=\"margin-top: 0.24cm; margin-bottom: 0cm; background: #ffffff; line-height: 150%;\" align=\"JUSTIFY\">No tengo el m\u00e1s m\u00ednimo inter\u00e9s morboso por esta historia que trasciende los llamados sucesos habituales, pero me gustar\u00eda saber qu\u00e9 pas\u00f3 desde ese momento. Si Antonio tiene fijada su presencia en el hospital de La Fe de Valencia a las diez de la ma\u00f1ana, en d\u00eda festivo, qu\u00e9 ocurri\u00f3 despu\u00e9s hasta que se meti\u00f3 en los lavabos y se descerraj\u00f3 un tiro pegado a la barbilla, en la ingenua creencia que ser\u00eda menos letal para los extractores de \u00f3rganos. Lo hizo con una Magnum 9 mm Parabellum; con esa arma letal debi\u00f3 quedar hecho un cristo. (Agradezco a la gentileza profesional de Vicente Useros, de El Mundo en Valencia, algunos datos sobre el caso).<\/p>\n<p lang=\"es-ES\" style=\"margin-top: 0.24cm; margin-bottom: 0cm; background: #ffffff; line-height: 150%;\" align=\"JUSTIFY\">Lo que no sab\u00eda el voluntarioso Antonio Temprano, 43 a\u00f1os, es que el suicida representa un problema dif\u00edcil para los recuperadores de \u00f3rganos. El suicidio exige el trabajo posterior de un forense y por tanto muchos \u00f3rganos vitales quedan inservibles. O eso dicen. Pero hasta aqu\u00ed llega el incidente, luego viene el drama. Antonio Temprano Garc\u00eda llevaba parado un a\u00f1o y medio, y todas las glorias locales que le hab\u00eda deparado ser un tirador de pistola ol\u00edmpico, tener una esposa m\u00e9dico, dos hijos \u2013una con problemas, hidrocefalia\u2013, una sociedad complaciente cuando vas de triunfador, aunque sea local, se transform\u00f3 probablemente en una pesadilla. De vivir en La Nucia, junto a Benidorm, se trasladaron a Valencia donde su esposa consigui\u00f3 trabajo en el hospital de Torrent-1, de m\u00e9dico de familia.<\/p>\n<p style=\"margin-top: 0.24cm; margin-bottom: 0cm; background: #ffffff; line-height: 150%;\" align=\"JUSTIFY\">Se sent\u00eda un hombre de m\u00e1s, que viv\u00eda de su mujer y que tras su experiencia en Alicante vinculado a las ambulancias y algunos trabajos eventuales, no lograba salir del c\u00edrculo vicioso del paro. Y el paro, convendr\u00eda explic\u00e1rselo a los expertos econ\u00f3micos, es un virus que a los trabajadores dignos, como con toda seguridad deb\u00eda serlo Antonio Temprano, les produce una angustia irreversible y permanente, que empieza en la depresi\u00f3n y acaba en no se sabe d\u00f3nde. Depende de la dignidad, el aguante y la resistencia de la v\u00edctima. Recuerdo a un matarife empresarial, un tal Feito, que dec\u00eda que un trabajador en paro deb\u00eda ir a Laponia si all\u00ed le ofrec\u00edan un trabajo. A esta gente asentada deber\u00edamos tener el derecho a denunciarla ante los tribunales por terrorismo social. Son delincuentes con buenos letrados, como los grandes del mundo mafioso. Sus hijos, no digamos, jam\u00e1s ir\u00e1n a Laponia; no saben ni donde queda.<\/p>\n<p lang=\"es-ES\" style=\"margin-top: 0.24cm; margin-bottom: 0cm; background: #ffffff; line-height: 150%;\" align=\"JUSTIFY\">El titular es sencillo por m\u00e1s brutal que parezca. \u201cUn hombre desesperado opta por suicidarse para no seguir siendo una carga familiar\u201d. Resulta un poco largo para los c\u00e1nones del oficio period\u00edstico, pero se podr\u00eda arreglar hasta hacerlo comprensible. \u00a1Y la dignidad del suicida! Por qu\u00e9 le quitamos ese gesto definitivo de humanidad; que sus \u00f3rganos sirvan para otros que lo necesiten. Cosa que no har\u00edan ni el se\u00f1or Feito, ni la patronal en pleno, no digamos B\u00e1rcenas, Blesa, Rato o Millet, que a buen seguro dispondr\u00e1n hasta de pante\u00f3n en cementerios de post\u00edn, y rogatorias y misas y triduos y lo que haga falta. (Perm\u00edtanme la apostilla: que B\u00e1rcenas est\u00e9 en la c\u00e1rcel y Millet no, es un hecho diferencial de Catalunya, en medida similar a que Blesa haya conseguido juzgar a su juez Elpidio. Espa\u00f1a, Catalunya incluida, bascula entre Sicilia y el M\u00e9xico del PRI, aunque sin petr\u00f3leo).<\/p>\n<p lang=\"es-ES\" style=\"margin-top: 0.24cm; margin-bottom: 0cm; background: #ffffff; line-height: 150%;\" align=\"JUSTIFY\">\u00bfPor qu\u00e9 no sacamos del armario a los suicidas? En vez de sentirse orgullosa del gesto temerario del marido, la esposa de Antonio Temprano, la doctora Eva Llovet, ha hecho un esfuerzo suplementario por inventarse una muerte del marido que encajara con lo que la vida social exige. Lo entiendo, incluso lo disculpo, pero eso debe terminar. Si mis amigos, mi mujer o alguno de mis hijos tomara decisi\u00f3n tan trascendental como matarse con una causa tan obvia y tan desesperada como es no poder vivir con dignidad en la sociedad que nosotros les hemos creado \u2013la misma que se niega a mirarse en el espejo de sus medios de comunicaci\u00f3n\u2013 habr\u00eda que sentirse orgullosos de su valor.<\/p>\n<p lang=\"es-ES\" style=\"margin-top: 0.24cm; margin-bottom: 0cm; background: #ffffff; line-height: 150%;\" align=\"JUSTIFY\">Porque la dignidad exige reda\u00f1os, el servilismo no los necesita. Me remito al detalle del reciente buque siniestrado en Corea del Sur. El profesor que se salv\u00f3 frente a los centenares de alumnos que se murieron, tuvo el gesto de ahorcarse porque su vida ya no podr\u00eda seguir con esa pena y esa responsabilidad. No el capit\u00e1n, ese asesino, como dijo la presidenta de Corea en un rasgo ins\u00f3lito para nuestra cultura. \u00bfSe imaginan a Rajoy o a Mas llamando asesino a un funcionario de los suyos, capit\u00e1n prestigioso, aunque hubiera matado a centenares de personas? Lo justificar\u00edan, no me cabe la menor duda. Ya lo han hecho y con menos costo.<\/p>\n<p lang=\"es-ES\" style=\"margin-top: 0.24cm; margin-bottom: 0cm; background: #ffffff; line-height: 150%;\" align=\"JUSTIFY\">En un espl\u00e9ndido art\u00edculo aparecido en este peri\u00f3dico el domingo, Jordi Goula advert\u00eda que estamos cultivando una explosi\u00f3n social de envergadura. Eso que los chistosos periodistas deportivos, ignorantes de lo obvio, denominan \u201cSemana tr\u00e1gica\u201d para referirse a un equipo de f\u00fatbol, ni m\u00e1s ni menos, y que en una sociedad madura como fue \u2013no s\u00e9 si lo sigue siendo\u2013 la catalana hubiera sido impensable salvo si se tratara de un descerebrado. La frase \u201cSemana tr\u00e1gica\u201d, en Barcelona, no se puede utilizar en vano, ni fr\u00edvolamente. Estamos alimentando a la bestia de la violencia y lo hacemos con una irresponsabilidad t\u00edpica de tiempos pasados, como si se tratara de un chiste o una gracieta, como se dice por ac\u00e1.<\/p>\n<p lang=\"es-ES\" style=\"margin-top: 0.24cm; margin-bottom: 0cm; background: #ffffff; line-height: 150%;\" align=\"JUSTIFY\">Todos intuimos que Millet no ir\u00e1 a la c\u00e1rcel nunca; ya se exhibe en silla de ruedas, pronto aparecer\u00e1 adem\u00e1s con un brazo escayolado. Tambi\u00e9n que Blesa, el terrorista social, lograr\u00e1 liquidar al juez Elpidio con la ayuda del peso de la ley y la justicia. Que las falacias que aparecen en los medios sobre la mejor\u00eda de nuestra econom\u00eda, se parecen a las palabras de los m\u00e9dicos a los familiares de los pacientes en una UVI. Las elecciones europeas ser\u00e1n la prueba del desprecio absoluto de la ciudadan\u00eda a sus instituciones. Pero no se dar\u00e1n por enterados. Saber que los directivos bancarios mejor pagados de la Uni\u00f3n Europea son los griegos y los espa\u00f1oles, no afectar\u00e1 a nadie, porque nadie lo va a contar por lo menudo.<\/p>\n<p style=\"margin-top: 0.24cm; margin-bottom: 0cm; background: #ffffff; line-height: 150%;\" align=\"JUSTIFY\">Confieso que dentro de las tropel\u00edas que m\u00e1s me han llamado la atenci\u00f3n de los \u00faltimos meses est\u00e1 la de Arenys de Mar. Una aspirante a un puesto de trabajo, Clio Almansa, hubo de soportar una prueba digna de la edad media. Un ejecutivo reuni\u00f3 a los aspirantes, dej\u00f3 caer un billete de 50 euros y grit\u00f3: el que se lo quede contar\u00e1 con el primer trabajo, del que se descontar\u00e1 el valor del billete. Lo solt\u00f3 y los aspirantes se pelearon. La chica present\u00f3 una denuncia por diferentes heridas en la pelea. La empresa se llama Ecoline 2010, ocurri\u00f3 en Arenys de Mar, zona liberada de espa\u00f1olismo, y el asunto lo lleva el juzgado n\u00ba 5 de Matar\u00f3.<\/p>\n<p lang=\"es-ES\" style=\"margin-top: 0.24cm; margin-bottom: 0cm; background: #ffffff; line-height: 150%;\" align=\"JUSTIFY\">En letras bien grandes habr\u00e1 que poner el nombre de Antonio Temprano Garc\u00eda, que un 14 de abril, efem\u00e9ride de la Rep\u00fablica y la ciudadan\u00eda, entr\u00f3 en un hospital de Valencia y dijo: \u201cQuiero donar todos mis \u00f3rganos, y haga los tr\u00e1mites pronto porque me voy a suicidar\u201d.<\/p>\n<p class=\"western\" lang=\"es-ES\" style=\"margin-top: 0.24cm; margin-bottom: 0cm; line-height: 150%;\" align=\"JUSTIFY\">\n","protected":false},"excerpt":{"rendered":"<p style='margin-top: 0.24cm; margin-bottom: 0cm; background: #ffffff; line-height: 150%;' lang='es-ES' align='JUSTIFY'>\u00bfPor qu\u00e9 no sacamos del armario a los suicidas? Si mis amigos, mi mujer o alguno de mis hijos tomara decisi\u00f3n tan trascendental como matarse con una causa tan obvia y tan desesperada como es no poder vivir con dignidad en la sociedad que nosotros les hemos creado \u2013la misma que se niega a mirarse en el espejo de sus medios de comunicaci\u00f3n\u2013 habr\u00eda que sentirse orgullosos de su valor.<\/p>\n","protected":false},"author":9,"featured_media":2653,"comment_status":"open","ping_status":"open","sticky":false,"template":"","format":"standard","meta":{"footnotes":""},"categories":[3],"tags":[],"class_list":["post-2652","post","type-post","status-publish","format-standard","has-post-thumbnail","hentry","category-condiciones-de-vida"],"aioseo_notices":[],"_links":{"self":[{"href":"https:\/\/espai-marx.net\/index.php?rest_route=\/wp\/v2\/posts\/2652","targetHints":{"allow":["GET"]}}],"collection":[{"href":"https:\/\/espai-marx.net\/index.php?rest_route=\/wp\/v2\/posts"}],"about":[{"href":"https:\/\/espai-marx.net\/index.php?rest_route=\/wp\/v2\/types\/post"}],"author":[{"embeddable":true,"href":"https:\/\/espai-marx.net\/index.php?rest_route=\/wp\/v2\/users\/9"}],"replies":[{"embeddable":true,"href":"https:\/\/espai-marx.net\/index.php?rest_route=%2Fwp%2Fv2%2Fcomments&post=2652"}],"version-history":[{"count":0,"href":"https:\/\/espai-marx.net\/index.php?rest_route=\/wp\/v2\/posts\/2652\/revisions"}],"wp:featuredmedia":[{"embeddable":true,"href":"https:\/\/espai-marx.net\/index.php?rest_route=\/wp\/v2\/media\/2653"}],"wp:attachment":[{"href":"https:\/\/espai-marx.net\/index.php?rest_route=%2Fwp%2Fv2%2Fmedia&parent=2652"}],"wp:term":[{"taxonomy":"category","embeddable":true,"href":"https:\/\/espai-marx.net\/index.php?rest_route=%2Fwp%2Fv2%2Fcategories&post=2652"},{"taxonomy":"post_tag","embeddable":true,"href":"https:\/\/espai-marx.net\/index.php?rest_route=%2Fwp%2Fv2%2Ftags&post=2652"}],"curies":[{"name":"wp","href":"https:\/\/api.w.org\/{rel}","templated":true}]}}