{"id":2654,"date":"2014-05-16T00:00:00","date_gmt":"2014-05-16T00:00:00","guid":{"rendered":"https:\/\/espai-marx.net\/?p=2654"},"modified":"2020-02-18T17:31:55","modified_gmt":"2020-02-18T16:31:55","slug":"alternativas-a-la-hegemonia-alemana","status":"publish","type":"post","link":"https:\/\/espai-marx.net\/?p=2654","title":{"rendered":"Alternativas a la hegemon\u00eda alemana"},"content":{"rendered":"<p class=\"western\" style=\"margin-top: 0.2cm; margin-bottom: 0cm; line-height: 150%;\" align=\"JUSTIFY\">\u00abEn un largo y trabajoso proceso que ha durado m\u00e1s de sesenta a\u00f1os, Alemania ha recuperado la centralidad geopol\u00edtica (y geoecon\u00f3mica) perdida en 1945. Alemania es el nuevo centro imperialista hegem\u00f3nico en un \u00e1rea ocupada por los 28 pa\u00edses miembros y por cinco pa\u00edses candidatos, afirman Joan Tafalla y Ram\u00f3n Franquesa en las jornadas del Frente C\u00edvico \u00abSalir del euro. Por la recuperaci\u00f3n de la soberan\u00eda\u00bb. La conferencia, s\u00edntesis de un art\u00edculo que pr\u00f3ximamente se publicar\u00e1 en El Viejo Topo, propone una reflexi\u00f3n de largo recorrido sobre el imperialismo alem\u00e1n, al tiempo que plantea posibles alternativas para el Sur de Europa.<\/p>\n<p class=\"western\" style=\"margin-top: 0.2cm; margin-bottom: 0cm; line-height: 150%;\" align=\"JUSTIFY\">La historia viene de lejos. A finales del siglo XIX emergi\u00f3 una ciencia nueva, que se desarrollar\u00eda en las primeras d\u00e9cadas del siglo XX: la geopol\u00edtica alemana. \u00c9sta representa, antes incluso del nazismo (y sus diferentes escuelas de Econom\u00eda y Geopol\u00edtica compitiendo entre s\u00ed), la ideolog\u00eda y los proyectos de la gran burgues\u00eda industrial y financiera alemana, con un eje palmario: el sometimiento colonial de toda la Europa Central y la salida del \u00e1rea germana al mediterr\u00e1neo, subrayan los ponentes. \u00bfQu\u00e9 tiene que ver esto con la actual Eurozona? Giorgio Gattei (\u00abEl euro de los nazis y el nuestro\u00bb) muestra c\u00f3mo el gran capital alem\u00e1n pens\u00f3 en un espacio \u00fanico europeo con una moneda \u00fanica.<\/p>\n<p class=\"western\" style=\"margin-top: 0.2cm; margin-bottom: 0cm; line-height: 150%;\" align=\"JUSTIFY\">Joan Tafalla es maestro de ense\u00f1anza primaria y miembro de las asociaciones Espai Marx y El Caracol Maya, adem\u00e1s de autor de \u00abUn cura jacobino: Jacques-Michel Coup\u00e9\u00bb y coautor, con Irene Castells, de \u00abAtlas Hist\u00f3rico de la Revoluci\u00f3n Francesa\u00bb. Es asimismo coeditor de \u00abMiradas sobre la precariedad\u00bb. En 2013 public\u00f3 con Joaqu\u00edn Miras \u00abLa izquierda como problema\u00bb, donde se plantea la vuelta a la soberan\u00eda popular. Ram\u00f3n Franquesa es actualmente profesor de Econom\u00eda en la Universitat de Barcelona, donde investiga la gesti\u00f3n de recursos naturales renovables, la econom\u00eda social y los procesos de organizaci\u00f3n econ\u00f3mica no capitalista. Es, adem\u00e1s, coautor del manual Econom\u00eda Mundial.<\/p>\n<p class=\"western\" style=\"margin-top: 0.2cm; margin-bottom: 0cm; line-height: 150%;\" align=\"JUSTIFY\">Finalizada la segunda guerra mundial, el Plan Marshall constituye el primer hito en la reconstrucci\u00f3n de la supremac\u00eda germana. Los 12.700 millones de d\u00f3lares invertidos por Estados Unidos en tres a\u00f1os (1948-1951) en el viejo continente pretenden, adem\u00e1s de expulsar a los comunistas de los gobiernos y poner las bases del Mercado Com\u00fan, integrar a Alemania en el mundo occidental. \u00abEn el origen de la Uni\u00f3n Europea se encuentra un acuerdo entre las burgues\u00edas imperialistas de Alemania y Francia\u00bb, resumen Tafalla y Franquesa. En plena \u00abguerra fr\u00eda\u00bb, los ponentes recuerdan otro hecho hoy deliberadamente omitido: Un tratado Internacional (1953) reduce el monto de la deuda alemana en un 50%, lo que libra al pa\u00eds de la bancarrota. La otra mitad deber\u00eda satisfacerse tras una futura reunificaci\u00f3n alemana. Pero en 1990 Kolh se neg\u00f3 a abonarla, y finalmente se condon\u00f3.<\/p>\n<p class=\"western\" style=\"margin-top: 0.2cm; margin-bottom: 0cm; line-height: 150%;\" align=\"JUSTIFY\">En s\u00edntesis, despu\u00e9s de la segunda guerra mundial, y durante 35-40 a\u00f1os, Alemania tuvo que negociar la hegemon\u00eda en el viejo continente con otras potencias europeas, principalmente Francia. Ahora bien, en el periodo 1989-2014 se produce un \u00absalto cualitativo\u00bb que conduce a la supremac\u00eda germana, \u00abcon la ca\u00edda del muro de Berl\u00edn (1989), con la unidad monetaria alemana y la anexi\u00f3n de la RDA a la RFA, llamada unificaci\u00f3n; y, luego, con la sucesiva ampliaci\u00f3n de la Uni\u00f3n Europea hacia el Este y el establecimiento de la unidad monetaria europea\u00bb, explican los ponentes. La unificaci\u00f3n\/anexi\u00f3n alemana funcion\u00f3, adem\u00e1s, como laboratorio para la posterior colonizaci\u00f3n del Sur de Europa mediante una herramienta demoledora: el euro.<\/p>\n<p class=\"western\" style=\"margin-top: 0.2cm; margin-bottom: 0cm; line-height: 150%;\" align=\"JUSTIFY\">Tafalla y Franquesa califican el proyecto de la moneda \u00fanica como \u00abuna chapuza de enormes dimensiones\u00bb. Y no es posible la reforma desde dentro (\u00abcretinismo europe\u00edsta\u00bb). Sirva como elemento de prueba el \u00abdesencanto\u00bb en los pa\u00edses del Sur, pero tambi\u00e9n de otros, como Finlandia, donde se empieza a considerar un error la incorporaci\u00f3n al euro, y se mira de reojo a pa\u00edses como Suecia y Dinamarca, que renunciaron a entrar en la moneda \u00fanica. Hay pa\u00edses (no s\u00f3lo los del Sur), como Eslovaquia, Croacia, Letonia, Lituania o Ruman\u00eda que han visto c\u00f3mo ingresar en la Uni\u00f3n Europea cercena su soberan\u00eda y los convierte pr\u00e1cticamente en una colonia.<\/p>\n<p class=\"western\" style=\"margin-top: 0.2cm; margin-bottom: 0cm; line-height: 150%;\" align=\"JUSTIFY\">En el cap\u00edtulo de las alternativas, los ponentes recuperan un concepto cl\u00e1sico de Samir Amin: la \u00abdesconexi\u00f3n\u00bb de los estados-nacionales, como una v\u00eda de emancipaci\u00f3n y de ruptura con las l\u00f3gicas de dominaci\u00f3n Centro-Periferia. Adem\u00e1s, Tafalla y Franquesa entran en la discusi\u00f3n sobre la posibilidad de crear un \u00abBloque Hist\u00f3rico\u00bb en los pa\u00edses del Sur de Europa, como proponen Luciano Vasapollo y Joaqu\u00edn Arriola, inspirado en la experiencia de la Alianza Bolivariana de los Pueblos de Nuestra Am\u00e9rica (ALBA). Seg\u00fan esta idea, los PIGS (Portugal, Italia, Grecia y Espa\u00f1a) deber\u00edan salirse de la Uni\u00f3n Europea y del euro, crear una moneda com\u00fan, nacionalizar la banca y realizar una quita de la deuda.<\/p>\n<p class=\"western\" style=\"margin-top: 0.2cm; margin-bottom: 0cm; line-height: 150%;\" align=\"JUSTIFY\">\u00abLa propuesta es interesante y merece discusi\u00f3n\u00bb, pero \u00abno es posible un traspaso mec\u00e1nico de experiencias\u00bb. De entrada, los pa\u00edses del ALBA no disponen de una moneda com\u00fan (el Sucre es una unidad monetaria de referencia). Tampoco la correlaci\u00f3n de fuerzas resulta favorable, ni siquiera en el campo de la izquierda (la mayor\u00eda de fuerzas pol\u00edticas plantean el \u00abreformismo\u00bb). A ello se agregan las fracturas culturales y ling\u00fc\u00edsticas entre pa\u00edses o los corporativismos de clase y territorio, subrayan Joan Tafalla y Ram\u00f3n Franquesa.<\/p>\n<p class=\"western\" style=\"margin-top: 0.2cm; margin-bottom: 0cm; line-height: 150%;\" align=\"JUSTIFY\">Por eso, y sin perder de vista los procesos de confluencia entre los ciudadanos del Sur de Europa, los conferenciantes se\u00f1alan que la iniciativa m\u00e1s \u00abeficaz\u00bb es la que lleven a t\u00e9rmino los ciudadanos de cada estado. Sirva el ejemplo de las huelgas generales en Grecia, el 15-M y el 22-M en Espa\u00f1a, y las amplias movilizaciones en Italia, Portugal o Grecia. Las convergencias entre ciudadanos del Sur deber\u00edan reforzar estos procesos dentro de cada estado-naci\u00f3n. \u00abLa defensa de la soberan\u00eda de los viejos estados nacionales o la creaci\u00f3n de otros nuevos estados, supuestamente tan independientes como los viejos, constituyen los escenarios m\u00e1s cre\u00edbles en los que se va a producir la lucha de clases en los pr\u00f3ximos a\u00f1os\u00bb, concluyen los ponentes.<\/p>\n","protected":false},"excerpt":{"rendered":"<p style='margin-bottom: 0cm;' align='JUSTIFY'>Joan Tafalla y Ramon Franquesa explican las causas de la hegemon\u00eda alemana sobre el resto de los pa\u00edses de la UE, el papel del euro en ese proceso de dominio imperial y las alternativas que se proponen para derrotar esas l\u00f3gicas de dominaci\u00f3n Centro-periferia. <\/p>\n","protected":false},"author":9,"featured_media":2655,"comment_status":"open","ping_status":"open","sticky":false,"template":"","format":"standard","meta":{"footnotes":""},"categories":[13],"tags":[],"class_list":["post-2654","post","type-post","status-publish","format-standard","has-post-thumbnail","hentry","category-la-izquierda-a-debate"],"aioseo_notices":[],"_links":{"self":[{"href":"https:\/\/espai-marx.net\/index.php?rest_route=\/wp\/v2\/posts\/2654","targetHints":{"allow":["GET"]}}],"collection":[{"href":"https:\/\/espai-marx.net\/index.php?rest_route=\/wp\/v2\/posts"}],"about":[{"href":"https:\/\/espai-marx.net\/index.php?rest_route=\/wp\/v2\/types\/post"}],"author":[{"embeddable":true,"href":"https:\/\/espai-marx.net\/index.php?rest_route=\/wp\/v2\/users\/9"}],"replies":[{"embeddable":true,"href":"https:\/\/espai-marx.net\/index.php?rest_route=%2Fwp%2Fv2%2Fcomments&post=2654"}],"version-history":[{"count":0,"href":"https:\/\/espai-marx.net\/index.php?rest_route=\/wp\/v2\/posts\/2654\/revisions"}],"wp:featuredmedia":[{"embeddable":true,"href":"https:\/\/espai-marx.net\/index.php?rest_route=\/wp\/v2\/media\/2655"}],"wp:attachment":[{"href":"https:\/\/espai-marx.net\/index.php?rest_route=%2Fwp%2Fv2%2Fmedia&parent=2654"}],"wp:term":[{"taxonomy":"category","embeddable":true,"href":"https:\/\/espai-marx.net\/index.php?rest_route=%2Fwp%2Fv2%2Fcategories&post=2654"},{"taxonomy":"post_tag","embeddable":true,"href":"https:\/\/espai-marx.net\/index.php?rest_route=%2Fwp%2Fv2%2Ftags&post=2654"}],"curies":[{"name":"wp","href":"https:\/\/api.w.org\/{rel}","templated":true}]}}