{"id":2682,"date":"2014-05-30T00:00:00","date_gmt":"2014-05-30T00:00:00","guid":{"rendered":"https:\/\/espai-marx.net\/?p=2682"},"modified":"2019-01-21T18:59:17","modified_gmt":"2019-01-21T18:59:17","slug":"cal-trencar-amb-l-euro","status":"publish","type":"post","link":"https:\/\/espai-marx.net\/?p=2682","title":{"rendered":"Cal trencar amb l&#8217;euro"},"content":{"rendered":"<p>    <P ALIGN=RIGHT STYLE='margin-top: 0.21cm; margin-bottom: 0cm; line-height: 150%'> <I>&#8230;que no sigui decebuda la nostra esperan&ccedil;a<\/I><\/P> <P ALIGN=RIGHT STYLE='margin-top: 0.21cm; margin-bottom: 0cm; line-height: 150%'> <I>que no sigui escarnida la nostra confian&ccedil;a:<\/I><\/P> <P ALIGN=RIGHT STYLE='margin-top: 0.21cm; margin-bottom: 0cm; line-height: 150%'> <I>aix&iacute; molt humilment ho demanem.<\/I><\/P> <P ALIGN=RIGHT STYLE='margin-top: 0.21cm; margin-bottom: 0cm; line-height: 150%'> Salvador Espriu (1)<\/P> <P ALIGN=JUSTIFY STYLE='margin-top: 0.64cm; margin-bottom: 0cm; line-height: 150%'> La clau de volta del consens que presid&iacute; la transici&oacute; de la dictadura franquista al r&egrave;gim borb&ograve;nic constitucional actual era que l&rsquo;ingr&eacute;s d&rsquo;Espanya al Mercat Com&uacute; produiria ingents beneficis econ&ograve;mics, socials, culturals i, &agrave;dhuc, civilitzatoris. Espriu recollia l&rsquo;aire del temps quan deia all&ograve; de: &ldquo;&#8230; com m&rsquo;agradaria d&rsquo;allunyar-me&rsquo;n nord enll&agrave; on diuen que la gent &eacute;s neta i noble, culta, rica, lliure, desvetllada i feli&ccedil;&rdquo;(2)<\/P> <P ALIGN=JUSTIFY STYLE='margin-top: 0.64cm; margin-bottom: 0cm; line-height: 150%'> La llarga perman&egrave;ncia d&rsquo;aquesta cultura acomplexada davant el nord <I>net, noble, culte, ric, lliure, desvetllat i feli&ccedil;<\/I>, ens va jugar una molt mala jugada quan es va negociar el Tractat d&rsquo;Adhesi&oacute; d&rsquo;Espanya a la CEE. A partir de l&rsquo;1 de gener de 1986, el nostre teixit productiu va partir una <I>re-estructuraci&oacute;<\/I> de cavall. Les seves conseq&uuml;&egrave;ncies es van dissimular sota una pluja dels Fons de Cohesi&oacute; que serviren per a mitigar els s&iacute;mptomes de la malaltia que ensensorrava en la perif&egrave;ria i en la depend&egrave;ncia. Ning&uacute; no podia criticar les condicions de l&rsquo;adhesi&oacute; si no volia ser titllat de franquista o de partidari de l&rsquo;autarquia. No es podia dir que l&rsquo;emperador anava despullat sota pena d&rsquo;excomuni&oacute;.<\/P> <P ALIGN=JUSTIFY STYLE='margin-top: 0.64cm; margin-bottom: 0cm; line-height: 150%'> Aquest complex d&rsquo;inferioritat davant els pa&iuml;sos-centre de la UE, aquest europeisme de pa sucat amb oli segueix jugant-nos ben males passades. La comuni&oacute; consensual del conjunt de les forces pol&iacute;tiques ( inclosa la majoria de l&rsquo;esquerra &ldquo;radical&rdquo;) amb els dogmes de l&rsquo;ordoliberalisme alemany est&agrave; duent al pa&iacute;s a l&rsquo;esquizofr&egrave;nia. Discutim de sobirania sense parlar de la sobirania econ&ograve;mica: es a dir, de sobirania monet&agrave;ria, sobre el deute, sobre el model de desenvolupament i sobre el lloc del pa&iacute;s en la divisi&oacute; internacional del treball.<\/P> <P ALIGN=JUSTIFY STYLE='margin-top: 0.64cm; margin-bottom: 0cm; line-height: 150%'> L&rsquo;euro es una trampa pels pobles de Europa. Es va seduir als pobles de la zona euro amb el miratge de que la seva implantaci&oacute; seria el primer pas per construir un estat del benestar europeu. Es prometia que despr&eacute;s del sacrifici de la seva implantaci&oacute; en termes de canvis i augments de preus generalitzats, vindrien les millores socials.<\/P> <P ALIGN=JUSTIFY STYLE='margin-top: 0.64cm; margin-bottom: 0cm; line-height: 150%'> Per&ograve; una moneda no es ni mai no ser&agrave; el motor de un canvi econ&ograve;mic i social. Sols &eacute;s la pe&ccedil;a final que hauria d&rsquo;haver culminat un treball previ d&#8217;harmonitzaci&oacute; social, laboral, pol&iacute;tica i econ&ograve;mica. Implantar una moneda &uacute;nica sostraient el seu control a la sobirania popular i atorgant-la a un banc privat (com &eacute;s el BCE), ha servit per a desmuntar les conquestes socials dels estats europeus, i a m&eacute;s per a impedir la construcci&oacute; de una unitat econ&ograve;mica i pol&iacute;tica. Amb el sistema monetari actual, Europa es veu abocada a una polaritzaci&oacute; econ&ograve;mica, territorial i social creixent. Les grans empreses poden for&ccedil;ar reduccions de salaris, drets socials i d&#8217;impostos sobre el seus beneficis. Les difer&egrave;ncies centre-perif&egrave;ria son i seguiran creixent cada dia. El sistema euro no &eacute;s reformable: cal sortir d&rsquo;aquest dogal que ens ofega social i nacionalment.<\/P> <P ALIGN=JUSTIFY STYLE='margin-top: 0.64cm; margin-bottom: 0cm; line-height: 150%'> Per a aconseguir la democr&agrave;cia econ&ograve;mica i social, per a aconseguir la sobirania, caldr&agrave; establir aliances entre els pobles d&#8217;Europa, caldr&agrave; federar i confederar lluites i resist&egrave;ncies. Caldr&agrave; construir nous vincles comercials, econ&ograve;mics i pol&iacute;tics entre els pobles perif&egrave;rics que ens permetin emancipar-nos del bloc de poder constru&iuml;t a l&rsquo;entorn de la gran industria i finances de Alemanya i dels seus pa&iuml;sos sat&egrave;l&middot;lits.<\/P> <P ALIGN=JUSTIFY STYLE='margin-top: 0.64cm; margin-bottom: 0cm; line-height: 150%'> Per&ograve; la construcci&oacute; de l&rsquo;alternativa haur&agrave; de partir de la realitat de cada poble. La sortida del nostre pa&iacute;s de l&rsquo;euro, pot &eacute;sser l&rsquo;inici del trencament de la cadena imperialista europea. Les cadenes nom&eacute;s es trenquen per la seva baula m&eacute;s feble. La ruptura amb el sistema de l&rsquo;euro partir&agrave;, sens dubte, dels pa&iuml;sos perif&egrave;rics. El seg&uuml;ent pas haur&agrave; de ser la solidaritatentre pobles i la construcci&oacute; d&rsquo;espais de cooperaci&oacute;. El passat 9, 10 i 11 de maig es varen realitzar a Val&egrave;ncia unes Jornades sota el t&iacute;tol <I>Recuperem la sobirania, sortim del euro<\/I>, organitzades pel Front C&iacute;vic. En elles es varen detallar quins serien els elements t&egrave;cnics i pol&iacute;tics que permetrien el trencament ordenat de l&rsquo;euro i llurs conseq&uuml;&egrave;ncies immediates i a mig termini. La conclusi&oacute; de la majoria de les contribucions al debat, fou que la sortida del euro, trencant amb el deute il&middot;leg&iacute;tim, no nom&eacute;s es una via factible, sin&oacute; la &uacute;nica que pot donar perspectives de canvi i de millora al nostre poble.<\/P> <P ALIGN=JUSTIFY STYLE='margin-top: 0.64cm; margin-bottom: 0cm; line-height: 150%'><A NAME='_GoBack'><\/A> En aquest sentit, a Catalunya hem posat en marxa la Plataforma <I>Emancipem-nos del euro (3)<\/I>, en que conflu&iuml;m diverses persones i pretenem animar una campanya d&rsquo;esclariment i de recerca comuna per a trobar la sortida de la dictadura monet&agrave;ria en que estem empresonats.<\/P> <P ALIGN=JUSTIFY STYLE='margin-top: 0.64cm; margin-bottom: 0cm; line-height: 150%'> <B>Notes:<\/B><\/P> <P ALIGN=JUSTIFY STYLE='margin-top: 0.14cm; margin-bottom: 0cm; line-height: 150%'> Salvador Espriu: <I>M&rsquo;han demanat que parli de la meva Europa<\/I>, 1959.<\/P> <P ALIGN=JUSTIFY STYLE='margin-top: 0.14cm; margin-bottom: 0cm; line-height: 150%'> Salvador Espriu: <I>Assaig de c&agrave;ntic al temple.<\/I><\/P> <P ALIGN=JUSTIFY STYLE='margin-top: 0.14cm; margin-bottom: 0cm; line-height: 150%'> <A HREF='https:\/\/espai-marx.net\/ca?id=8911#_ednref3' NAME='_edn3'>[3]<\/A> <A HREF='http:\/\/emancipemnosdeleuro.net\/'><U>http:\/\/emancipemnosdeleuro.net\/<\/U><\/A>  <\/P> <P ALIGN=JUSTIFY STYLE='margin-top: 0.64cm; margin-bottom: 0cm; line-height: 150%'> <BR> <\/P>  <\/p>\n","protected":false},"excerpt":{"rendered":"<p style='margin-bottom: 0cm; line-height: 0.66cm;' align='JUSTIFY'>La clau de volta del consens que presid\u00ed la transici\u00f3 de la dictadura franquista al r\u00e8gim borb\u00f2nic constitucional actual era que l\u2019ingr\u00e9s d\u2019Espanya al Mercat Com\u00fa produiria ingents beneficis econ\u00f2mics, socials, culturals i, \u00e0dhuc, civilitzatoris. Espriu recollia l\u2019aire del temps quan deia all\u00f2 de: \u201c&#8230; com m\u2019agradaria d\u2019allunyar-me\u2019n nord enll\u00e0 on diuen que la gent \u00e9s neta i noble, culta, rica, lliure, desvetllada i feli\u00e7\u201d? <\/p>\n","protected":false},"author":4,"featured_media":2683,"comment_status":"open","ping_status":"open","sticky":false,"template":"","format":"standard","meta":{"footnotes":""},"categories":[41,13],"tags":[],"class_list":["post-2682","post","type-post","status-publish","format-standard","has-post-thumbnail","hentry","category-europa","category-la-izquierda-a-debate"],"aioseo_notices":[],"_links":{"self":[{"href":"https:\/\/espai-marx.net\/index.php?rest_route=\/wp\/v2\/posts\/2682","targetHints":{"allow":["GET"]}}],"collection":[{"href":"https:\/\/espai-marx.net\/index.php?rest_route=\/wp\/v2\/posts"}],"about":[{"href":"https:\/\/espai-marx.net\/index.php?rest_route=\/wp\/v2\/types\/post"}],"author":[{"embeddable":true,"href":"https:\/\/espai-marx.net\/index.php?rest_route=\/wp\/v2\/users\/4"}],"replies":[{"embeddable":true,"href":"https:\/\/espai-marx.net\/index.php?rest_route=%2Fwp%2Fv2%2Fcomments&post=2682"}],"version-history":[{"count":0,"href":"https:\/\/espai-marx.net\/index.php?rest_route=\/wp\/v2\/posts\/2682\/revisions"}],"wp:featuredmedia":[{"embeddable":true,"href":"https:\/\/espai-marx.net\/index.php?rest_route=\/wp\/v2\/media\/2683"}],"wp:attachment":[{"href":"https:\/\/espai-marx.net\/index.php?rest_route=%2Fwp%2Fv2%2Fmedia&parent=2682"}],"wp:term":[{"taxonomy":"category","embeddable":true,"href":"https:\/\/espai-marx.net\/index.php?rest_route=%2Fwp%2Fv2%2Fcategories&post=2682"},{"taxonomy":"post_tag","embeddable":true,"href":"https:\/\/espai-marx.net\/index.php?rest_route=%2Fwp%2Fv2%2Ftags&post=2682"}],"curies":[{"name":"wp","href":"https:\/\/api.w.org\/{rel}","templated":true}]}}