{"id":2724,"date":"2014-07-07T00:00:00","date_gmt":"2014-07-07T00:00:00","guid":{"rendered":"https:\/\/espai-marx.net\/?p=2724"},"modified":"2020-02-18T08:26:19","modified_gmt":"2020-02-18T07:26:19","slug":"podemos-las-cloacas-del-estado-como-instrumento-central-de-la-restauracion-borbonica","status":"publish","type":"post","link":"https:\/\/espai-marx.net\/?p=2724","title":{"rendered":"Podemos: las \u2018cloacas\u2019 del Estado como instrumento central de la restauraci\u00f3n borb\u00f3nica"},"content":{"rendered":"<p>Se ve\u00eda venir, quiz\u00e1s, sorprende la rapidez y la ferocidad del ataque. Todo es bueno para denigrar y demonizar a <strong>Pablo Iglesias<\/strong>. El formato es muy conocido; como dicen en el Per\u00fa, es un psico-social, que conecta servicios de informaci\u00f3n, medios de comunicaci\u00f3n seleccionados y estructuras gubernamentales conocidas. La idea es simple y se repetir\u00e1, junto con otras que saldr\u00e1n muy pronto, una y mil veces: Pablo (Podemos) colabor\u00f3 y colabora con el entorno de ETA, luego es partidario de la violencia armada, consecuencia natural de su filiaci\u00f3n bolivariana-chavista.<\/p>\n<p>Para demonizar al personaje se genera odio y se espera que de \u00e9l surja la violencia reparadora y salv\u00edfica que a\u00edsle socialmente a las bases de Podemos. Atemorizar, asociar Podemos y violencia, denigrar a sus dirigentes, criminalizarlos desde los medios de comunicaci\u00f3n y convertir cada acto o presencia p\u00fablica de Pablo en l\u00edo, en tumulto y en desorden p\u00fablico. Lo dicho, crear un imaginario que engarce Podemos y violencia. El objetivo es claro: impedir que Podemos se convierta en alternativa de gobierno generando desconfianza y temor en los sectores m\u00e1s moderados de sus votantes, precisamente aquellos\u00a0 donde el movimiento de Pablo Iglesias, m\u00e1s afecta al electorado de las fuerzas bipartidistas.<\/p>\n<p>Nada es casual y se ha ensayado decenas de veces. Es una vieja p\u00e1gina, puesta al d\u00eda, del manual de estilo de La Escuela de las Am\u00e9ricas que los norteamericanos regentaban y donde se forman avezados torturadores y dem\u00e1s especialistas en contrainsurgencia. A lo que hay que a\u00f1adir los siempre bien engrasados mecanismos contra terroristas de los diversos servicios del Estado espa\u00f1ol y sus conexiones con los medios de desinformaci\u00f3n y calumnias varias.<\/p>\n<p>Ahora bien, hay que ir m\u00e1s lejos. El contexto es conocido y conviene subrayarlo: <a href=\"http:\/\/www.cuartopoder.es\/tribuna\/organizar-la-transicion-a-un-nuevo-regimen-monarquico-objetivo-de-la-gran-coalicion-pp-psoe\/5850\" target=\"_blank\" rel=\"noopener noreferrer\">crisis del R\u00e9gimen del 78 y proceso de transici\u00f3n hacia otra forma de gobierno<\/a>. Aparecen dos salidas: en\u00e9sima restauraci\u00f3n borb\u00f3nica o ruptura democr\u00e1tica. La restauraci\u00f3n implicar\u00e1 la institucionalizaci\u00f3n de una correlaci\u00f3n de fuerzas (un nuevo R\u00e9gimen) que consagre una democracia \u201climitada\u201d y \u201colig\u00e1rquica\u201d al servicio de los poderes econ\u00f3micos garantizada, en \u00faltimo t\u00e9rmino, por la Europa Alemana del euro. El dato de fondo, que se olvida con frecuencia, es que esta transici\u00f3n expresa un acuerdo b\u00e1sico entre las diversas burgues\u00edas del Estado espa\u00f1ol y los poderes fuertes de la Uni\u00f3n Europea para configurar un nuevo modelo de acumulaci\u00f3n capitalista que haga de Espa\u00f1a un pa\u00eds subalterno y dependiente del \u201cn\u00facleo\u201d rico y poderoso, sin derechos sociales, laborales y sindicales.<\/p>\n<p>La ruptura implica fortalecer al sujeto popular y convertirlo en poder constituyente. La clave es esta: que el soberano lo sea y que se abra un proceso donde la ciudadan\u00eda defina qu\u00e9 tipo de pa\u00eds quiere, sus fundamentos sociales y econ\u00f3micos, sus relaciones con la UE y con los pa\u00edses del Sur, el cat\u00e1logo de libertades y los mecanismos jur\u00eddico-pol\u00edticos que\u00a0 garanticen los derechos sociales. Una nueva constituci\u00f3n convertida en la \u201choja de ruta\u201d para la transformaci\u00f3n social, que genere una nueva unidad entre los diversos pueblos, desde el acuerdo voluntario, para construir una sociedad de hombres y mujeres libres e iguales, que subordine a los diversos poderes (econ\u00f3micos, medi\u00e1ticos, financieros) a la soberan\u00eda popular.<\/p>\n<p>Sin este enfrentamiento, sin esta lucha por y desde el poder no entenderemos lo que est\u00e1 pasando. La huida de Juan Carlos y la entronizaci\u00f3n de Felipe\u00a0 es una se\u00f1al clara de la crisis del R\u00e9gimen\u00a0 y que los que mandan se preparan para una nueva transici\u00f3n. Que aparezcan gentes como Felipe Gonz\u00e1lez, Cebri\u00e1n; fundaciones como FEDEA, FUCAS, FAES o el selecto mundo del Ibex35, cada vez m\u00e1s entrelazados con los grandes medios de comunicaci\u00f3n, dicen mucho del \u201cmomento\u201d pol\u00edtico que vivimos y del sesgo de clase que lo define.<\/p>\n<p>Si tuvi\u00e9ramos que se\u00f1alar el dato m\u00e1s significativo de nuestra realidad pol\u00edtico-social, dir\u00eda que es <strong>la enorme concentraci\u00f3n de renta, riqueza y poder en manos de una minor\u00eda<\/strong> que se sabe incompatible con los derechos b\u00e1sicos de las personas y que hace de la regresi\u00f3n social el fundamento de su estrategia pol\u00edtica. Cuando se escuchan las declaraciones de los grandes empresarios, de las diversas patronales y de los intelectuales org\u00e1nicos de los poderosos, no se puede dejar de pensar que estamos ante una <strong>sublevaci\u00f3n de la oligarqu\u00eda <\/strong>contra los derechos sociales, laborales y sindicales de los trabajadores. La mayor\u00edas sociales, los comunes y corrientes, las gentes, tienen demasiados derechos, las democracias demasiado poder y las personas demasiadas libertades. C\u00f3mo no ver el odio de una clase ante un orden, un desorden, que no reconoce jerarqu\u00eda sociales y que ha hecho a las personas de abajo sujetos de unos derechos que limitan su poder e influencia social. Ahora es el momento de la vuelta atr\u00e1s, al verdadero orden, que ponga a cada uno en su sitio y que ponga fin al poder de la chusma. La Restauraci\u00f3n, con may\u00fasculas, es sobre todo esto: regresi\u00f3n, involuci\u00f3n social y pol\u00edtica.<\/p>\n<p>Esta concentraci\u00f3n de poder est\u00e1 marcando decisivamente la fase pol\u00edtica. El Estado retorna en su centralidad: monopolio de la violencia leg\u00edtima y de la otra, de las otras, que \u00e9l organiza y dirige. Cuando la excepci\u00f3n es la regla, el Estado pierde autonom\u00eda relativa y se hacen m\u00e1s visibles sus conexiones con los poderes de hecho, con los que mandan realmente. Es tambi\u00e9n el momento del \u201cdoble Estado\u201d, del legal y del otro. La crisis del R\u00e9gimen tensiona la fuerza del Estado y tiende a centralizarlo y a desplegar todos sus poderes. El autoritarismo crece y las medidas legales represivas se refuerzan. El objetivo: limitar la fuerza de los movimientos sociales, impedir la movilizaci\u00f3n y la autoorganizaci\u00f3n ciudadana.<\/p>\n<p>El \u201cotro Estado\u201d siempre est\u00e1 ah\u00ed y se activa, a\u00fan m\u00e1s si cabe, cuando llegan las crisis. Su caracter\u00edstica es la carencia de reglas y normas. Es el reino del \u201cEstado de naturaleza\u201d, de la \u201cguerra de todos contra todos\u201d con la diferencia, sustancial, que este\u00a0 \u201cotro Estado\u201d tiene la cobertura, el apoyo y la legitimidad del Estado legalmente existente. Su presencia cada vez se nota y se notar\u00e1 m\u00e1s: se mezclan poderes legales, servicios de inteligencia e informaci\u00f3n, p\u00fablicos y privados, \u201cnacionales\u201d y \u201cextranjeros\u201d, medios de comunicaci\u00f3n y los m\u00faltiples mecanismos \u201cdel complejo corporativo-estatal-medi\u00e1tico\u201d. No es ninguna casualidad que este proceso de centralizaci\u00f3n y concentraci\u00f3n del poder\u00a0 se d\u00e9 con mucha fuerza en los llamados medios de comunicaci\u00f3n y espec\u00edficamente en las televisiones.<\/p>\n<p>El brutal ataque a Pablo Iglesias hay que verlo\u00a0 en este contexto. Los poderes no escatimar\u00e1n medios para conseguir sus objetivos; nada los frenar\u00e1 y usar\u00e1n todas las armas disponibles para imponer una Restauraci\u00f3n que signifique regresi\u00f3n social, involuci\u00f3n democr\u00e1tica e incremento sustancial de las desigualdades econ\u00f3micas, sociales y de poder en la sociedad. No nos podemos permitir el lujo de la inocencia.<\/p>\n<p>Manolo Monereo. Es Polit\u00f3logo y miembro del Consejo Pol\u00edtico Federal de IU. Su \u00faltimo libro publicado, junto con Enric Llopis, es <a href=\"http:\/\/www.elviejotopo.com\/web\/libros_detalle.php?idLibro=341\" target=\"_blank\" rel=\"noopener noreferrer\"><strong>Por Europa y contra el sistema euro<\/strong><\/a> (El Viejo Topo, 2014).<\/p>\n<p><strong>Fuente:<\/strong> <a href=\"http:\/\/www.cuartopoder.es\/tribuna\/podemos-las-cloacas-del-estado-como-instrumento-central-de-la-restauracion-borbonica\/6060\">http:\/\/www.cuartopoder.es\/tribuna\/podemos-las-cloacas-del-estado-como-instrumento-central-de-la-restauracion-borbonica\/6060<\/a><\/p>\n","protected":false},"excerpt":{"rendered":"<p style='margin-top: 18.0pt; margin-right: 0cm; margin-bottom: .0001pt; margin-left: 0cm; text-align: justify; line-height: 150%; vertical-align: baseline;'>Se ve\u00eda venir, quiz\u00e1s, sorprende la rapidez y la ferocidad del ataque. Todo es bueno para denigrar y demonizar a Pablo Iglesias. El formato es muy conocido; como dicen en el Per\u00fa, es un psico-social, que conecta servicios de informaci\u00f3n, medios de comunicaci\u00f3n seleccionados y estructuras gubernamentales conocidas. Nada es casual, se ha ensayado decenas de veces. Es una vieja p\u00e1gina, puesta al d\u00eda, del manual de estilo de La Escuela de las Am\u00e9ricas que los norteamericanos regentaban y donde se forman avezados torturadores y dem\u00e1s especialistas en contrainsurgencia.<\/p>\n","protected":false},"author":4,"featured_media":2725,"comment_status":"open","ping_status":"open","sticky":false,"template":"","format":"standard","meta":{"footnotes":""},"categories":[13],"tags":[],"class_list":["post-2724","post","type-post","status-publish","format-standard","has-post-thumbnail","hentry","category-la-izquierda-a-debate"],"aioseo_notices":[],"_links":{"self":[{"href":"https:\/\/espai-marx.net\/index.php?rest_route=\/wp\/v2\/posts\/2724","targetHints":{"allow":["GET"]}}],"collection":[{"href":"https:\/\/espai-marx.net\/index.php?rest_route=\/wp\/v2\/posts"}],"about":[{"href":"https:\/\/espai-marx.net\/index.php?rest_route=\/wp\/v2\/types\/post"}],"author":[{"embeddable":true,"href":"https:\/\/espai-marx.net\/index.php?rest_route=\/wp\/v2\/users\/4"}],"replies":[{"embeddable":true,"href":"https:\/\/espai-marx.net\/index.php?rest_route=%2Fwp%2Fv2%2Fcomments&post=2724"}],"version-history":[{"count":0,"href":"https:\/\/espai-marx.net\/index.php?rest_route=\/wp\/v2\/posts\/2724\/revisions"}],"wp:featuredmedia":[{"embeddable":true,"href":"https:\/\/espai-marx.net\/index.php?rest_route=\/wp\/v2\/media\/2725"}],"wp:attachment":[{"href":"https:\/\/espai-marx.net\/index.php?rest_route=%2Fwp%2Fv2%2Fmedia&parent=2724"}],"wp:term":[{"taxonomy":"category","embeddable":true,"href":"https:\/\/espai-marx.net\/index.php?rest_route=%2Fwp%2Fv2%2Fcategories&post=2724"},{"taxonomy":"post_tag","embeddable":true,"href":"https:\/\/espai-marx.net\/index.php?rest_route=%2Fwp%2Fv2%2Ftags&post=2724"}],"curies":[{"name":"wp","href":"https:\/\/api.w.org\/{rel}","templated":true}]}}