{"id":273,"date":"2006-04-10T00:00:00","date_gmt":"2006-04-10T00:00:00","guid":{"rendered":"https:\/\/espai-marx.net\/?p=273"},"modified":"2019-01-21T18:58:48","modified_gmt":"2019-01-21T18:58:48","slug":"brasil-esta-en-una-encrucijada","status":"publish","type":"post","link":"https:\/\/espai-marx.net\/?p=273","title":{"rendered":"Brasil est\u00e1 en una encrucijada"},"content":{"rendered":"\n<p>* Dirigente del MST y V\u00eda Campesina<\/p>\n<p>Vivimos en un territorio rico, con una capacidad de producci\u00f3n de riquezas impresionante, pero con reglas que producen una sociedad desigual, injusta, perversa.<\/p>\n<p>El Brasil es la sociedad m\u00e1s desigual del planeta, donde existe m\u00e1s distancia entre ricos y pobres. \u00bfPero por qu\u00e9 ocurre eso? La vieja broma contada es de que Dios, al hacer nuestro planeta, nos dio todo de bueno, de recursos naturales y de generosidad popular. Pero, en compensaci\u00f3n, nos dio una plaga de d\u00e9cadas y d\u00e9cadas de pol\u00edticos, o sea, personas responsables por la cosa p\u00fablica, corruptos e irresponsables.<\/p>\n<p>Broma aparte. Nuestra sociedad padece problemas con or\u00edgenes hist\u00f3ricos que vienen de la \u00e9poca del colonialismo y de la esclavitud. Otros problemas tienen sus or\u00edgenes en los modelos econ\u00f3micos adoptados en el siglo XX, que culminaron con los 12 a\u00f1os de neoliberalismo de los gobiernos de Collor-FHC (Fernando Henrique Cardoso).<\/p>\n<p>Pues bien, en las elecciones de octubre, el pueblo brasilero dijo no al neoliberalismo y vot\u00f3 por cambios. Vot\u00f3 bien. Pero vot\u00f3 por cambiar el modelo neoliberal, sin saber qu\u00e9 otro modelo adoptar. \u00bfPor qu\u00e9 hizo esto? Porque infelizmente el marqueting televisivo electoral sustituy\u00f3 al debate de ideas. Empobreci\u00f3, pol\u00edtica y culturalmente, a nuestro pueblo.<\/p>\n<p>Y ahora, incluso con Lula en el plan alto, la sociedad contin\u00faa en la misma encrucijada. Hay una disputa permanente en el gobierno, en la sociedad, y en los medios de comunicaci\u00f3n sobre cual camino ha seguir de aqu\u00ed para adelante. Un sector de las \u00e9lites y que est\u00e1 tambi\u00e9n en el gobierno quiere mantener el neoliberalismo, la libertad total al capital internacional. Y con eso quiere adherirse al ALCA, al FMI, al Banco Mundial, y la OMC. Como si este camino fuese la soluci\u00f3n para nuestros problemas.<\/p>\n<p>Otro sector sabe que el neoliberalismo solo agrava los problemas, entonces quiere reciclarlo. O sea, peque\u00f1os cambios para no agravar la crisis. Mueve un poco los intereses, un poco el presupuesto, un poco en la Previdencia (sistema de seguridad social), un poco en los impuestos, pero en la esencia contin\u00faa todo igual: el desempleo va a aumentar, y la concentraci\u00f3n de tierras, de riqueza y de ingresos van a continuar. <\/p>\n<p>Hay otro sector, el de los movimientos sociales, de los partidos progresistas, de los pol\u00edticos responsables, de las iglesias, que creemos que es preciso un nuevo modelo econ\u00f3mico, un proyecto popular. Un modelo que reorganice nuestra producci\u00f3n teniendo como prioridad la atenci\u00f3n de las necesidades del pueblo y la generaci\u00f3n de empleo. Un modelo que cree mercado interno con distribuci\u00f3n de ingreso. Para que los m\u00e1s pobres se transformen en ciudadanos plenos. Con derecho a trabajar, a tener tierra, vivienda, educaci\u00f3n y cultura. Y no solo el falso derecho de votar. <\/p>\n<p>Esa es la encrucijada, entre esos tres caminos \u00bfCu\u00e1ndo vamos a decidir sobre ellos? Ciertamente va a demorarse algunos a\u00f1os. \u00bfQui\u00e9n va a decidir sobre ellos? Ciertamente no ser\u00e1 el gobierno, pues el gobierno tambi\u00e9n est\u00e1 dividido. Solo hay una fuerza posible de realmente flexionar al pa\u00eds en direcci\u00f3n a un rumbo de cambios, si el pueblo se organiza, se moviliza y lucha. <\/p>\n<p>Es por eso que nosotros, del MST y de la V\u00eda Campesina, estamos convocando a todas las formas de organizaci\u00f3n social de nuestro pueblo, sea de iglesias, movimientos, acciones de ciudadan\u00eda, sindicatos, etc&#8230; Para que nos juntemos, para concientizar a nuestro pueblo, en primer lugar; y despu\u00e9s movilizar a la sociedad. Debemos, por lo tanto, comenzar por movilizarnos, por el derecho republicano al empleo, al trabajo. Un sujeto que no tiene derecho a trabajar no es ciudadano. Esa es la misi\u00f3n de la coordinaci\u00f3n de los movimientos sociales, que estamos construyendo en todos los estados.<\/p>\n<p>Larga vida al Correio do Brasil !!! Para que nos ayude a concientizar al pueblo y a elegir el mejor camino.<\/p>\n<p>  \u00a9EspaiMarx 2003<\/p>\n","protected":false},"excerpt":{"rendered":"<p>* Dirigente del MST y V\u00eda Campesina<\/p>\n<p>Vivimos en un territorio rico, con una capacidad de producci\u00f3n de riquezas impresionante, pero con reglas que producen una sociedad desigual, injusta, perversa.<\/p>\n<p>El Brasil es la sociedad m\u00e1s desigual del planeta, donde existe m\u00e1s distancia entre ricos y pobres. \u00bfPero por qu\u00e9 ocurre eso? La vieja broma contada es de que Dios, al hacer nuestro planeta, nos dio todo de bueno, de recursos naturales y de generosidad popular. Pero, en compensaci\u00f3n, nos dio una plaga de d\u00e9cadas y d\u00e9cadas de pol\u00edticos, o sea, personas responsables por la cosa p\u00fablica, corruptos e irresponsables.<\/p>\n<p>Broma aparte. Nuestra sociedad padece problemas con or\u00edgenes hist\u00f3ricos que vienen de la \u00e9poca del colonialismo y de la esclavitud. Otros problemas tienen sus or\u00edgenes en los modelos econ\u00f3micos adoptados en el siglo XX, que culminaron con los 12 a\u00f1os de neoliberalismo de los gobiernos de Collor-FHC (Fernando Henrique Cardoso).<\/p>\n<p>Pues bien, en las elecciones de octubre, el pueblo brasilero dijo no al neoliberalismo y vot\u00f3 por cambios. Vot\u00f3 bien. Pero vot\u00f3 por cambiar el modelo neoliberal, sin saber qu\u00e9 otro modelo adoptar. \u00bfPor qu\u00e9 hizo esto? Porque infelizmente el marqueting televisivo electoral sustituy\u00f3 al debate de ideas. Empobreci\u00f3, pol\u00edtica y culturalmente, a nuestro pueblo.<\/p>\n<p>Y ahora, incluso con Lula en el plan alto, la sociedad contin\u00faa en la misma encrucijada. Hay una disputa permanente en el gobierno, en la sociedad, y en los medios de comunicaci\u00f3n sobre cual camino ha seguir de aqu\u00ed para adelante. Un sector de las \u00e9lites y que est\u00e1 tambi\u00e9n en el gobierno quiere mantener el neoliberalismo, la libertad total al capital internacional. Y con eso quiere adherirse al ALCA, al FMI, al Banco Mundial, y la OMC. Como si este camino fuese la soluci\u00f3n para nuestros problemas.<\/p>\n","protected":false},"author":4,"featured_media":0,"comment_status":"open","ping_status":"open","sticky":false,"template":"","format":"standard","meta":{"footnotes":""},"categories":[32],"tags":[],"class_list":["post-273","post","type-post","status-publish","format-standard","hentry","category-america-latina"],"aioseo_notices":[],"_links":{"self":[{"href":"https:\/\/espai-marx.net\/index.php?rest_route=\/wp\/v2\/posts\/273","targetHints":{"allow":["GET"]}}],"collection":[{"href":"https:\/\/espai-marx.net\/index.php?rest_route=\/wp\/v2\/posts"}],"about":[{"href":"https:\/\/espai-marx.net\/index.php?rest_route=\/wp\/v2\/types\/post"}],"author":[{"embeddable":true,"href":"https:\/\/espai-marx.net\/index.php?rest_route=\/wp\/v2\/users\/4"}],"replies":[{"embeddable":true,"href":"https:\/\/espai-marx.net\/index.php?rest_route=%2Fwp%2Fv2%2Fcomments&post=273"}],"version-history":[{"count":0,"href":"https:\/\/espai-marx.net\/index.php?rest_route=\/wp\/v2\/posts\/273\/revisions"}],"wp:attachment":[{"href":"https:\/\/espai-marx.net\/index.php?rest_route=%2Fwp%2Fv2%2Fmedia&parent=273"}],"wp:term":[{"taxonomy":"category","embeddable":true,"href":"https:\/\/espai-marx.net\/index.php?rest_route=%2Fwp%2Fv2%2Fcategories&post=273"},{"taxonomy":"post_tag","embeddable":true,"href":"https:\/\/espai-marx.net\/index.php?rest_route=%2Fwp%2Fv2%2Ftags&post=273"}],"curies":[{"name":"wp","href":"https:\/\/api.w.org\/{rel}","templated":true}]}}