{"id":2743,"date":"2014-08-19T00:00:00","date_gmt":"2014-08-19T00:00:00","guid":{"rendered":"https:\/\/espai-marx.net\/?p=2743"},"modified":"2019-01-21T18:59:18","modified_gmt":"2019-01-21T18:59:18","slug":"la-ultima-victima-mortal-del-franquismo","status":"publish","type":"post","link":"https:\/\/espai-marx.net\/?p=2743","title":{"rendered":"LA \u00daLTIMA V\u00cdCTIMA MORTAL DEL FRANQUISMO"},"content":{"rendered":"\n<p>LA <\/p>\n","protected":false},"excerpt":{"rendered":"<p>   A la luz de las fuentes disponibles y de las vivencias particulares, sostengo que esta muerte, por la manera en que se llev\u00f3 a cabo y por el modo en que intent\u00f3 desfigurarse, entra\u00f1\u00f3 una de las m\u00faltiples tropel\u00edas del tardofranquismo en el Estado espa\u00f1ol. Su \u00faltima v\u00edctima mortal en Gran Canaria tiene nombres y apellidos. Que conste en acta y que jam\u00e1s se olvide.<\/p>\n","protected":false},"author":4,"featured_media":2744,"comment_status":"open","ping_status":"open","sticky":false,"template":"","format":"standard","meta":{"footnotes":""},"categories":[14],"tags":[],"class_list":["post-2743","post","type-post","status-publish","format-standard","has-post-thumbnail","hentry","category-democracia-republica"],"aioseo_notices":[],"_links":{"self":[{"href":"https:\/\/espai-marx.net\/index.php?rest_route=\/wp\/v2\/posts\/2743","targetHints":{"allow":["GET"]}}],"collection":[{"href":"https:\/\/espai-marx.net\/index.php?rest_route=\/wp\/v2\/posts"}],"about":[{"href":"https:\/\/espai-marx.net\/index.php?rest_route=\/wp\/v2\/types\/post"}],"author":[{"embeddable":true,"href":"https:\/\/espai-marx.net\/index.php?rest_route=\/wp\/v2\/users\/4"}],"replies":[{"embeddable":true,"href":"https:\/\/espai-marx.net\/index.php?rest_route=%2Fwp%2Fv2%2Fcomments&post=2743"}],"version-history":[{"count":0,"href":"https:\/\/espai-marx.net\/index.php?rest_route=\/wp\/v2\/posts\/2743\/revisions"}],"wp:featuredmedia":[{"embeddable":true,"href":"https:\/\/espai-marx.net\/index.php?rest_route=\/wp\/v2\/media\/2744"}],"wp:attachment":[{"href":"https:\/\/espai-marx.net\/index.php?rest_route=%2Fwp%2Fv2%2Fmedia&parent=2743"}],"wp:term":[{"taxonomy":"category","embeddable":true,"href":"https:\/\/espai-marx.net\/index.php?rest_route=%2Fwp%2Fv2%2Fcategories&post=2743"},{"taxonomy":"post_tag","embeddable":true,"href":"https:\/\/espai-marx.net\/index.php?rest_route=%2Fwp%2Fv2%2Ftags&post=2743"}],"curies":[{"name":"wp","href":"https:\/\/api.w.org\/{rel}","templated":true}]}}