{"id":276,"date":"2006-04-10T00:00:00","date_gmt":"2006-04-10T00:00:00","guid":{"rendered":"https:\/\/espai-marx.net\/?p=276"},"modified":"2020-02-14T12:20:45","modified_gmt":"2020-02-14T11:20:45","slug":"conferencia-nacional-em-defesa-do-emprego-dos-direitos-da-terra-e-do-parque-fabril-brasileiro","status":"publish","type":"post","link":"https:\/\/espai-marx.net\/?p=276","title":{"rendered":"Confer\u00eancia Nacional em Defesa do Emprego, dos Direitos, da Terra e do Parque Fabril Brasileiro"},"content":{"rendered":"<p>SC &#8211; Joinville, 3,4 e 5 de 0utubro de 2003<\/p>\n<p>Companheiros e companheiras,<\/p>\n<p>A seguir voc\u00eas encontrar\u00e3o as principais resolu\u00e7\u00f5es da Confer\u00eancia. Seus<br \/>\nresultados um passo e um ponto de apoio para a classe trabalhadora<br \/>\nbrasileira em sua resist\u00eancia contra as demiss\u00f5es, contra o desemprego, a<br \/>\nluta pela terra, contra o fechamento das f\u00e1bricas, enfim, a luta da classe<br \/>\ntrabalhadora pela sobreviv\u00eancia.<\/p>\n<p>Com a presen\u00e7a de 2.000 participantes no Ato de abertura, na Sexta-feira, e<br \/>\n531 delegados inscritos, de sete estados, durante tr\u00eas dias uma profunda e<br \/>\nfraterna discuss\u00e3o foi realizada. Trabalhamos para encontrar os pontos de<br \/>\nunidade e de a\u00e7\u00e3o para barrar a ofensiva dos capitalistas e os governos<br \/>\ncontra os direitos e conquistas sociais, democr\u00e1ticas e nacionais.<\/p>\n<p>A representatividade do Ato de Abertura e das delega\u00e7\u00f5es era atestada pela<br \/>\nmesa de abertura composta pelas organiza\u00e7\u00f5es que convocaram a Confer\u00eancia<br \/>\n(os tr\u00eas Conselhos de F\u00e1brica, a CUT\/SC, o MST, o Centro de Direitos Humanos<br \/>\nde Joinville &#8211; CDH\/JO), al\u00e9m de representante da CUT Nacional, da Dire\u00e7\u00e3o<br \/>\nNacional do MST, do Movimento Nacional de Direitos Humanos, do Governo<br \/>\nFederal e Minist\u00e9rio do Trabalho, de representante do presidente da Camara<br \/>\nde Deputados, do governo do Estado de SC, da Prefeitura e da C\u00e2mara de<br \/>\nVereadores de Joinville, do Sindicato dos Qu\u00edmicos de Campinas (regi\u00e3o da<br \/>\nFlasko) al\u00e9m da CUT de Pernambuco e vereadores do PT e PC do B. In\u00fameras<br \/>\nsauda\u00e7\u00f5es foram recebidas de sindicatos e trabalhadores de diversos estados,<br \/>\nde Ju\u00edzes do Trabalho e de entidades democr\u00e1ticas. Al\u00e9m de uma sauda\u00e7\u00e3o do<br \/>\nAcordo Internacional dos Trabalhadores e dos Povos, enviada da Fran\u00e7a, e uma<br \/>\nde sindicalistas dos Estados Unidos. Um representante do Diret\u00f3rio Nacional<br \/>\ndo PT trouxe uma sauda\u00e7\u00e3o de Jos\u00e9 Geno\u00edno, presidente nacional do PT.<\/p>\n<p>Ap\u00f3s tr\u00eas dias de intenso debate os delegados adotaram, por unanimidade, as<br \/>\nprincipais resolu\u00e7\u00f5es da Confer\u00eancia:<\/p>\n<p>&#8211; A aprova\u00e7\u00e3o de uma Carta aos Trabalhadores do Brasil.<\/p>\n<p>&#8211; A decis\u00e3o de reproduzir 1 milh\u00e3o de c\u00f3pias desta Carta, para que os<br \/>\ntrabalhadores de todo o pa\u00eds conhe\u00e7am a nossa luta contra o desemprego na<br \/>\ncidade e no campo e a desindustrializa\u00e7\u00e3o do Brasil.<\/p>\n<p>&#8211; Organizar, em novembro de 2003, uma delega\u00e7\u00e3o nacional de sindicalistas<br \/>\npara junto com os tr\u00eas Conselhos de F\u00e1brica, ir a Bras\u00edlia exigir do<br \/>\npresidente Lula a estatiza\u00e7\u00e3o da Cipla, Interfibra e Flasko.<\/p>\n<p>&#8211; Iniciar articula\u00e7\u00f5es com as organiza\u00e7\u00f5es do povo trabalhador para a<br \/>\nrealiza\u00e7\u00e3o, no in\u00edcio de 2004, de uma Marcha Nacional \u00e0 Bras\u00edlia em Defesa<br \/>\ndo Parque Fabril, do Emprego e da Reforma Agr\u00e1ria.<\/p>\n<p>&#8211; Constituir um Comit\u00ea Nacional de Continuidade da Confer\u00eancia para<br \/>\nencaminhar suas decis\u00f5es.<\/p>\n<p>Al\u00e9m destas importantes decis\u00f5es, outras foram registradas nos Grupos de<br \/>\nTrabalho e est\u00e3o sintetizadas ao final deste documento. Importante ressaltar<br \/>\nque a Confer\u00eancia foi inteiramente auto-financiada por arrecada\u00e7\u00e3o<br \/>\norganizada pelo Comit\u00ea Preparat\u00f3rio garantindo assim sua total independ\u00eancia<br \/>\nfinanceira e pol\u00edtica.<\/p>\n<p>Por decis\u00e3o da Confer\u00eancia, o Comit\u00ea Nacional constituiu uma secretaria,<br \/>\nsediada em Joinville, sob responsabilidade de Serge Goulart, do Conselho de<br \/>\nF\u00e1brica da Cipla e Interfibra, com objetivo de coordenar e impulsionar as<br \/>\ndecis\u00f5es da Confer\u00eancia e do Comit\u00ea Nacional, assim como ajudar<br \/>\nconcretamente a luta dos trabalhadores em outras f\u00e1bricas e empresas que<br \/>\npretendam demitir ou estejam amea\u00e7adas de quebra.<\/p>\n<p>Esperamos que estas resolu\u00e7\u00f5es sejam um refor\u00e7o em nossa luta comum contra o caos social organizado pelo regime corrompido da propriedade privada dos grandes meios de produ\u00e7\u00e3o, que em sua decomposi\u00e7\u00e3o, alimentada e comandada pelo capital financeiro e pelas multinacionais, s\u00f3 traz guerras e<br \/>\ndestrui\u00e7\u00e3o. A classe trabalhadora saber\u00e1 realizar sua unidade e defender<br \/>\nsuas conquistas e seu futuro.<\/p>\n<p>Sauda\u00e7\u00f5es fraternais,<\/p>\n<p>Serge Goulart,<br \/>\nCoordenador do Comit\u00ea Nacional de Continuidade da Confer\u00eancia em Defesa do<br \/>\nEmprego, dos Direitos, da Terra e do Parque Fabril Brasileiro<\/p>\n<p>Aos Trabalhadores do Brasil<\/p>\n<p>CARTA DA CONFER\u00caNCIA NACIONAL EM DEFESA DO EMPREGO,<br \/>\nDOS DIREITOS, DA TERRA E DO PARQUE FABRIL<\/p>\n<p>Em Joinville, SC, nos dias 3, 4 e 5 de outubro de 2003, reuniram-se 531<br \/>\nrepresentantes de trabalhadores da cidade e do campo, de sindicatos de<br \/>\ndiversos setores , de organiza\u00e7\u00f5es populares, de direitos humanos e de<br \/>\njuventude, discutimos a terr\u00edvel situa\u00e7\u00e3o do desemprego e do fechamento de<br \/>\nf\u00e1bricas, ferrovias e outras empresas, a que nossa classe est\u00e1 submetida<br \/>\nhoje em todo o pa\u00eds. Constatamos que os acontecimentos que levaram a tomada da Cipla, da Interfibra e da Flasko para salvar os 1.070 empregos e a luta pela sua estatiza\u00e7\u00e3o, est\u00e3o se generalizando em todo o pa\u00eds.<\/p>\n<p>Os trabalhadores n\u00e3o s\u00e3o respons\u00e1veis pela dram\u00e1tica situa\u00e7\u00e3o nacional fruto<br \/>\nde uma pol\u00edtica econ\u00f4mica e social sempre ditada pelo especuladores<br \/>\nfinanceiros e pelas multinacionais. A responsabilidade pela crise, pelo<br \/>\ndesemprego, pela mis\u00e9ria, \u00e9 dos governos e dos capitalistas. Eles n\u00e3o se<br \/>\ncansam de tirar o suor e o sangue dos trabalhadores e quando vem a crise,<br \/>\nque eles mesmo causaram, n\u00e3o mais recolhem os impostos, nem os direitos<br \/>\ntrabalhistas ou previdenci\u00e1rios, demitem os trabalhadores e por fim quebram<br \/>\nfraudulentamente ou fecham as empresas deixando os trabalhadores sem nada.<\/p>\n<p>Privatizaram as ferrovias, ampliando a crise de transporte. As operadoras<br \/>\nprivadas receberam todas as facilidades mas n\u00e3o cumpriram nenhum dos<br \/>\ncompromissos assumidos. Demitiram aos milhares, liquidaram o transporte de<br \/>\npassageiros e sucatearam as ferrovias. Hoje, todas as condi\u00e7\u00f5es legais e<br \/>\nt\u00e9cnicas est\u00e3o dadas para a decreta\u00e7\u00e3o da caducidade destes contratos e a<br \/>\nretomada das ferrovias pelo estado. A luta pela reestatiza\u00e7\u00e3o das ferrovias<br \/>\nfaz parte de nossa luta pelo emprego e pela soberania nacional.<\/p>\n<p>A classe trabalhadora tem o direito e a responsabilidade de se defender da<br \/>\ndestrui\u00e7\u00e3o, da humilha\u00e7\u00e3o e do sofrimento causado pelo desemprego. Para<br \/>\ndefender seus direitos, o direito humano \u00e0 uma vida digna, ela construiu<br \/>\nseus sindicatos, seus partidos pol\u00edticos, suas organiza\u00e7\u00f5es. Para se<br \/>\ndefender a classe trabalhadora busca sempre realizar sua unidade para poder<br \/>\nenfrentar os patr\u00f5es e os governos que aplicam esta pol\u00edtica orientada pelos<br \/>\norganismos internacionais da domina\u00e7\u00e3o imperialista (FMI, Banco Mundial,<br \/>\nOMC, etc).<\/p>\n<p>A livre e democr\u00e1tica discuss\u00e3o entre n\u00f3s constatou:<\/p>\n<p>As demiss\u00f5es e o fechamento de f\u00e1bricas, que n\u00e3o cessam de aumentar, trazem<br \/>\num enorme sofrimento \u00e0s fam\u00edlias trabalhadores, humilham o povo e amea\u00e7am<br \/>\natirar toda a sociedade na barb\u00e1rie. A prosseguir a atual pol\u00edtica, imposta pelo imperialismo, o parque fabril brasileiro caminha para a liquida\u00e7\u00e3o.<br \/>\nTudo aquilo que se construiu em anos de duro esfor\u00e7o est\u00e1 amea\u00e7ado.<\/p>\n<p>Cada f\u00e1brica fechada \u00e9 um tumulo de postos de trabalho onde s\u00e3o sepultadas<br \/>\nas esperan\u00e7as de uma vida digna. Um monumento \u00e0 especula\u00e7\u00e3o e \u00e0 voracidade capitalista. E junto com este desastre vem a revoga\u00e7\u00e3o de leis e conquistas trabalhistas e previdenci\u00e1rias que custaram muitas e longas lutas, muito esfor\u00e7o e mortes, ao povo trabalhador da cidade e do campo. Por isso, os<br \/>\ntrabalhadores tem o direito de ocupar as f\u00e1bricas para manter a civiliza\u00e7\u00e3o<br \/>\nfuncionando com a dignidade que querem lhe retirar.<\/p>\n<p>Cada latif\u00fandio cercado de arame farpado ou de mil\u00edcias de jagun\u00e7os<br \/>\nsignifica mais trabalhadores rurais sem-terra, mais trabalhadores sem<br \/>\ntrabalho, mais favelados sofrendo nas cidades. Por isso os trabalhadores<br \/>\nrurais sem-terra tem o direito de ocupar estes lat\u00edfundios para defender com<br \/>\ndignidade seu trabalho, suas fam\u00edlias, a alimenta\u00e7\u00e3o das cidades e a<br \/>\nciviliza\u00e7\u00e3o.<\/p>\n<p>A cada f\u00e1brica que fecha aumenta o n\u00famero de desesperados, a cada<br \/>\ntrabalhador rural expulso do campo aumenta o n\u00famero dos desesperan\u00e7ados, a<br \/>\ncada servi\u00e7o p\u00fablico privatizado ou sucateado aumenta a dor de todo o povo.<br \/>\n\u00c9 esta trag\u00e9dia social que alimenta o narcotr\u00e1fico e destr\u00f3i nossa<br \/>\njuventude. Esta \u00e9 a origem e a fonte da delinq\u00fc\u00eancia e da repress\u00e3o social<br \/>\ncada vez mais aguda. \u00c9 da\u00ed que vem a viol\u00eancia, a morte e o caos social, o<br \/>\nataque permanente e di\u00e1rio aos direitos humanos que vemos em toda parte.<\/p>\n<p>O trabalho,o emprego, s\u00e3o direitos humanos fundamentais, inclusive previstos<br \/>\nnos artigos 6\u00ba, 7\u00ba, 8\u00ba, 9\u00ba, 10\u00ba e 11\u00ba da Constitui\u00e7\u00e3o brasileira e no Pacto<br \/>\nInternacional dos Direitos Econ\u00f4micos, Sociais e Culturais. \u00c9, portanto uma<br \/>\nresponsabilidade dos governos, inclusive do atual, respeitar, proteger e<br \/>\npromover o emprego e os direitos humanos.<\/p>\n<p>Os trabalhadores j\u00e1 fizeram muito neste pa\u00eds. Saber\u00e3o fazer mais ainda e<br \/>\nsuperar todos os obst\u00e1culos. Contra todos os esfor\u00e7os das classes<br \/>\ndominantes, constru\u00edram seus sindicatos, constru\u00edram a CUT, sua central<br \/>\nsindical independente, seus partidos pol\u00edticos, suas organiza\u00e7\u00f5es. E, em<br \/>\n2002 os trabalhadores levaram Lula, do Partido dos Trabalhadores ao governo.<br \/>\nA classe trabalhadora conquistou o direito de lutar por uma pol\u00edtica de<br \/>\npleno emprego. Eleito um novo governo pelo povo trabalhador, hoje, o \u00e9<br \/>\npreciso cobrar do novo governo o atendimento das reivindica\u00e7\u00f5es que levartam<br \/>\nao voto dos 53 milh\u00f5es em 27 de outubro passado. Todos sabem que o<br \/>\n\u00abdesemprego zero\u00bb traz junto a dignidade, e aumenta nossa for\u00e7a para mudar o<br \/>\nmundo e um dia fazer da Terra um planeta sem explora\u00e7\u00e3o e opress\u00e3o.<\/p>\n<p>N\u00f3s recusamos as falsas solu\u00e7\u00f5es que pretendem esconder as responsabilidades dos governos frente ao desastre social que o capitalismo organizou em todo o mundo. As solu\u00e7\u00f5es integradas ao mercado capitalista n\u00e3o s\u00e3o solu\u00e7\u00f5es para a defesa do emprego e das conquistas de forma duradoura.<\/p>\n<p>N\u00f3s vemos as na\u00e7\u00f5es sendo destru\u00eddas e sua soberania atirada ao lixo como no Afganist\u00e3o e no Iraque. Com a guerra os empregos, os direitos e as<br \/>\nconquistas sociais s\u00e3o tamb\u00e9m destru\u00eddos. Por isso somos, como todos os<br \/>\ntrabalhadores, contra a guerra imperialista que destr\u00f3i as for\u00e7as produtivas<br \/>\ne a dignidade humana. Defendemos a soberania das na\u00e7\u00f5es e o progresso<br \/>\nsocial.<\/p>\n<p>Mas, sabemos que a guerra n\u00e3o \u00e9 feita pelos governos apenas atrav\u00e9s das<br \/>\narmas. A verdadeira guerra comercial e industrial travada pelos<br \/>\nimperialistas em nome do \u00abLivre Com\u00e9rcio\u00bb amea\u00e7a todo o mundo. \u00c9 por isso<br \/>\nque os trabalhadores dos Estados Unidos, do M\u00e9xico e do Canad\u00e1 lutam contra<br \/>\no Nafta, que j\u00e1 destruiu mais de 1 milh\u00e3o de empregos nestes pa\u00edses,<br \/>\ndestruiu conquistas e ataca a soberania nacional. Por saber das<br \/>\nconsequ\u00eancias destrutivas para o parque fabril brasileiro e para a soberania<br \/>\nnacional \u00e9 que n\u00e3o aceitamos a participa\u00e7\u00e3o do Brasil na ALCA que se<br \/>\npretende impor em 2005. Milhares de empresas ser\u00e3o fechadas, milh\u00f5es de<br \/>\ndesempregados vir\u00e3o se somar aos milh\u00f5es j\u00e1 existentes e cujo n\u00famero n\u00e3o<br \/>\ncessa de aumentar.<\/p>\n<p>Este drama \u00e9 vivido por trabalhadores do mundo inteiro. Nossos irm\u00e3os da<br \/>\nclasse trabalhadora da Europa e dos Estados Unidos s\u00f3 tem, hoje, o<br \/>\nprivil\u00e9gio de cair de um patamar mais alto que o nosso. Todo dia recebemos<br \/>\ninforma\u00e7\u00f5es do fechamento de f\u00e1bricas e de mais e mais demiss\u00f5es em todos os<br \/>\npa\u00edses. Agravada pelas guerras, que s\u00f3 tem objetivos de pilhagem das<br \/>\nriquezas das na\u00e7\u00f5es, esta pol\u00edtica s\u00f3 aumenta a dor de nossas fam\u00edlias e o<br \/>\ncaos social para a Humanidade.<\/p>\n<p>Mas, para se defender do desemprego e da destrui\u00e7\u00e3o das bases sociais de<br \/>\nnossa civiliza\u00e7\u00e3o os trabalhadores tem todo o direito de erguer bem alto<br \/>\nsuas bandeiras e transformar em a\u00e7\u00e3o o grito dado pelos trabalhadores da<br \/>\nCipla, da Interfibra e Flasko desde 1\/11\/2002: \u00abF\u00e1brica Quebrada deve ser<br \/>\nf\u00e1brica ocupada. E f\u00e1brica ocupada deve ser estatizada\u00bb. Nosso compromisso \u00e9<br \/>\nde luta para que em lugar algum do Brasil sejam destru\u00eddos postos de<br \/>\ntrabalho e se fechem as f\u00e1bricas. Para isso nos articulamos.<\/p>\n<p>Nossa Confer\u00eancia constata que a humanidade se encontra num impasse. De um<br \/>\nlado a destrui\u00e7\u00e3o das bases industriais da sociedade e seu cortejo de<br \/>\nmis\u00e9ria e caos social organizado pelo capital. De outro lado a resist\u00eancia<br \/>\ndos trabalhadores, suas organiza\u00e7\u00f5es independentes, suas lutas e sua<br \/>\nextraordin\u00e1ria for\u00e7a capaz de tudo arrastar se a unidade \u00e9 realizada na<br \/>\nluta. \u00c9 desta luta em defesa de cada emprego, de cada conquista, em defesa<br \/>\nda independ\u00eancia de nossas organiza\u00e7\u00f5es que surgir\u00e1 uma sa\u00edda para toda a<br \/>\nhumanidade. \u00c0queles que ousam nos dizer que n\u00e3o h\u00e1 sa\u00edda, que n\u00e3o h\u00e1 como<br \/>\nenfrentar a for\u00e7a do capital, \u00e0queles que se adaptam ao capitalismo e se<br \/>\nacomodam como escravos da especula\u00e7\u00e3o financeira e das multinacionais n\u00f3s<br \/>\nrespondemos com nossa determina\u00e7\u00e3o de combater, em unidade, em defesa de tudo o que a humanidade construiu como progresso social.<\/p>\n<p>Constitu\u00edmos um Comit\u00ea Nacional de Continuidade desta primeira Confer\u00eancia e convidamos todos os trabalhadores a refletir sobre a situa\u00e7\u00e3o terr\u00edvel da<br \/>\nclasse trabalhadora. Uma nova delega\u00e7\u00e3o de todo o Brasil ir\u00e1 novamente a<br \/>\nBras\u00edlia, ainda este ano, para exigir a estatiza\u00e7\u00e3o da Cipla, da Interfibra<br \/>\ne da Flasko. Convidamos todos a engajar-se imediatamente, e buscar engajar<br \/>\nsuas organiza\u00e7\u00f5es, na luta em defesa do emprego, dos direitos, da terra e do<br \/>\nparque fabril brasileiro.<\/p>\n<p>Juntos podemos vencer! Ocupar, Resistir, Produzir e Estatizar!<br \/>\n\u00c0 luta, companheiros e companheiras!<\/p>\n<p>Confer\u00eancia Nacional em Defesa do Emprego, dos Direitos, da Terra e do<br \/>\nParque Fabril<\/p>\n<p>\u00a9EspaiMarx 2003<\/p>\n","protected":false},"excerpt":{"rendered":"<p>SC &#8211; Joinville, 3,4 e 5 de 0utubro de 2003   Companheiros e companheiras,<\/p>\n<p>A seguir voc\u00eas encontrar\u00e3o as principais resolu\u00e7\u00f5es da Confer\u00eancia. Seus resultados um passo e um ponto de apoio para a classe trabalhadora brasileira em sua resist\u00eancia contra as demiss\u00f5es, contra o desemprego, a luta pela terra, contra o fechamento das f\u00e1bricas, enfim, a luta da classe trabalhadora pela sobreviv\u00eancia.<\/p>\n<p>Com a presen\u00e7a de 2.000 participantes no Ato de abertura, na Sexta-feira, e 531 delegados inscritos, de sete estados, durante tr\u00eas dias uma profunda e fraterna discuss\u00e3o foi realizada. Trabalhamos para encontrar os pontos de unidade e de a\u00e7\u00e3o para barrar a ofensiva dos capitalistas e os governos contra os direitos e conquistas sociais, democr\u00e1ticas e nacionais.<\/p>\n<p>A representatividade do Ato de Abertura e das delega\u00e7\u00f5es era atestada pela mesa de abertura composta pelas organiza\u00e7\u00f5es que convocaram a Confer\u00eancia (os tr\u00eas Conselhos de F\u00e1brica, a CUT\/SC, o MST, o Centro de Direitos Humanos de Joinville &#8211; CDH\/JO), al\u00e9m de representante da CUT Nacional, da Dire\u00e7\u00e3o Nacional do MST, do Movimento Nacional de Direitos Humanos, do Governo Federal e Minist\u00e9rio do Trabalho, de representante do presidente da Camara de Deputados, do governo do Estado de SC, da Prefeitura e da C\u00e2mara de Vereadores de Joinville, do Sindicato dos Qu\u00edmicos de Campinas (regi\u00e3o da Flasko) al\u00e9m da CUT de Pernambuco e vereadores do PT e PC do B. In\u00fameras sauda\u00e7\u00f5es foram recebidas de sindicatos e trabalhadores de diversos estados, de Ju\u00edzes do Trabalho e de entidades democr\u00e1ticas. Al\u00e9m de uma sauda\u00e7\u00e3o do Acordo Internacional dos Trabalhadores e dos Povos, enviada da Fran\u00e7a, e uma de sindicalistas dos Estados Unidos. Um representante do Diret\u00f3rio Nacional do PT trouxe uma sauda\u00e7\u00e3o de Jos\u00e9 Geno\u00edno, presidente nacional do PT.<\/p>\n<p>Ap\u00f3s tr\u00eas dias de intenso debate os delegados adotaram, por unanimidade, as principais resolu\u00e7\u00f5es da Confer\u00eancia:<\/p>\n<p>&#8211; A aprova\u00e7\u00e3o de uma Carta aos Trabalhadores do Brasil.<\/p>\n","protected":false},"author":9,"featured_media":0,"comment_status":"open","ping_status":"open","sticky":false,"template":"","format":"standard","meta":{"footnotes":""},"categories":[32],"tags":[],"class_list":["post-276","post","type-post","status-publish","format-standard","hentry","category-america-latina"],"aioseo_notices":[],"_links":{"self":[{"href":"https:\/\/espai-marx.net\/index.php?rest_route=\/wp\/v2\/posts\/276","targetHints":{"allow":["GET"]}}],"collection":[{"href":"https:\/\/espai-marx.net\/index.php?rest_route=\/wp\/v2\/posts"}],"about":[{"href":"https:\/\/espai-marx.net\/index.php?rest_route=\/wp\/v2\/types\/post"}],"author":[{"embeddable":true,"href":"https:\/\/espai-marx.net\/index.php?rest_route=\/wp\/v2\/users\/9"}],"replies":[{"embeddable":true,"href":"https:\/\/espai-marx.net\/index.php?rest_route=%2Fwp%2Fv2%2Fcomments&post=276"}],"version-history":[{"count":0,"href":"https:\/\/espai-marx.net\/index.php?rest_route=\/wp\/v2\/posts\/276\/revisions"}],"wp:attachment":[{"href":"https:\/\/espai-marx.net\/index.php?rest_route=%2Fwp%2Fv2%2Fmedia&parent=276"}],"wp:term":[{"taxonomy":"category","embeddable":true,"href":"https:\/\/espai-marx.net\/index.php?rest_route=%2Fwp%2Fv2%2Fcategories&post=276"},{"taxonomy":"post_tag","embeddable":true,"href":"https:\/\/espai-marx.net\/index.php?rest_route=%2Fwp%2Fv2%2Ftags&post=276"}],"curies":[{"name":"wp","href":"https:\/\/api.w.org\/{rel}","templated":true}]}}