{"id":2762,"date":"2014-09-16T00:00:00","date_gmt":"2014-09-16T00:00:00","guid":{"rendered":"https:\/\/espai-marx.net\/?p=2762"},"modified":"2020-02-18T08:10:52","modified_gmt":"2020-02-18T07:10:52","slug":"manifest-fundacional-de-l-escola-de-formacio-politica-de-nou-barris","status":"publish","type":"post","link":"https:\/\/espai-marx.net\/?p=2762","title":{"rendered":"Manifest fundacional de l\u2019escola de formaci\u00f3 pol\u00edtica de Nou Barris"},"content":{"rendered":"<p class=\"western\" style=\"margin-bottom: 0.64cm; line-height: 150%;\" align=\"JUSTIFY\">\u00abNo \u00e9s casualitat que sigui ara quan neix l&#8217;Escola de Formaci\u00f3 Pol\u00edtica de Nou Barris. La profunda crisi econ\u00f2mica que travessa un capitalisme cada vegada m\u00e9s senil i descompost, est\u00e0 servint com a punta de llan\u00e7a per retallar els drets socials i laborals. Atur generalitzat, precarietat laboral, abaratiment dels acomiadaments, congelaci\u00f3 dels salaris i pensions, retallades en la sanitat i l&#8217;educaci\u00f3&#8230; L&#8217;\u00fanic futur que el capitalisme li ofereix a la joventut i als treballadors, \u00e9s el de la mis\u00e8ria i la sobreexplotaci\u00f3.<\/p>\n<p class=\"western\" style=\"margin-bottom: 0.64cm; line-height: 150%;\" align=\"JUSTIFY\">Tampoc \u00e9s cap casualitat que aquesta situaci\u00f3 hagi posat a Catalunya i a tot l&#8217;estat espanyol, a milions de joves i treballadors, en peu de guerra, en defensa del futur que els estan robant. Des del sorgiment del 15-M assistim a un sense fi d&#8217;expressions que reflecteixen, despr\u00e9s de d\u00e8cades, que la consci\u00e8ncia social i de classe est\u00e0 ressorgint de nou. Cada vegada som m\u00e9s els que pensem que si el capitalisme no \u00e9s capa\u00e7 d&#8217;oferir una vida digna a la gent, mereix desapar\u00e8ixer, per ser substitu\u00eft per un sistema social i econ\u00f2mic m\u00e9s hum\u00e0 i intel\u00b7ligent. Per\u00f2 tamb\u00e9 som conscients que aquest nou m\u00f3n al que aspirem no sorgir\u00e0 del no-res i que \u00e9s necessari rearmar-nos ideol\u00f2gicament per no deixar-nos enganyar pels cants de sirena del vell capitalisme. S\u00f3n molts els reptes als que ens enfrontem i no tenim dret a equivocar-nos. Sabem que la hist\u00f2ria de les lluites per una societat m\u00e9s justa s&#8217;han teixit amb grans sacrificis, dolor i sang, i que en moltes ocasions van degenerar en caricatures aberrants que poc o gens tenien a veure amb els ideals pels que es va lluitar. Sabem que el capital t\u00e9 encara grans recursos per intentar desviar-nos i fer fracassar la nostra lluita. Per\u00f2 tamb\u00e9 sabem que avui m\u00e9s que mai la lluita pel socialisme (entenent aquest terme en el sentit m\u00e9s ampli de la paraula, \u00e9s a dir, una societat dels de baix, dirigida pels de baix i per als de baix, que som la immensa majoria) \u00e9s una necessitat que ja no admet demora.<\/p>\n<p class=\"western\" style=\"margin-bottom: 0.64cm; line-height: 150%;\" align=\"JUSTIFY\">La humanitat es troba davant una cru\u00eflla que ha de resoldre. Una vella revolucion\u00e0ria la va qualificar com a \u201csocialisme o barb\u00e0rie\u201d. No nom\u00e9s la crisi econ\u00f2mica ens amena\u00e7a amb un obscur present i un encara m\u00e9s fosc futur, tamb\u00e9 pesa sobre nosaltres les amenaces del canvi clim\u00e0tic, la demografia desbocada, l&#8217;esgotament dels recursos naturals i energ\u00e8tics, l&#8217;acceleraci\u00f3 de l&#8217;extinci\u00f3 de les esp\u00e8cies &#8230; Repetim, no tenim dret a equivocar-nos.<\/p>\n<p class=\"western\" style=\"margin-bottom: 0.64cm; line-height: 150%;\" align=\"JUSTIFY\">L&#8217;Escola de Formaci\u00f3 Pol\u00edtica de Nou Barris pret\u00e9n ajudar a resoldre els reptes plantejats dins del nostre modest \u00e0mbit local, amb els nostres m\u00e9s que limitats recursos, per\u00f2 amb una immensa voluntat d&#8217;enfrontar-nos al futur que ens espera.<\/p>\n<p class=\"western\" style=\"margin-bottom: 0.64cm; line-height: 150%;\" align=\"JUSTIFY\">Com que creiem que la societat a la qual aspirem ha de comen\u00e7ar a albirar-se en la nostra pr\u00e0ctica quotidiana, treballem per un ensenyament en la que tots i totes aprenguem, en la que es trenquin els rols tradicionals entre el professor (posse\u00efdor de la veritat) i els alumnes (els que reben acr\u00edtica i submisament aquesta veritat). Volem una escola en la que tamb\u00e9 aprenguem a aprendre, a participar, a intervenir i a aportar. On ning\u00fa tingui por a dir el que pensa per temor a fer el rid\u00edcul, o al fet que se\u2019l tatxi d&#8217;ignorant. Tots tenim alguna cosa a dir. Tots tenim alguna cosa a ensenyar i alguna cosa a aprendre.<\/p>\n<p class=\"western\" style=\"margin-bottom: 0.64cm; line-height: 150%;\" align=\"JUSTIFY\">Aquesta escola no \u00e9s propietat de ning\u00fa, sin\u00f3 de tots i totes les que aspirem a substituir aquesta societat cruel i deshumanitzada. Tots som necessaris, per\u00f2 ning\u00fa \u00e9s imprescindible. Per aix\u00f2 volem una escola autogestionada, basada en els valors solidaris i antipatriarcals. Creiem en una educaci\u00f3 que ens faci conscients i sensibles davant el nostre entorn. Aquest planeta no \u00e9s nom\u00e9s nostre, \u00e9s tamb\u00e9 de tots els \u00e9ssers que viuen en ell i de les futures generacions que el poblaran.<\/p>\n<p class=\"western\" style=\"margin-bottom: 0.64cm; line-height: 150%;\" align=\"JUSTIFY\">Volem una escola de tots, per tots i al servei de tots els que vulguin participar en la construcci\u00f3 d&#8217;un moviment anticapitalista, classista i revolucionari.<\/p>\n<p class=\"western\" style=\"margin-bottom: 0.64cm; line-height: 150%;\" align=\"JUSTIFY\">Volem que el nostre petit granet de sorra, com va dir el poeta, sigui llavor de futur i ajudi, amb el seu exemple, a la creaci\u00f3 d&#8217;una extensa xarxa d&#8217;escoles en les que les treballadores i les joves puguem formar-nos per a aquest futur que volem para tota la humanitat.\u00bb<\/p>\n<p class=\"western\" style=\"margin-bottom: 0.64cm; line-height: 150%;\" align=\"JUSTIFY\">L&#8217;escola de formaci\u00f3 tractar\u00e0 de la Hist\u00f2ria del Capitalisme \u201cDe les arrels a la senilitat\u201d (2014-2015), formada per tres blocs principals: Hist\u00f2ria Pol\u00edtica (realitzat per Espai Marx), Hist\u00f2ria Econ\u00f2mica (realitzat per Seminari Taifa, en preparaci\u00f3) i Hist\u00f2ria del Pensament del Social (realitzat per la UCPC, en preparaci\u00f3). Cadascun d&#8217;aquests tindr\u00e0 6 sessions que es realitzaran cada dos\/tres setmanes. Les sessions seran els dissabtes corresponents d&#8217;11:00 a 13:00. Cada sessi\u00f3 comptar\u00e0 amb un dossier, una cronologia i un llistat de textos i adoptar\u00e0 la forma de pon\u00e8ncia.<\/p>\n<p class=\"western\" style=\"margin-bottom: 0.64cm; line-height: 150%;\" align=\"JUSTIFY\">El primer bloc, Hist\u00f2ria Pol\u00edtica del Capitalisme, constar\u00e0 de:<\/p>\n<p class=\"western\" style=\"margin-bottom: 0.64cm; line-height: 150%;\" align=\"JUSTIFY\">&#8211; 20 de Septembre de 17:30 a 19:00: Sessi\u00f3 Inaugural amb en Joan Tafalla<\/p>\n<p class=\"western\" style=\"margin-bottom: 0.64cm; line-height: 150%;\" align=\"JUSTIFY\">&#8211; 4 d&#8217;Octubre: La lluita de classes a la antiguitat. Gr\u00e8cia i Roma. Les revoltes dels camperols alamans de Thomas M\u00fcntzer.<\/p>\n<p class=\"western\" style=\"margin-bottom: 0.64cm; line-height: 150%;\" align=\"JUSTIFY\">&#8211; 18 d&#8217;Octubre: Revoluci\u00f3 francesa i processos constituents<\/p>\n<p class=\"western\" style=\"margin-bottom: 0.64cm; line-height: 150%;\" align=\"JUSTIFY\">&#8211; 8 de Novembre: La comuna de Par\u00eds i la Internacional.<\/p>\n<p class=\"western\" style=\"margin-bottom: 0.64cm; line-height: 150%;\" align=\"JUSTIFY\">&#8211; 22 de Novembre:La revoluci\u00f3 Rusa. Les revolucions de principis del segle XX.<\/p>\n<p class=\"western\" style=\"margin-bottom: 0.64cm; line-height: 150%;\" align=\"JUSTIFY\">&#8211; 6 de Desembre: El naixement del feixisme i el nazisme.<\/p>\n<p class=\"western\" style=\"margin-bottom: 0.64cm; line-height: 150%;\" align=\"JUSTIFY\">&#8211; 20 de Desembre: Moviment obrer i lluita de classes a la Catalunya del segle XX.<\/p>\n<p class=\"western\" style=\"margin-bottom: 0.64cm; line-height: 150%;\" align=\"JUSTIFY\">Per obtenir m\u00e9s informaci\u00f3 i\/o apuntar-se: <u><a href=\"mailto:escoladeformacio9b@gmail.com\" target=\"_blank\" rel=\"noopener noreferrer\">escoladeformacio9b@gmail.com<\/a><\/u><\/p>\n<p class=\"western\" style=\"margin-bottom: 0.64cm; line-height: 150%;\" align=\"JUSTIFY\">\n<p class=\"western\" style=\"margin-bottom: 0.64cm; line-height: 150%;\" align=\"JUSTIFY\">Escola de formaci\u00f3 pol\u00edtica de Nou Barris<\/p>\n","protected":false},"excerpt":{"rendered":"<p class='MsoNormal' style='margin-bottom: 18.0pt; text-align: justify; line-height: 150%;'>La humanitat es troba davant una cru\u00eflla que ha de resoldre. Una vella revolucion\u00e0ria la va qualificar com a \u201csocialisme o barb\u00e0rie\u201d. L&#8217;Escola de Formaci\u00f3 Pol\u00edtica de Nou Barris pret\u00e9n ajudar a resoldre els reptes plantejats dins del nostre modest \u00e0mbit local, amb els nostres m\u00e9s que limitats recursos, per\u00f2 amb una immensa voluntat d&#8217;enfrontar-nos al futur que ens espera.<\/p>\n","protected":false},"author":9,"featured_media":2763,"comment_status":"open","ping_status":"open","sticky":false,"template":"","format":"standard","meta":{"footnotes":""},"categories":[1],"tags":[],"class_list":["post-2762","post","type-post","status-publish","format-standard","has-post-thumbnail","hentry","category-sin-categoria"],"aioseo_notices":[],"_links":{"self":[{"href":"https:\/\/espai-marx.net\/index.php?rest_route=\/wp\/v2\/posts\/2762","targetHints":{"allow":["GET"]}}],"collection":[{"href":"https:\/\/espai-marx.net\/index.php?rest_route=\/wp\/v2\/posts"}],"about":[{"href":"https:\/\/espai-marx.net\/index.php?rest_route=\/wp\/v2\/types\/post"}],"author":[{"embeddable":true,"href":"https:\/\/espai-marx.net\/index.php?rest_route=\/wp\/v2\/users\/9"}],"replies":[{"embeddable":true,"href":"https:\/\/espai-marx.net\/index.php?rest_route=%2Fwp%2Fv2%2Fcomments&post=2762"}],"version-history":[{"count":0,"href":"https:\/\/espai-marx.net\/index.php?rest_route=\/wp\/v2\/posts\/2762\/revisions"}],"wp:featuredmedia":[{"embeddable":true,"href":"https:\/\/espai-marx.net\/index.php?rest_route=\/wp\/v2\/media\/2763"}],"wp:attachment":[{"href":"https:\/\/espai-marx.net\/index.php?rest_route=%2Fwp%2Fv2%2Fmedia&parent=2762"}],"wp:term":[{"taxonomy":"category","embeddable":true,"href":"https:\/\/espai-marx.net\/index.php?rest_route=%2Fwp%2Fv2%2Fcategories&post=2762"},{"taxonomy":"post_tag","embeddable":true,"href":"https:\/\/espai-marx.net\/index.php?rest_route=%2Fwp%2Fv2%2Ftags&post=2762"}],"curies":[{"name":"wp","href":"https:\/\/api.w.org\/{rel}","templated":true}]}}