{"id":2776,"date":"2014-10-08T00:00:00","date_gmt":"2014-10-08T00:00:00","guid":{"rendered":"https:\/\/espai-marx.net\/?p=2776"},"modified":"2020-02-19T09:57:55","modified_gmt":"2020-02-19T08:57:55","slug":"anexion-la-unificacion-alemana-y-el-futuro-de-europa","status":"publish","type":"post","link":"https:\/\/espai-marx.net\/?p=2776","title":{"rendered":"Anexi\u00f3n: la unificaci\u00f3n alemana y el futuro de Europa"},"content":{"rendered":"<p class=\"western\" style=\"margin-bottom: 0.2cm; background: #ffffff; line-height: 150%;\" align=\"JUSTIFY\"><b>Rese\u00f1a <\/b>de Arnold Sch\u00f6lzel del libro de Vladimiro Giacch\u00e9: <i>Anschlu\u00df \u2013 Die Deutsche Vereinigung und die Zukunft Europas <\/i>(Anexi\u00f3n. La Unificaci\u00f3n alemana y el futuro de Europa), Editorial Laika, Hamburgo, 2014. <a href=\"http:\/\/www.amazon.it\/gp\/product\/8868300141?ie=UTF8&amp;camp=3370&amp;creativeASIN=8868300141&amp;linkCode=xm2&amp;tag=correttinfo0e-21\"><u>Original de la obra en italiano<\/u><\/a>.<\/p>\n<p class=\"western\" style=\"margin-bottom: 0.2cm; background: #ffffff; line-height: 150%;\" align=\"JUSTIFY\"><b>Fuente: <\/b><u><a href=\"http:\/\/www.jungewelt.de\/2014\/09-26\/052.php\">publicada en<\/a> <\/u><a href=\"http:\/\/www.jungewelt.de\/2014\/09-26\/052.php\">JungeWelt<\/a> el 26.09.2014.<\/p>\n<p class=\"western\" style=\"margin-bottom: 0.2cm; background: #ffffff; line-height: 150%;\" align=\"JUSTIFY\"><b>Traducci\u00f3n al castellano <\/b>de la rese\u00f1a: Tucholskyfan Gabi.<\/p>\n<p class=\"western\" style=\"margin-bottom: 0.2cm; background: #ffffff; line-height: 150%;\"><b>Fuente de esta traducci\u00f3n: <\/b><a href=\"http:\/\/blogdelviejotopo.blogspot.com.es\/2014\/10\/anexion-la-unificacion-alemana-y-el.html\"><u>blog del viejo topo<\/u><\/a>.<\/p>\n<p class=\"western\" style=\"margin-bottom: 0.2cm; background: #ffffff; line-height: 150%;\" align=\"JUSTIFY\">El economista Vladimiro Giacch\u00e9 ha escrito un libro brillante sobre la anexi\u00f3n de la Rep\u00fablica Democr\u00e1tica Alemana (en adelante RDA) y las consecuencias para la Uni\u00f3n Europea.<\/p>\n<p class=\"western\" style=\"margin-bottom: 0.2cm; background: #ffffff; line-height: 150%;\" align=\"JUSTIFY\">Vladimiro Giacch\u00e9 es un economista de orientaci\u00f3n marxista, adem\u00e1s de muy versado en filosof\u00eda. Trabaja en un instituto financiero en Roma. Despu\u00e9s de su estudio <i>Titanic Europa. La historia de una crisis <\/i>(2013), se public\u00f3 hace pocas semanas un segundo libro suyo, que ahora est\u00e1 disponible en una excelente traducci\u00f3n al alem\u00e1n por Hermann Kopp: <i>Anschlu\u00df \u2013 Die deutsche Vereinigung und die Zukunft Europas <\/i>(<i>Anexi\u00f3n. La unificaci\u00f3n alemana y el futuro de Europa<\/i>).<\/p>\n<p class=\"western\" style=\"margin-bottom: 0.2cm; background: #ffffff; line-height: 150%;\" align=\"LEFT\"><b>Un desastre calculado<\/b>.<\/p>\n<p class=\"western\" style=\"margin-bottom: 0.2cm; background: #ffffff; line-height: 150%;\" align=\"JUSTIFY\">La mayor parte del contenido de esta publicaci\u00f3n la ocupa la uni\u00f3n monetaria celebrada el 1 de julio de 1990 entre la Rep\u00fablica Federal Alemana (RFA) y la Rep\u00fablica Democr\u00e1tica Alemana (RDA); sus antecedentes inmediatos y sus consecuencias ante todo para los ciudadanos de la RDA. De esto hace ya 24 a\u00f1os y el autor se pregunta qu\u00e9 podemos aprender al d\u00eda de hoy <i>\u201cde esa adquisici\u00f3n o apropiaci\u00f3n de los cinco \u2018l\u00e4nder\u2019 + Berl\u00edn orientales por parte de la RFA\u00bb<\/i>. Su respuesta: esa experiencia es de <i>\u201csumo inter\u00e9s a la vista de lo que en Europa ha venido ocurriendo desde que se produjera la Uni\u00f3n Monetaria\u00bb<\/i>. Considera que la Uni\u00f3n Europea en t\u00e9rminos econ\u00f3micos y monetarios ya antes de 1990 era algo impensable; en primer lugar por ser la moneda \u00fanica europea el intento de introducir en el concierto europeo a una Alemania que, precisamente mediante su unificaci\u00f3n, hab\u00eda ganado peso e importancia superando de este modo a todos los dem\u00e1s pa\u00edses miembros de la UE. En segundo lugar, por quedar consolidada mediante aquella ideolog\u00eda, el modo y el concepto econ\u00f3mico y social que ha venido determinando la integraci\u00f3n europea.<\/p>\n<p class=\"western\" style=\"margin-bottom: 0.2cm; background: #ffffff; line-height: 150%;\" align=\"JUSTIFY\">El programa que nos traza el autor en las primeras 130 p\u00e1ginas del libro, viene a ser la anatom\u00eda del instrumento decisivo a la hora de esta adquisici\u00f3n consistente en la anexi\u00f3n fiscal y la destrucci\u00f3n de la econom\u00eda de la RDA; primero procediendo de modo cronol\u00f3gico, m\u00e1s adelante analizando los diversos aspectos de este proceso. El autor se sirve de una amplia bibliograf\u00eda publicada sobre el tema y no ignora en ning\u00fan momento, como suele hacerse en la parte occidental de Alemania, las publicaciones de los autores germano-orientales. De este modo, analiza por ejemplo la \u201cjugarreta\u201d de las llamadas deudas antiguas que fueron impuestas a las empresas orientales en beneficio de los bancos occidentales; o el principio consistente en <i>\u201cdevolver las indemnizaciones recibidas\u201d<\/i> que en c\u00edrculos de la clase media occidental ven\u00eda a despertar un enorme apetito por los inmuebles orientales, que nada ten\u00eda que envidiar a los <i>broker <\/i>de Wall Street; o la liquidaci\u00f3n de las llamadas \u00e9lites, sobre la que Giacch\u00e9 nos ofrece esta cita del ex canciller Helmut Schmidt del a\u00f1o 2006: <i>\u201cLos comunistas de la RDA despu\u00e9s del a\u00f1o 1990 recibieron un trato mucho peor que los ex nazis en la RFA despu\u00e9s la II GM. De haber recibido un trato algo m\u00e1s tolerante, el desastre que hoy vivimos en los nuevos \u2018l\u00e4nder\u2019 ser\u00eda probablemente algo menos penoso\u201d<\/i>.<\/p>\n<p class=\"western\" style=\"margin-bottom: 0.2cm; background: #ffffff; line-height: 150%;\" align=\"JUSTIFY\">No sorprende pues que la historia se vuelva a escribir, amablemente, una y otra vez, toda vez que Giacch\u00e9 nos detalla c\u00f3mo el desastre incluyendo el paro masivo, la emigraci\u00f3n, la desindustrializaci\u00f3n y la destrucci\u00f3n de las condiciones vitales de millones de ciudadanos hab\u00eda sido fr\u00edamente calculado por los autores de la Uni\u00f3n Monetaria, donde cabe mencionar en particular al entonces secretario de Estado Horst K\u00f6hler y su adjunto Thilo Sarrazin. Sobre las m\u00e1s que probables dimensiones de la cat\u00e1strofe, estos \u201cl\u00facidos\u201d defensores de la ideolog\u00eda privatizadora y desreguladora que llevaban en mente y que acabaron por conseguir mediante supremas artes estatales, no ten\u00edan la m\u00e1s remota idea.<\/p>\n<p class=\"western\" style=\"margin-bottom: 0.2cm; background: #ffffff; line-height: 150%;\" align=\"LEFT\"><b>Fetiches de propaganda<\/b>.<\/p>\n<p class=\"western\" style=\"margin-bottom: 0.2cm; background: #ffffff; line-height: 150%;\" align=\"JUSTIFY\">Todas y cada una de las advertencias de expertos en la materia, entre ellos el entonces presidente del Banco Federal Karl Otto Pr\u00f6hl o la ministra germano-oriental de econom\u00eda, Christa Luft, en el equipo del presidente del entonces presidente de la RDA Hans Modrow, fueron rechazadas con la misma arrogancia que a\u00fan predomina hasta hoy en la estereotipada prensa alemana occidental sobre la RDA, que contin\u00faa machacando que en ning\u00fan momento se produjo un fallo de mercado y que la culpa de todas las consecuencias de la Uni\u00f3n Monetaria la ten\u00eda la econom\u00eda socialista de planificaci\u00f3n. Con semejantes fetiches propagand\u00edsticos, el autor no viene a polemizar, ya que nos facilita las correspondientes cifras y los hechos documentados. Escribe que el <i>\u201cmejor resumen de este proceso\u201d <\/i>corresponde a Modrow: <i>\u201cLa Uni\u00f3n Monetaria ha venido a matar a la econom\u00eda de la RDA\u201d<\/i>, y de un modo muy premeditado en su voluntarismo pol\u00edtico econ\u00f3mico y financiero, que seg\u00fan se dice s\u00f3lo encontrar\u00edamos en el socialismo, pero que por lo visto tambi\u00e9n ocupa un lugar fijo en el capitalismo monopolista de Estado (aunque Giacch\u00e9 no se sirva precisamente de este t\u00e9rmino). Cualquier regulaci\u00f3n o desregulaci\u00f3n siempre acaba siendo una irregularidad.<\/p>\n<p class=\"western\" style=\"margin-bottom: 0.2cm; background: #ffffff; line-height: 150%;\" align=\"JUSTIFY\">Y ese proceso de sustituir unas medidas de razonamiento econ\u00f3mico por otras, subjetivistas y de \u00edndole pol\u00edtico e ideol\u00f3gico, se ha convertido en modelo para la \u00abEuropa Alemana\u00bb. El \u00faltimo ep\u00edgrafe de su libro, el autor lo dedica al resumen de este aspecto europeo en el que no se olvida de ninguna de las diferencias, como ser\u00eda la falta de un <i>transfer <\/i>a nivel europeo: <i>\u201cno importa qui\u00e9n gobierne en Alemania, siempre observamos una paralela entre la cura de caballo, que tuvo que soportar la econom\u00eda de la RDA, y las <\/i><i><u><a href=\"http:\/\/es.wikipedia.org\/wiki\/Borrador_Hartz\">reformas<\/a> <\/u><\/i><a href=\"http:\/\/es.wikipedia.org\/wiki\/Borrador_Hartz\"><i>Hartz<\/i><\/a><i>, por un lado, y los \u201cdeberes\u201d que ahora se vienen a imponer a los pa\u00edses europeos en crisis, por otro. Las recetas son siempre las mismas: la privatizaci\u00f3n y la reducci\u00f3n salarial\u201d<\/i>. Giacch\u00e9 considera que son medidas inadecuadas. Seg\u00fan \u00e9l, deber\u00eda ser prioritario <i>\u201creducir mediante una concreta redirecci\u00f3n los desequilibrios entre las macroeconom\u00edas del continente europeo\u201d<\/i>. Se opone expresamente a aquellas opiniones que alegan la incapacidad de los pa\u00edses europeos miembros de la Uni\u00f3n, y se opone tambi\u00e9n al dogma que sostiene la fundamental importancia del euro como moneda \u00fanica. Quienes todav\u00eda se dejen paralizar por ese \u201cdogma\u201d mientras que los referidos desequilibrios vayan en aumento, ya no encontrar\u00e1n voluntarismo pol\u00edtico alguno que sea capaz de impedir la implosi\u00f3n de la eurozona. Las secuelas de la anexi\u00f3n de la RDA nos deber\u00edan servir de advertencia. Pero las perspectivas de una influencia y advertencia saludable no parecen ser propicias ni en Berl\u00edn, ni en Bruselas o en otra metr\u00f3polis europea. Sin embargo, la advertencia que Giacch\u00e9 nos razona y documenta de modo tan brillante en este libro, hace ya tiempo que es compartida por muchos.<\/p>\n","protected":false},"excerpt":{"rendered":"<p style='margin-bottom: 0.2cm; background: #ffffff; line-height: 150%;' align='JUSTIFY'>El economista Vladimiro Giacch\u00e9 ha escrito un libro brillante sobre la anexi\u00f3n de la Rep\u00fablica Democr\u00e1tica Alemana (en adelante RDA) y las consecuencias para la Uni\u00f3n Europea.<\/p>\n","protected":false},"author":9,"featured_media":2777,"comment_status":"open","ping_status":"open","sticky":false,"template":"","format":"standard","meta":{"footnotes":""},"categories":[16],"tags":[983,917,1063],"class_list":["post-2776","post","type-post","status-publish","format-standard","has-post-thumbnail","hentry","category-imperio-imperialismo","tag-anschlus-die-deutsche-vereinigung-und-die-zukunft-europas","tag-resenas","tag-vladimiro-giacche"],"aioseo_notices":[],"_links":{"self":[{"href":"https:\/\/espai-marx.net\/index.php?rest_route=\/wp\/v2\/posts\/2776","targetHints":{"allow":["GET"]}}],"collection":[{"href":"https:\/\/espai-marx.net\/index.php?rest_route=\/wp\/v2\/posts"}],"about":[{"href":"https:\/\/espai-marx.net\/index.php?rest_route=\/wp\/v2\/types\/post"}],"author":[{"embeddable":true,"href":"https:\/\/espai-marx.net\/index.php?rest_route=\/wp\/v2\/users\/9"}],"replies":[{"embeddable":true,"href":"https:\/\/espai-marx.net\/index.php?rest_route=%2Fwp%2Fv2%2Fcomments&post=2776"}],"version-history":[{"count":0,"href":"https:\/\/espai-marx.net\/index.php?rest_route=\/wp\/v2\/posts\/2776\/revisions"}],"wp:featuredmedia":[{"embeddable":true,"href":"https:\/\/espai-marx.net\/index.php?rest_route=\/wp\/v2\/media\/2777"}],"wp:attachment":[{"href":"https:\/\/espai-marx.net\/index.php?rest_route=%2Fwp%2Fv2%2Fmedia&parent=2776"}],"wp:term":[{"taxonomy":"category","embeddable":true,"href":"https:\/\/espai-marx.net\/index.php?rest_route=%2Fwp%2Fv2%2Fcategories&post=2776"},{"taxonomy":"post_tag","embeddable":true,"href":"https:\/\/espai-marx.net\/index.php?rest_route=%2Fwp%2Fv2%2Ftags&post=2776"}],"curies":[{"name":"wp","href":"https:\/\/api.w.org\/{rel}","templated":true}]}}