{"id":2786,"date":"2014-10-09T00:00:00","date_gmt":"2014-10-09T00:00:00","guid":{"rendered":"https:\/\/espai-marx.net\/?p=2786"},"modified":"2020-02-18T08:02:19","modified_gmt":"2020-02-18T07:02:19","slug":"salirse-de-la-dicotomia-neoliberales-neokeynesianos-en-los-programas-economicos","status":"publish","type":"post","link":"https:\/\/espai-marx.net\/?p=2786","title":{"rendered":"Salirse de la dicotom\u00eda neoliberales-neokeynesianos en los programas econ\u00f3micos"},"content":{"rendered":"<p>(Respuesta de <strong>Pedro Prieto <\/strong>ante las \u00faltimas noticias que indican que los economistas <strong>V. Navarro <\/strong>y <strong>J. Torres <\/strong>elaborar\u00e1n el programa econ\u00f3mico de la formaci\u00f3n pol\u00edtica <strong>Podemos<\/strong>.)<\/p>\n<p>El pasado s\u00e1bado 4 de octubre hubo una entrevista al l\u00edder de la formaci\u00f3n Podemos, Pablo Iglesias, seguida un debate con periodistas habitualmente llamados tertulianos, en la cadena de televisi\u00f3n espa\u00f1ol La Sexta. Seg\u00fan los baremos, se batieron r\u00e9cords de audiencia y esto eleva el clima de debate pol\u00edtico en la Espa\u00f1a actual.<\/p>\n<p>Como suele ser habitual en estos casos de televisiones comerciales y con af\u00e1n de lucro, de las cosas que m\u00e1s llamaron la atenci\u00f3n al p\u00fablico y a los televidentes, fueron los habituales rifi-rafes sobre el bolivarianismo de Podemos o de Iglesias, de sus connivencias con ETA y si viaja en primera a Bruselas y es casta o si sigue viajando en turista y no lo es.<\/p>\n<p>En el camino, quedaron un par de asuntos que juzgamos importantes y que han pasado inadvertidos para muchos medios, aunque no para todos, afortunadamente.<\/p>\n<p>De entre las cosas que se critican a esta formaci\u00f3n y a su l\u00edder, es el poco dominio de los asuntos econ\u00f3micos de la naci\u00f3n y su ausencia total de un programa econ\u00f3mico \u201ccre\u00edble\u201d (aqu\u00ed cada cual tiene un concepto de \u201ccredibilidad\u201d diferente)<\/p>\n<p>Pablo Iglesias y algunas personas m\u00e1s de su formaci\u00f3n, suscribieron hacia el verano de 2014, <a href=\"http:\/\/ultimallamadamanifiesto.wordpress.com\/el-manifiesto\/\">el manifiesto \u201cUltima Llamada\u201d<\/a>, que un grupo de hasta 7.000 cient\u00edficos, acad\u00e9micos, economistas, profesionales de diferentes ramas y activistas tambi\u00e9n hab\u00edan suscrito. Se trata de un intento de advertir a los ciudadanos del mundo que lo que estamos presenciando \u00faltimamente es m\u00e1s que una crisis econ\u00f3mica y de r\u00e9gimen: es una crisis de civilizaci\u00f3n.<\/p>\n<p>No abundaremos m\u00e1s en el contenido del manifiesto, que <a href=\"http:\/\/ultimallamadamanifiesto.wordpress.com\/el-manifiesto\/\">est\u00e1 a disposici\u00f3n de los lectores<\/a>. S\u00ed indicaremos que fue la consecuencia de un debate que hab\u00eda ido d\u00e1ndose entre la postura que inicialmente representaba Florent Marcellesi (<a href=\"http:\/\/florentmarcellesi.eu\/2013\/10\/09\/la-crisis-economica-es-tambien-una-crisis-ecologica\/\">Florent Marcellesi. 9 octubre.2013. La crisis econ\u00f3mica es tambi\u00e9n una crisis ecol\u00f3gica<\/a>) y fue el germen sobre el que se plasm\u00f3 posteriormente el manifiesto \u00daltima llamada, a la que contest\u00f3 Vicen\u00e7 Navarro, de forma indirecta y gen\u00e9rica en contra de las tesis decrecentistas, sin mencionar expresamente a este miembro de Equo y candidato a las pasadas elecciones europeas <a href=\"http:\/\/blogs.publico.es\/dominiopublico\/9039\/los-errores-de-las-tesis-del-decrecimiento-economico\/\">Vicen\u00e7 Navarro. 6 Febrero 2014. P\u00fablico Los errores de las tesis del decrecimiento econ\u00f3mico<\/a>).<\/p>\n<p>El debate sigui\u00f3 con una serie de art\u00edculos y comentarios que fueron saliendo en diversos medios, en una suerte de toma y daca indirecto, en el que se enfrentaban dos posturas diferentes sobre c\u00f3mo abordar el futuro econ\u00f3mico de nuestro pa\u00eds en particular y del planeta en general.<\/p>\n<ul>\n<li><a href=\"http:\/\/crashoil.blogspot.com.es\/2014\/02\/revista-de-prensa-vicenc-navarro-en.html\">Antonio Turiel. The Oil Crash. 7 de febrero 2014 Revista de prensa: Vicen\u00e7 Navarro en Dominio P\u00fablico, 6 de Febrero de 2014.<\/a><\/li>\n<li><a href=\"http:\/\/tratarde.org\/marcellesi-navarro-turiel-y-los-limites-del-crecimiento\/\">Jorge Riechmann. 7.febrero 2014. Marcellesi, Navarro, Turiel y los l\u00edmites del crecimiento.<\/a><\/li>\n<li><a href=\"http:\/\/lacrisisenergetica.wordpress.com\/2014\/02\/08\/de-progresistas-y-biofisica-economica\/\">Pedro Prieto. 8 de febrero 2014. De progresistas y biof\u00edsica econ\u00f3mica..<\/a><\/li>\n<li><a href=\"http:\/\/tratarde.org\/emilio-santiago-muino-interviene-en-la-polemica-navarro-marcellesi-turiel-y-otros-sobre-los-limites-del-crecimiento\/\">Emilio Santiago Mui\u00f1o. 18 febrero 2014. Enfatizando lo obvio: crecimiento-decrecimiento y emancipaci\u00f3n social.<\/a><\/li>\n<li><a href=\"http:\/\/www.eis.uva.es\/energiasostenible\/?p=1994\">Margarita Mediavilla. 28 febrero 2014. Debates sobre decrecimiento: por favor, toquemos tierra (contestaci\u00f3n a Vicen\u00e7 Navarro)<\/a><\/li>\n<\/ul>\n<p>Ponemos aqu\u00ed los enlaces de los diferentes enfoques de las partes, para que los lectores puedan introducirse en el contexto con la mayor imparcialidad posible.<\/p>\n<p>As\u00ed que llegados al verano, este grupo inicial y algunos m\u00e1s, pensaron en que ser\u00eda bueno hacer <a href=\"http:\/\/ultimallamadamanifiesto.wordpress.com\/el-manifiesto\/\">una llamada en forma de manifiesto<\/a>. Para algunos de los <a href=\"http:\/\/ultimallamadamanifiesto.wordpress.com\/promotores\/\">promotores iniciales del manifiesto<\/a>, fue una alegr\u00eda constatar que <a href=\"http:\/\/ultimallamadamanifiesto.wordpress.com\/firmantes-iniciales\/\">tambi\u00e9n lo hab\u00edan suscrito<\/a> algunas de las personas y l\u00edderes emergentes de la izquierda, tanto por el lado de Podemos, especialmente con la firma de Pablo Iglesias Turri\u00f3n como por la parte de Izquierda Unida, con Alberto Garz\u00f3n o Cayo Lara, aparte de otras muchas personas de la pol\u00edtica, de la ciencia o de la econom\u00eda, al menos de la econom\u00eda en relaci\u00f3n con el mundo f\u00edsico, con personalidades reconocidas internacionalmente como Joan Mart\u00ednez Alier, Jos\u00e9 Manuel Naredo u \u00d3scar Carpintero.<\/p>\n<p>Sin embargo, ha sido una suerte de tristeza comprobar que finalmente el l\u00edder de Podemos parece haberse decantado por pedir m\u00e1s la opini\u00f3n y la asesor\u00eda del t\u00e1ndem Vicen\u00e7 Navarro \/Juan Torres, que por incluir tambi\u00e9n a alguno de los grandes economistas m\u00e1s vinculados con el mundo f\u00edsico, como los arriba mencionados, compa\u00f1eros de firma del manifiesto que tambi\u00e9n suscribi\u00f3 Pablo Iglesias.<\/p>\n<p>Porque el debate, que se ha estado dirimiendo, entre estas dos posiciones, est\u00e1 lejos de haber quedado zanjado.<\/p>\n<p>Por un lado siguen los que abogan, como Navarro o Torres, por salir de la crisis creciendo m\u00e1s econ\u00f3micamente, sin ver l\u00edmites naturales a este nuevo ciclo expansivo. Esto significa, en nuestra opini\u00f3n, creer tambi\u00e9n y a su vez, en que puede seguir aumentando la capacidad transformadora y laminadora de la naturaleza, por mucho que los economistas mencionados consideren que las renovables pueden hacer milagros sustitutivos de las energ\u00edas f\u00f3siles actuales o porque creen que es posible una econom\u00eda con crecimientos inmateriales que evite los l\u00edmites f\u00edsicos de los que hay que disponer para sustentar esto.<\/p>\n<p>Por el otro lado, los firmantes del manifiesto, que entienden que ya estamos desbordando los l\u00edmites de capacidad de carga y sustentaci\u00f3n del planeta y que son tiempo de cambio de paradigma respecto de ese crecimiento.<\/p>\n<p>Ambas partes est\u00e1n, con total seguridad, en la misma trinchera para dotar de programas econ\u00f3micos que den prioridad a personas sobre instituciones y entes privados, que mejoren el reparto de lo que est\u00e1 disponible y disminuyan las crecientes diferencias entre ricos enriqueci\u00e9ndose y pobres empobreci\u00e9ndose, en la atenci\u00f3n a los excluidos y marginados, antes que a la satisfacci\u00f3n de consumos vacuos o superfluos y desde luego mucho antes de considerar sagrados e intocables por encima de todo lo anterior los retornos onerosos a inversiones realizadas con af\u00e1n de mucho lucro.<\/p>\n<p>Sin embargo, ambas partes difieren sustancialmente (y esta diferencia no es balad\u00ed) sobre lo que va a estar disponible en el futuro y no s\u00f3lo para la poblaci\u00f3n espa\u00f1ola en general, situada en promedio unas dos veces por encima de la media mundial en cuanto a bienestar y consumo, sino para toda la Humanidad en un mundo que est\u00e1n necesariamente interconectado y globalizado y d\u00f3nde nuestra vida y sustento, nuestro confort y bienestar, dependen muy estrechamente de bienes y servicios producidos a lo largo y ancho de este mundo, empezando por los insumos energ\u00e9ticos de combustibles que son finitos por naturaleza.<\/p>\n<p>El pasado d\u00eda 4 en La Sexta, al anunciar Pablo Iglesias que se iba a asesorar para el programa econ\u00f3mico de Podemos en los profesores Navarro y Torres, con todo el respeto que nos merecen, no llegamos a entender las razones de la firma del manifiesto por parte del l\u00edder de Podemos.<\/p>\n<p>Lejos de nuestra intenci\u00f3n hacer sangre disparando contra Iglesias por esto que entendemos es una suerte de contradicci\u00f3n. No vamos a hurgar en las simplezas en las que se ceban muchos medios sobre el grado de bolivarianismo o de cercan\u00eda a ETA que tiene este l\u00edder , si maneja el m\u00f3vil mientras conduce o si viaja a Bruselas en clase preferente o en turista y ya tambi\u00e9n es casta.<\/p>\n<p>Simplemente queremos hacer notar que nos desorienta que Iglesias haya firmado el Manifiesto por un lado y por el otro haya dejado el programa de Podemos en manos de dos economistas de muy pareja forma de entender la econom\u00eda y haya ignorado, por el momento, a los que apoyaron el Manifiesto, con otra forma de entender la econom\u00eda.<\/p>\n<p>Observamos en el programa un cierto gui\u00f1o al poder del capital, un posible deseo de evitar que ese poder financiero que critica, se encocore demasiado y salga pitando al m\u00e1s m\u00ednimo vestigio de que su formaci\u00f3n puede llegar al gobierno.<\/p>\n<p>Cosas como admitir (minuto 13 en adelante de la entrevista) que los ricos pueden tener 6 Mercedes o 7 casas \u201cmientras eso no ponga en riesgo\u201d m\u00ednimos de dignidad para todos, o decir un poco m\u00e1s adelante, que \u201cen momentos de crisis hay que hacer un llamamiento de patriotismo y decir: a lo mejor los ricos se tienen que ajustar un poquito, un poquito el cintur\u00f3n\u201d o \u201chay que decir a los ricos: abr\u00f3chense el cintur\u00f3n un poquito\u201d y que los ricos \u201cvan a seguir siendo ricos\u201d y \u201cvan a poder vivir muy bien\u201d o que \u201clos futbolistas van a poder seguir siendo millonarios, pero van a tener que pagar un poquito m\u00e1s de impuestos (min. 33.40), mientras cierra el \u00edndice y el pulgar ense\u00f1ando la nimiedad del apret\u00f3n a los ricos, es posiblemente una buena medida electoral para tranquilizar al poder financiero actual, pero es poco realista cuando se analizan los n\u00fameros de la desigualdad y el reparto desigual de cargas y de patrimonios. Lo cierto es que seguramente no podr\u00e1 ser \u201cun poquito\u201d, sino m\u00e1s bien \u201cun muchito\u201d, aunque decir esto ahora en cualquier programa econ\u00f3mico de cualquier formaci\u00f3n pol\u00edtica espante, seguramente no s\u00f3lo al capital financiero mundial, sino probablemente a una buena parte de los ciudadanos del mundo a los que se ha acostumbrado a pensar que el crecimiento econ\u00f3mico no va a tener nunca l\u00edmites, es harto dif\u00edcil. Aunque todo ese poder actual se arroje desde ya mismo y con toda fiereza sobre Podemos, como lo har\u00e1n, sin duda, si alguien se atreve a contar esta verdad inc\u00f3moda, frente a cualquier t\u00edpica mentira reconfortante.<\/p>\n<p><img loading=\"lazy\" decoding=\"async\" src=\"..\/documentos\/articulos\/9088\/html\/images\/Pedro_Prieto_html_m7f87329a.jpg\" alt=\"\" width=\"567\" height=\"327\" border=\"0\" \/><\/p>\n<p><strong>Gr\u00e1fico 1. Consumo de energ\u00eda per capita y pa\u00eds o regi\u00f3n, en colores seg\u00fan el tipo de energ\u00eda utilizada y llevado todo a vatios de potencia equivalente per capita (eje de ordenadas negro). Los datos son del Statistical Review of World Energy de BP de 2011. Con un asterisco, fijo el nivel (en color rojo y eje de ordenadas rojo) del PIB per capita nominal en US$ que ofrece el FMI en esas mismas regiones o pa\u00edses.<\/strong><\/p>\n<p>Pero d\u00f3nde Iglesias se destapa finalmente es en mencionar que hay ahora un programa muy inteligente y muy bien planteado (min. 34.40) para continuar diciendo que la aspiraci\u00f3n es elevar el gasto p\u00fablico a la media de los pa\u00edses europeos, es decir, del 44-45% al 50%, mediante una reforma fiscal. Admite que son cosas que un \u201cthink\u00a0tank\u201d del PSOE considera razonables para los socialdem\u00f3cratas. Sigue alabando al PSOE por sus pol\u00edticas econ\u00f3micas expansivas en los a\u00f1os 80 y hasta principios de los 90, de lo que se deduce que cree que estas pol\u00edticas de expansi\u00f3n econ\u00f3mica, aunque vayan honestamente dirigidas a crear escuelas o mejorar la sanidad, van a ser eternamente posibles, s\u00f3lo apretando \u201cun poquito\u201d el cintur\u00f3n a un pu\u00f1ado de poderosos. En definitiva, pol\u00edticas keynesianas que funcionaron mientras el mundo pod\u00eda seguir la senda del crecimiento continuo, por haber recursos suficientes para ello. Pol\u00edticas que como finalmente declar\u00f3, van a ser delineadas para Podemos por economistas como Navarro o Torres.<\/p>\n<p>Desde luego, esto est\u00e1 mucho m\u00e1s cerca de lo que el com\u00fan de las gentes quiere o\u00edr, que no que les digan que la fiesta se acab\u00f3 y que aunque efectivamente, haya un buen margen para limitar considerablemente las desigualdades, aumentar la justicia social y mejorar la distribuci\u00f3n de lo que hay, no deja de ser una constataci\u00f3n terrible, que cada vez habr\u00e1 posiblemente menos y hay que preparar a los ciudadanos para que lo sepan y lo entiendan, para que asuman esta dolorosa tarea de los recursos decrecientes. Hay mucho campo para ayudar a excluidos y marginados en nuestro propio pa\u00eds, y en eso siempre estaremos de acuerdo, pero que tambi\u00e9n hay un mundo ah\u00ed afuera poblado por 7.100 millones de seres, de los que el 80% viven con mucho menos que nosotros, entre otras cosas, porque estamos utilizando sus recursos de forma injusta y mediante acuerdos comerciales y financieros de intercambio desigual. Esto tiene que ser bien entendido. Nuestro pa\u00eds es un pa\u00eds intermedio que sufre la devastaci\u00f3n del gran capital financiero for\u00e1neo y relaciones comerciales injustas y desiguales con los pa\u00edses m\u00e1s poderosos que nosotros en este campo, pero que tambi\u00e9n ejerce a su vez, siempre que puede, una relaci\u00f3n de intercambio desigual y de explotaci\u00f3n respecto de otros muchos, a los que hay que dar satisfacci\u00f3n para que alcancen los m\u00ednimos que Iglesias considera irrenunciables para nuestros propios excluidos.<\/p>\n<p>Seguimos esperanzados en que sea posible entender los l\u00edmites del planeta y que las pol\u00edticas econ\u00f3micas expansivas tienen que tener un tope si no queremos hacer desaparecer la vida sobre este planeta.<\/p>\n<p>Es tiempo de entender que no existen ni las Suecias, ni las Dinamarcas, ni las Finlandias o Suizas que se proponen a veces como modelos que imitar porque tengan menos desigualdad entre sus ciudadanos a nivel dom\u00e9stico o nacional y mayores niveles de \u201cprosperidad\u201d, que puedan haber llegado a esos niveles, sin haber antes extorsionado de forma muy eficiente a terceros pa\u00edses mediante estas relaciones de intercambio desigual que son tan injustas e inaceptables. No hagas a los dem\u00e1s lo que no quieras que te hagan a ti, porque estos pa\u00edses que tanto envidian los economistas keynesianos, no son, en absoluto econom\u00edas desmaterializadas; al contrario, sus habitantes viven y consumen como si hubiese cinco planteas. Y no hay cinco planetas.<\/p>\n<p>Ellos, los pa\u00edses llamados \u201cde nuestro entorno\u201d (como si el entorno fuese siempre el de los que viven mejor que nosotros al norte en Europa) no pueden ser el modelo, por que si llegan a serlo, corremos el riesgo de terminar como ellos incluso si Podemos tuviese \u00e9xito: viviendo relativamente bien dentro del pa\u00eds, pero a cambio de expoliar a terceros pa\u00edses para mantener ese tren de vida.<\/p>\n<p>Es tiempo para Podemos de decidir si ganar las elecciones contando una mentira reconfortante sobre lo poquito que habr\u00e1 que tocar al poder econ\u00f3mico financiero para que los muchos vivan mejor, o arriesgarse a no ganarlas, posiblemente con gran seguridad, si realmente toman conciencia y se deciden por un programa que explique razonadamente que lo que viene en el futuro es una verdad inc\u00f3moda que exigir\u00e1, si, que mejore reparto de la riqueza, pero arrancando sin duda \u201cmuchitos\u201d al gran poder econ\u00f3mico y al mismo tiempo explicando que a\u00fan as\u00ed, se acercan tiempos duros de sangre, sudor y l\u00e1grimas y que los d\u00edas de vino y rosas del crecimiento econ\u00f3mico infinito tocan a su fin. Si el planeta ha sobrepasado su capacidad de carga ya en un 150%, no es de recibo seguir proponiendo m\u00e1s pol\u00edticas econ\u00f3micas expansivas, con la excusa de que puede haber actividad econ\u00f3mica inmaterial. Los datos globales de consumo energ\u00e9tico y nivel de desarrollo econ\u00f3mico del gr\u00e1fico 1 lo desmienten tajantemente, mostrando una identidad evidente entre consumo de energ\u00eda y PIB.<\/p>\n<p><a name=\"_GoBack\"><\/a> <img loading=\"lazy\" decoding=\"async\" src=\"..\/documentos\/articulos\/9088\/html\/images\/Pedro_Prieto_html_cc67744.png\" alt=\"\" width=\"561\" height=\"312\" align=\"BOTTOM\" border=\"0\" \/><\/p>\n<p><strong>Gr\u00e1fico 2. Consumo de energ\u00eda primaria en relaci\u00f3n con el PIB de los pa\u00edses OCDE (azul), no-OCDE (rojo) y mundo (verde). World Energy Outlook de la Agencia Internacional de la Energ\u00eda de 2009. P\u00e1gina 59<\/strong><\/p>\n<p>Los del gr\u00e1fico 2 de abajo demuestran que si los azules (los OCDE o los m\u00e1s ricos, para entendernos) hacen m\u00e1s PIB con menos consumo de energ\u00eda, es porque hay alguien ah\u00ed afuera pagando el pato (los rojos o pa\u00edses No- OCDE) produciendo menos PIB con m\u00e1s consumo de energ\u00eda y tragando con la tercerizaci\u00f3n de las empresas m\u00e1s contaminantes y con menor valor a\u00f1adido. En el fondo, hay que elevar la vista, tener altura de miras y ver el mundo como lo que es: una recta verde bastante lineal en la que para hacer crecer el PIB hay que hacer crecer el consumo de una energ\u00eda que no vamos a tener ni con las ilusiones renovables. No nos enga\u00f1emos: crecer es consumir m\u00e1s y m\u00e1s y transformar m\u00e1s r\u00e1pidamente los recursos limitados de un planeta ya muy exhausto.<\/p>\n<p>Si nos creemos que el 1% posee el 99% no deber\u00edamos creernos que apretar el cintur\u00f3n \u201cun poquito\u201d a ese 1% va a resolver los problemas del mundo y de la sostenibilidad de nuestra especie sobre \u00e9l al 99% restante.<\/p>\n<p>O una verdad inc\u00f3moda o una m\u00e1s de las mentiras reconfortantes a que nos tienen acostumbrados. P\u00edldora roja o p\u00edldora azul. Ustedes, se\u00f1ores de Podemos y sus simpatizantes eligen.<\/p>\n","protected":false},"excerpt":{"rendered":"<p style='margin-bottom: 0.2cm; line-height: 150%; background: #ffffff;' align='JUSTIFY'>Respuesta de Pedro Prieto ante las \u00faltimas noticias que indican que los economistas V. Navarro y J. Torres elaborar\u00e1n el programa econ\u00f3mico de la formaci\u00f3n pol\u00edtica Podemos.<\/p>\n","protected":false},"author":9,"featured_media":2787,"comment_status":"open","ping_status":"open","sticky":false,"template":"","format":"standard","meta":{"footnotes":""},"categories":[3],"tags":[],"class_list":["post-2786","post","type-post","status-publish","format-standard","has-post-thumbnail","hentry","category-condiciones-de-vida"],"aioseo_notices":[],"_links":{"self":[{"href":"https:\/\/espai-marx.net\/index.php?rest_route=\/wp\/v2\/posts\/2786","targetHints":{"allow":["GET"]}}],"collection":[{"href":"https:\/\/espai-marx.net\/index.php?rest_route=\/wp\/v2\/posts"}],"about":[{"href":"https:\/\/espai-marx.net\/index.php?rest_route=\/wp\/v2\/types\/post"}],"author":[{"embeddable":true,"href":"https:\/\/espai-marx.net\/index.php?rest_route=\/wp\/v2\/users\/9"}],"replies":[{"embeddable":true,"href":"https:\/\/espai-marx.net\/index.php?rest_route=%2Fwp%2Fv2%2Fcomments&post=2786"}],"version-history":[{"count":0,"href":"https:\/\/espai-marx.net\/index.php?rest_route=\/wp\/v2\/posts\/2786\/revisions"}],"wp:featuredmedia":[{"embeddable":true,"href":"https:\/\/espai-marx.net\/index.php?rest_route=\/wp\/v2\/media\/2787"}],"wp:attachment":[{"href":"https:\/\/espai-marx.net\/index.php?rest_route=%2Fwp%2Fv2%2Fmedia&parent=2786"}],"wp:term":[{"taxonomy":"category","embeddable":true,"href":"https:\/\/espai-marx.net\/index.php?rest_route=%2Fwp%2Fv2%2Fcategories&post=2786"},{"taxonomy":"post_tag","embeddable":true,"href":"https:\/\/espai-marx.net\/index.php?rest_route=%2Fwp%2Fv2%2Ftags&post=2786"}],"curies":[{"name":"wp","href":"https:\/\/api.w.org\/{rel}","templated":true}]}}