{"id":2797,"date":"2014-10-17T00:00:00","date_gmt":"2014-10-17T00:00:00","guid":{"rendered":"https:\/\/espai-marx.net\/?p=2797"},"modified":"2020-02-18T07:54:17","modified_gmt":"2020-02-18T06:54:17","slug":"un-poco-de-historia-comparada","status":"publish","type":"post","link":"https:\/\/espai-marx.net\/?p=2797","title":{"rendered":"Un poco de historia comparada"},"content":{"rendered":"<p>Una de las claves de la historia social y pol\u00edtica de los a\u00f1os de la gran depresi\u00f3n del XX fue el comportamiento de las clases medias y de sectores asalariados -los trabajadores de manguito o de cuello blanco-, a los que la depresi\u00f3n produjo una reacci\u00f3n de p\u00e1nico ante su deriva hacia la proletarizaci\u00f3n. No quer\u00edan ser proletarios y ante la realidad del empeoramiento de sus condiciones materiales buscaron la huida en la b\u00fasqueda de una condici\u00f3n \u201csuperior\u201d la de comunidad nacional y en el apoyo de aquellos que generaron un discurso beligerante de comunidad nacional antiproletaria. Ese fue el motor fundamental de su adhesi\u00f3n al fascismo, al campo gravitatorio del fascismo (tesis de Ferr\u00e1n Gallego y Francisco Morente); y con ello de su empe\u00f1o en ocultar, destruir, todo discurso de clase. La comunidad nacional era comprendida como un cuerpo, en t\u00e9rminos para-biol\u00f3gicos, o si quer\u00e9is bio-sociales. La Francia eterna, la Alemania superior, la Espa\u00f1a imperial\u2026 La \u00fanica propuesta pol\u00edtica que fren\u00f3 el avance del fascismo, aunque result\u00f3 tan exitosa que no pudo llegar a triunfar, fue la propuesta del Frente Popular; que evolucion\u00f3 de una t\u00e1ctica defensiva (elecciones de febrero y mayo en Francia) a una estrategia propositiva de revoluci\u00f3n popular (desarrollo de las consecuencias pol\u00edticas de los acuerdos de Matignon y, sobre todo, de las consecuencias de la guerra civil espa\u00f1ola).<\/p>\n<p>En el discurso del nacionalismo catal\u00e1n siempre hubo una componente no de identidad nacional sino de adhesi\u00f3n a la idea de una comunidad nacional; una comunidad nacional que es diferente\u2026 y superior, a las naciones\/pueblos proletarias\/os del Sur del Ebro. Una de las falacias del actual discurso nacionalista es el del abandono de ese etnicismo \u2013que se refuerza en la misma proporci\u00f3n en que no consigui\u00f3 y no consigue traducir la comunidad nacional en estado propio-: la falacia de la apertura a los que viven y trabajan en Catalu\u00f1a (si se asimilan; rechazo del multiculturalismo) y de la apelaci\u00f3n, en particular, a los inmigrante no peninsulares (los latinos, los norteafricanos \u2013nadie quiere a los del Este de Europa-) a participar en el proceso. No es un abandono del comunitarismo nacionalista, del etnicismo que s\u00f3lo admite que esa comunidad tenga una sola cultura propia (\u00bfno puede haber un estado multinacional? \u00bfno puede haber una sociedad multicultural? Todo eso lo niegan en los hechos, atribuyendo adem\u00e1s la culpa a los otros, aunque se maquille con \u201ckarakia\u201d. Es simplemente un c\u00e1lculo t\u00e1ctico, electoral, movilizar la inmigraci\u00f3n m\u00e1s indefensa para que contrarreste la que se puede defender, la que puede seguir teniendo sus culturas. Los mismos que hoy charlatanean con el voto de las peruanas y los marroqu\u00edes -perd\u00f3n, los amaziks que queda mejor- son los que ayer se quejaban airadamente porque esas peruanas y esos norteafricanos no hicieran una cola especial en los CAP y pasaran por delante de los nuestros Ese sentimiento de comunidad nacional superior se expresa en el \u201ccofo\u00efsme\u201d, el que rezuma la propaganda de los cartelitos del color de la bandera de la peste; el que dice que Europa no puede prescindir de Catalu\u00f1a y que, a pesar de todo, los espa\u00f1oles no podr\u00e1n prescindir del cava catal\u00e1n (el de Codorniu, no el de Freixinet)<\/p>\n<p>Me temo que la onda expansiva del comunitarismo nacional que estamos viviendo se vea alimentada tambi\u00e9n por el p\u00e1nico reflejo de huir de la Espa\u00f1a que se supone culturalmente inferior, \u201cproletaria\u201d; la Espa\u00f1a de los tramposos (pareciera que no tengamos Millets, ni\u2026) la de los haraganes (nadie vive de renta en Catalu\u00f1a), la de las mafias (\u00bfaqu\u00ed no hay prost\u00edbulos protegidos por funcionarios?) etc. etc. Tiene tambi\u00e9n una base social muy mayoritariamente mesocr\u00e1tica: clases medias y sectores asalariados; y tiene algo de conflicto, de clase y cultural, entre las clases medias de comarcas y el cintur\u00f3n urbano y obrero de Barcelona ( es un problema viejo, incrementado por el progreso material de las comarcas y sus clases medias).<\/p>\n<p>\u00bfQui\u00e9n tendr\u00e1 el beneficio estrat\u00e9gico de esa deriva? En el sentido m\u00e1s amplio quien est\u00e1 interesado en ocultar el discurso de clase. \u00bfQui\u00e9n se llevar\u00e1 la derrota estrat\u00e9gica de una generaci\u00f3n, por lo menos? Los que defienden el discurso de clase y la salida de la crisis sist\u00e9mica por media de una alianza de clases populares. El nacionalismo, adem\u00e1s de muchas otras implicaciones y consecuencias, aleja a las clases medias de esa alianza de clases, del frentepopulismo estrat\u00e9gico, puesto al d\u00eda, que es \u2013para m\u00ed\u2013 la \u00fanica salida de izquierdas que tiene posibilidades y puede llamarse como tal.<\/p>\n<p><a name=\"_GoBack\"><\/a> \u00bfHay alguna chance en este \u201cproceso\u201d para los discursos independentista revolucionarios, por tanto no nacionalistas sino de clase? Yo no acierto a verla. No pueden confundirse los deseos con las realidades. No se si la \u00faltima propuesta de Quim Arrufat es un reconocimiento de subordinaci\u00f3n en el proceso: Arrufat no llama a las masas a manifestarse contra las vacilaciones de Mas, llama a ERC a formar con CDC un gobierno de \u201cuni\u00f3n sagrada\u201d para \u201cblindar desde dentro\u201d el \u201cproceso\u201d\u2026 as\u00ed que \u00e9ste \u201cproceso\u201d es el suyo, a pesar de que ellos no tienen en \u00e9l ninguna opci\u00f3n dirigente, ninguna opci\u00f3n de iniciativa y renuncian a toda opci\u00f3n de ruptura. O yo me estoy equivocando de medio a medio, o m\u00e1s pronto que tarde, el independentismo revolucionario tendr\u00e1 que romper con el \u201dproceso\u201d, pero no s\u00f3lo eso, tendr\u00e1 que sumarse al exclusivo discurso de clase. Tambi\u00e9n de eso hay un precedente hist\u00f3rico. En los a\u00f1os treinta una parte de los j\u00f3venes \u2013trabajadores de manguito y cuello blanco\u2013 que hab\u00edan seguido a Maci\u00e1, se alejaron de \u00e9l, se enfrentaron a Esquerra y se integraron en el Bloc Obrer i Camperol, y, m\u00e1s tarde en el PSUC, defensores de la identidad nacional \u2013sin ninguna duda- pero no de la independencia (por m\u00e1s que algunos se empe\u00f1en en torcer y torturar sus discursos para esconder aquella realidad).<\/p>\n","protected":false},"excerpt":{"rendered":"<p style='margin-bottom: 0.5cm;' align='JUSTIFY'>Una de las claves de la historia social y pol\u00edtica de los a\u00f1os de la gran depresi\u00f3n del XX fue el comportamiento de las clases medias y de sectores asalariados -los trabajadores de manguito o de cuello blanco-, a los que la depresi\u00f3n produjo una reacci\u00f3n de p\u00e1nico ante su deriva hacia la proletarizaci\u00f3n. No quer\u00edan ser proletarios y ante la realidad del empeoramiento de sus condiciones materiales buscaron la huida en la b\u00fasqueda de una condici\u00f3n \u201csuperior\u201d la de comunidad nacional y en el apoyo de aquellos que generaron un discurso beligerante de comunidad nacional antiproletaria.<\/p>\n","protected":false},"author":9,"featured_media":2798,"comment_status":"open","ping_status":"open","sticky":false,"template":"","format":"standard","meta":{"footnotes":""},"categories":[13],"tags":[],"class_list":["post-2797","post","type-post","status-publish","format-standard","has-post-thumbnail","hentry","category-la-izquierda-a-debate"],"aioseo_notices":[],"_links":{"self":[{"href":"https:\/\/espai-marx.net\/index.php?rest_route=\/wp\/v2\/posts\/2797","targetHints":{"allow":["GET"]}}],"collection":[{"href":"https:\/\/espai-marx.net\/index.php?rest_route=\/wp\/v2\/posts"}],"about":[{"href":"https:\/\/espai-marx.net\/index.php?rest_route=\/wp\/v2\/types\/post"}],"author":[{"embeddable":true,"href":"https:\/\/espai-marx.net\/index.php?rest_route=\/wp\/v2\/users\/9"}],"replies":[{"embeddable":true,"href":"https:\/\/espai-marx.net\/index.php?rest_route=%2Fwp%2Fv2%2Fcomments&post=2797"}],"version-history":[{"count":0,"href":"https:\/\/espai-marx.net\/index.php?rest_route=\/wp\/v2\/posts\/2797\/revisions"}],"wp:featuredmedia":[{"embeddable":true,"href":"https:\/\/espai-marx.net\/index.php?rest_route=\/wp\/v2\/media\/2798"}],"wp:attachment":[{"href":"https:\/\/espai-marx.net\/index.php?rest_route=%2Fwp%2Fv2%2Fmedia&parent=2797"}],"wp:term":[{"taxonomy":"category","embeddable":true,"href":"https:\/\/espai-marx.net\/index.php?rest_route=%2Fwp%2Fv2%2Fcategories&post=2797"},{"taxonomy":"post_tag","embeddable":true,"href":"https:\/\/espai-marx.net\/index.php?rest_route=%2Fwp%2Fv2%2Ftags&post=2797"}],"curies":[{"name":"wp","href":"https:\/\/api.w.org\/{rel}","templated":true}]}}