{"id":2831,"date":"2014-12-02T00:00:00","date_gmt":"2014-12-02T00:00:00","guid":{"rendered":"https:\/\/espai-marx.net\/?p=2831"},"modified":"2020-02-18T07:36:51","modified_gmt":"2020-02-18T06:36:51","slug":"el-alba-es-un-proyecto-de-transicion-al-socialismo-posible","status":"publish","type":"post","link":"https:\/\/espai-marx.net\/?p=2831","title":{"rendered":"El ALBA es un proyecto de transici\u00f3n al socialismo posible"},"content":{"rendered":"<p class=\"western\" lang=\"es-ES\" style=\"margin-bottom: 0.2cm; line-height: 150%;\" align=\"JUSTIFY\">\u201cEl ALBA es un proyecto de transici\u00f3n anticapitalista, antiimperialista, de transici\u00f3n al socialismo, el socialismo posible, que utiliza el mercado para antagonizar con \u00e9l, procurando la redistribuci\u00f3n inmediata de la riqueza social, demostrando ser una alianza sostenible, con logros concretos en lo social y en lo econ\u00f3mico\u201d.<\/p>\n<p class=\"western\" lang=\"es-ES\" style=\"margin-bottom: 0.2cm; line-height: 150%;\" align=\"JUSTIFY\">As\u00ed lo de afirm\u00f3 el intelectual italiano Luciano Vasapollo, docente en la Universidad \u00abLa Sapienza\u00bb de Roma, en la conferencia \u201cEl Alba, realidad y esperanza de los pueblos del mundo\u201d, ofrecida este martes 25 de noviembre en Madrid, por los actos conmemorativos del X Aniversario de la Alianza Bolivariana para los Pueblos de Nuestra Am\u00e9rica -Tratado de Comercio de los Pueblos (ALBA-TCP).<\/p>\n<p class=\"western\" lang=\"es-ES\" style=\"margin-bottom: 0.2cm; line-height: 150%;\" align=\"JUSTIFY\">La actividad, organizada por las embajadas de los pa\u00edses del Alba acreditadas en Espa\u00f1a, se llev\u00f3 a cabo en la sede de la Secretar\u00eda General Iberoamericana. Los embajadores de Bolivia, Mar\u00eda del Carmen Almendras; de Cuba, Eugenio Mart\u00ednez; de Nicaragua, Ver\u00f3nica Rojas Berr\u00edos; de Ecuador, Miguel Calahorrano, y por Venezuela el Encargado de Negocios, Julio Garc\u00eda Jarpa, presidieron el evento. Adem\u00e1s estuvieron presentes representantes del mundo de la cultura, acad\u00e9micos, estudiantes universitarios y funcionarios del Ministerio de Asuntos Exteriores y de Cooperaci\u00f3n del Estado espa\u00f1ol.<\/p>\n<p class=\"western\" lang=\"es-ES\" style=\"margin-bottom: 0.2cm; line-height: 150%;\" align=\"JUSTIFY\">La presentaci\u00f3n del conferencista estuvo a cargo del profesor titular de Ciencia Pol\u00edtica en la Universidad Complutense de Madrid, Marcos Roitman, quien destac\u00f3, adem\u00e1s del contexto de la creaci\u00f3n del ALBA (en un momento en que se resquebrajaba el proyecto del \u00e1rea de Libre Comercio de las Am\u00e9ricas liderado por Washington), la l\u00f3gica martiana de su concepto, que \u201cengendra en s\u00ed mismo la lucha por el nombre, por la identidad propia de los pueblos nuestro americanos, en contraposici\u00f3n tambi\u00e9n a lo iberoamericano o latino\u201d.<\/p>\n<p class=\"western\" lang=\"es-ES\" style=\"margin-bottom: 0.2cm; line-height: 150%;\" align=\"JUSTIFY\">Roitman precis\u00f3 que Luciano Vasapollo, \u201ces un intelectual comprometido con los pueblos de nuestra Am\u00e9rica, porque los conoce y ha vivido en ellos, tiene conocimiento de su gente, de sus situaciones, de su historia. Ha escrito trabajos sobre el ALBA, entre ellos su ensayo Pensar a Contracorriente, es director de revistas acad\u00e9micas y autor de m\u00e1s de 50 libros sobre la realidad de Am\u00e9rica Latina.\u201d<\/p>\n<p class=\"western\" lang=\"es-ES\" style=\"margin-bottom: 0.2cm; line-height: 150%;\" align=\"JUSTIFY\">Para Vasapollo, quien tambi\u00e9n es delegado del rector de la Universidad \u00abLa Sapienza\u00bb para las relaciones Institucionales, \u201cFidel Castro y Hugo Ch\u00e1vez visionariamente plantean el ALBA como un mecanismo de integraci\u00f3n pol\u00edtica para poder socializar inmediatamente el bienestar y el modelo productivo\u201d, no es solo un modelo comercial.<\/p>\n<p class=\"western\" lang=\"es-ES\" style=\"margin-bottom: 0.2cm; line-height: 150%;\" align=\"JUSTIFY\">El tambi\u00e9n economista considera que los resultados positivos del ALBA en lo social y en lo econ\u00f3mico, obedecen a que este mecanismo \u201crelativiza el papel hegem\u00f3nico del mercado en su pol\u00edtica de desarrollo. El ALBA rechaza totalmente la estructura neocl\u00e1sica del mercado, y en su estructura est\u00e1 un cuerpo te\u00f3rico, sobre el rol del estado en la econom\u00eda fundamental, a partir de una aspiraci\u00f3n que tiene la gente de alcanzar el socialismo.\u201d<\/p>\n<p class=\"western\" lang=\"es-ES\" style=\"margin-bottom: 0.2cm; line-height: 150%;\" align=\"JUSTIFY\">Vasapollo recuerda que \u201cdatos de las Naciones Unidas y del Banco Mundial est\u00e1n demostrando no solo que los pa\u00edses del ALBA est\u00e1n creciendo en el plano social, tambi\u00e9n en un indicador maldito del que yo no hablo, como es el Producto Interno Bruto, est\u00e1 demostrando tambi\u00e9n su crecimiento\u201d. As\u00ed, destac\u00f3 especialmente los importantes avances en materia de disminuci\u00f3n de la pobreza en Bolivia y Ecuador desde su incorporaci\u00f3n al ALBA.<\/p>\n<p class=\"western\" lang=\"es-ES\" style=\"margin-bottom: 0.2cm; line-height: 150%;\" align=\"JUSTIFY\">Como datos globales puntualiz\u00f3 que el desempleo ha ca\u00eddo completamente en los pa\u00edses del ALBA. En materia educativa, la tasa promedio de escolaridad se ubica en m\u00e1s de 90 por ciento. Cuba, Venezuela, Bolivia, Nicaragua, se clasifican como pa\u00edses libres de analfabetismo, reconocido por la Unesco. En materia de salud p\u00fablica hay resultados a\u00fan m\u00e1s importantes.<\/p>\n<p class=\"western\" lang=\"es-ES\" style=\"margin-bottom: 0.2cm; line-height: 150%;\" align=\"JUSTIFY\">Vasapollo reflexion\u00f3 que \u201cel socialismo se tiene que construir en funci\u00f3n de la correlaci\u00f3n de fuerzas. Estoy seguro que Evo Morales, Rafael Correa, Ra\u00fal Castro, Nicol\u00e1s Maduro, tienen una idea muy avanzada de la forma del socialismo que aspiran, pero est\u00e1 el imperio, est\u00e1n las fuerzas econ\u00f3micas, las fuerzas militares\u2026 La guerra econ\u00f3mica que est\u00e1n haciendo ahora contra el gobierno de Maduro, lo demuestra fuertemente.\u201d<\/p>\n<p class=\"western\" lang=\"es-ES\" style=\"margin-bottom: 0.2cm; line-height: 150%;\" align=\"JUSTIFY\">\u201cCon un importante proceso de transici\u00f3n\u201d, el ALBA \u201cen un periodo muy breve ser\u00e1 un Tratado, pasando de alianza a un Tratado para los pueblos de nuestra Am\u00e9rica, y as\u00ed dar un enfoque institucional fuerte a una alternativa anticapitalista,\u201d presagi\u00f3 Vasapollo.<\/p>\n<p class=\"western\" lang=\"es-ES\" style=\"margin-bottom: 0.2cm; line-height: 150%;\" align=\"JUSTIFY\">El economista apunt\u00f3 tambi\u00e9n que no se puede analizar el ALBA como una relaci\u00f3n econ\u00f3mica de competitividad, pero s\u00ed de capacidad de defender la soberan\u00eda de las econom\u00edas que lo integran. \u201cSe trata es de defender la econom\u00eda local, el rol del la clase obrera y la condici\u00f3n agr\u00edcola de los campesinos locales \u2013que eran asesinados por las condiciones impuestas por el Banco Mundial y el FMI, y de la Organizaci\u00f3n Mundial del Comercio\u2014, defender la autodeterminaci\u00f3n de los pueblos, la cultura popular.\u201d<\/p>\n<p class=\"western\" lang=\"es-ES\" style=\"margin-bottom: 0.2cm; line-height: 150%;\" align=\"JUSTIFY\">As\u00ed mismo, agrega Vasapollo, defender a la creatividad, pues el Alba plantea que \u201clos acuerdos de integraci\u00f3n no pueden constituir un obst\u00e1culo a la difusi\u00f3n del proceso cient\u00edfico y tecnol\u00f3gico, por eso es fundamental la socializaci\u00f3n de la capacidad intelectual.\u201d<\/p>\n<p class=\"western\" lang=\"es-ES\" style=\"margin-bottom: 0.2cm; line-height: 150%;\" align=\"JUSTIFY\">Finalmente, puntualiz\u00f3 el reconocido acad\u00e9mico que \u201cno es la Am\u00e9rica Latina la que tiene que mirar a Europa, nosotros la izquierda europea tenemos que mirar al ALBA y pensar en construir elementos culturales y una prospectiva para un ALBA mediterr\u00e1nea o Euro-Afro-Mediterr\u00e1nea, abierta al mundo de la gente.\u201d<\/p>\n<p class=\"western\" style=\"margin-bottom: 0.2cm; line-height: 150%;\" align=\"JUSTIFY\"><i><b>Fuente:<\/b><\/i> <u><a href=\"http:\/\/www.tercerainformacion.es\/spip.php?article77654\">http:\/\/www.tercerainformacion.es\/spip.php?article77654<\/a><\/u><\/p>\n<p class=\"western\" lang=\"es-ES\" style=\"margin-bottom: 0.2cm; line-height: 150%;\" align=\"JUSTIFY\">\n","protected":false},"excerpt":{"rendered":"<p class='MsoNormal' style='margin-bottom: 18.0pt; text-align: justify; line-height: 150%;'>No es la Am\u00e9rica Latina la que tiene que mirar a Europa, nosotros, la izquierda europea tenemos que mirar al ALBA y pensar en construir elementos culturales y una prospectiva para un ALBA mediterr\u00e1nea o Euro-Afro-Mediterr\u00e1nea, abierta al mundo de la gente.<\/p>\n","protected":false},"author":9,"featured_media":2832,"comment_status":"open","ping_status":"open","sticky":false,"template":"","format":"standard","meta":{"footnotes":""},"categories":[32,13],"tags":[],"class_list":["post-2831","post","type-post","status-publish","format-standard","has-post-thumbnail","hentry","category-america-latina","category-la-izquierda-a-debate"],"aioseo_notices":[],"_links":{"self":[{"href":"https:\/\/espai-marx.net\/index.php?rest_route=\/wp\/v2\/posts\/2831","targetHints":{"allow":["GET"]}}],"collection":[{"href":"https:\/\/espai-marx.net\/index.php?rest_route=\/wp\/v2\/posts"}],"about":[{"href":"https:\/\/espai-marx.net\/index.php?rest_route=\/wp\/v2\/types\/post"}],"author":[{"embeddable":true,"href":"https:\/\/espai-marx.net\/index.php?rest_route=\/wp\/v2\/users\/9"}],"replies":[{"embeddable":true,"href":"https:\/\/espai-marx.net\/index.php?rest_route=%2Fwp%2Fv2%2Fcomments&post=2831"}],"version-history":[{"count":0,"href":"https:\/\/espai-marx.net\/index.php?rest_route=\/wp\/v2\/posts\/2831\/revisions"}],"wp:featuredmedia":[{"embeddable":true,"href":"https:\/\/espai-marx.net\/index.php?rest_route=\/wp\/v2\/media\/2832"}],"wp:attachment":[{"href":"https:\/\/espai-marx.net\/index.php?rest_route=%2Fwp%2Fv2%2Fmedia&parent=2831"}],"wp:term":[{"taxonomy":"category","embeddable":true,"href":"https:\/\/espai-marx.net\/index.php?rest_route=%2Fwp%2Fv2%2Fcategories&post=2831"},{"taxonomy":"post_tag","embeddable":true,"href":"https:\/\/espai-marx.net\/index.php?rest_route=%2Fwp%2Fv2%2Ftags&post=2831"}],"curies":[{"name":"wp","href":"https:\/\/api.w.org\/{rel}","templated":true}]}}