{"id":2840,"date":"2014-12-03T00:00:00","date_gmt":"2014-12-03T00:00:00","guid":{"rendered":"https:\/\/espai-marx.net\/?p=2840"},"modified":"2020-02-18T07:35:12","modified_gmt":"2020-02-18T06:35:12","slug":"carta-abierta-al-companero-alberto-garzon","status":"publish","type":"post","link":"https:\/\/espai-marx.net\/?p=2840","title":{"rendered":"Carta abierta al compa\u00f1ero Alberto Garz\u00f3n"},"content":{"rendered":"<p>A la atenci\u00f3n de Alberto Garz\u00f3n<\/p>\n<p>Apreciado compa\u00f1ero: he podido ver el v\u00eddeo que Fort Apache edit\u00f3 y public\u00f3 en Youtube, sobre la mesa redonda en la que participasteis t\u00fa, I\u00f1igo Errej\u00f3n, Manuel Monereo, Enric Juliana, Carolina Bescansa y Jorge Alem\u00e1n.<\/p>\n<p>Conviene ver el debate entero. El montaje\/resumen colgado en Youtube por Fort Apache: <a href=\"https:\/\/www.youtube.com\/watch?v=CXd-WQH9j3c&amp;list=UUzoE2GeGTIcSiBmLoOLYsWQ\">https:\/\/www.youtube.com\/watch?v=CXd-WQH9j3c&amp;list=UUzoE2GeGTIcSiBmLoOLYsWQ<\/a> tiene otra enjundia e intenci\u00f3n: m\u00e1s que \u201cuna de indios apaches y americanos\u201d era un \u201cduelo al sol\u201d entre t\u00fa y Errej\u00f3n, el cual que era ayudado, con su winchester, por el productor del v\u00eddeo, el verdadero encargado de matar, desde el callej\u00f3n, a Liberty Valance. Ese montaje dual es, tambi\u00e9n, muy instructivo: el medio es el mensaje.<\/p>\n<p>El debate giraba en torno a la construcci\u00f3n de un sujeto. Un sujeto que podemos denominar Pueblo; o Bloque social. A mi juicio, hab\u00eda acuerdo de base en que los sujetos sociales son hist\u00f3ricos y se construyen. No existe ning\u00fan organismo social que sea natural o exista espont\u00e1neamente. De hecho, cuando el marxismo utiliza determinada terminolog\u00eda y define que una clase es o existe \u201cen s\u00ed\u201d, debemos tener en cuenta que ese es el t\u00e9rmino que Hegel construye para traducir al alem\u00e1n el \u201cdynamis\u201d griego que traducido al lat\u00edn da \u201cin potentiam\u201d: en potencia. Lo que en potencia puede ser una cosa es la materia. La materia en potencia puede ser muchas cosas. Una madera puede ser una cama \u2013por seguir con Arist\u00f3teles- o un arado, o una fogata.<\/p>\n<p>Tambi\u00e9n creo que hab\u00eda acuerdo en otro asunto: en que el sujeto debe ser construido por la mediaci\u00f3n de ideas; y si se quiere, habr\u00eda -creo- otro punto en el que habr\u00eda cierto acuerdo: en que para eso, para las \u201cideas\u201d se necesita del \u201clenguaje\u201d.<\/p>\n<p>A partir de ah\u00ed era muy clara la opci\u00f3n de Errej\u00f3n: una opci\u00f3n inmersa en el \u201cGiro ling\u00fc\u00edstico\u201d. Para \u00e9l la construcci\u00f3n de un pueblo depende de la creaci\u00f3n de un lenguaje simb\u00f3lico, elaborada por intelectuales. Un lenguaje de significantes semivac\u00edos que interpele a la gente, y le haga movilizar su imaginario, proyectarse en ese lenguaje, llenarlo de contenido y sentirse parte integrante del colectivo ling\u00fc\u00edstico simb\u00f3lico movilizado. En ese grado de unificaci\u00f3n, cabe entonces preguntarnos por la actividad posible de ese p\u00fablico concitado como parte de un Sujeto. Fundamentalmente es doble: la movilizaci\u00f3n puntual cuando sea convocado a una movilizaci\u00f3n de masas \u2013los actos de masas- y la votaci\u00f3n en las elecciones. Si se organiza un sindicato, cabe, adem\u00e1s, que el p\u00fablico se afilie. Y si el sindicato es una central al uso \u2013una central de servicios y negociaciones colectivas- el individuo p\u00fablico concitado cotizar\u00e1 y elegir\u00e1 representantes, en su sindicato y en las elecciones sindicales. En la pr\u00e1ctica el giro ling\u00fc\u00edstico propone la vuelta al \u201cModelo de 1978\u201d \u2013si se quiere, al pacto del 48\/guerra-fr\u00eda-Fulton. \u201cT\u00fa te desmovilizas que yo te dar\u00e9 lo que necesites\u201d-.<\/p>\n<p>Errej\u00f3n se refer\u00eda, para legitimar este modelo al PCI de Togliatti. All\u00ed mismo \u2013o quiz\u00e1 en otro lugar, y yo me confundo de v\u00eddeo- citaba tambi\u00e9n a Gramsci, como te\u00f3rico de la \u201cideolog\u00eda\u201d.<\/p>\n<p>T\u00fa por tu parte, se\u00f1alaste el asunto de la ambig\u00fcedad del discurso as\u00ed construido, y la ambig\u00fcedad consiguiente de sus consecuencias. Y citaste a Gramsci, y a Polanyi, expl\u00edcitamente. Y, creo, impl\u00edcitamente, citaste <strong>El 18 Brumario de Luis Napole\u00f3n Bonaparte<\/strong>, de Marx, como texto que explica una situaci\u00f3n semejante.<\/p>\n<p>Me sorprendi\u00f3 que no extrajeras m\u00e1s conclusiones del conjunto citado, y que no negaras la interpretaci\u00f3n que Errej\u00f3n hac\u00eda de Togliatti y el PCI<\/p>\n<p>Tanto Gramsci como Polanyi consideran que el mundo humano se construye. Pero saben adem\u00e1s que el mundo humano tiene unas bases ontol\u00f3gicas, o si se prefiere \u2013pero es cuesti\u00f3n de palabras- antropol\u00f3gicas, no reducibles a discurso te\u00f3rico y no producidas por el discurso te\u00f3rico. No reducibles a la pol\u00edtica, si por pol\u00edtica se entiende la acci\u00f3n institucional.<\/p>\n<p>Para Gramsci, como para el padre de la antropolog\u00eda econ\u00f3mica, el ser humano se construye cuando construye su ethos \u2013eticit\u00e0-, su cultura material de vida \u2013o su esp\u00edritu objetivo; o su sustancia, o su positividad, o su pueblo, o su estado: son sin\u00f3nimos-. Cuando organiza su hacer en su vida cotidiana, cuando organiza su actividad de metabolismo con la naturaleza. Obviamente, esta cultura se basa en acci\u00f3n, en actividad. Y la actividad, tambi\u00e9n obviamente, est\u00e1 orientada, constantemente, desde dentro de la misma, mediante lenguaje, mediante palabras. Pero esta discursividad que es la ontol\u00f3gica, que es la que pone\/crea mundo de vida, una cultura material, que es la que dirige un hacer objetivador concreto, y que es discursividad, o raz\u00f3n vehiculada mediante lenguaje, sin embargo, no es raz\u00f3n te\u00f3rica. En absoluto. Es Raz\u00f3n Pr\u00e1ctica, es el pensamiento que gu\u00eda la praxis.<\/p>\n<p>Todo esto es Gramsci \u2013es Polanyi-; todo esto es Marx, es Hegel. Todo esto es al padre de la filosof\u00eda de la praxis, es Arist\u00f3teles, el fil\u00f3sofo m\u00e1s grande de todos los tiempos seg\u00fan Hegel.<\/p>\n<p>Es el hacer en comunidad, guiado por el interno pensamiento lenguaje pr\u00e1xico, el que crea comunidad. Y es el hacer de cada individuo en comunidad el que crea la subjetividad de cada individuo. Crea sus capacidades de hacer \u2013\u201cel acto es anterior a la potencia\u201d, Arist\u00f3teles, Metaf\u00edsica 1045 b-; crea sus expectativas y aspiraciones; crea su imaginario. Crea sus necesidades. La experiencia que la praxis genera en el sujeto; esto es, la experiencia de capacidad de hacer o de impotencia de hacer, esa es la que genera la imaginaci\u00f3n sobre lo que puede llegar a ser posible o no. Y es una imaginaci\u00f3n \u201ccierta\u201d, no una imaginaci\u00f3n \u201cfantasiosa\u201d: si sabr\u00e9 yo de lo que yo soy capaz, si sabr\u00e9 yo lo capacitado que estoy \u2013a consecuencia de mi organizaci\u00f3n\/ aislamiento, que posibilita\/impide que yo desarrolle en mi capacidades reales nuevas de dominio sobre mi vivir- para poder hacer: si sabr\u00e9 yo si a mi me gusta el jam\u00f3n. Saber de la experiencia de la consciencia es el subt\u00edtulo de la <strong>Fenomenolog\u00eda del esp\u00edritu<\/strong>.<\/p>\n<p>Si el hacer de las personas en comunidad sigue siendo hegemonizado por el proyecto capitalista; si la \u00fanica forma de vida que sabemos \u2013y la sabemos aisladamente: como individuos aislados en nuestro vivir cotidiano- es la capitalista, \u201c\u00e9sta\u201d, entonces, el recorrido de nuestra imaginaci\u00f3n, el de nuestras aspiraciones, el de nuestra voluntad y querer estar\u00e1 limitado a lo que hay.<\/p>\n<p>No solo eso; seguir\u00e1 sin haber sujeto Pueblo. Sujeto pueblo es la comunidad organizada activa capilarmente que act\u00faa en su vida cotidiana, que la controla, que la transforma.<\/p>\n<p>Sea lo que sea, y c\u00f3mo lo definamos; y pensemos c\u00f3mo pensemos la g\u00e9nesis del Pueblo, el Pueblo, es \u2013va una tautolog\u00eda no inocente- \u201cPueblo\u201d. Esto es, este concepto moderno se construye y continua una l\u00ednea filos\u00f3fica. El concepto es el del DEMOS. Y el demos \u2013o su alternativa rival, hoy, los ricos y poderosos- es Kyr\u00edos; esto es, es Se\u00f1or, es Dominador, es Amo. Traduciendo a la Modernidad, el Pueblo es Soberano. Soberano es palabra que viene del siglo XVII. Procede del lenguaje pol\u00edtico del Absolutismo: el rey absoluto es \u201csoberano\u201d. Es legibus solutus; es libre y no est\u00e1 sometido a la ley porque \u00e9l crea la ley. La palabra fue, en consecuencia, una excelente adecuaci\u00f3n a la Modernidad del concepto Kyrie\/Se\u00f1or griego. Bueno, pues el \u201cPUEBLO\u201d es \u201cSOBERANO\u201d. El pueblo por tanto no es representable, no delega, no se deja representar al hacer la ley. No en Grecia, ni en el res publicanismo hist\u00f3rico posterior, tanto en el medioeval, como en el moderno, inaugurado por nuestro gran Francisco de Vitoria; ni en Rousseau \u2013uno de los tantos res publicanos- ni en Robespierre. Aquello que cede su capacidad legislativa se convierte en esclavo, o en menor de edad discapacitado. Por tanto no pude denominarse Pueblo, porque no es kyr\u00edos, no es Soberano.<\/p>\n<p>Lo existente, lo que se construye y emerge cuando se usa el discurso para crear significantes sem\u00e1nticos vac\u00edos, tal como propone Errej\u00f3n, es una multitud de individualidades. Sabemos lo que es eso. Lo sabemos porque nos lo explica Marx en ese libro que -creo- t\u00fa citas, el libro del que parte Gramsci para elaborar su teor\u00eda sobre el fascismo: El 18 brumario de Luis Napole\u00f3n Bonaparte, de Marx. En situaciones excepcionales en que se produce la doble ausencia de un entramado societario que constituye un sujeto o bloque social hegem\u00f3nico, ya sea el del poder dominante o sea el alternativo de los subalternos, se produce una situaci\u00f3n en la que la actividad pol\u00edtica es \u201ctomada por asalto\u201d \u2013de <strong>Guerra civil en Francia<\/strong>, y tambi\u00e9n de Pablo Iglesias- por \u201clos aventureros de todas las clases sociales\u201d \u2013ahora s\u00ed, de <strong>El 18 brumario<\/strong>&#8211; o s\u00e9ase: estamos en condiciones de una nueva Revoluci\u00f3n Pasiva y su consiguiente y capilar Transformismo. Esto es, el r\u00e9gimen del 78, pero con un recambio al PSOE.<\/p>\n<p>Lo sabemos tambi\u00e9n porque lo hemos visto, hemos vuelto a ver, ahora, en Catalunya eso de la pol\u00edtica de creaci\u00f3n de Pueblo como creaci\u00f3n de significantes vac\u00edos. La pol\u00edtica se desenvuelve aqu\u00ed conforme a esas pautas: \u201csoberanismo\u201d, \u201cindependencia\u201d \u201cMadrit\u201d y \u201cPresident\u201d, son \u201csignificantes vac\u00edos\u201d que interpelan a las gentes para que proyecten sus fantas\u00edas \u2013no su imaginaci\u00f3n sobre lo que ellos podr\u00edan conseguir mediante su praxis directa organizada-. Su fantas\u00eda de que un pap\u00e1 todopoderoso les arregle el juguete. La capacidad de movilizaci\u00f3n puntual es muy grande en un sector social. Dejemos el hecho de que deja fuera mucha sociedad. Fij\u00e9monos en la nula capacidad de control por parte de la gente movilizada sobre sus movilizadores. Y la nula capacidad aumentada de control sobre su vida cotidiana.<\/p>\n<p>Eso no es \u201cPueblo\u201d. Solo un pensamiento muy extraviado puede ver en eso un Pueblo, un Poder Soberano, auto determinado, real.<\/p>\n<p>Gramsci nos explica en multitud de pasos c\u00f3mo se auto constituye un Pueblo. En los cuadernos 13 y 18 sobre Maquiavelo, en el cuaderno 10 sobre Croce, en los cuadernos 9 y 19 sobre el Risorgimento, en los cuadernos 4, 7, 8 y sobre todo 11 en que trata sobre el Filosofar de la praxis\u2026 etc.<\/p>\n<p>Me permito introducir aqu\u00ed s\u00f3lo una cita de Gramsci en la que \u00e9l documenta hist\u00f3ricamente un proceso de constituci\u00f3n \u2013auto constituci\u00f3n, auto creaci\u00f3n-, del Pueblo como Sujeto. Aqu\u00ed, s\u00ed, un verdadero, material, PROCESO CONSTITUYENTE \u2013la verdadera Carmen de Espa\u00f1a y no la de Merim\u00e9e-. La cita procede del \u00a7 4 del Cuaderno 25 (a\u00f1o 1934), sobre \u201cla historia de los grupos sociales subalternos\u201d \u2013 pag. 2284 de la edici\u00f3n de Gerratana de los Quaderni- (pongo entre corchetes mis notas):<\/p>\n<p>\u201c\u2026 hay all\u00ed algunas aproximaciones al desarrollo hist\u00f3rico de las clases populares en los Comunes italianos especialmente dignas de atenci\u00f3n y de desarrollo separado. Las guerras rec\u00edprocas entre los Comunes y la consiguiente necesidad de reclutar una m\u00e1s vigorosa y abundante fuerza militar armando al mayor n\u00famero, daban a los populares \u2013popolani- consciencia de su fuerza y al mismo tiempo reforzaban las filas (es decir, funcionaron como excitantes en la formaci\u00f3n compacta y solidaria del grupo y del partido). Los combatientes permanec\u00edan unidos tambi\u00e9n durante la paz, sea por el servicio a prestar, sea, como continuaci\u00f3n de ello, y con creciente solidaridad, para fines de utilidad particular [del \u201cgrupo\u201d; \u201cgrupo\u201d: \u201cluchas de clases sin clases sociales\u201d que dir\u00eda E.P. Thompson] (\u2026) M\u00e1s all\u00e1 del oficio pol\u00edtico de defensa externa del Com\u00fan, ten\u00edan el fin de asegurar a cada popular \u2013popolano- la tutela necesaria contra las agresiones de los nobles y de los potentados \u2013potenti- (\u2026) Y a las sanciones civiles y sociales se a\u00f1ad\u00edan, adem\u00e1s del juramento, una sanci\u00f3n religiosa, con la com\u00fan asistencia a la misa y a la celebraci\u00f3n de los oficios divinos [fort\u00edsima experiencia juramentada por ritual de ser comunidad], mientras otras obligaciones comunes, como aquellas, comunes a las fraternidades p\u00edas, de socorrer a los socios pobres, enterrar a los difuntos [funciones auto-organizadas de estado social] etc., hac\u00edan siempre a\u00fan m\u00e1s persistente y estrecha la uni\u00f3n. Para las funciones mismas de la sociedad se crearon en consecuencia cargos y consejos (\u2026) [de abajo arriba] que con el tiempo tuvieron valor m\u00e1s all\u00e1 de los l\u00edmites de la sociedad y encontraron acomodo en la constituci\u00f3n del Com\u00fan [paso de Sujeto-Bloque Social a Estado] (\u2026) Y a medida en que el movimiento de emancipaci\u00f3n toma fuerza, sobrepasando los l\u00edmites y la forma de estas sociedades, el elemento popular exige y obtiene la participaci\u00f3n en los mayores cargos p\u00fablicos. <strong>El pueblo se <\/strong><strong>constituye <\/strong> [esto s\u00ed que es un verdadero proceso constituyente: constituci\u00f3n del proletariado en clase, conquista del poder pol\u00edtico por el proletariado, capitulillo 2 de <strong>El Manifiesto <\/strong>Comunista] <strong>cada vez m\u00e1s en verdadero partido pol\u00edtico y para dar mayor eficiencia y centralizaci\u00f3n a su acci\u00f3n se da un jefe<\/strong> (\u2026) <strong>El pueblo, que ya, cada vez m\u00e1s, pero a\u00fan espor\u00e1dicamente, se hab\u00eda armado, se hab\u00eda reunido y hab\u00eda tomado deliberaciones diferentes, se <\/strong><strong>constituye<\/strong> <strong>como un ente aparte, que se da tambi\u00e9n sus propias leyes<\/strong> (\u2026) Cuando el pueblo no logra obtener de las autoridades comunales las reformas deseadas, hace su escisi\u00f3n, con el apoyo de hombres eminentes del Com\u00fan, y, <strong>constituy\u00e9ndose en asamblea independiente, comienza a crear magistraturas propias<\/strong> (\u2026) El pueblo logra, primero pr\u00e1cticamente, y despu\u00e9s tambi\u00e9n formalmente, hacer aceptar en los Estatutos generales del Com\u00fan disposiciones que antes (\u2026) [eran] de uso interno. El pueblo logra en consecuencia dominar el Com\u00fan\u2026\u201d<\/p>\n<p><a name=\"_GoBack\"><\/a> Como vemos, la Constituci\u00f3n de un Pueblo \u2013ese es el verdadero, \u00fanico, real \u201cPROCESO CONSTITUYENTE\u201d- no es consecuencia de la constituci\u00f3n o creaci\u00f3n de lenguaje creado por especialistas. No es consecuencia de lenguaje porque no es consecuencia del relleno de significantes de un discurso intelectual te\u00f3rico. Sino de un discurso pr\u00e1ctico auto generado que dirige una praxis auto t\u00e9lica, auto determinada. La teor\u00eda de la ling\u00fcisticidad, o giro ling\u00fc\u00edstico es una nueva justificaci\u00f3n de la teor\u00eda de elites; o de la \u201cconsciencia exterior\u201d.<\/p>\n<p>Este sujeto Pueblo que se constituye en los casos hist\u00f3ricos en que se ha dado tal hecho, no es resultado de un lenguaje \u201cconsciencia exterior\u201d tra\u00edda o importada, sino consecuencia de un proceso largo de actividad sostenida mediante la que se constituye como Sujeto. Y la praxis que ejecuta y mediante la que se auto crea como sujeto y se auto constituye, no es solo, ni mucho menos, el votar. Cuanto si menos el solo votar.<\/p>\n<p>Tras Gramsci est\u00e1 Hegel que considera, en continuidad con el saber pol\u00edtico cl\u00e1sico, que una polis, -un Estado dir\u00edamos nosotros-, es ethos + nomos. Cultura material de vida o saber pr\u00e1ctico creador de la misma, m\u00e1s leyes. El hegeliano Gramsci, disc\u00edpulo del hegeliano Labriola, y del hegeliano no marxista Croce; lector en alem\u00e1n de Hegel y de los cl\u00e1sicos greco latinos, -igual que su hegeliano camarada Togliatti-, piensa, a su vez, que el Estado es sociedad pol\u00edtica+sociedad civil. Croce dice que un estado es eticidad.<\/p>\n<p>Hegel sab\u00eda que, hasta la fecha \u2013suya-, hab\u00eda organizaciones que inspiraban y reg\u00edan la actividad que produc\u00eda la vida en com\u00fan de las comunidades. Organizaciones que eran capaces de acoger los elementos particulares, existentes o emergentes en una comunidad, que no chocaran con la inspiraci\u00f3n central que pretend\u00edan darle al ethos. Eran las iglesias. Y dice que por eso es un gran salto civilizatorio lo ocurrido con el luteranismo. Porque se necesita una religi\u00f3n\/iglesia \u2013religaci\u00f3n- para poder deliberar y elaborar saber hacer unificado \u2013visi\u00f3n del mundo, weltanschauung + creencia trascendente- que, puesto en obra por las manos de las gentes, crea la comunidad\/mundo objetivado. Y esa religi\u00f3n luterana ha aportado la liquidaci\u00f3n de jerarqu\u00eda y la posible participaci\u00f3n en la deliberaci\u00f3n sobre el mundo a crear de todos los individuos en pie de igualdad. El sacerdocio es cuesti\u00f3n de todos. Gramsci, que concibe que el partido debe ser un creador de ethos, un partido como una iglesia luterana, rechaza que esa organizaci\u00f3n dedicada a la creaci\u00f3n de un ethos deba ser pensada como instrumento en que una mayor\u00eda haga lo que una minor\u00eda piensa. Una cultura no puede ser dise\u00f1ada a priori por mentes privilegiadas, ni por consciencias externas, ling\u00fc\u00edsticas o no.<\/p>\n<p>Tambi\u00e9n rechaza, es obvio, \u2013lo dice en muchos lugares, el m\u00e1s claro al debatir con Masarik, y se puede buscar por el \u00edndice de nombres de la edici\u00f3n Gerratana de los Cuadernos- que sea necesario crear una religi\u00f3n nueva, y que eso ya lo ha demostrado la Revoluci\u00f3n Francesa y la Rusa. Basta con la creaci\u00f3n de una visi\u00f3n del mundo nueva \u2013una weltanschauung-, denominada tambi\u00e9n por \u00e9l un buen sentido<\/p>\n<p>Y es errado apelar al caso de Togliatti para justificar la creaci\u00f3n de un \u201cpueblo\u201d-giro ling\u00fc\u00edstico. Togliatti quer\u00eda construir un \u201cPopolo comunista\u201d. Y eso, para \u00e9l, que era un hegeliano, implicaba la creaci\u00f3n de una vida\/cultura material cotidiana alternativa, independiente. Sobre la vida asociativa cotidiana que generaba el partido de masas en cada lugar, sobre el vivir cotidiano auto-organizado que el partido generaba y la sociedad-cultura aut\u00f3noma que hab\u00eda creado, se puede ver algo en el libro de Magri <strong>El sastre de Ulm<\/strong>. Por supuesto, esto, esta concepci\u00f3n fue abandonada paulatinamente tras su muerte. El partido fue cambiando de ADN. Dejaba de ser un instrumento de auto actividad que construye comunidad de vida alternativa y crea as\u00ed un Sujeto, para ser un instrumento institucional, un instrumento, no al servicio de la creaci\u00f3n de un Pueblo, sino al servicio de las instituciones pol\u00edtico administrativas, al servicio de la gesti\u00f3n de las mismas. Cuando se critica y contrapone a Togliatti con Gramsci, se es sumamente injusto y se est\u00e1 equivocado. Ambos \u201cse sab\u00edan\u201d su Hegel. Luego, cada cual vivi\u00f3 su experiencia y su momento, claro.<\/p>\n<p>Tambi\u00e9n Karl Polanyi, a quien citabas, opina as\u00ed. Seg\u00fan Polanyi, primero se construyen o constituyen los sujetos sociales mediante su actividad, dirigida desde dentro por el pensamiento lenguaje pr\u00e1xico. Luego aparecen los gestores especializados, sometidos a la voluntad del sujeto y por \u00faltimo, los te\u00f3ricos o, que completan el servicio de estudios creado para servir a su soberano, el sujeto. Me remito, como muestra de ello, a un texto de Polanyi, de los a\u00f1os veinte, mediante el que \u00e9l participa en una pol\u00e9mica sobre la contabilidad socialista, en la que se abordaban problemas de la contabilidad sovi\u00e9tica. Si no recuerdo mal es un art\u00edculo de 1922 titulado precisamente \u201cLa contabilit\u00e9 socialiste\u201d publicado como parte de una magn\u00edfica selecci\u00f3n de textos <strong>Essais de Karl Polanyi<\/strong>, en Ed Seuil Par\u00eds (2008), no incluido en la selecci\u00f3n elegida y traducida al castellano por Clacso (Buenos Aires, 2012) a partir de este volumen de Seuil que contiene este art\u00edculo-.<\/p>\n<p>Para polemizar contra los que sosten\u00edan ideas semejantes al giro ling\u00fc\u00edstico \u2013prioridad del discurso te\u00f3rico de una elite intelectual en la constituci\u00f3n de un sujeto y de una realidad social-, Polanyi pone como ejemplo la historia emp\u00edrica del proceso de constituci\u00f3n del sujeto \u201cLa Burgues\u00eda\u201d. Lo primero, durante el siglo XVlll, es la aparici\u00f3n de los grandes granjeros con capital que invierten en la tierra para producir granos: praxis. Una vez se constituyen \u00e9stos como sujeto, aparecen sus criados los contables. Y una vez estos detectan problemas, por \u00faltimo, en tercer lugar en el tiempo, surgen sus servidores los economistas fisi\u00f3cratas, con su discurso ling\u00fc\u00edstico te\u00f3rico fuerte.<\/p>\n<p>Para no guardarme nada, creo que los amigos giro-ling\u00fcistas de Podemos son, actualmente, una fuerza progresista, y que su aparici\u00f3n es objetivamente positiva, y s\u00e9 que coincidimos en la valoraci\u00f3n. Lo son precisamente por ser, no los creadores ling\u00fc\u00edsticos de un movimiento populista, sino, al contrario, por ser consecuencia de la movilizaci\u00f3n democr\u00e1tica que desde el 2008 se expresa con fuerza, y que ya desde antes hab\u00eda mostrado su desagrado y malestar contra la corrupci\u00f3n del r\u00e9gimen, el belicismo del estado \u2013movilizaci\u00f3n contra intervenci\u00f3n en Irak-, la mentira orquestada \u2013el clamor contra la interpretaci\u00f3n dada a las bombas puestas en la estaci\u00f3n de Atocha-, etc.<\/p>\n<p>Podemos expresan y son consecuencia del estado real de la incipiente nueva consciencia emergente, fruto de la previa movilizaci\u00f3n auto generada, que justo comienza a formarse, de la sociedad. A ello se a\u00f1ade su novedad, que garantiza su nula connivencia con la corrupci\u00f3n, y que crea un sentimiento de afinidad: nosotros, las nuevas generaciones y ellos, los nuevos pol\u00edticos. Si Podemos se mantiene en esa correlaci\u00f3n, y expresa, sin caer en su propia trampa giroling\u00fcista, el sentir colectivo de un segmento social movilizado, Podemos es una fuerza progresista. Es necesario que no caiga en sus propias argucias, y que, para entendernos, Pablo Iglesias no se deje invitar por Sabina a cenar con su majestad la reina, esa que, precisamente, es la \u00fanica que comunica mejor que \u00e9l.<\/p>\n<p>Pero por todo esto, precisamente, se trata de que este movimiento democr\u00e1tico emergente no se paralice, cazado en la trampa de un lenguaje que haga que se desmovilice y se convierta en un conjunto de individualidades votantes. Y en eso est\u00e1 nuestra responsabilidad. Lograr que todos seamos el partido org\u00e1nico que crea tejido social, y evitar que el transformismo arraigue. La ventaja, ahora, en relaci\u00f3n con otras situaciones anteriores transformistas, es que aqu\u00e9llas fueron consecuencia de una previa derrota del movimiento de masas, o se dieron en ausencia del mismo. Ahora, aqu\u00ed, toda esta nueva situaci\u00f3n se da, precisamente como consecuencia de la emergencia de un movimiento nuevo que moviliza a parte importante de las generaciones j\u00f3venes. El 78 fue una derrota y un final. Esto, ahora, es un comienzo. La actual situaci\u00f3n es semejante \u2013y las analog\u00edas son d\u00e9biles- a la de los a\u00f1os finales de la d\u00e9cada de los cincuenta, y principios de los sesenta, con la aparici\u00f3n espont\u00e1nea de las comisiones obreras, con la generaci\u00f3n espont\u00e1nea del sindicato de estudiantes, la creaci\u00f3n espont\u00e1nea del movimiento vecinal. No es similar a la del periodo del hundimiento del movimiento como consecuencia de los pactos secretos de fines de los setenta.<\/p>\n<p>Por cierto, que hora, como en aquella \u00e9poca, los militantes de izquierdas organizados supieron estar a la altura. Participaron en el movimiento y ayudaron a darle expresividad, capacidad de auto elaboraci\u00f3n capacidad auto reflexiva; aunque todo eso no constaba en la l\u00ednea pol\u00edtica elaborada por su elite dirigente.<\/p>\n<p>Esta es mi opini\u00f3n franca sobre Podemos. Como sabes, te escribo desde Catalunya. De vivir en cualquier otro lugar de Espa\u00f1a, y ser t\u00fa, y lo que t\u00fa representas, el candidato a las pr\u00f3ximas elecciones, yo te votar\u00eda a ti: a la IU renovada y catartizada que t\u00fa representas y en cuyo seno a\u00fan hay bases activas y rescoldos de saber pol\u00edtico que deben ser transmitidos a las nuevas generaciones \u2013algo de lo que yo formo parte-. Como vivo en Catalunya, posiblemente vote a Podemos. No votar\u00e9 a ICV. No la votar\u00e9 por su rotunda y exitosa lucha para erradicar de s\u00ed hasta la memoria del movimiento democr\u00e1tico popular antifranquista, que deb\u00eda ser su ADN. Han triunfado en su deseo de ser una fuerza homologada del R\u00e9gimen; ahora el R\u00e9gimen hace aguas. No los votar\u00e9 por su participaci\u00f3n en el engendro que fue el gobierno tripartito. Y por el caciquismo inamovible de su aparato \u2013de su \u201coficina\u201d-. Y por haberse metido de cabeza y de forma seguidista en el tinglado de Artur Mas y su \u201cproc\u00e9s\u201d \u2013no son los \u00fanicos, cierto-. No los votar\u00e9, se presenten con sus siglas o vestidos de lagarterana.<\/p>\n<p>Creo que termino aqu\u00ed. Como ves, en el material que t\u00fa conoces est\u00e1 la alternativa te\u00f3rica al discurso giro-ling\u00fc\u00edstico de Errej\u00f3n. Tambi\u00e9n la inspiraci\u00f3n para un proyecto pr\u00e1ctico que vaya m\u00e1s all\u00e1 de la discursividad<\/p>\n<p>Recibe un fuerte abrazo<\/p>\n","protected":false},"excerpt":{"rendered":"<p class='MsoNormal' style='margin-bottom: 18.0pt; text-align: justify; line-height: 150%;'>La Constituci\u00f3n de un Pueblo \u2013ese es el verdadero, \u00fanico, real \u201cPROCESO CONSTITUYENTE\u201d- no es consecuencia de la constituci\u00f3n o creaci\u00f3n de lenguaje creado por especialistas. No es consecuencia de lenguaje porque no es consecuencia del relleno de significantes de un discurso intelectual te\u00f3rico. Sino de un discurso pr\u00e1ctico auto generado que dirige una praxis auto determinada.<\/p>\n","protected":false},"author":9,"featured_media":2841,"comment_status":"open","ping_status":"open","sticky":false,"template":"","format":"standard","meta":{"footnotes":""},"categories":[13],"tags":[],"class_list":["post-2840","post","type-post","status-publish","format-standard","has-post-thumbnail","hentry","category-la-izquierda-a-debate"],"aioseo_notices":[],"_links":{"self":[{"href":"https:\/\/espai-marx.net\/index.php?rest_route=\/wp\/v2\/posts\/2840","targetHints":{"allow":["GET"]}}],"collection":[{"href":"https:\/\/espai-marx.net\/index.php?rest_route=\/wp\/v2\/posts"}],"about":[{"href":"https:\/\/espai-marx.net\/index.php?rest_route=\/wp\/v2\/types\/post"}],"author":[{"embeddable":true,"href":"https:\/\/espai-marx.net\/index.php?rest_route=\/wp\/v2\/users\/9"}],"replies":[{"embeddable":true,"href":"https:\/\/espai-marx.net\/index.php?rest_route=%2Fwp%2Fv2%2Fcomments&post=2840"}],"version-history":[{"count":0,"href":"https:\/\/espai-marx.net\/index.php?rest_route=\/wp\/v2\/posts\/2840\/revisions"}],"wp:featuredmedia":[{"embeddable":true,"href":"https:\/\/espai-marx.net\/index.php?rest_route=\/wp\/v2\/media\/2841"}],"wp:attachment":[{"href":"https:\/\/espai-marx.net\/index.php?rest_route=%2Fwp%2Fv2%2Fmedia&parent=2840"}],"wp:term":[{"taxonomy":"category","embeddable":true,"href":"https:\/\/espai-marx.net\/index.php?rest_route=%2Fwp%2Fv2%2Fcategories&post=2840"},{"taxonomy":"post_tag","embeddable":true,"href":"https:\/\/espai-marx.net\/index.php?rest_route=%2Fwp%2Fv2%2Ftags&post=2840"}],"curies":[{"name":"wp","href":"https:\/\/api.w.org\/{rel}","templated":true}]}}