{"id":2845,"date":"2014-12-22T00:00:00","date_gmt":"2014-12-22T00:00:00","guid":{"rendered":"https:\/\/espai-marx.net\/?p=2845"},"modified":"2020-02-18T07:30:20","modified_gmt":"2020-02-18T06:30:20","slug":"para-que-este-mundo-deje-de-ser-un-cambalache","status":"publish","type":"post","link":"https:\/\/espai-marx.net\/?p=2845","title":{"rendered":"Para que este mundo deje de ser un cambalache"},"content":{"rendered":"<p lang=\"es-ES\" style=\"margin-bottom: 0.64cm; line-height: 150%;\" align=\"JUSTIFY\">En alg\u00fan momento de nuestra historia reciente la exigencia de democracia y justicia, contenida esta \u00faltima en la exigencia de amnist\u00eda para con los perseguidos por el r\u00e9gimen, reivindicaci\u00f3n que se generaliz\u00f3 en el tardofranquismo, se desagreg\u00f3. El malentendido consisti\u00f3 en considerar que entrar todos juntos en un marco de libertades pol\u00edticas y construir, con todos los peros que se quiera, un cierto estado del bienestar implicaba determinadas renuncias. Entre muchas otras, \u00e9sta: ni reparaci\u00f3n, ni memoria. Borr\u00f3n y cuenta nueva.<\/p>\n<p lang=\"es-ES\" style=\"margin-bottom: 0.64cm; line-height: 150%;\" align=\"JUSTIFY\">El problema llegado a este punto es doble. Por un lado, con este tipo de materiales culturales resulta complicado, por no decir imposible, erigir una actividad pol\u00edtica digna de este nombre. En esa renuncia germina la liquidaci\u00f3n de posibilidad de una ciudadan\u00eda cr\u00edtica, responsable con el bien com\u00fan, atenta a lo que ha pasado, a lo que ocurre y a lo que, si no participa, puede llegar a ocurrir sin su consentimiento. Sin conciencia ciudadana no hay posibilidad de vida republicana.<\/p>\n<p lang=\"es-ES\" style=\"margin-bottom: 0.64cm; line-height: 150%;\" align=\"JUSTIFY\">Por el otro, este g\u00e9nero de renuncias son siempre in\u00fatiles. Al cabo siempre hay alguien que pregunta. Un hijo o un nieto. La amiga de una hija o de una nieta. Un estudiante inquieto. Y con la pregunta se evoca, en suma, a los fantasmas de un ayer que dimos, absurdamente, por cerrado bajo siete llaves.<\/p>\n<p lang=\"es-ES\" style=\"margin-bottom: 0.64cm; line-height: 150%;\" align=\"JUSTIFY\">En Catalu\u00f1a y en Espa\u00f1a llevamos a\u00f1os combatiendo el olvido. No todo el mundo est\u00e1 por la labor. Sin duda se ha convertido en espacio espec\u00edfico de participaci\u00f3n y se ha arrastrado a algunas administraciones, en algunas \u00e9pocas, a tener entre sus objetivos el resarcimiento de tanto dolor. Pero no todo el mundo entiende, ni quiere, que el proceso avance. Acaso en ello radique en gran parte la lentitud y la ineficacia de los mecanismos de justicia. En esas nos han llegado noticias sorprendentes, alentadoras. La Interpol Argentina, a requerimiento de la justicia de la rep\u00fablica rioplatense, transmite al gobierno espa\u00f1ol la solicitud de que ponga a disposici\u00f3n de la misma a una serie de personalidades del antiguo r\u00e9gimen. Entre ellas un par de ex ministros.<\/p>\n<p lang=\"es-ES\" style=\"margin-bottom: 0.64cm; line-height: 150%;\" align=\"JUSTIFY\">Los comunistas catalanes estamos al lado de quienes instan al ejecutivo de Rajoy a cumplir con su obligaci\u00f3n y atender a los requerimientos indicados. Ese es el dato del momento. \u00bfEl de fondo? Que, habiendo aprendido de la historia, exigimos que democracia y justicia vuelvan a ser un \u00fanico objeto de combate pol\u00edtico. Y por pol\u00edtico, econ\u00f3mico, social y cultural. Para que alg\u00fan d\u00eda no sean ya m\u00e1s ciertos los versos de Disc\u00e9polo:<\/p>\n<p lang=\"es-ES\" style=\"line-height: 150%;\" align=\"JUSTIFY\">\u201cEs lo mismo el que labura<\/p>\n<p lang=\"es-ES\" style=\"line-height: 150%;\" align=\"JUSTIFY\">noche y d\u00eda como un buey,<\/p>\n<p lang=\"es-ES\" style=\"line-height: 150%;\" align=\"JUSTIFY\">que el que vive de los otros,<\/p>\n<p style=\"line-height: 150%;\" align=\"JUSTIFY\">que el que mata, que el que cura<\/p>\n<p lang=\"es-ES\" style=\"line-height: 150%;\" align=\"JUSTIFY\">o est\u00e1 fuera de la ley\u2026\u201d<\/p>\n<p class=\"western\" style=\"margin-bottom: 0.64cm; line-height: 150%;\" align=\"JUSTIFY\"><i><b>Fuente:<\/b><\/i> <u><a href=\"http:\/\/18abril.wordpress.com\/2014\/12\/08\/cambalache\/\">http:\/\/18abril.wordpress.com\/2014\/12\/08\/cambalache\/<\/a><\/u><\/p>\n","protected":false},"excerpt":{"rendered":"<p style='margin-top: 0cm; margin-right: 0cm; margin-bottom: 18.0pt; margin-left: 0cm; text-align: justify; line-height: 150%; vertical-align: baseline;'>En alg\u00fan momento de nuestra historia reciente la exigencia de democracia y justicia, contenida esta \u00faltima en la exigencia de amnist\u00eda para con los perseguidos por el r\u00e9gimen, reivindicaci\u00f3n que se generaliz\u00f3 en el tardofranquismo, se desagreg\u00f3. El malentendido consisti\u00f3 en considerar que entrar todos juntos en un marco de libertades pol\u00edticas y construir, con todos los peros que se quiera, un cierto estado del bienestar implicaba determinadas renuncias. Entre muchas otras, \u00e9sta: ni reparaci\u00f3n, ni memoria. Borr\u00f3n y cuenta nueva.<\/p>\n","protected":false},"author":9,"featured_media":2846,"comment_status":"open","ping_status":"open","sticky":false,"template":"","format":"standard","meta":{"footnotes":""},"categories":[46],"tags":[],"class_list":["post-2845","post","type-post","status-publish","format-standard","has-post-thumbnail","hentry","category-memoria-historica"],"aioseo_notices":[],"_links":{"self":[{"href":"https:\/\/espai-marx.net\/index.php?rest_route=\/wp\/v2\/posts\/2845","targetHints":{"allow":["GET"]}}],"collection":[{"href":"https:\/\/espai-marx.net\/index.php?rest_route=\/wp\/v2\/posts"}],"about":[{"href":"https:\/\/espai-marx.net\/index.php?rest_route=\/wp\/v2\/types\/post"}],"author":[{"embeddable":true,"href":"https:\/\/espai-marx.net\/index.php?rest_route=\/wp\/v2\/users\/9"}],"replies":[{"embeddable":true,"href":"https:\/\/espai-marx.net\/index.php?rest_route=%2Fwp%2Fv2%2Fcomments&post=2845"}],"version-history":[{"count":0,"href":"https:\/\/espai-marx.net\/index.php?rest_route=\/wp\/v2\/posts\/2845\/revisions"}],"wp:featuredmedia":[{"embeddable":true,"href":"https:\/\/espai-marx.net\/index.php?rest_route=\/wp\/v2\/media\/2846"}],"wp:attachment":[{"href":"https:\/\/espai-marx.net\/index.php?rest_route=%2Fwp%2Fv2%2Fmedia&parent=2845"}],"wp:term":[{"taxonomy":"category","embeddable":true,"href":"https:\/\/espai-marx.net\/index.php?rest_route=%2Fwp%2Fv2%2Fcategories&post=2845"},{"taxonomy":"post_tag","embeddable":true,"href":"https:\/\/espai-marx.net\/index.php?rest_route=%2Fwp%2Fv2%2Ftags&post=2845"}],"curies":[{"name":"wp","href":"https:\/\/api.w.org\/{rel}","templated":true}]}}