{"id":2860,"date":"2014-12-28T00:00:00","date_gmt":"2014-12-28T00:00:00","guid":{"rendered":"https:\/\/espai-marx.net\/?p=2860"},"modified":"2020-02-18T07:25:32","modified_gmt":"2020-02-18T06:25:32","slug":"tsipras-corteja-a-la-elite-capitalista-europea","status":"publish","type":"post","link":"https:\/\/espai-marx.net\/?p=2860","title":{"rendered":"Tsipras corteja a la \u00e9lite capitalista europea"},"content":{"rendered":"<p style=\"margin-bottom: 0.2cm; border: none; padding: 0cm; line-height: 150%;\" align=\"JUSTIFY\"><i>Introducci\u00f3n y texto publicado por: <\/i><a href=\"http:\/\/www.solidarite-internationale-pcf.fr\/\"><i>http:\/\/www.solidarite-internationale-pcf.fr\/<\/i><\/a><\/p>\n<p style=\"margin-bottom: 0.2cm; border: none; padding: 0cm; font-weight: normal; line-height: 150%;\" align=\"JUSTIFY\"><i>\u00bfAlexis Tsipras gobernar\u00e1 Grecia? Seguramente. Cambiar\u00e1 cambiar la cara de Grecia? Tememos que seguramente no lo har\u00e1.<\/i><\/p>\n<p style=\"margin-bottom: 0.2cm; border: none; padding: 0cm; font-weight: normal; line-height: 150%;\" align=\"JUSTIFY\"><i>Los art\u00edculos se multiplican en la prensa francesa para avanzar en la idea de que las finanzas internacionales temen la llegada del l\u00edder de una formaci\u00f3n surgida de la izquierda radical. Una visi\u00f3n bastante distorsionada de la realidad.<\/i><\/p>\n<p style=\"margin-bottom: 0.2cm; border: none; padding: 0cm; font-weight: normal; line-height: 150%;\" align=\"JUSTIFY\"><i>No es que algunos sectores del capital financiero &#8211; aquellos que temen la reestructuraci\u00f3n inevitable de la deuda griega \u2013 no tengan temores reales sobre Tsipras, pero el conjunto del capital europeo no parece hostil a la llegada de un l\u00edder cuyas soluciones implican un salto federalista europeo, manteniendo el euro y el pago de la deuda (reestructurados).<\/i><\/p>\n<p style=\"margin-bottom: 0.2cm; border: none; padding: 0cm; font-weight: normal; line-height: 150%;\" align=\"JUSTIFY\"><i>Para dar una idea del programa de Alexis Tsipras, publicamos un documento que ten\u00edamos en reserva, la traducci\u00f3n de la intervenci\u00f3n de Tsipras en una reuni\u00f3n celebrada 5 de septiembre 2014 en el Foro Ambrosetti en el Lago Como.<\/i><\/p>\n<p style=\"margin-bottom: 0.2cm; border: none; padding: 0cm; font-weight: normal; line-height: 150%;\" align=\"JUSTIFY\"><i>El Foro Ambrosetti es menos conocido que el Club Bilderberg, pero comparte la misma l\u00f3gica: reunir a los l\u00edderes pol\u00edticos dominantes, la \u00e9lite de los grandes capitalistas y grupos de economistas liberales para dibujar los contornos del mantenimiento el sistema capitalista italiano y europeo.<\/i><\/p>\n<p style=\"margin-bottom: 0.2cm; border: none; padding: 0cm; font-weight: normal; line-height: 150%;\" align=\"JUSTIFY\"><i>La invitaci\u00f3n lanzada por el Foro y aceptada por Tsipras es significativa. Se code\u00f3 con los pol\u00edticos clave en la UE: Joaqu\u00edn Almunia, Michel Barnier, Jos\u00e9 Barroso, Enrico Letta, Mario Monti, Romano Prodi, Jean-Claude Trichet.<\/i><\/p>\n<p style=\"margin-bottom: 0.2cm; border: none; padding: 0cm; font-weight: normal; line-height: 150%;\" align=\"JUSTIFY\"><i>Ministros claves de Econom\u00eda y Finanzas o asuntos sociales de Espa\u00f1a, Alemania, Italia, los Pa\u00edses Bajos, Austria estaban presentes. Tambi\u00e9n estaban los directores ejecutivos de JP Morgan, Fiat, Goldman Sachs, por nombrar s\u00f3lo los casos m\u00e1s famosos.<\/i><\/p>\n<p style=\"margin-bottom: 0.2cm; border: none; padding: 0cm; font-weight: normal; line-height: 150%;\" align=\"JUSTIFY\"><i>Dejemos la palabras a Tsipras presentado a los grandes de Europa como \u00abpresidente de SYRIZA. L\u00edder de la oposici\u00f3n en Grecia. Vicepresidente de Partido de la Izquierda Europea. Publicamos el texto \u00edntegro, nos limitaremos a se\u00f1alar y comentar algunos pasajes.<\/i><\/p>\n<p style=\"margin-bottom: 0.2cm; border: none; padding: 0cm; font-weight: normal; line-height: 150%;\" align=\"JUSTIFY\"><i>Elogios para la pol\u00edtica de Mario Draghi al frente del BCE, la pol\u00edtica precedente desarrollada por Monti (para una recapitalizaci\u00f3n de la banca europea). Necesidad de reformas estructurales, plan de privatizaci\u00f3n efectiva. Identificaci\u00f3n de la urgencia enemigo-Euro esc\u00e9ptico, urgencia de pensar una alternativa a la crisis fortaleciendo la integraci\u00f3n europea. Para meditar.<\/i><\/p>\n<p style=\"margin-bottom: 0.2cm; border: none; padding: 0cm; line-height: 150%;\" align=\"JUSTIFY\">\n<p style=\"margin-bottom: 0.2cm; border: none; padding: 0cm; line-height: 150%;\" align=\"JUSTIFY\"><i><b>Intervenci\u00f3n Alexis Tsipras 40\u00b0 Foro del Foro Ambrosetti fundador<\/b><\/i><\/p>\n<p style=\"margin-bottom: 0.2cm; border: none; padding: 0cm; font-style: normal; font-weight: normal; line-height: 150%;\" align=\"JUSTIFY\">\u00abMis queridos amigos,<\/p>\n<p style=\"margin-bottom: 0.2cm; border: none; padding: 0cm; font-style: normal; font-weight: normal; line-height: 150%;\" align=\"JUSTIFY\">Me gustar\u00eda empezar por reconocer que la invitaci\u00f3n enviada a m\u00ed en base a dos razones.<\/p>\n<p style=\"margin-bottom: 0.2cm; border: none; padding: 0cm; font-style: normal; font-weight: normal; line-height: 150%;\" align=\"JUSTIFY\">La primera raz\u00f3n es que ustedes saben que voy a presentar un punto de vista diferente, tal vez her\u00e9tico para algunos, un an\u00e1lisis cr\u00edtico de la pol\u00edtica actual de la pol\u00edtica dominante en la UE.<\/p>\n<p style=\"margin-bottom: 0.2cm; border: none; padding: 0cm; font-style: normal; font-weight: normal; line-height: 150%;\" align=\"JUSTIFY\">La segunda raz\u00f3n es que yo represento a un partido en Grecia, el pa\u00eds donde, a trav\u00e9s de la troika, se aplic\u00f3 el programa de ajuste m\u00e1s violenta jam\u00e1s llevado a cabo en Europa.<\/p>\n<p style=\"margin-bottom: 0.2cm; border: none; padding: 0cm; font-style: normal; font-weight: normal; line-height: 150%;\" align=\"JUSTIFY\">He o\u00eddo que hace poco a Barroso, casi a modo de disculpa, diciendo que no hab\u00eda nada de que avergonzarse de los resultados de nuestros esfuerzos para superar la crisis. No s\u00e9 si alguien en realidad tiene de qu\u00e9 avergonzarse, pero es ciertamente ni pueden celebrar ni estar orgullosos de estos resultados.<\/p>\n<p style=\"margin-bottom: 0.2cm; border: none; padding: 0cm; font-style: normal; font-weight: normal; line-height: 150%;\" align=\"JUSTIFY\">Y quiero comenzar con una introducci\u00f3n. La crisis todav\u00eda est\u00e1 aqu\u00ed. Y no se trata s\u00f3lo de que la crisis sigue ah\u00ed, pero nunca deja de resistir, crea met\u00e1stasis. Estamos luchando desde hace cinco a\u00f1os contra la crisis, pero no somos capaces de escapar. La crisis parte de los bancos, y pas\u00f3 a la econom\u00eda real y de la econom\u00eda real ahora pasa a la sociedad, pone en peligro la cohesi\u00f3n social y Europa se enfrenta a una triple crisis. Crisis pol\u00edtica, crisis econ\u00f3mica, tambi\u00e9n del sistema pol\u00edtico, crisis de confianza. Esto se puso de manifiesto por los resultados de las elecciones europeas, y demuestra el hecho de <u>que la inmensa mayor\u00eda de los ciudadanos europeos no cree que nosotros (!) que estamos discutiendo aqu\u00ed, podamos ofrecer una soluci\u00f3n eficaz a los problemas <\/u>que enfrentan, y vuelven la espalda a la pol\u00edtica. <u>Esto se manifiesta por la derecha populista avance inquietante extrema sino tambi\u00e9n el preocupante aumento de anti-europe\u00edsmo.<\/u><\/p>\n<p style=\"margin-bottom: 0.2cm; border: none; padding: 0cm; font-style: normal; font-weight: normal; line-height: 150%;\" align=\"JUSTIFY\"><u><b>Si hoy \u00abun fantasma recorre Europa,\u00bb no es que del comunismo<\/b><\/u><u>(!), como dec\u00eda Marx en el Manifiesto Comunista, si no el antieuropeismo de la extrema derecha populista, <\/u><u><b>es el espectro del euroescepticismo y anti-europe\u00edsmo (!!).<\/b><\/u><\/p>\n<p style=\"margin-bottom: 0.2cm; border: none; padding: 0cm; font-style: normal; font-weight: normal; line-height: 150%;\" align=\"JUSTIFY\">D\u00e9jenme aportar brevemente algunas cifras para demostrar el fracaso del programa en Grecia. En s\u00f3lo cuatro a\u00f1os, el PIB se redujo en un cuarto, algo sin precedentes para los pa\u00edses en tiempos de paz. La tasa oficial de desempleo ha alcanzado el 28%, lo cual es inaceptable para un pa\u00eds en el coraz\u00f3n de Europa, y tenemos una deuda p\u00fablica que ha pasado del 126% de la cifra del PIB al 175% y sigue aumentando. Y tambi\u00e9n tenemos una gama de desinversi\u00f3n. Entonces creo que, partiendo de la hip\u00f3tesis de que el tratamiento que se le dio a la paciente empeor\u00f3 la enfermedad, todos tenemos que estar de acuerdo en el hecho de que este tratamiento debe ser interrumpido. Y creo que la mayor\u00eda de la gente en Europa piensan que la troika, precisamente, como una instituci\u00f3n que se ha impuesto en el marco institucional europeo, debe ser abolida.<\/p>\n<p style=\"margin-bottom: 0.2cm; border: none; padding: 0cm; font-style: normal; font-weight: normal; line-height: 150%;\" align=\"JUSTIFY\">As\u00ed que creo que necesitamos un cambio de estrategia, <u>nadie dice &#8211; por lo menos nosotros no lo decimos &#8211; que tenemos que volver a los d\u00edas de d\u00e9ficit<\/u>. Pero la perseverancia en esta direcci\u00f3n, con una devoci\u00f3n religiosa dogm\u00e1tica, no conduce a nada.<\/p>\n<p style=\"margin-bottom: 0.2cm; border: none; padding: 0cm; font-style: normal; font-weight: normal; line-height: 150%;\" align=\"JUSTIFY\">En primer lugar, simplemente porque no hay pa\u00eds en la historia econ\u00f3mica moderna puede hacer frente a una deuda que asciende a casi el doble de su PIB, un PIB que sigue contray\u00e9ndose, siempre y cuando ese pa\u00eds debe pagar cada a\u00f1o m\u00e1s de 10 mil millones de \u20ac de intereses, y debe emitir un super\u00e1vit del 4,5% que se destinar\u00e1 al pago total de la deuda. Simplemente matem\u00e1ticamente, el desarrollo es imposible en un marco de este tipo. <u>Y sin crecimiento, no va a salir de la crisis<\/u>. Incluso si creemos que hay riquezas, sobre todo en Grecia, que en los \u00faltimos a\u00f1os se mantienen intactas, que la riqueza debe ser gravadas, y somos perfectamente capaces de encontrar ah\u00ed recursos, debemos tener la percepci\u00f3n de que necesitamos crear nueva riqueza salir de la crisis. Y sin crecimiento, no se produce riqueza.<\/p>\n<p style=\"margin-bottom: 0.2cm; border: none; padding: 0cm; font-style: normal; font-weight: normal; line-height: 150%;\" align=\"JUSTIFY\">En segundo lugar, <u>el programa de privatizaci\u00f3n, que se supon\u00eda iba a ser una herramienta para salir de la crisis, no puede funcionar en un contexto de desinversiones y valores de evaluaci\u00f3n<\/u>. Ellos pensaban recuperar 50 mil millones de privatizaci\u00f3n, encontramos 2,9 mil millones y en el mejor de los casos, si el programa contin\u00faa, nos encontraremos 9 mil millones.<\/p>\n<p style=\"margin-bottom: 0.2cm; border: none; padding: 0cm; font-style: normal; font-weight: normal; line-height: 150%;\" align=\"JUSTIFY\">En tercer lugar, las reformas estructurales. <u>Las reformas estructurales van en la direcci\u00f3n opuesta a las reformas estructurales necesarias<\/u>. No enfrentamos las principales patolog\u00edas de la econom\u00eda griega: la evasi\u00f3n de impuestos, el estado clientelar. Con una aplicaci\u00f3n dogm\u00e1tica, promueven reformas que no tienen nada m\u00e1s que ofrecer que la liberalizaci\u00f3n de los despidos en una econom\u00eda con casi un 30% de desempleo. <u>Creo que hay muchas oportunidades en el marco europeo, pero no en la <\/u>adhesi\u00f3n dogm\u00e1tica a la l\u00f3gica de la austeridad, no en el contexto de la troika.<\/p>\n<p style=\"margin-bottom: 0.2cm; border: none; padding: 0cm; font-style: normal; font-weight: normal; line-height: 150%;\" align=\"JUSTIFY\">La troika ha fallado, debe hay que pararla. Hay otras soluciones. Aqu\u00ed quiero recordar que, en junio de 2012, <u><b>el Sr. Monti hab\u00eda propuesto la recapitalizaci\u00f3n de la banca realizada directamente por el MES<\/b><\/u><u> (Mecanismo de Estabilidad Europeo) <\/u>sin detener la deuda p\u00fablica. <u>Esta propuesta, si se hubiera seguido, nos habr\u00eda permitido avanzar mucho mejor ahora.<\/u><\/p>\n<p style=\"margin-bottom: 0.2cm; border: none; padding: 0cm; font-style: normal; font-weight: normal; line-height: 150%;\" align=\"JUSTIFY\">As\u00ed que hoy nos enfrentamos a una realidad que se caracteriza por el estancamiento, el riesgo de deflaci\u00f3n, la excavaci\u00f3n de las deudas p\u00fablicas y privadas. Para hacer frente a esta realidad, tenemos que:<\/p>\n<p style=\"margin-bottom: 0.2cm; border: none; padding: 0cm; font-style: normal; font-weight: normal; line-height: 150%;\" align=\"JUSTIFY\">En primer lugar, <b>una pol\u00edtica valiente del BCE, una \u00abflexibilizaci\u00f3n cuantitativa\u00bb<\/b>. <u>La voluntad Draghi propuesto para nosotros en una direcci\u00f3n positiva<\/u>, pero necesitamos a\u00fan m\u00e1s radicales medidas para abordar el problema;<\/p>\n<p style=\"margin-bottom: 0.2cm; border: none; padding: 0cm; font-style: normal; font-weight: normal; line-height: 150%;\" align=\"JUSTIFY\">En segundo lugar, <b>necesitamos iniciativas para el desarrollo a nivel europeo <\/b>para hacer frente a la recesi\u00f3n, <u>la expansi\u00f3n del papel del Banco Europeo para la inversi\u00f3n;<\/u><\/p>\n<p style=\"margin-bottom: 0.2cm; border: none; padding: 0cm; font-style: normal; font-weight: normal; line-height: 150%;\" align=\"JUSTIFY\">Por \u00faltimo, tenemos que resolver &#8211; deber\u00edamos haberlohecho ya, hace, cunado comenz\u00f3 la crisis &#8211; el problema de la deuda. <b>Proponemos una soluci\u00f3n europea para encontrar una base sostenible en una l\u00f3gica de solidaridad, en la l\u00f3gica de la Conferencia de 1953 que trat\u00f3 de la deuda de Alemania<\/b>. <u>Fue un gran momento de solidaridad para Europa<\/u>. Debemos redescubrir los valores fundadores de Europa. La solidaridad, la democracia, la cohesi\u00f3n social.<\/p>\n<p style=\"margin-bottom: 0.2cm; border: none; padding: 0cm; line-height: 150%;\" align=\"JUSTIFY\"><i>Traducido del franc\u00e9s por Zero a la Izquierda extra\u00eddo de <\/i><a href=\"https:\/\/www.blogger.com\/(http:\/\/www.solidarite-internationale-pcf.fr\/article-tsipras-drague-l-elite-capitaliste-europeenne-au-bildeberg-italien-et-y-loue-les-politiques-de-dra-125213643.html%20)\" target=\"_blank\" rel=\"noopener noreferrer\"><i>Solidarite internationale pcf<\/i><\/a><\/p>\n<p style=\"margin-bottom: 0.2cm; border: none; padding: 0cm; line-height: 150%;\" align=\"JUSTIFY\">El discurso en italiano: <a href=\"http:\/\/triestepertsipras.blogspot.it\/2014\/09\/alexis-tsipras-cernobbio.html#links\" target=\"_blank\" rel=\"noopener noreferrer\">Trieste per Tsipras<\/a><\/p>\n<p style=\"margin-bottom: 0.2cm; line-height: 150%;\" align=\"JUSTIFY\">\n","protected":false},"excerpt":{"rendered":"<p style='margin-bottom: 0.2cm; border: none; padding: 0cm; line-height: 150%;' align='JUSTIFY'>Para dar una idea del programa de Alexis Tsipras, publicamos su intervenci\u00f3n  en una reuni\u00f3n celebrada 5 de septiembre 2014 en el Foro Ambrosetti en el Lago Como.<\/p>\n","protected":false},"author":9,"featured_media":2861,"comment_status":"open","ping_status":"open","sticky":false,"template":"","format":"standard","meta":{"footnotes":""},"categories":[13],"tags":[],"class_list":["post-2860","post","type-post","status-publish","format-standard","has-post-thumbnail","hentry","category-la-izquierda-a-debate"],"aioseo_notices":[],"_links":{"self":[{"href":"https:\/\/espai-marx.net\/index.php?rest_route=\/wp\/v2\/posts\/2860","targetHints":{"allow":["GET"]}}],"collection":[{"href":"https:\/\/espai-marx.net\/index.php?rest_route=\/wp\/v2\/posts"}],"about":[{"href":"https:\/\/espai-marx.net\/index.php?rest_route=\/wp\/v2\/types\/post"}],"author":[{"embeddable":true,"href":"https:\/\/espai-marx.net\/index.php?rest_route=\/wp\/v2\/users\/9"}],"replies":[{"embeddable":true,"href":"https:\/\/espai-marx.net\/index.php?rest_route=%2Fwp%2Fv2%2Fcomments&post=2860"}],"version-history":[{"count":0,"href":"https:\/\/espai-marx.net\/index.php?rest_route=\/wp\/v2\/posts\/2860\/revisions"}],"wp:featuredmedia":[{"embeddable":true,"href":"https:\/\/espai-marx.net\/index.php?rest_route=\/wp\/v2\/media\/2861"}],"wp:attachment":[{"href":"https:\/\/espai-marx.net\/index.php?rest_route=%2Fwp%2Fv2%2Fmedia&parent=2860"}],"wp:term":[{"taxonomy":"category","embeddable":true,"href":"https:\/\/espai-marx.net\/index.php?rest_route=%2Fwp%2Fv2%2Fcategories&post=2860"},{"taxonomy":"post_tag","embeddable":true,"href":"https:\/\/espai-marx.net\/index.php?rest_route=%2Fwp%2Fv2%2Ftags&post=2860"}],"curies":[{"name":"wp","href":"https:\/\/api.w.org\/{rel}","templated":true}]}}