{"id":2862,"date":"2015-01-12T00:00:00","date_gmt":"2015-01-12T00:00:00","guid":{"rendered":"https:\/\/espai-marx.net\/?p=2862"},"modified":"2020-02-18T07:24:15","modified_gmt":"2020-02-18T06:24:15","slug":"el-nuevo-orden-que-sopla-desde-paris","status":"publish","type":"post","link":"https:\/\/espai-marx.net\/?p=2862","title":{"rendered":"El nuevo orden que sopla desde Par\u00eds"},"content":{"rendered":"<p><strong>Hay que luchar. <\/strong>Las caras tristemente sonrientes de tres entretenedores acostumbrados a generar sonrisas inteligentes concluyen en torno a esta afirmaci\u00f3n &#8216;indiscutible&#8217;. Fabio Fazio, Michele Serra, Massimo Gramellini acompa\u00f1an desde hace d\u00e9cadas la construcci\u00f3n de un imaginario democr\u00e1tico, antiberlusconiano, anti-racista, tolerante. Ellos son la cara de &#8216;bon ton&#8217; de un Partido Democr\u00e1tico que ha demostrado otras, como los que participan en la investigaci\u00f3n de la mafia de capital y \/ o la cara arrogante de Renzi, mientras farfulla en la televisi\u00f3n que hay que &#8216;cambiar de direcci\u00f3n&#8217; y de noche se mueve la &#8216;manita&#8217; para salvar a su amo de Mediaset.<\/p>\n<p><strong>Hay que luchar. <\/strong>Es el fin de las distinciones, de las dudas, del rechazo de la violencia en sentido general, moral, \u00e9tico. Es la otra cara de la desverg\u00fcenza fascio-liguista-lepenista, que cabalga el esp\u00edritu de la \u00e9poca, con el aire de quien &#8216;ya hab\u00edamos dicho.&#8217; Una distinci\u00f3n entre las dos facciones dominantes: Dem\u00f3cratas combatientes respetables conf\u00edan plenamente en la inteligencia para llevar a cabo una guerra de cuyas t\u00e9cnicas no saben nada o no quieren saber nada (Abu Ghraib a\u00fan perturba su conciencia &#8230;), los segundos piden que los dejaran &#8216;actuar&#8217; libremente, sin inteligencia, descargando sobre los inmigrantes en general &#8211; sin molestarse en hacer distinciones para ellos demasiado complicadas como nacionalidad, origen, religi\u00f3n, etc. &#8211; una ansia de batallas de &#8216;victoria f\u00e1cil&#8217;. Al final, como siempre, los segundos ser\u00e1n las tropas a sueldo de los primeros.<\/p>\n<p><strong>Hay que luchar. <\/strong>El &#8216;enemigo exterior&#8217; es casi perfecto para el prop\u00f3sito, esta vez. Es un enemigo que se identifica como totalmente diferente de nosotros, que no hace distinciones de &#8216;subjetividad&#8217; (entre los conformistas y los &#8216;anarco-trotskistas&#8217;, para citar las palabras infames de Jean-Marie Lepen), que combati\u00f3 antes a los &#8216;comunistas&#8217; en Afganist\u00e1n, despu\u00e9s a los estadounidenses liberales y europeos un poco en todas partes, siempre a los musulmanes de otras observancias en su casa. \u00bfQu\u00e9 mejor momento para revivir el &#8216;gran alianza democr\u00e1tica contra la barbarie&#8217;, como lo fue para la Segunda Guerra Mundial? Tambi\u00e9n lo intentaron tras el 11 de septiembre, con algunos resultados, pero no con la victoria completa.<\/p>\n<p><strong>Hay que luchar. <\/strong>Sin saber por qu\u00e9, para qu\u00e9. A lo sumo, para seguir siendo lo que somos, para la \u00bb identidad &#8216;occidental y liberal. Aunque los valores de Occidente est\u00e1n un tanto abandonadas por el propio Occidente (aparte de la libertad de empresa o la s\u00e1tira, pero s\u00f3lo si esto apunta a &#8216;el enemigo&#8217;). Sin preguntarse c\u00f3mo hemos llegado a este punto, ni que or\u00edgenes tiene ese enemigo y por se enfrenta tanto a &#8216;nosotros&#8217;. Sin recordar que el integrismo isl\u00e1mico tom\u00f3 forma y la forma s\u00f3lo en los a\u00f1os 80, despu\u00e9s de la invasi\u00f3n sovi\u00e9tica de Afganist\u00e1n; cuando se cre\u00f3 la moment\u00e1nea, pero para ellos util\u00edsima alianza entre los servicios secretos (intelligence) occidentales y los combatientes extranjeros (foreign fighters) sunitas-wahabitas; o mejor dicho, entre el capitalismo occidental y las petromonarqu\u00edas del Golfo.<\/p>\n<p><strong>Hay que luchar. <\/strong>Sobre todo, debemos delegar en los aparatos capacitados la conducci\u00f3n de la guerra. &#8216;Nosotros&#8217; no sabr\u00edamos c\u00f3mo y qu\u00e9 hacer, ellos si. &#8216;Nosotros&#8217; no sabr\u00edamos la diferencia entre un limpiacristales normal y un jihadista potencial, ellos s\u00ed. As\u00ed que luchar significa permitir que los aparatos hagan, que cambien las reglas de nuestra vida civil (leyes, controles, poderes de intrusi\u00f3n, limitaciones a la &#8216;cr\u00edtica&#8217; y a la informaci\u00f3n, etc.), dispongan de nosotros (los del &#8216;mundo de abajo &#8216;) como mejor les parezca.<\/p>\n<p><strong>Hay que luchar, no cuestionar. <\/strong>Si despu\u00e9s vamos a tener de v\u00e9rnoslas con Rusia a partir de la cuesti\u00f3n ucraniana, o con alguien m\u00e1s, ya veremos. No es para nosotros, aqu\u00ed abajo, para conocer y comprender. Tendremos que aceptar la idea de que &#8216;ahora hay que luchar.&#8217; Y pagar el precio, en t\u00e9rminos de ataques bajo la casa y de los &#8216;cr\u00e9ditos de guerra&#8217;.<\/p>\n<p><strong>Si hay que luchar, la democracia es un estorbo<\/strong>. Hablamos de la democracia real, no su simulacro abstracto, &#8216;auto-certificado&#8217;. Hablamos de una democracia en la que el trabajo de los v\u00e9rtices (el &#8216;mundo superior&#8217;) podr\u00e1 ser sancionado por la eliminaci\u00f3n de las propias cumbres. Pero ahora vemos un r\u00e9gimen en el cual la &#8216;gobernabilidad&#8217; debe garantizarse independientemente, y por tanto las leyes electorales se deben cumplir principalmente para limitar la aparici\u00f3n de opciones alternativas. Hablamos de una democracia en la que la &#8216;soberan\u00eda popular&#8217; (no la &#8216;nacional&#8217;, fijaros) es libre de decidir c\u00f3mo y para qu\u00e9 producir riqueza, como redistribuirla, como regular la vida social garantizando el bienestar y los derechos para todos; y en su lugar se convirti\u00f3 en r\u00e9gimen en el que las \u00f3rdenes de &#8216;reforma&#8217; que viene de una Troika de los centros decisionales que nadie puede elegir o quitar.<\/p>\n<p><strong>Si hay que luchar, en esta sociedad, hay que delegar todo<\/strong>. Para &#8216;defender nuestra forma de vida&#8217; vamos a aceptar plenamente el fin de &#8216;nuestra forma de vida&#8217;, la centralidad del mando pol\u00edtico y militar de las operaciones encomendadas &#8211; al menos en parte &#8211; a los poderosos que hoy en Par\u00eds se pondr\u00e1n a la cabeza de una manifestaci\u00f3n consigue participaci\u00f3n en el dolor de todos, pero est\u00e1 sabiamente encaminada a la imposici\u00f3n del &#8216;nuevo orden&#8217; de los pocos.<\/p>\n<p>Hay saber y entender que son estos &#8216;l\u00edderes&#8217; son los principales responsables de una guerra de d\u00e9cadas de duraci\u00f3n que ahora &#8211; s\u00f3lo ahora, despu\u00e9s de tanto &#8216;reubicaci\u00f3n&#8217; &#8211; est\u00e1 de vuelta con un impacto devastador en nuestra casa. Y que nunca tendremos paz &#8211; ni prosperidad generalizada y duradera &#8211; hasta que aceptaremos pasivamente una manera de producir riqueza que genera, el asesinato, la pobreza, la discriminaci\u00f3n, la desigualdad, la tortura bajo el paraguas de las &#8216;libertades&#8217;; y luego tambi\u00e9n reacciones airadas, ciegas, devastadores bajo la cobertura de la propaganda.<\/p>\n<p>La guerra, incluso la de &#8216;civilizaci\u00f3n&#8217;, por muy asim\u00e9trica que sea, se libra entre dos sujetos. <strong>Y antes o despu\u00e9s entrar\u00e1 en tu casa.<\/strong><\/p>\n<p>Traduttore\/tradittore: Zero a sinistra<\/p>\n<p><strong>Fuente:<\/strong> <a href=\"http:\/\/contropiano.org\/interventi\/item\/28512-il-nuovo-ordine-che-soffia-da-parigi\" target=\"_blank\" rel=\"noopener noreferrer\">Contropiano: Il nuovo ordine che soffia da parigi 11 gennaio 2015<\/a><\/p>\n","protected":false},"excerpt":{"rendered":"<p class='MsoNormal' style='margin-bottom: 12.0pt; text-align: justify; line-height: 150%; vertical-align: baseline;'>Hay saber y entender que son estos &#8216;l\u00edderes&#8217; son los principales responsables de una guerra de d\u00e9cadas de duraci\u00f3n que ahora &#8211; s\u00f3lo ahora, despu\u00e9s de tanto &#8216;reubicaci\u00f3n&#8217; &#8211; est\u00e1 de vuelta con un impacto devastador en nuestra casa. Y que nunca tendremos paz &#8211; ni prosperidad generalizada y duradera &#8211; hasta que aceptaremos pasivamente una manera de producir riqueza que genera, el asesinato, la pobreza, la discriminaci\u00f3n, la desigualdad, la tortura bajo el paraguas de las &#8216;libertades&#8217;; y luego tambi\u00e9n reacciones airadas, ciegas, devastadores bajo la cobertura de la propaganda. La guerra, incluso la de &#8216;civilizaci\u00f3n&#8217;, por muy asim\u00e9trica que sea, se libra entre dos sujetos. Y antes o despu\u00e9s entrar\u00e1 en tu casa.<\/p>\n","protected":false},"author":9,"featured_media":2863,"comment_status":"open","ping_status":"open","sticky":false,"template":"","format":"standard","meta":{"footnotes":""},"categories":[13],"tags":[],"class_list":["post-2862","post","type-post","status-publish","format-standard","has-post-thumbnail","hentry","category-la-izquierda-a-debate"],"aioseo_notices":[],"_links":{"self":[{"href":"https:\/\/espai-marx.net\/index.php?rest_route=\/wp\/v2\/posts\/2862","targetHints":{"allow":["GET"]}}],"collection":[{"href":"https:\/\/espai-marx.net\/index.php?rest_route=\/wp\/v2\/posts"}],"about":[{"href":"https:\/\/espai-marx.net\/index.php?rest_route=\/wp\/v2\/types\/post"}],"author":[{"embeddable":true,"href":"https:\/\/espai-marx.net\/index.php?rest_route=\/wp\/v2\/users\/9"}],"replies":[{"embeddable":true,"href":"https:\/\/espai-marx.net\/index.php?rest_route=%2Fwp%2Fv2%2Fcomments&post=2862"}],"version-history":[{"count":0,"href":"https:\/\/espai-marx.net\/index.php?rest_route=\/wp\/v2\/posts\/2862\/revisions"}],"wp:featuredmedia":[{"embeddable":true,"href":"https:\/\/espai-marx.net\/index.php?rest_route=\/wp\/v2\/media\/2863"}],"wp:attachment":[{"href":"https:\/\/espai-marx.net\/index.php?rest_route=%2Fwp%2Fv2%2Fmedia&parent=2862"}],"wp:term":[{"taxonomy":"category","embeddable":true,"href":"https:\/\/espai-marx.net\/index.php?rest_route=%2Fwp%2Fv2%2Fcategories&post=2862"},{"taxonomy":"post_tag","embeddable":true,"href":"https:\/\/espai-marx.net\/index.php?rest_route=%2Fwp%2Fv2%2Ftags&post=2862"}],"curies":[{"name":"wp","href":"https:\/\/api.w.org\/{rel}","templated":true}]}}