{"id":2868,"date":"2015-01-19T00:00:00","date_gmt":"2015-01-19T00:00:00","guid":{"rendered":"https:\/\/espai-marx.net\/?p=2868"},"modified":"2020-02-18T07:20:55","modified_gmt":"2020-02-18T06:20:55","slug":"atentado-de-paris-mucha-hipocresia-y-tres-hipotesis","status":"publish","type":"post","link":"https:\/\/espai-marx.net\/?p=2868","title":{"rendered":"Atentado de Paris: mucha hipocres\u00eda y tres hip\u00f3tesis"},"content":{"rendered":"<p>En vano esper\u00e1bamos que la Corte Penal Internacional abriese un expediente contra los dirigentes de EEUU y sus c\u00f3mplices despu\u00e9s del informe del Senado sobre las torturas de la CIA. Por supuesto que la \u201cexcepcionalidad de EEUU\u201d y por ende de la OTAN \u2013 la de tener el monopolio de cometer atrocidades, <a href=\"http:\/\/www.nazanin.es\/?p=11377\" target=\"_blank\" rel=\"noopener noreferrer\">presumir del terrorismo de Estado<\/a> y presumir de \u201cdemocracia\u201d, descarta que el castigo colectivo a millones de iraqu\u00edes y afganos (lanz\u00e1ndoles durante m\u00e1s de dos d\u00e9cadas, no peque\u00f1as granadas y cuatro balas, sino toneladas de bombas) alg\u00fan d\u00eda sea juzgado.<\/p>\n<p>La misma impunidad que ha llevado a Hillary Clinton a admitir que ha sido su pa\u00eds \u201coccidental- cristiano\u201d \u2013 el <a href=\"http:\/\/www.nazanin.es\/?p=11030\" target=\"_blank\" rel=\"noopener noreferrer\">representante de la civilizaci\u00f3n judeo-cristiana\u201d<\/a>-, el que reclut\u00f3, arm\u00f3 y entren\u00f3 a miles de delincuentes, lumpen proletariado y extremistas de unos 40 pa\u00edses creando la organizaci\u00f3n de Muyahedines afganos (luego con otros alias: Al Qaeda, Rebeldes iraqu\u00edes-libios-sirios, Estado Isl\u00e1mico, Khorasan, etc.), <a href=\"http:\/\/www.nazanin.es\/?p=7853\" target=\"_blank\" rel=\"noopener noreferrer\">autores de asesinatos en masa<\/a>. Nunca hubo ni un solo cartel que pusiera \u201cyo soy iraqu\u00ed, afgano y paquistan\u00ed\u201d, ni un minuto de silencio en memoria de sus v\u00edctimas. Tampoco han sido rehabilitados los difamados \u201cpor divulgar teor\u00edas conspirativas\u201d.<\/p>\n<p>Muchos de los que hoy, tras el vil atentado contra Charlie Hebdo, se desgarran las vestiduras por la \u201cLibertad de Expresi\u00f3n\u201d, se callaron cuando los soldados de EEUU mataron al c\u00e1mara Jos\u00e9 Couso en Irak, o bombardearon las estaciones de la TV p\u00fablica en Bagdad, Belgrado y Tr\u00edpoli; ni tampoco protestaron por el despido del dibujante Maurice Sinet en 2008 de esta misma revista por haber comentado la relaci\u00f3n interesada del hijo de Sarkozy, sin estudios ni oficio, con una mujer empresaria jud\u00eda. Fue acusado de antisemitismo al conectar el ascenso social con la influencia del lobby jud\u00edo. Mucha \u201clibertad de expresi\u00f3n\u201d pero algo o alguien encubre las noticias sobre, por ejemplo, las decapitaciones y latigazos en Arabia Saud\u00ed \u2013amigo del alma de Occidente y el principal valedor del terrorismo sunnita, seg\u00fan H. Clinton\u2013, con reportajes sobre sus osadas conductoras o los millones que gasta el pa\u00eds en la cosm\u00e9tica. \u00bfAlguien ha o\u00eddo el nombre de Raif Baddawi?<\/p>\n<p><strong><strong>Detr\u00e1s del atentado<\/strong><\/strong><\/p>\n<p>1. La versi\u00f3n oficial, llena de agujeros, ha dado lugar a que incluso personalidades como Paul Craig Roberts, ex subsecretario del Tesoro de EEUU, atribuyeran la autor\u00eda del sangriento asalto al DGSE, los servicios de inteligencia franceses. La sospecha est\u00e1 justificada no s\u00f3lo por el <a href=\"http:\/\/www.nazanin.es\/?p=2277\" target=\"_blank\" rel=\"noopener noreferrer\">timo y mentiras de las recientes guerras<\/a>, sino tambi\u00e9n porque los gobernantes han perdido su credibilidad por falsear realidades de forma tan burda e insultante como que en Espa\u00f1a, por ejemplo, se diga que millones de ni\u00f1os que viven con menos de dos euros al d\u00eda sufren de sobrepeso, que no de hambre, o si la padecen es porque sus madres no saben o no quieren cocinar.<\/p>\n<p>2. Las petromonarqu\u00edas del Golfo P\u00e9rsico, cuyos intereses chocan con la agenda de sus aliados occidentales, titubean sobre si acabar con el Gobierno de Bashar al Asad, aliado de Ir\u00e1n y de Rusia (a los que est\u00e1n ahogando al bajar el precio del petr\u00f3leo). Est\u00e1n invirtiendo miles de millones de d\u00f3lares financiando el terror para cambiar el equilibrio de fuerzas en la regi\u00f3n en su favor, y puede que as\u00ed hayan pretendido acelerar la invasi\u00f3n de la OTAN a la regi\u00f3n. Ser\u00eda una <a href=\"http:\/\/www.nazanin.es\/?p=10511\" target=\"_blank\" rel=\"noopener noreferrer\">guerra no religiosa: por los pozos y rutas de gas y de petr\u00f3leo.<\/a><\/p>\n<p>3. Que estos terroristas \u201csolo y llanamente\u201d eran como el noruego Anders Breivik, que mat\u00f3 a 77 chavales de un partido socialdem\u00f3crata. Ambos representan una ideolog\u00eda totalitaria uniformadora que no soporta ver la pluralidad ni en el pensamiento y discurso, ni en el color de piel, ni siquiera en la vestimenta, con la ardua necesidad de crear un mundo de espejos donde pueda ver en los dem\u00e1s su propia proyecci\u00f3n. El fundamentalismo religioso, que avanza sin parar por Oriente Pr\u00f3ximo, es la versi\u00f3n sure\u00f1a del totalitarismo norte\u00f1o, y est\u00e1 unido estrechamente con \u00e9l: comparten no s\u00f3lo el mundo de los s\u00edmbolo y representaciones sino tambi\u00e9n la esfera de lo tangible, la de la financiaci\u00f3n y la que mueve sus hilos. \u00a1Si se pide la expulsi\u00f3n de los yihadistas franceses de Francia, se debe pedir tambi\u00e9n la expulsi\u00f3n de los neonazis noruegos de Noruega!<\/p>\n<p>Este tipo de actos no son \u201cde venganza por las invasiones imperialistas\u201d que han destrozado la vida de al menos 100 millones de personas (y se dice pronto) en siete pa\u00edses en los \u00faltimos a\u00f1os. El asesinato de occidentales atribuido a la \u201comnipresente superorganizaci\u00f3n de Al Qaeda\u201d no s\u00f3lo est\u00e1 muy lejos de guardar proporci\u00f3n con la matanza cometida por la OTAN, sino que extra\u00f1amente el 99,9% de las bombas que coloca Al Qaeda han tenido como objetivos a los civiles musulmanes en bodas, mezquitas o escuelas. Durante la \u00faltima masacre israel\u00ed, <a href=\"http:\/\/www.nazanin.es\/?p=11234\" target=\"_blank\" rel=\"noopener noreferrer\">el Estado Isl\u00e1mico<\/a> en vez de ayudar a los palestinos se dedic\u00f3 a venderle a Israel, v\u00eda los Hermanos Musulmanes turcos, el petr\u00f3leo que robaba de Irak.<\/p>\n<p><strong><strong>Unas preguntas y algunas dudas<\/strong><\/strong><\/p>\n<p>Sorprende que la poderosa Al Qaeda haya tardado tres a\u00f1os en matar a los caricaturistas de Mahoma. \u00bfPor qu\u00e9 no ha mencionado en su nota explicativa el papel actual de Francia en el desastre y drama que sufre el oriente \u201cmusulm\u00e1n\u201d?<\/p>\n<p>El fundamentalismo es ciego, no tonto. Si los \u201ccerebros\u201d de Al Qaeda son capaces de desafiar a la OTAN, aun estando <a href=\"http:\/\/www.nazanin.es\/?p=5840\" target=\"_blank\" rel=\"noopener noreferrer\">su jefe en el fondo de alg\u00fan mar,<\/a> \u00bfno han pensado que el 7-E puede tener la misma consecuencia que el 11-S: nuevo <a href=\"http:\/\/www.nazanin.es\/?p=8547\" target=\"_blank\" rel=\"noopener noreferrer\">asalto de la Alianza a la regi\u00f3n,<\/a> y la masacre de sus gentes, a cambio de, encima, m\u00e1s Guant\u00e1namos.<\/p>\n<p>A ver, diseccionemos la noticia oficial sobre el atentado: \u201cvarios <strong>musulmanes franceses de origen inmigrante <\/strong>han matado a 12 empleados de una revista de <strong>humor <\/strong>de <strong>izquierdistas<\/strong>, y a clientes de una tienda <strong>jud\u00eda en Par\u00eds<\/strong>\u201d:<\/p>\n<p>a) Insin\u00faan que la barbarie est\u00e1 en los genes y en la religi\u00f3n \u201ctercermundista\u201d de estos b\u00e1rbaros, a pesar de haber nacido y vivido en la tierra de las \u201cluces\u201d. \u00bfO es que los 5 millones de nacidos musulmanes est\u00e1n dedic\u00e1ndose en Francia a matar y asaltar a otros 60 millones de compatriotas? Las ideas teoc\u00e9ntricas \u2013versi\u00f3n fina del racismo\u2013, no s\u00f3lo impulsan los fascismos, sino que son alimentadas por visiones pseudo-cient\u00edficas que recurren a la informaci\u00f3n alojada en los ADN para explicar la conducta humana, con el objetivo de desacreditar el enfoque marxista de apuntar como determinantes los factores \u201cde entorno\u201d, y por ende para conservar el sistema.<\/p>\n<p>b) \u00bfPor qu\u00e9 en vez de atacar a la sede de la ultraderecha \u2014enemiga f\u00e9rrea de los inmigrantes y de los musulmanes\u2014, se asalt\u00f3 a una revista izquierdista, siendo la izquierda la \u00fanica fuerza que defiende a las minor\u00edas \u00e9tnico-religiosas? \u00bfDivide y vencer\u00e1s?<\/p>\n<p>c) \u00bfPor qu\u00e9 los terroristas llevaban kalashnikov en vez de FAMA, el fusil de asalto franc\u00e9s? \u00bfPara que nadie sospeche que las armas que Francia env\u00eda a los terroristas en Siria pueden volver para matar a los franceses?<\/p>\n<p>d) El factor \u201csupermercado jud\u00edo\u201d ha sido la guinda: semanas antes, la Asamblea Nacional francesa pidi\u00f3 al Gobierno reconocer el Estado palestino. Israel ha sido el principal beneficiario de la \u201cguerra contra el terrorismo isl\u00e1mico\u201d.<\/p>\n<p>e) El humor y la s\u00e1tira tambi\u00e9n forman parte la literatura del oriente \u201cmusulm\u00e1n\u201d, a pesar de la imagen de estre\u00f1idos que se les da en Occidente. El sexo y la religi\u00f3n han sido los dos temas recurrentes \u2013justamente por ser tab\u00fas\u2013, en la fina poes\u00eda persa, con grandes autores como Omar Jay\u00e1n, el exquisito Hafez Saadi, o el rey de los poetas obscenos Obeyd Zakani. La bufa y los bufones aparecen cuando el sistema impide la cr\u00edtica constructiva: \u201cUn d\u00eda en que el monarca sub\u00eda por la escalera del palacio su buf\u00f3n le toc\u00f3 el trasero. La furia del soberano por tal atrevimiento fue tal que le mand\u00f3 matar. \u201c\u00a1Clemencia se\u00f1or! \u2013pidi\u00f3 el buf\u00f3n\u2013, yo pensaba que era la reina\u201d. As\u00ed de \u201cintocables\u201d eran y son los mandatarios, en Persia, en Washington, Par\u00eds o Madrid.<\/p>\n<p>&#8211; El \u201crenacimiento\u201d en el Oriente musulm\u00e1n, donde lo m\u00e1gico y la ilusi\u00f3n se fusionan con la raz\u00f3n, tiene sus rasgos aunque no detectables para ojos poco entrenados: all\u00ed, nada es como parece y, al contrario que en Occidente, lo nuevo se disfraza de viejo, para enga\u00f1ar a los mil demonios; unos est\u00e1n alojados en sus imaginarios y otros muchos andan sueltos.<\/p>\n<p><strong>Yihadistas \u201cpropios\u201d<\/strong><\/p>\n<p>La profunda crisis multidimensional del capitalismo, que no tuvo reparo en desmantelar el escaparate del Estado de bienestar nada m\u00e1s desaparecer la Uni\u00f3n Sovi\u00e9tica, y la ausencia de una izquierda poderosa capaz de organizar a los trabajadores en torno a un programa viable y generador de entusiasmo, ha llevado a la desesperaci\u00f3n a miles de excluidos sociales sin perspectiva: si no se convierten en \u201cemprendedores\u201d es que \u201cno valen para nada\u201d como dec\u00eda una jefa de empresarios espa\u00f1oles, y por ende no tendr\u00e1n derecho de acceso a alimentos, vivienda, y sanidad. La crisis econ\u00f3mica, sin embargo, les deja una puerta abierta: ir a la guerra, en las filas de la OTAN o en la del yihadismo. Cobrar\u00e1n entre 250 a 1000 euros mensuales, adem\u00e1s de lo que arranquen a otros con el fusil en el hombro.<\/p>\n<p>Parece incre\u00edble, pero es Europa quien exporta yihadistas al Sur y no al rev\u00e9s. All\u00ed habr\u00e1 mucho curro: Turqu\u00eda y EEUU acaban de llegar a un acuerdo para entrenar y equipar a 15.000 mercenarios, durante tres a\u00f1os, para conquistar Siria y algo m\u00e1s. Recibir\u00e1n, si sobreviven, parte del beneficio del gran negocio de armas-seguridad, petr\u00f3leo y droga que hay detr\u00e1s de este tinglado.<\/p>\n<p>Cierto que algunos chavales parten hacia Siria desde la confusi\u00f3n: Si Qatar y Arabia financian el terrorismo sunita, que es algo malo, \u00bfc\u00f3mo los \u00eddolos deportivos lucen los nombres de estos pa\u00edses en sus camisetas? \u00bfPor qu\u00e9 los wahabitas disponen no de un piso franco, sino de decenas de edificios oficiales y son due\u00f1os de los medios de comunicaci\u00f3n e incluso de las deudas de los estados europeos? \u00a1Manda dinero!<\/p>\n<p>\u201cQue vuelvan a sus pa\u00edses si no aceptan nuestros valores occidentales\u201d, se oye a menudo. Lo cierto es que los 8 millones de afganos, o los 6 millones de iraqu\u00edes refugiados v\u00edctimas de parte de esos \u201cvalores\u201d, no s\u00f3lo no han recibido ninguna indemnizaci\u00f3n, sino que en vez de ser acogidos en los pa\u00edses de la OTAN (responsables de su drama, de la destrucci\u00f3n de sus casas, de sus negocios, escuelas y universidades) est\u00e1n esparcidos por los pa\u00edses vecinos que tampoco los quieren. \u00bfEn qu\u00e9 escal\u00f3n de esos \u201cvalores\u201d se coloca el env\u00edo de miles de mercenarios \u201csin papeles\u201d y armados hasta los dientes, para adue\u00f1arse de pa\u00edses enteros en el Sur?<\/p>\n<p><strong><strong>No es islamofobia, es xenofobia<\/strong><\/strong><\/p>\n<p>Tras el atentado, se est\u00e1 advirtiendo sobre el peligro de islamofobia; algunos para proteger al sector m\u00e1s vulnerable de la sociedad que son los inmigrantes y otros, desde el rechazo a la presencia pol\u00edtica de la Iglesia, han encontrado en el apoyo al Islam (que no hay que identificarlo con los inmigrantes musulmanes) un contrapeso, ignorando que las \u00e9lites religiosas suelen unirse ante el enemigo laico, ateo, y su lucha por mayores cuotas del poder es ajena a los intereses de los \u201cdesheredados\u201d. A la \u201creligi\u00f3n\u201d, al igual que la \u201cnaci\u00f3n\u201d, no le interesan las brechas entre los ricos y los pobres, entre los g\u00e9neros ni entre los grupos \u00e9tnico-religiosos.<\/p>\n<p>Cierto, el odio hacia el Islam es para los fan\u00e1ticos como el antisemitismo para la ultraderecha israel\u00ed: el agua bendita, la raz\u00f3n de su ser. Pero igual de peligroso es subrayar la afiliaci\u00f3n religiosa de los inmigrantes, y tratarles como \u201ccomunidad musulmana\u201d.<\/p>\n<p>Adem\u00e1s de ser un atentado contra la intimidad y los datos personales de los ciudadanos, conlleva otras implicaciones en estos tiempos de crisis:<\/p>\n<p>&#8211; Separa la poblaci\u00f3n \u201cnacional\u201d de la \u201cintrusa\u201d por su fe, y luego divide a los propios \u201cintrusos\u201d por su credo.<\/p>\n<p>&#8211; Oculta el problema com\u00fan de todos los inmigrantes, que es su estatus legal y real de inferiores.<\/p>\n<p>&#8211; Echa a perder todo el intento de las fuerzas progresistas de los pa\u00edses musulmanes para que la religi\u00f3n se separe del poder pol\u00edtico.<\/p>\n<p>&#8211; Obama y Hollande dicen la verdad al firmar que no luchan contra el Islam. Tienen magn\u00edficas relaciones con los representantes de esta fe. Son conscientes de que en las sociedades laicas las guerras religiosas no tienen cabida y la islamofobia no producir\u00e1 conversiones hacia otros credos, sino el rechazo al trabajador inmigrante de Oriente Pr\u00f3ximo, aunque no sea practicante. Pasan as\u00ed el trabajo sucio de negar la igualdad de derechos, a la sociedad, manteniendo el control sobre ella.<\/p>\n<p><strong><strong>\u00bfY ahora qu\u00e9?<\/strong><\/strong><\/p>\n<p>Fran\u00e7ois Hollande, que estaba viviendo los momentos de m\u00e1s baja popularidad de su presidencia, respira. La \u201cnaci\u00f3n\u201d se ha unido contra el enemigo de fuera, que encima se ha infiltrado dentro.<\/p>\n<p>Su <a href=\"http:\/\/www.nazanin.es\/?p=9177\" target=\"_blank\" rel=\"noopener noreferrer\">fracaso en Mali<\/a> y en Siria, los esc\u00e1ndalos de corrupci\u00f3n, la desobediencia de sus ministros y las tensiones sociales han sido las causas de que perdiera las elecciones municipales. Con el mega plan de Obama para una larga guerra en Oriente Pr\u00f3ximo, pretende ocupar el lugar de EEUU, firmar contratos de armas y echar fuera los balones de la crisis interna: como <a href=\"http:\/\/www.nazanin.es\/?p=10457\" target=\"_blank\" rel=\"noopener noreferrer\">Napole\u00f3n, el Rey Sol.<\/a> El portaaviones De Gaulle est\u00e1 listo para partir hacia el golfo P\u00e9rsico.<\/p>\n<p>\u201cTrabajadores de todo el mundo un\u00edos\u201c, es la \u00fanica salida a esta locura y amenaza global. No son suficientes los debates peque\u00f1o-burgueses de sof\u00e1 sobre \u201c\u00bfcu\u00e1ntos \u00e1ngeles se pueden sentar sobre la punta de una aguja, camarada?<\/p>\n<p><strong>Fuente:<\/strong> <a href=\"http:\/\/blogs.publico.es\/puntoyseguido\/\">http:\/\/blogs.publico.es\/puntoyseguido\/<\/a><\/p>\n","protected":false},"excerpt":{"rendered":"<p style='margin-bottom: 0.2cm; border: none; padding: 0cm; line-height: 150%;' align='JUSTIFY'>Muchos de los que hoy, tras el vil atentado contra Charlie Hebdo, se desgarran las vestiduras por la \u201cLibertad de Expresi\u00f3n\u201d, se callaron cuando los soldados de EEUU mataron al c\u00e1mara Jos\u00e9 Couso en Irak, o bombardearon las estaciones de la TV p\u00fablica en Bagdad, Belgrado y Tr\u00edpoli; ni tampoco protestaron por el despido del dibujante Maurice Sinet en 2008 de esta misma revista por haber comentado la relaci\u00f3n interesada del hijo de Sarkozy, sin estudios ni oficio, con una mujer empresaria jud\u00eda.  Mucha \u201clibertad de expresi\u00f3n\u201d pero algo o alguien encubre las noticias sobre, por ejemplo, las decapitaciones y latigazos en Arabia Saud\u00ed \u2013amigo del alma de Occidente y el principal valedor del terrorismo sunnita, seg\u00fan H. Clinton\u2013, con reportajes sobre sus osadas conductoras o los millones que gasta el pa\u00eds en la cosm\u00e9tica. <\/p>\n","protected":false},"author":9,"featured_media":2869,"comment_status":"open","ping_status":"open","sticky":false,"template":"","format":"standard","meta":{"footnotes":""},"categories":[13],"tags":[],"class_list":["post-2868","post","type-post","status-publish","format-standard","has-post-thumbnail","hentry","category-la-izquierda-a-debate"],"aioseo_notices":[],"_links":{"self":[{"href":"https:\/\/espai-marx.net\/index.php?rest_route=\/wp\/v2\/posts\/2868","targetHints":{"allow":["GET"]}}],"collection":[{"href":"https:\/\/espai-marx.net\/index.php?rest_route=\/wp\/v2\/posts"}],"about":[{"href":"https:\/\/espai-marx.net\/index.php?rest_route=\/wp\/v2\/types\/post"}],"author":[{"embeddable":true,"href":"https:\/\/espai-marx.net\/index.php?rest_route=\/wp\/v2\/users\/9"}],"replies":[{"embeddable":true,"href":"https:\/\/espai-marx.net\/index.php?rest_route=%2Fwp%2Fv2%2Fcomments&post=2868"}],"version-history":[{"count":0,"href":"https:\/\/espai-marx.net\/index.php?rest_route=\/wp\/v2\/posts\/2868\/revisions"}],"wp:featuredmedia":[{"embeddable":true,"href":"https:\/\/espai-marx.net\/index.php?rest_route=\/wp\/v2\/media\/2869"}],"wp:attachment":[{"href":"https:\/\/espai-marx.net\/index.php?rest_route=%2Fwp%2Fv2%2Fmedia&parent=2868"}],"wp:term":[{"taxonomy":"category","embeddable":true,"href":"https:\/\/espai-marx.net\/index.php?rest_route=%2Fwp%2Fv2%2Fcategories&post=2868"},{"taxonomy":"post_tag","embeddable":true,"href":"https:\/\/espai-marx.net\/index.php?rest_route=%2Fwp%2Fv2%2Ftags&post=2868"}],"curies":[{"name":"wp","href":"https:\/\/api.w.org\/{rel}","templated":true}]}}