{"id":2870,"date":"2015-01-20T00:00:00","date_gmt":"2015-01-20T00:00:00","guid":{"rendered":"https:\/\/espai-marx.net\/?p=2870"},"modified":"2020-02-18T07:20:05","modified_gmt":"2020-02-18T06:20:05","slug":"quot-ciutat-morta-quot-declive-energetico-y-gran-exclusion","status":"publish","type":"post","link":"https:\/\/espai-marx.net\/?p=2870","title":{"rendered":"&quot;Ciutat morta&quot;, declive energ\u00e9tico y Gran Exclusi\u00f3n"},"content":{"rendered":"<p class=\"western\" style=\"margin-bottom: 0.64cm; line-height: 150%;\" align=\"JUSTIFY\">El pasado s\u00e1bado d\u00eda 17 de Enero de 2015 la cadena catalana de televisi\u00f3n C33 emiti\u00f3 el documental \u00ab<a href=\"https:\/\/ciutatmorta.wordpress.com\/\" target=\"_blank\" rel=\"noopener noreferrer\">Ciutat morta<\/a>\u00ab, despu\u00e9s de muchas a\u00f1os de ninguneo y censura (inclusive una orden judicial de \u00faltima hora que oblig\u00f3 a dejar fuera de la emisi\u00f3n televisiva 5 minutos del metraje original). Esta pel\u00edcula (que puede ser descargada libremente en la red por expreso deseo de sus creadores y promotores) recoge un relato de un suceso muy escabroso que ilumina zonas de nuestra realidad donde nunca es grato mirar.<\/p>\n<p class=\"western\" style=\"margin-bottom: 0.64cm; line-height: 150%;\" align=\"JUSTIFY\">El documental da una visi\u00f3n parcial de todo lo que rodea al caso, puesto que nunca o\u00edmos la versi\u00f3n m\u00e1s que de una de las partes, y eso sin duda le resta fuerza. Sin embargo, la parte ausente es justamente la que m\u00e1s f\u00e1cil acceso tiene a los medios de comunicaci\u00f3n y la que sin ning\u00fan problema podr\u00eda querellarse contra los promotores de \u00abCiutat morta\u00bb si lo que est\u00e1n diciendo fuera calumnioso; y como tal cosa no sucede y callan, uno colige que debe haber cierta parte de verdad en lo que se denuncia en esa pel\u00edcula.<\/p>\n<p class=\"western\" style=\"margin-bottom: 0.64cm; line-height: 150%;\" align=\"JUSTIFY\">Para los que no conozcan de qu\u00e9 va esta historia, har\u00e9 un resumen r\u00e1pido de lo que uno puede entender viendo el documental. El 4 de Febrero del 2006 numerosos efectivos de la Guardia Urbana de Barcelona acuden a un edificio ocupado de la calle Sant Pere m\u00e9s Baix de Barcelona donde se est\u00e1 celebrando una multitudinaria fiesta no autorizada con la intenci\u00f3n de desbaratarla y disolver a la muchedumbre all\u00ed reunida. Algunos asistentes a la fiesta reaccionan con gran agresividad y en el transcurso de los enfrentamientos con la polic\u00eda, un polic\u00eda resultada alcanzado en la cabeza, probablemente por una maceta de gran peso lanzada desde los pisos superiores, lo que le produce una fractura de base del cr\u00e1neo y le deja en estado vegetativo (por lo que s\u00e9, el pobre hombre a\u00fan est\u00e1 as\u00ed).<\/p>\n<p class=\"western\" style=\"margin-bottom: 0.64cm; line-height: 150%;\" align=\"JUSTIFY\">Los agentes de la Guardia Urbana de Barcelona detienen inmediatamente a tres j\u00f3venes a pie de la calle, que como se mostrar\u00e1 ulteriormente en el juicio no pod\u00edan f\u00edsicamente ser los autores materiales de la agresi\u00f3n al agente herido. En las dependencias de la Guardia Urbana les propinan tremendas palizas que obligan a trasladarlos al Hospital del Mar para curarlos. En la sala de urgencias del Hospital se encuentran una chica y un chico que hab\u00edan sufrido un accidente de bicicleta y nunca se hab\u00edan encontrado en el lugar de los hechos. Una est\u00e9tica personal demasiado antisistema fue suficiente para que los arrestaran e inculpasen de los mismos delitos que a los dem\u00e1s. Despu\u00e9s de eso, a\u00f1os de procesamiento judicial, arbitrariedades m\u00faltiples, declaraciones ama\u00f1adas de un par de agentes que con el tiempo acabar\u00edan siendo condenados por falsear pruebas y testimonios, y varios a\u00f1os de c\u00e1rcel para los j\u00f3venes detenidos en el lugar de los hechos y, de manera completamente incomprensible, tambi\u00e9n para la chica, la cual termina suicid\u00e1ndose durante un permiso carcelario.<\/p>\n<p class=\"western\" style=\"margin-bottom: 0.64cm; line-height: 150%;\" align=\"JUSTIFY\">\u00abCiutat morta\u00bb es una pel\u00edcula inc\u00f3moda, desagradable emocional y est\u00e9ticamente; es un relato de terror del m\u00e1s terror\u00edfico: el que es real. Ver la pel\u00edcula causa inquietud y desasosiego, plantea demasiadas preguntas inc\u00f3modas, cuestiona demasiadas verdades incuestionadas. Y es una muestra perfecta de la evoluci\u00f3n de nuestra sociedad en su descenso a los infiernos de <a href=\"http:\/\/crashoil.blogspot.com.http\/crashoil.blogspot.com.es\/2011\/12\/la-gran-exclusion.htmles\/2011\/12\/la-gran-exclusion.html\" target=\"_blank\" rel=\"noopener noreferrer\">la Gran Exclusi\u00f3n<\/a>.<\/p>\n<p class=\"western\" style=\"margin-bottom: 0.64cm; line-height: 150%;\" align=\"JUSTIFY\">\u00abCiutat morta\u00bb plantea diversas y graves acusaciones. La m\u00e1s obvia es que el Ayuntamiento de Barcelona consinti\u00f3, si no foment\u00f3, que en la Guardia Urbana hubiese algunos agentes corruptos cuyo <i>modus operandi<\/i>, basado en el maltrato, la tortura y el falso testimonio, era carente de escr\u00fapulos y directamente delictivo. Seguramente tales agentes eran una minor\u00eda del cuerpo, pero una tal minor\u00eda hace mucho da\u00f1o a la imagen de toda la Guardia. Incluso me atrever\u00eda a apostar a que el pobre agente que qued\u00f3 muerto en vida pertenec\u00eda a esa mayor\u00eda de justos, de honrados, de los que menos merec\u00edan lo que le pas\u00f3 (si es que alguien pudiera merecerse un destino semejante). Ese agente fue carne de ca\u00f1\u00f3n de un conflicto artificialmente creado que le destroz\u00f3 la vida a \u00e9l, a su familia y las vidas de los j\u00f3venes torturados y encarcelados espuriamente en su nombre. Puesto que otra acusaci\u00f3n que formula \u00abCiutat morta\u00bb es que la situaci\u00f3n de aquel teatro de Sant Pere m\u00e9s Baix donde se origina este drama fue consentida, cuando no deliberadamente fomentada, por el Ayuntamiento de Barcelona. El edificio ocupado resultaba ser de titularidad del Ayuntamiento, y seg\u00fan nos explican algunos testimonios las fiestas en \u00e9l fueron durante meses muy frecuentes y muy ruidosas, en suma muy molestas para los vecinos. \u00bfPor qu\u00e9 durante tanto tiempo el Ayuntamiento no intervino, m\u00e1xime cuando el edificio era suyo? Pues, seg\u00fan nos dicen, porque esa situaci\u00f3n le resultaba muy conveniente, ya que el Ayuntamiento estaba adquiriendo y expropiando viviendas en el barrio, dentro de un plan para revitalizarlo, y los molestos vecinos del teatro okupa hac\u00eda que los propietarios de otros inmuebles fuesen m\u00e1s proclives a marcharse. De acuerdo con la planificaci\u00f3n urban\u00edstica de entonces (no olvidemos que 2006 es el apogeo de la burbuja urban\u00edstica en Espa\u00f1a), el barrio pasar\u00eda a ser ocupado por una emergente clase de profesionales cualificados, lo que t\u00e9cnicamente se conoce como \u00ab<a href=\"http:\/\/es.wikipedia.org\/wiki\/Gentrificaci\u00f3n\" target=\"_blank\" rel=\"noopener noreferrer\">gentrificaci\u00f3n<\/a>\u00bb del barrio (vamos, que pasar\u00eda a ser un barrio de pijos).<\/p>\n<p class=\"western\" style=\"margin-bottom: 0.64cm; line-height: 150%;\" align=\"JUSTIFY\">Lo grave de las acusaciones formuladas es que resultan perfectamente cre\u00edbles, dada la enorme corrupci\u00f3n urban\u00edstica que ha sufrido Espa\u00f1a. No resulta dif\u00edcil imaginar que el dise\u00f1o del nuevo barrio ser\u00eda decidido en una comida de gente respetable en un restaurante de \u00e9sos en los que el men\u00fa cuesta la mitad del salario mensual de alguno de los jovenzuelos que luego sirvieron de chivo expiatorio. Seguramente los comensales se relamieron pensando en el beneficio personal que podr\u00edan conseguir adquiriendo pisos a bajo precio en la di\u00e1spora subsecuente a la favorecida degradaci\u00f3n de un barrio ya previamente castigado, para luego ser vendidos a un precio mayor, remodelados, a un <i>hipster<\/i> con los bolsillos y las ambiciones plenas. Sin embargo, el brillante plan sali\u00f3 mal: una de esas fiestas de marginales se les fue de las manos, la calculada represi\u00f3n no contaba con que un agente saldr\u00eda gravemente lesionado&#8230; De repente la responsabilidad del Ayuntamiento quedar\u00eda expuesta, por haber omitido negligentemente el mantener su propio edificio dentro del orden; la responsabilidad civil subsidiaria, si no se pod\u00eda identificar al autor de la b\u00e1rbara agresi\u00f3n al polic\u00eda, recaer\u00eda sobre el Ayuntamiento y podr\u00eda desencadenar, en la catarsis period\u00edstica del momento, muchas preguntas inc\u00f3modas, quiz\u00e1 se filtrar\u00eda que hab\u00eda orden de no molestar a los okupas&#8230; Se hac\u00eda por tanto necesario buscar a quien cargarle el muerto, personas que no tuvieran la m\u00e1s m\u00ednima relevancia, personas tan marginales para las cuales pasar unos a\u00f1os en prisi\u00f3n no tuviera la m\u00e1s m\u00ednima importancia puesto que eran carne de presidio. Se tom\u00f3 a tres de los marginales que all\u00ed estaban, al azar; tres que quiz\u00e1 estaban enfrent\u00e1ndose con la polic\u00eda en el portal o solamente que pasaban por ah\u00ed, tanto daba, y se les criminaliz\u00f3, se busc\u00f3 un pararrayos que detuviera el golpe, se inventaron testimonios gracias a la inestimable colaboraci\u00f3n de aquellos agentes que ya hab\u00edan prestado servicios semejantes con anterioridad, se goz\u00f3 de la aquiescencia de jueces a los cuales sus prejuicios ideol\u00f3gicos les imped\u00edan ver a las personas que se escond\u00edan detr\u00e1s de los espantajos construidos a la medida de la necesidad del momento, se consigui\u00f3 un silencio bastante general de los medios de comunicaci\u00f3n sobre los aspectos m\u00e1s turbios del caso y en general se cont\u00f3 con la complicidad de una mayor\u00eda de ciudadanos silentes que no quisieron conocer m\u00e1s detalles sobre una historia tan s\u00f3rdida. Todo resulta tan escalofriantemente real, cre\u00edble, cercano&#8230;<\/p>\n<p class=\"western\" style=\"margin-bottom: 0.64cm; line-height: 150%;\" align=\"JUSTIFY\">El plan para transformar el barrio deprimido pero c\u00e9ntrico, consistente en hundirlo a\u00fan m\u00e1s para despu\u00e9s convertirlo en un barrio de pijos, con ping\u00fces beneficios mediante para los h\u00e1biles promotores de toda la trama, estaba en realidad condenado al fracaso desde el principio. Los pudientes profesionales que deb\u00edan acudir en masa de toda Europa a poblar las nuevas casas que se ten\u00edan que construir all\u00ed s\u00f3lo exist\u00edan en la imaginaci\u00f3n de los que tomaron aquellas dr\u00e1sticas decisiones. Un a\u00f1o m\u00e1s tarde estallar\u00eda la burbuja inmobiliaria espa\u00f1ola, y hoy en d\u00eda todo sigue como estaba en la zona de Sant Pere m\u00e9s Baix, nueve a\u00f1os despu\u00e9s; yo incluso fui una vez, hacia el a\u00f1o 2012, a dar una charla al aire libre en el Forat de la Vergonya, al lado de un huerto urbano autogestionado por los vecinos. En realidad no hab\u00eda energ\u00eda ni recursos para mantener aquella incoherente e insostenible trayectoria de crecimiento ilimitado, de locura urban\u00edstica, que sin embargo la gente de dinero dio por descontada; y por eso su plan fracas\u00f3, porque nunca pod\u00eda haber triunfado. Quiz\u00e1 a\u00fan contin\u00faan creyendo que cuando las cosas se calmen podr\u00e1n recuperar el dinero que invirtieron, y justamente por eso no es probable que les guste que, gracias a este documental, se revitalice la pol\u00e9mica sobre el caso 4F. Quiz\u00e1 por eso es m\u00e1s necesario que nunca hablar de ello.<\/p>\n<p class=\"western\" style=\"margin-bottom: 0.64cm; line-height: 150%;\" align=\"JUSTIFY\">Uno de esos puntos de desasosiego dif\u00edcil de emplazar de \u00abCiutat morta\u00bb viene de las caracter\u00edsticas de los personajes protagonistas, las v\u00edctimas de tanta arbitrariedad. Los actores principales que sufren en sus carnes tama\u00f1os atropellos no son individuos con los que f\u00e1cilmente se pueda identificar la clase media urbana de Barcelona, de Espa\u00f1a, de Europa, de Occidente. Son j\u00f3venes desclasados, marginalizados, que malviven en empleos precarios, que se mueven por los bordes difusos y turbios de este sistema cuya podredumbre s\u00f3lo hemos empezado a cuestionar cuando el transcurso de <a href=\"http:\/\/crashoil.blogspot.com\/2010\/06\/digamos-alto-y-claro-esta-crisis.html\" target=\"_blank\" rel=\"noopener noreferrer\">esta crisis que no acabar\u00e1 nunca<\/a> nos ha obligado a repensar nuestras certezas y revisar si lo que cre\u00edamos seguro realmente lo es. No son ni\u00f1os bonitos con sonrisas de anuncio de dent\u00edfrico y un m\u00e1ster debajo del brazo, sino individuos hoscos, broncos, de est\u00e9tica provocadora, de vida marginalizada. Vida marginalizada, que no marginal: estos j\u00f3venes no han escogido estar donde est\u00e1n, est\u00e1n donde pueden. Estos j\u00f3venes son los desplazados por el estallido de la \u00faltima burbuja financiera, en espera de que el estallido de la siguiente les convierta en los anfitriones de los nuevos excluidos.<\/p>\n<p class=\"western\" style=\"margin-bottom: 0.64cm; line-height: 150%;\" align=\"JUSTIFY\">Esos chicos viv\u00edan en 2006 y contin\u00faan viviendo en 2015 en medio de la Gran Exclusi\u00f3n, <a href=\"http:\/\/crashoil.blogspot.com.es\/2011\/12\/la-gran-exclusion.html\" target=\"_blank\" rel=\"noopener noreferrer\">de ese proceso que comentamos hace tiempo en este <i>blog<\/i><\/a> que es el destino natural de una clase media crecientemente depauperada en Occidente (exclusi\u00f3n donde siempre ha encontrado el grueso de la poblaci\u00f3n de esa mayor\u00eda de pa\u00edses que no han podido gozar del privilegio de tener una clase media). Conviene recordar que nuestro proceso de descenso energ\u00e9tico como sociedad ya hab\u00eda comenzado cuando nominalmente la burbuja inmobiliaria a\u00fan no hab\u00eda estallado. De hecho, las restricciones relativas en el acceso a los combustibles f\u00f3siles baratos ya hab\u00edan comenzado en el a\u00f1o 2000, pero s\u00f3lo en el 2005, <a href=\"http:\/\/crashoil.blogspot.com.es\/2010\/11\/la-agencia-internacional-de-la-energia.html\" target=\"_blank\" rel=\"noopener noreferrer\">con la llegada del pico del petr\u00f3leo crudo<\/a>, empezaron a sentirse con toda su intensidad. <a href=\"http:\/\/crashoil.blogspot.com.es\/2014\/12\/el-ocaso-del-petroleo-edicion-de-2014.html\" target=\"_blank\" rel=\"noopener noreferrer\">En el a\u00f1o 2006 la cantidad de energ\u00eda total proveniente del petr\u00f3leo estaba pr\u00e1cticamente en su m\u00e1ximo hist\u00f3rico<\/a> previo al declive en el que ya estamos inmersos, pero si en vez de mirar el total de la energ\u00eda del petr\u00f3leo miramos la energ\u00eda per c\u00e1pita el descenso ya hab\u00eda comenzado pues \u00e9ramos m\u00e1s pero ten\u00edamos lo mismo para repartir. Dado que las personas integradas en el sistema a\u00fan no hab\u00edan comenzado su personal descenso energ\u00e9tico, eso simplemente quiere decir que fueron los reci\u00e9n llegados a la edad productiva, los j\u00f3venes, los que no pudieron reclamar su parte del pastel. Mientras unos se enso\u00f1aban en lujosos restaurantes en c\u00f3mo llenar a\u00fan m\u00e1s sus enormes bolsillos, estos j\u00f3venes buscaban un hueco que nadie les hab\u00eda reservado en esta sociedad; quiz\u00e1 unos pocos lo conseguir\u00edan, pero ser\u00eda a costa de tantos otros que se quedar\u00edan fuera. Y conviene recordar que eso ya era as\u00ed en 2005; que nuestro descenso energ\u00e9tico empez\u00f3 antes de lo que creemos. Para estos j\u00f3venes, caer fuera de los m\u00e1rgenes calculados de la sociedad supon\u00eda, sin que ellos lo supieran, que perdieran su consideraci\u00f3n de seres humanos. Ya no eran, a ojos de la sociedad a la que cre\u00edan a\u00fan pertenecer, seres con derechos, sino pecios de clase media a la deriva. De ah\u00ed la enorme extra\u00f1eza, los ojos de sorpresa, con los que estos j\u00f3venes y sus allegados comentan sus experiencias, su incredulidad delante la arbitrariedad que sufren. Ellos cre\u00edan pertenecer a un Estado de derecho y de repente se dan cuenta de que no, de que esa manta cada vez m\u00e1s peque\u00f1a en la que hab\u00edan cre\u00eddo ya no les cubre a ellos. \u00c9sta es la situaci\u00f3n normal en tantos pa\u00edses en los que el derecho jam\u00e1s lleg\u00f3 a toda la poblaci\u00f3n, pero resulta ser un destete violento, una bofetada de realidad en la cara de tantos espa\u00f1oles que cre\u00edan que a\u00fan \u00e9ramos lo suficientemente ricos como para ser aproximadamente igualitarios, al menos en lo que a derechos fundamentales se refiere. Estos j\u00f3venes hab\u00edan perdido su clase de procedencia y no lo sab\u00edan: por eso su choque con la realidad resulta tan brutal.<\/p>\n<p class=\"western\" lang=\"es-ES\" style=\"margin-bottom: 0.64cm; line-height: 150%;\" align=\"JUSTIFY\">Lo m\u00e1s terror\u00edfico de ese desclasamiento no es que entre el espectador t\u00edpico de ese documental y sus personajes medie una gran distancia, sino la certeza inconsciente que todos tenemos de que las futuras e inevitables olas de la crisis eterna nos aproximar\u00e1n, hasta que nosotros seamos como ellos y ellos como nosotros. En suma, lo que m\u00e1s miedo nos da es que alg\u00fan d\u00eda, cuando nosotros ingresemos en ese lumpen, todo ese horror y arbitrariedad que ellos han sufrido ser\u00e1 tambi\u00e9n para nosotros. Puesto que varios personajes del documental lo dejan claro: si destrozaron la vida de esos pobres desgraciados era por su marginalidad, porque no se les consideraba ciudadanos de derecho; en el caso de la chica, Patricia Heras, se la consideraba sacrificable directamente por su est\u00e9tica. Pero si no tomamos las riendas de esta situaci\u00f3n, si dejamos que las cosas evolucionen a su libre albedr\u00edo y de manera natural, todos estaremos en esa situaci\u00f3n de sacrificables de aqu\u00ed en unos a\u00f1os. Esos polic\u00edas que no quisieron saber qu\u00e9 pasaba en aquella sala de interrogatorios, esos jueces que no quisieron escuchar las acusaciones de tortura, esos m\u00e9dicos que se limitaron a curar las heridas y mirar a otro lado, esos pol\u00edticos que no tuvieron el coraje de afrontar las consecuencias l\u00f3gicas de sus malas acciones previas, esos vecinos que simplemente no quer\u00edan que les metieran en l\u00edos, esos ciudadanos que se jactan de lo bonita que es Barcelona mientras giran la cara para no ver la otra mitad&#8230; Todos ellos, todos nosotros, seremos no-ciudadanos, expuestos a la misma intemperie de injusticia que estos chicos, de aqu\u00ed en unos a\u00f1os: s\u00f3lo hace falta esperar a que nuestro descenso nos lleve a esas orillas. Quiz\u00e1 si entendemos esto, quiz\u00e1 si escuchamos estos testimonios, quiz\u00e1 si por fin tomamos las riendas podremos evitar lo peor de lo que est\u00e1 por venir, y el sacrificio de Patricia Heras no habr\u00e1 sido en vano.<\/p>\n<p class=\"western\" lang=\"es-ES\" style=\"margin-bottom: 0.64cm; line-height: 150%;\" align=\"JUSTIFY\"><i><b>Fuente:<\/b><\/i> <a href=\"http:\/\/crashoil.blogspot.com.es\/2015\/01\/ciutat-morta-declive-energetico-y-gran.html\">http:\/\/crashoil.blogspot.com.es\/2015\/01\/ciutat-morta-declive-energetico-y-gran.html<\/a><\/p>\n<p class=\"western\" lang=\"es-ES\" style=\"margin-bottom: 0.64cm; line-height: 150%;\" align=\"JUSTIFY\">\n<p class=\"western\" lang=\"es-ES\" style=\"margin-bottom: 0.64cm; line-height: 150%;\" align=\"JUSTIFY\">\n<p class=\"western\" style=\"margin-bottom: 0cm;\" align=\"JUSTIFY\">\n","protected":false},"excerpt":{"rendered":"<p style='margin-bottom: 0cm;' align='JUSTIFY'>Lo m\u00e1s terror\u00edfico no es que entre el espectador t\u00edpico de ese documental y sus personajes medie una gran distancia, sino la certeza inconsciente que todos tenemos de que las futuras e inevitables olas de la crisis eterna nos aproximar\u00e1n, hasta que nosotros seamos como ellos y ellos como nosotros. En suma, lo que m\u00e1s miedo nos da es que alg\u00fan d\u00eda, cuando nosotros ingresemos en ese \u201clumpen\u201d, todo ese horror y arbitrariedad que ellos han sufrido ser\u00e1 tambi\u00e9n para nosotros. Puesto que varios personajes del documental lo dejan claro: si destrozaron la vida de esos pobres desgraciados era por su marginalidad, porque no se les consideraba ciudadanos de derecho; en el caso de la chica, Patricia Heras, se la consideraba sacrificable directamente por su est\u00e9tica. Pero si no tomamos las riendas de esta situaci\u00f3n, si dejamos que las cosas evolucionen a su libre albedr\u00edo y de manera natural, todos estaremos en esa situaci\u00f3n de sacrificables de aqu\u00ed en unos a\u00f1os.<\/p>\n","protected":false},"author":9,"featured_media":2871,"comment_status":"open","ping_status":"open","sticky":false,"template":"","format":"standard","meta":{"footnotes":""},"categories":[47],"tags":[],"class_list":["post-2870","post","type-post","status-publish","format-standard","has-post-thumbnail","hentry","category-notes-de-lectura-sobre-ecologia-social"],"aioseo_notices":[],"_links":{"self":[{"href":"https:\/\/espai-marx.net\/index.php?rest_route=\/wp\/v2\/posts\/2870","targetHints":{"allow":["GET"]}}],"collection":[{"href":"https:\/\/espai-marx.net\/index.php?rest_route=\/wp\/v2\/posts"}],"about":[{"href":"https:\/\/espai-marx.net\/index.php?rest_route=\/wp\/v2\/types\/post"}],"author":[{"embeddable":true,"href":"https:\/\/espai-marx.net\/index.php?rest_route=\/wp\/v2\/users\/9"}],"replies":[{"embeddable":true,"href":"https:\/\/espai-marx.net\/index.php?rest_route=%2Fwp%2Fv2%2Fcomments&post=2870"}],"version-history":[{"count":0,"href":"https:\/\/espai-marx.net\/index.php?rest_route=\/wp\/v2\/posts\/2870\/revisions"}],"wp:featuredmedia":[{"embeddable":true,"href":"https:\/\/espai-marx.net\/index.php?rest_route=\/wp\/v2\/media\/2871"}],"wp:attachment":[{"href":"https:\/\/espai-marx.net\/index.php?rest_route=%2Fwp%2Fv2%2Fmedia&parent=2870"}],"wp:term":[{"taxonomy":"category","embeddable":true,"href":"https:\/\/espai-marx.net\/index.php?rest_route=%2Fwp%2Fv2%2Fcategories&post=2870"},{"taxonomy":"post_tag","embeddable":true,"href":"https:\/\/espai-marx.net\/index.php?rest_route=%2Fwp%2Fv2%2Ftags&post=2870"}],"curies":[{"name":"wp","href":"https:\/\/api.w.org\/{rel}","templated":true}]}}