{"id":2902,"date":"2015-03-06T00:00:00","date_gmt":"2015-03-06T00:00:00","guid":{"rendered":"https:\/\/espai-marx.net\/?p=2902"},"modified":"2020-02-19T09:54:11","modified_gmt":"2020-02-19T08:54:11","slug":"la-renovada-presencia-del-campesinado-en-los-procesos-emancipatorios","status":"publish","type":"post","link":"https:\/\/espai-marx.net\/?p=2902","title":{"rendered":"La renovada presencia del campesinado en los procesos emancipatorios"},"content":{"rendered":"<p class=\"western\" lang=\"es-ES\" style=\"margin-bottom: 0.64cm; line-height: 150%;\" align=\"JUSTIFY\"><i>Intervenci\u00f3n en la presentaci\u00f3n del libro de Luciano Vasapollo \u00abDe Sur a Sur. La estrategia del caracol\u00bb (El Viejo Topo, 2014) realizada en Barcelona el 20 de enero de 2014.<\/i><\/p>\n<p class=\"western\" lang=\"es-ES\" style=\"margin-bottom: 0.64cm; line-height: 150%;\" align=\"CENTER\"><b>I<\/b><\/p>\n<p class=\"western\" lang=\"es-ES\" style=\"margin-bottom: 0.64cm; line-height: 150%;\" align=\"JUSTIFY\">En primer lugar quiero agradecer a todos los presentes vuestra asistencia en nombre de las entidades organizadoras de este acto (la editorial <b>El Viejo Topo<\/b>, <b>Espai Marx<\/b>, <b>Casal del Alba<\/b>, <b>Frente C\u00edvico<\/b>, <b>Marxismo Cr\u00edtico<\/b> y <b>Alba Sud<\/b>) y tambi\u00e9n a <b>Luciano Vasapollo<\/b> por su viaje a Barcelona que nos permite conocer mejor y discutir su trabajo.<\/p>\n<p class=\"western\" lang=\"es-ES\" style=\"margin-bottom: 0.64cm; line-height: 150%;\" align=\"JUSTIFY\"><b>Luciano Vasapollo<\/b> es profesor de las universidades de Roma y La Habana sobre m\u00e9todos de an\u00e1lisis del sistema econ\u00f3mico y el desarrollo. Es tambi\u00e9n coordinador del Cap\u00edtulo Italiano de la red \u00ab<b>Redes de Intelectuales y Artistas en Defensa de la Humanidad<\/b>\u00bb y director de CESTES &#8211; Centro Studi Transformazioni econ\u00f3mico-social y las revistas <b>Proteo<\/b> y <b>Nuestra Am\u00e9rica-Italia<\/b>.<\/p>\n<p class=\"western\" lang=\"es-ES\" style=\"margin-bottom: 0.64cm; line-height: 150%;\" align=\"JUSTIFY\">Por su parte, <b>Joan Tafalla<\/b>, autor del pr\u00f3logo del libro, es miembro de <b>Espai Marx<\/b>, maestro, pensador y militante comunista de los que muchos hemos podido aprender durante muchos a\u00f1os. Es autor tambi\u00e9n de una tesis doctoral sobre Jacques-Michel Coup\u00e9, un cura jacobino, diputado en la Convenci\u00f3n Nacional, y uno de los muchos cuadros que defendieron la econom\u00eda moral frente la fisiocracia durante la Revoluci\u00f3n Francesa.<\/p>\n<p class=\"western\" lang=\"es-ES\" style=\"margin-bottom: 0.64cm; line-height: 150%;\" align=\"JUSTIFY\">Recordemos que <b>Luciano Vasapollo<\/b> estar\u00e1 ma\u00f1ana presentando tambi\u00e9n otro libro suyo, escrito con <b>Joaqu\u00edn Arriola<\/b> y <b>Rita Martufi<\/b>, <i>El despertar de los cerdos<\/i>, que tendr\u00e1 lugar en el Colectivo Ronda y que contar\u00e1 tambi\u00e9n con la participaci\u00f3n de <b>Miren Etxezarreta<\/b>, <b>Rita Martufi<\/b> y <b>Ramon Franquesa<\/b>. Un libro que plantea la hip\u00f3tesis de una salida coordinada del euro por parte de los pa\u00edses del sur de Europa m\u00e1s afectados por la crisis (los conocidos por el acr\u00f3nimo PIIGS, Portugal, Irlanda, Italia, Grecia y Espa\u00f1a). La propuesta de estos tres economistas toma como inspiraci\u00f3n el modelo del ALBA desarrollado en Am\u00e9rica Latina.<\/p>\n<p class=\"western\" lang=\"es-ES\" style=\"margin-bottom: 0.64cm; line-height: 150%;\" align=\"CENTER\"><b>II<\/b><\/p>\n<p class=\"western\" lang=\"es-ES\" style=\"margin-bottom: 0.64cm; line-height: 150%;\" align=\"JUSTIFY\">Se trata de dos libros que aunque muy diferentes enlazan preocupaciones e intereses. Ambos tienen como centro de su reflexi\u00f3n el SUR. Un Sur que es visto como met\u00e1fora, y como se\u00f1ala <b>Joan Tafalla<\/b> en su pr\u00f3logo, como <b>el eslab\u00f3n m\u00e1s d\u00e9bil de la cadena<\/b>, la que puede actuar como desencadenante de los hechos que agraven la crisis del capitalismo y permitan un v\u00eda de esperanza para la supervivencia humanidad.<\/p>\n<p class=\"western\" lang=\"es-ES\" style=\"margin-bottom: 0.64cm; line-height: 150%;\" align=\"JUSTIFY\">En Europa pensamos como esperanza una uni\u00f3n de los pueblos del Sur que rompa con esta Uni\u00f3n Europea y permita construir nuevas alianzas, inspir\u00e1ndonos en procesos similares a los que se han podido llevar a cabo en Am\u00e9rica Latina en el marco del ALBA.<\/p>\n<p class=\"western\" lang=\"es-ES\" style=\"margin-bottom: 0.64cm; line-height: 150%;\" align=\"JUSTIFY\">Y en esta discusi\u00f3n, tanto en Am\u00e9rica Latina como en el Sur de Europa, aparece nuevamente el campesinado, un sector social clave en la historia de las revoluciones y los procesos de transformaci\u00f3n social profundos que se han dado desde principios del siglo XX. <b>Es un campesinado que nos ayuda a pensar y construir alternativas de econom\u00eda local, de reciprocidad, de organizaci\u00f3n social, de relaci\u00f3n respetuosa con el territorio y sus recursos, radicalmente diferentes a la l\u00f3gica suicida del capitalismo<\/b>. Y este es precisamente el objeto de la presentaci\u00f3n del libro de hoy, este papel que termina jugando el campesinado en los procesos de transformaci\u00f3n social a pesar de haber sido condenado a la desaparici\u00f3n y la marginaci\u00f3n una y otra vez.<\/p>\n<p class=\"western\" lang=\"es-ES\" style=\"margin-bottom: 0.64cm; line-height: 150%;\" align=\"CENTER\"><b>III<\/b><\/p>\n<p class=\"western\" lang=\"es-ES\" style=\"margin-bottom: 0.64cm; line-height: 150%;\" align=\"JUSTIFY\"><b>Joan Tafalla<\/b> en su pr\u00f3logo hace un recorrido por la historia de las ideas de aquellos pensadores y revolucionarios que dentro de la tradici\u00f3n marxista se dieron cuenta de este papel singular del campesinado y que consideraban que no se les pod\u00eda menospreciar ni condenar a la desaparici\u00f3n, como han hecho tantas veces los defensores de la modernizaci\u00f3n y del sistema capitalista, pero tambi\u00e9n el marxismo m\u00e1s vulgar y teleol\u00f3gico.<\/p>\n<p class=\"western\" lang=\"es-ES\" style=\"margin-bottom: 0.64cm; line-height: 150%;\" align=\"JUSTIFY\">Este recorrido comienza en el trabajo del mismo <b>Karl Marx<\/b> de m\u00e1s edad, y sigue con <b>Antonio Gramsci<\/b> y el peruano <b>Juan Carlos Mari\u00e1tegui<\/b>, y conecta acertadamente el an\u00e1lisis y propuesta de <b>Luciano Vasapollo<\/b> con esta tradici\u00f3n intelectual. En este hilo deber\u00edamos poder incorporar tambi\u00e9n el trabajo del pensador marxista, novelista y cr\u00edtico cultural <b>John Berger<\/b> en \u00abPuerca tierra\u00bb cuando, por ejemplo, afirma:<\/p>\n<p class=\"western\" lang=\"es-ES\" style=\"margin-left: 1.25cm; margin-bottom: 0.64cm; line-height: 150%;\" align=\"JUSTIFY\">Despachar la experiencia campesina como algo que pertenece al pasado y es irrelevante para la vida moderna; imaginar que los miles de a\u00f1os de cultura campesina no dejan una herencia para el futuro, sencillamente porque \u00e9sta casi nunca ha tomado la forma de objetos perdurables; seguir manteniendo, como se ha mantenido durante siglos, que es algo marginal a la civilizaci\u00f3n; todo ello es negar el valor de demasiada historia y de demasiadas vidas. <b>[1]<\/b><\/p>\n<p class=\"western\" lang=\"es-ES\" style=\"margin-bottom: 0.64cm; line-height: 150%;\" align=\"CENTER\"><b>IV<\/b><\/p>\n<p class=\"western\" lang=\"es-ES\" style=\"margin-bottom: 0.64cm; line-height: 150%;\" align=\"JUSTIFY\">La edici\u00f3n en castellano del libro de <b>Luciano Vasapollo<\/b> la tenemos que agradecer a la <b>Editorial El Viejo Topo<\/b>, que re\u00fane en este volumen que hoy nos re\u00fane los trabajos de dos libros publicados en italiano en los a\u00f1os 2011 y 2012. En el libro analiza de forma detallada y comparada los procesos vividos por el campesinado boliviano y el campesinado del Sur de Italia. Sin embargo la suya <b>no es una lectura ahist\u00f3rica<\/b>, trata de <b>entender los movimientos campesinos en su contexto y en su tiempo, como agentes activos de transformaci\u00f3n<\/b>. Destaca los elementos que configuran su estabilidad, pero al mismo tiempo su <b>historicidad<\/b>.<\/p>\n<p class=\"western\" lang=\"es-ES\" style=\"margin-bottom: 0.64cm; line-height: 150%;\" align=\"CENTER\"><b>V<\/b><\/p>\n<p class=\"western\" lang=\"es-ES\" style=\"margin-bottom: 0.64cm; line-height: 150%;\" align=\"JUSTIFY\">Es sobre <b>la importancia de esta historicidad de los movimientos campesinos<\/b> que quisiera llamar su atenci\u00f3n antes de dar paso a Joan y Luciano, con <b>una historia de campesinos mayas de Guatemala<\/b>, de Centroam\u00e9rica y de Am\u00e9rica Latina.<\/p>\n<p class=\"western\" lang=\"es-ES\" style=\"margin-bottom: 0.64cm; line-height: 150%;\" align=\"JUSTIFY\">A finales de los a\u00f1os 60 en el pueblo de <b>San Mart\u00edn de Jilotepeque<\/b>, en Chimatenango, un colectivo de campesinos mayas, del pueblo <b>kakchikel<\/b>, iniciaron un proceso que pondr\u00eda las bases del <b>Movimiento Campesino a Campesino<\/b>, y que permitir\u00eda lo que hoy es un de los movimientos sociales m\u00e1s importantes de Am\u00e9rica Latina, la <b>V\u00eda Campesina<\/b>.<\/p>\n<p class=\"western\" lang=\"es-ES\" style=\"margin-bottom: 0.64cm; line-height: 150%;\" align=\"JUSTIFY\">En San Mart\u00edn y en general en toda la zona de Chimaltenango era com\u00fan que la poblaci\u00f3n campesina se desplazara de forma regular por per\u00edodos para trabajar en la costa en las grandes plantaciones de algod\u00f3n, ca\u00f1a de az\u00facar y caf\u00e9. Volv\u00edan a sus casas donde ten\u00edan el \u00abmaizal\u00bb, que les permit\u00eda garantizar la supervivencia familiar, aunque en algunos casos plantaban en tierra de otros a cambio de repartir la cosecha y trabajar para ellos gratuitamente. Este sistema de haciendas de producci\u00f3n de monocultivos para la exportaci\u00f3n funcionaba gracias al abastecimiento regular de mano de obra muy barata, y de la que no se hab\u00edan de ocupar los costes de su reproducci\u00f3n.<\/p>\n<p class=\"western\" lang=\"es-ES\" style=\"margin-bottom: 0.64cm; line-height: 150%;\" align=\"JUSTIFY\">Tanto en las plantaciones como las tierras que cultivaban aquellos campesinos el uso de fertilizantes y pesticidas qu\u00edmicos era muy habitual.<\/p>\n<p class=\"western\" lang=\"es-ES\" style=\"margin-bottom: 0.64cm; line-height: 150%;\" align=\"JUSTIFY\">Los niveles de pobreza, mala salud y malnutrici\u00f3n entre la poblaci\u00f3n de San Mart\u00edn eran muy elevados. Por este motivo un m\u00e9dico cooperante pidi\u00f3 ayuda a la Iglesia local para que algunos <b>catequistas<\/b>, campesinos todos ellos, le ayudaran a cultivar productos org\u00e1nicos para contribuir en la recuperaci\u00f3n de la salud de los pacientes, que b\u00e1sicamente estaban mal alimentados. As\u00ed se inici\u00f3 el <b>Programa Campesino a Campesino<\/b>, una propuesta de experimentaci\u00f3n y aprendizaje pr\u00e1ctico en la agricultura org\u00e1nica. Con unos a\u00f1os esto dio pie a la extensi\u00f3n del programa, con decenas de promotores form\u00e1ndose, creando cooperativas de cr\u00e9dito, adquiriendo tierras, e impulsando por su propia cuenta una verdadera reforma agraria, gracias a la cual cientos y miles de campesinos dejaron de ir a trabajar como jornaleros en la costa.<\/p>\n<p class=\"western\" lang=\"es-ES\" style=\"margin-bottom: 0.64cm; line-height: 150%;\" align=\"JUSTIFY\">La reacci\u00f3n de los terratenientes fue furibunda. Acusaban el movimiento campesino y los catequistas de estar vinculados con la guerrilla de la <b>URNG<\/b>, y en la medida que la represi\u00f3n y el cierre de los espacios pol\u00edticos se agrav\u00f3, esta participaci\u00f3n entonces s\u00ed fue en aumento.<\/p>\n<p class=\"western\" lang=\"es-ES\" style=\"margin-bottom: 0.64cm; line-height: 150%;\" align=\"JUSTIFY\">Cuando la represi\u00f3n se hizo insoportable, el <b>Programa Campesino a Campesino<\/b> se tuvo que desmontar. Una parte de sus miembros se integraron a la guerrilla, otros formaron parte de la poblaci\u00f3n civil que se tuvo que esconder y refugiarse ante los ataques del ej\u00e9rcito, y finalmente otro grupo se march\u00f3 a la exilio. Muchos de los que se integraron a la guerrilla murieron y su historia se ha perdido.<\/p>\n<p class=\"western\" lang=\"es-ES\" style=\"margin-bottom: 0.64cm; line-height: 150%;\" align=\"JUSTIFY\">En el <b>exilio<\/b>, sobre todo en <b>Honduras<\/b> y <b>M\u00e9xico<\/b>, y como forma de tener trabajo, algunos de ellos comenzaron a dar clases de agricultura org\u00e1nica con la misma metodolog\u00eda del Programa Campesino a Campesino. Por sus cursos pasaron campesinos hondure\u00f1os y mexicanos, pero tambi\u00e9n <b>nicarag\u00fcenses<\/b>, <b>salvadore\u00f1os<\/b>, y algunos de los que hab\u00edan formado con ellos ense\u00f1aron luego a <b>cubanos<\/b>, <b>ecuatorianos<\/b>,&#8230; As\u00ed se fue extendiendo un movimiento basado en una metodolog\u00eda pr\u00e1ctica, que recuperaba conocimientos tradicionales y fortalec\u00eda la cultura campesina.<\/p>\n<p class=\"western\" lang=\"es-ES\" style=\"margin-bottom: 0.64cm; line-height: 150%;\" align=\"JUSTIFY\"><a name=\"_GoBack\"><\/a> Tras la firma de los <b>Acuerdos de Paz<\/b> en 1996, poco a poco se fue reconstruyendo el tejido social, totalmente destruido por la represi\u00f3n. Recuerdo que hace unos a\u00f1os, entrevistando a uno de aquellos promotores de la primera generaci\u00f3n del Programa, <b>Quirino Herd\u00e1ndez<\/b>, me contaba c\u00f3mo vivieron la desmovilizaci\u00f3n. Dec\u00eda: \u00abun d\u00eda lleg\u00f3 un alto responsable de la guerrilla y nos dijo que ya no pod\u00edamos seguir combatiendo con las armas y que a partir de ahora lo deber\u00edamos hacer con las ideas. Entonces me pregunt\u00e9: <b>\u00bfy qu\u00e9 idea tengo yo? La agricultura org\u00e1nica, me dije. Porque as\u00ed no les dar\u00e9 los terratenientes mis brazos para trabajar en sus fincas, ni les comprar\u00e9 sus productos qu\u00edmicos<\/b>\u00ab.<\/p>\n<p class=\"western\" lang=\"es-ES\" style=\"margin-bottom: 0.64cm; line-height: 150%;\" align=\"JUSTIFY\">Muchos de los que hab\u00edan estado en el exilio fueron regresando. Hab\u00edan sufrido mucho y las experiencias vividas los hab\u00eda cambiado. El movimiento que hab\u00edan creado en los a\u00f1os 60 y 70 era dif\u00edcil de reconstruir, y Guatemala continuaba rota por la violencia. Algunos de ellos tampoco se reconoc\u00edan en la V\u00eda Campesina, el movimiento que su saber hab\u00eda ayudado a crear, y pensaban que el suyo era un proceso m\u00e1s silencioso, de largo plazo. Pero en cualquier caso todos ellos segu\u00edan comprometidos con la tierra y con el fortalecimiento de la cultura campesina, con otra forma de vida, de entender la civilizaci\u00f3n.<\/p>\n<p class=\"western\" lang=\"es-ES\" style=\"margin-bottom: 0.64cm; line-height: 150%;\" align=\"JUSTIFY\"><b>\u00bfQu\u00e9 nos dice esta experiencia?<\/b> Lejos de las visiones ahist\u00f3ricas, <b>nos vincula con la historicidad del movimiento campesino<\/b>. Nos muestra <b>procesos de continuidad<\/b> que a pesar de la represi\u00f3n y las penurias confirman <b>compromisos a largo plazo, voluntad de resistencia, de supervivencia, fundamentados en una cultura material propia, capaz de sostener la defensa de otro modo de vida, de civilizaci\u00f3n. <\/b>Y es sobre esta cultura material que en determinados momentos hist\u00f3ricos se han podido construir organizaciones que han generado movimientos de transformaci\u00f3n social profundos, no simples relevos de \u00e9lites abrazados a una u otra bandera. Un aporte demasiado importante como para ser menospreciado nuevamente en la reconstrucci\u00f3n de un proyecto emancipador.<\/p>\n<p class=\"western\" lang=\"es-ES\" style=\"margin-bottom: 0.64cm; line-height: 150%;\" align=\"CENTER\"><b>VI<\/b><\/p>\n<p class=\"western\" lang=\"es-ES\" style=\"margin-bottom: 0.64cm; line-height: 150%;\" align=\"JUSTIFY\">Esta historia de los campesinos mayas de Guatemala conecta tambi\u00e9n con la argumentaci\u00f3n de <b>Luciano Vasapollo<\/b> cuando al final del libro escribe:<\/p>\n<p lang=\"es-ES\" style=\"margin-left: 1.25cm; margin-bottom: 0.64cm; line-height: 150%;\" align=\"JUSTIFY\">Las existencias alternativas de los <i>cafoni<\/i> meridionales y de los indios latinoamericanos transmiten otra lecci\u00f3n de civilizaci\u00f3n y coraje, construyendo experiencias de econom\u00eda local y organizaci\u00f3n social radicalmente ajenas a la l\u00f3gica can\u00edbal del capitalismo. [\u2026]<\/p>\n<p style=\"margin-left: 1.25cm; margin-bottom: 0.64cm; line-height: 150%;\" align=\"JUSTIFY\">La condici\u00f3n que se debe perseguir, y por la cual se debe luchar es, por tanto, una democracia directa, popular y participativa, por una econom\u00eda que tenga en cuenta no solo el desarrollo econ\u00f3mico autodeterminado, sino tambi\u00e9n el progreso social de los pueblos. [\u2026]<\/p>\n<p lang=\"es-ES\" style=\"margin-left: 1.25cm; margin-bottom: 0.64cm; line-height: 150%;\" align=\"JUSTIFY\">Todo esto significa el uso racional de los recursos de la tierra, con la ejecuci\u00f3n de pol\u00edticas econ\u00f3micas con alta compatibilidad social y ambiental, autodeterminadas en tanto legitimadas por formas de democracia desde abajo. <b>[2]<\/b><\/p>\n<p class=\"western\" lang=\"es-ES\" style=\"margin-bottom: 0.64cm; line-height: 150%;\" align=\"JUSTIFY\">Os dejo ahora ya s\u00ed, con <b>Joan Tafalla<\/b> y <b>Luciano Vasapollo<\/b> para que hablen con mayor detenimiento de este libro y de las implicaciones pol\u00edticas que se derivan tanto en Am\u00e9rica Latina como en el Sur de Europa.<\/p>\n<p class=\"western\" lang=\"es-ES\" style=\"margin-bottom: 0.64cm; line-height: 150%;\" align=\"JUSTIFY\"><i>Ernest Ca\u00f1ada es miembro de<\/i><b> <\/b><u><a href=\"http:\/\/www.albasud.org\/\"><b>Alba Sud<\/b><\/a><\/u><\/p>\n<p class=\"western\" lang=\"es-ES\" style=\"margin-bottom: 0.64cm; line-height: 150%;\" align=\"JUSTIFY\"><i><b>Notas: <\/b><\/i><\/p>\n<p class=\"western\" lang=\"es-ES\" style=\"margin-bottom: 0.64cm; line-height: 150%;\" align=\"JUSTIFY\"><b>[1]<\/b><b> <\/b>John Berger, <i>Puerca tierra<\/i>, Punto de Lectura, Barcelona, 2001 (1\u00aa edici\u00f3n en ingl\u00e9s 1979), pp. 359-360.<\/p>\n<p class=\"western\" lang=\"es-ES\" style=\"margin-bottom: 0.64cm; line-height: 150%;\" align=\"JUSTIFY\"><b>[2]<\/b> Luciano Vasapollo, De Sur a Sur. La estrategia del caracol, El Viejo Topo, Barcelona, 2014, pp. 357-359.<\/p>\n","protected":false},"excerpt":{"rendered":"<p style='margin-bottom: 18.15pt; text-align: justify; line-height: 150%;'>Lejos de las visiones ahist\u00f3ricas, existen experiencias que nos vinculan con la historicidad del movimiento campesino. Nos muestran procesos de continuidad que confirman compromisos a largo plazo, voluntad de resistencia, de supervivencia, fundamentados en una cultura material propia, capaz de sostener la defensa de otro modo de vida, de civilizaci\u00f3n. Y es sobre esta cultura material que en determinados momentos hist\u00f3ricos se han podido construir organizaciones que han generado movimientos de transformaci\u00f3n social profundos, no simples relevos de \u00e9lites abrazados a una u otra bandera. Un aporte demasiado importante como para ser menospreciado nuevamente en la reconstrucci\u00f3n de un proyecto emancipador. <\/p>\n","protected":false},"author":9,"featured_media":2903,"comment_status":"open","ping_status":"open","sticky":false,"template":"","format":"standard","meta":{"footnotes":""},"categories":[13],"tags":[981,1058,921],"class_list":["post-2902","post","type-post","status-publish","format-standard","has-post-thumbnail","hentry","category-la-izquierda-a-debate","tag-de-sur-a-sur-la-estrategia-del-caracol","tag-luciano-vasapollo","tag-presentaciones"],"aioseo_notices":[],"_links":{"self":[{"href":"https:\/\/espai-marx.net\/index.php?rest_route=\/wp\/v2\/posts\/2902","targetHints":{"allow":["GET"]}}],"collection":[{"href":"https:\/\/espai-marx.net\/index.php?rest_route=\/wp\/v2\/posts"}],"about":[{"href":"https:\/\/espai-marx.net\/index.php?rest_route=\/wp\/v2\/types\/post"}],"author":[{"embeddable":true,"href":"https:\/\/espai-marx.net\/index.php?rest_route=\/wp\/v2\/users\/9"}],"replies":[{"embeddable":true,"href":"https:\/\/espai-marx.net\/index.php?rest_route=%2Fwp%2Fv2%2Fcomments&post=2902"}],"version-history":[{"count":0,"href":"https:\/\/espai-marx.net\/index.php?rest_route=\/wp\/v2\/posts\/2902\/revisions"}],"wp:featuredmedia":[{"embeddable":true,"href":"https:\/\/espai-marx.net\/index.php?rest_route=\/wp\/v2\/media\/2903"}],"wp:attachment":[{"href":"https:\/\/espai-marx.net\/index.php?rest_route=%2Fwp%2Fv2%2Fmedia&parent=2902"}],"wp:term":[{"taxonomy":"category","embeddable":true,"href":"https:\/\/espai-marx.net\/index.php?rest_route=%2Fwp%2Fv2%2Fcategories&post=2902"},{"taxonomy":"post_tag","embeddable":true,"href":"https:\/\/espai-marx.net\/index.php?rest_route=%2Fwp%2Fv2%2Ftags&post=2902"}],"curies":[{"name":"wp","href":"https:\/\/api.w.org\/{rel}","templated":true}]}}