{"id":2909,"date":"2015-03-25T00:00:00","date_gmt":"2015-03-25T00:00:00","guid":{"rendered":"https:\/\/espai-marx.net\/?p=2909"},"modified":"2020-02-18T06:59:05","modified_gmt":"2020-02-18T05:59:05","slug":"nueva-temporada-turistica-mas-precariedad","status":"publish","type":"post","link":"https:\/\/espai-marx.net\/?p=2909","title":{"rendered":"Nueva temporada tur\u00edstica, m\u00e1s precariedad"},"content":{"rendered":"<p>En estos d\u00edas empieza la nueva temporada tur\u00edstica en Espa\u00f1a. Pronto comenzar\u00e1n a llenarse los hoteles en la costa y las cifras de empleo subir\u00e1n (aunque ciertamente no tanto como el n\u00famero de hu\u00e9spedes, como viene ocurriendo en los \u00faltimos tiempos). Pero las camareras de piso, uno de los colectivos centrales en los hoteles, m\u00e1s o menos un 25% de sus plantillas laborales, saben que lo que se les viene encima no es f\u00e1cil.<\/p>\n<p>Entre ayer y hoy me llegan los comentarios de varias trabajadoras de Lloret de Mar sobre c\u00f3mo afrontan esta nueva temporada. Visto desde su perspectiva las cosas suenan muy distintas a las euf\u00f3ricas palabras de los gobernantes de turno cuando ensalzan las cifras de creaci\u00f3n de empleo tur\u00edstico.<\/p>\n<p>Estrella cuenta la angustia con la que vive su retorno al trabajo: \u201cYo el lunes empiezo trabajar y ya estoy que no duermo bien, pensado en lo que nos espera este verano. Me duele el est\u00f3mago y tengo diarrea. \u00bfNo os pasa eso a todas cuando vais empezar? No es que no nos guste trabajar es que tenemos miedo, p\u00e1nico. No vamos trabajar, vamos al infierno\u201d.<\/p>\n<p>Antonia, que ya est\u00e1 trabajando, recibi\u00f3 ayer una carta de la empresa amenaz\u00e1ndola con sanciones disciplinarias si continuaba neg\u00e1ndose a terminar el n\u00famero de habitaciones que les imponen al d\u00eda. Ella lo cuenta as\u00ed: \u201cHoy es primavera y a m\u00ed, en vez de recibirme con flores me han recibido con esta carta. \u00bfPor qu\u00e9? Pues por defender mis derechos y por no someterme a la tortura de la sobrecarga de trabajo\u201d.<\/p>\n<p>La empresa increment\u00f3 la carga laboral a\u00f1os atr\u00e1s y les obliga a terminar las 24 habitaciones al d\u00eda que tienen asignadas, irrespetando un principio b\u00e1sico que las trabajadoras est\u00e1n contratadas por un determinado tiempo de trabajo. Al principio las trabajadoras se resistieron, hasta que poco a poco fueron quebrando su voluntad: \u201cAl final lo han conseguido con casi todas mis compa\u00f1eras. De unas 35 mujeres, m\u00e1s o menos, la mayor\u00eda se ha resignado y no quieren seguir luchando. De esas ahora solo quedamos dos y ya no saben c\u00f3mo quitarnos de en medio. A esta compa\u00f1era y a m\u00ed, nos han hecho de todo. Somos las \u00fanicas por domesticar. Pero ni nos doblar\u00e1n ni nos domar\u00e1n\u201d. Las que no tienen un contrato fijo o fijo discontinuo a\u00fan lo tienen peor. Loli cuenta que hace poco fue a trabajar a otro pueblo de la costa por medio de una ETT: \u201c\u00a1Pagaban 2 euros por habitaci\u00f3n! Yo terminaba mi trabajo a las 3 como mucho y sin embargo, por cojones, ten\u00eda que ir a ayudar a las dem\u00e1s, y a m\u00ed eso no me lo pagaba nadie.<\/p>\n<p>Total, que sal\u00eda a las 7 y 8 de la tarde. Al cuarto d\u00eda cog\u00ed y me fui, porque mi trabajo no se lo regalo a nadie. Y ahora estoy sin nada. Te puedo asegurar que fueron los cuatro d\u00edas m\u00e1s humillantes de mi vida laboral. Me sent\u00ed tan utilizada como una burra de carga. No tendr\u00e9 nada, pero s\u00ed mucha dignidad\u201d.<\/p>\n<p><a name=\"_GoBack\"><\/a> Los testimonios de estas tres trabajadoras reflejan la cotidianidad laboral que se vive en la mayor\u00eda de hoteles en Espa\u00f1a. La indignaci\u00f3n est\u00e1 creciendo d\u00eda a d\u00eda. Es intolerante que el mundo del trabajo se haya convertido en esto. Hay que pararlos.<\/p>\n<p><i><b>Fuente:<\/b><\/i> <a href=\"http:\/\/www.albasud.org\/noticia\/721\/nueva-temporada-tur-stica-ms-precariedad\">http:\/\/www.albasud.org\/noticia\/721\/nueva-temporada-tur-stica-ms-precariedad<\/a><\/p>\n<p>&nbsp;<\/p>\n","protected":false},"excerpt":{"rendered":"<p style='margin-bottom: 0.42cm; line-height: 150%;' align='justify'>En estos d\u00edas empieza la nueva temporada tur\u00edstica en Espa\u00f1a. Pronto comenzar\u00e1n a llenarse los hoteles en la costa y las cifras de empleo subir\u00e1n (aunque ciertamente no tanto como el n\u00famero de hu\u00e9spedes, como viene ocurriendo en los \u00faltimos tiempos). Pero las camareras de piso, uno de los colectivos centrales en los hoteles, m\u00e1s o menos un 25% de sus plantillas laborales, saben que lo que se les viene encima no es f\u00e1cil.<\/p>\n","protected":false},"author":9,"featured_media":2910,"comment_status":"open","ping_status":"open","sticky":false,"template":"","format":"standard","meta":{"footnotes":""},"categories":[3],"tags":[],"class_list":["post-2909","post","type-post","status-publish","format-standard","has-post-thumbnail","hentry","category-condiciones-de-vida"],"aioseo_notices":[],"_links":{"self":[{"href":"https:\/\/espai-marx.net\/index.php?rest_route=\/wp\/v2\/posts\/2909","targetHints":{"allow":["GET"]}}],"collection":[{"href":"https:\/\/espai-marx.net\/index.php?rest_route=\/wp\/v2\/posts"}],"about":[{"href":"https:\/\/espai-marx.net\/index.php?rest_route=\/wp\/v2\/types\/post"}],"author":[{"embeddable":true,"href":"https:\/\/espai-marx.net\/index.php?rest_route=\/wp\/v2\/users\/9"}],"replies":[{"embeddable":true,"href":"https:\/\/espai-marx.net\/index.php?rest_route=%2Fwp%2Fv2%2Fcomments&post=2909"}],"version-history":[{"count":0,"href":"https:\/\/espai-marx.net\/index.php?rest_route=\/wp\/v2\/posts\/2909\/revisions"}],"wp:featuredmedia":[{"embeddable":true,"href":"https:\/\/espai-marx.net\/index.php?rest_route=\/wp\/v2\/media\/2910"}],"wp:attachment":[{"href":"https:\/\/espai-marx.net\/index.php?rest_route=%2Fwp%2Fv2%2Fmedia&parent=2909"}],"wp:term":[{"taxonomy":"category","embeddable":true,"href":"https:\/\/espai-marx.net\/index.php?rest_route=%2Fwp%2Fv2%2Fcategories&post=2909"},{"taxonomy":"post_tag","embeddable":true,"href":"https:\/\/espai-marx.net\/index.php?rest_route=%2Fwp%2Fv2%2Ftags&post=2909"}],"curies":[{"name":"wp","href":"https:\/\/api.w.org\/{rel}","templated":true}]}}