{"id":2918,"date":"2015-04-12T00:00:00","date_gmt":"2015-04-12T00:00:00","guid":{"rendered":"https:\/\/espai-marx.net\/?p=2918"},"modified":"2020-02-18T06:56:50","modified_gmt":"2020-02-18T05:56:50","slug":"per-que-ens-conve-estudiar-la-revolucio-russa-por-que-nos-conviene-estudiar-la-revolucion-rusa-ed-cat-cast","status":"publish","type":"post","link":"https:\/\/espai-marx.net\/?p=2918","title":{"rendered":"Per qu\u00e8 ens conv\u00e9 estudiar la revoluci\u00f3 russa?\/\u00bfPor qu\u00e9 nos conviene estudiar la revoluci\u00f3n rusa? (ed. cat\/cast)"},"content":{"rendered":"<p class=\"western\" lang=\"ca-ES\" style=\"margin-bottom: 0.64cm;\" align=\"JUSTIFY\"><b>Per qu\u00e8 ens conv\u00e9 estudiar la revoluci\u00f3 russa?<\/b><\/p>\n<p class=\"western\" lang=\"ca-ES\" style=\"margin-bottom: 0.64cm;\" align=\"JUSTIFY\">Hi ha diverses raons que fan necessari que estudiem de nou la hist\u00f2ria de la revoluci\u00f3 russa. La primera d\u2019elles, que ens cal fer-ho per donar sentit a la hist\u00f2ria global del segle XX. Una hist\u00f2ria que, tal com la podem examinar ara, des de la perspectiva dels primers anys del segle XXI, ens mostra un enigma dif\u00edcil d\u2019explicar. Si utilitzem un indicador de l\u2019evoluci\u00f3 social com \u00e9s el de la mesura de les desigualtats en la riquesa, podem veure que el segle XX comen\u00e7a en les primeres d\u00e8cades amb unes societats molt desiguals, on la riquesa i els ingressos s\u2019acumulen en un tram redu\u00eft de la poblaci\u00f3. Aquesta situaci\u00f3 comen\u00e7a a canviar en els anys trentes i ho fa espectacularment en els quarantes, que inicien una \u00e8poca en qu\u00e8 hi ha un repartiment molt m\u00e9s equitatiu de la riquesa i dels ingressos. Una situaci\u00f3 que es mant\u00e9 estable fins cap a 1980: \u00e9s l\u2019edat feli\u00e7 en qu\u00e8 es desenvolupa a bona part del m\u00f3n l\u2019estat del benestar, un temps de salaris elevats i millora dels nivells de vida dels treballadors, en qu\u00e8 un president nord-americ\u00e0 es proposa fins i tot iniciar un programa de guerra contra la pobresa.<\/p>\n<p class=\"western\" lang=\"ca-ES\" style=\"margin-bottom: 0.64cm;\" align=\"JUSTIFY\">Tot aix\u00f2 es va acabar en els anys vuitantes, a partir dels quals tornen a cr\u00e9ixer els \u00edndexs de desigualtat, que superen els de l\u2019inici del segle, fins arribar a un punt que ha portat Credit Suisse a denunciar fa pocs mesos que el setanta per cent m\u00e9s pobre de la poblaci\u00f3 del planeta no arriba avui a tenir en conjunt ni el tres per cent de la riquesa total, mentre el 8\u20196 per cent dels m\u00e9s rics n\u2019acumulen el 85 per cent.<\/p>\n<p class=\"western\" lang=\"ca-ES\" style=\"margin-bottom: 0.64cm;\" align=\"JUSTIFY\">Qu\u00e8 ha passat que pugui explicar aquesta evoluci\u00f3? Thomas Piketty sost\u00e9 que la desigualtat ha estat una caracter\u00edstica permanent de la hist\u00f2ria humana. Us llegeixo les seves paraules: \u00abEn totes les societats i en totes les \u00e8poques la meitat de la poblaci\u00f3 m\u00e9s pobra en patrimoni no posseeix gaireb\u00e9 res (generalment a penes un 5% del patrimoni total), la desena part superior de la jerarquia dels patrimonis posseeix una neta majoria del total (generalment m\u00e9s d&#8217;un 60% del patrimoni total, i en ocasions fins a un 90%)\u201d.<\/p>\n<p class=\"western\" lang=\"ca-ES\" style=\"margin-bottom: 0.64cm;\" align=\"JUSTIFY\">La desigualtat dels patrimonis, que es tradueix en una desigualtat dels ingressos, marca, segons Piketty, el curs sencer de la hist\u00f2ria, en qu\u00e8 les taxes de creixement de la poblaci\u00f3 i de la producci\u00f3 no han passat generalment del 1% anual, mentre el \u00abrendiment pur\u00bb del capital s&#8217;ha mantingut entre el 4% i el 5%. Aquestes consideracions el porten a una interpretaci\u00f3 formulada rotundament: \u00abDurant una part essencial de la hist\u00f2ria de la humanitat el fet m\u00e9s important \u00e9s que la taxa de rendiment del capital ha estat sempre almenys de deu a vint vegades superior a la taxa de creixement de la producci\u00f3 i de l&#8217;ingr\u00e9s. En aix\u00f2 es basava, en gran mesura, el fonament mateix de la societat: era el que permetia a una classe de posse\u00efdors consagrar-se a alguna cosa m\u00e9s que a la seva pr\u00f2pia subsist\u00e8ncia\u00bb. Que es tant com dir que la civilitzaci\u00f3, la ci\u00e8ncia i l\u2019art s\u00f3n fills de la desigualtat.<\/p>\n<p class=\"western\" lang=\"ca-ES\" style=\"margin-bottom: 0.64cm;\" align=\"JUSTIFY\">Despr\u00e9s hauria vingut, al segle XX, una etapa en qu\u00e8 les regles del joc semblaven estar canviant, com a conseq\u00fc\u00e8ncia sobretot, sost\u00e9, de les destruccions causades per les dues guerres mundials i per les commocions socials, que van dur a aquell m\u00ednim de la desigualtat que s\u2019ha produ\u00eft entre 1945 i 1980. Per\u00f2 la normalitat es va restablir a partir dels anys vuitantes, fins arribar a l\u2019extrema desigualtat actual. D\u2019aquest fet arrenca la seva previsi\u00f3 que en el transcurs del segle XXI, \u00e9s a dir fins a 2100, el creixement de la producci\u00f3 ser\u00e0 tot just d\u2019un 1\u20195 per cent i ens trobarem en una situaci\u00f3 en qu\u00e8 la superioritat dels rendiments del capital tornar\u00e0 a ser com abans i s\u2019haur\u00e0 restablert la normalitat. Tot el qual acaba amb una conclusi\u00f3 pessimista: \u201cNo hi ha cap for\u00e7a natural que redueixi necess\u00e0riament la import\u00e0ncia del capital i dels ingressos procedents de la propietat del capital al llarg de la hist\u00f2ria\u201d.<\/p>\n<p class=\"western\" lang=\"ca-ES\" style=\"margin-bottom: 0.64cm;\" align=\"JUSTIFY\">Ara b\u00e9, jo he viscut en aquesta edat anterior a 1980 en qu\u00e8 \u00e9rem molts, jo diria que molts milions a tot el m\u00f3n, els que pens\u00e0vem que les regles del joc estaven canviant permanentment en favor d\u2019un repartiment m\u00e9s just de la riquesa, i que valia la pena esfor\u00e7ar-se per seguir aven\u00e7ant en aquesta direcci\u00f3. \u00c9s per aix\u00f2 que em nego personalment a acceptar que el que va passar en aquest mig segle de millora col\u00b7lectiva fos simplement un accident, i penso que cal examinar de prop els esdeveniments del per\u00edode que va de 1914 a 1980, introduint en l\u2019an\u00e0lisi els factors pol\u00edtics que manquen per complet al llibre de Piketty, on, per posar un exemple, la paraula \u201csindicats\u201d apareix una sola vegada (a la p\u00e0gina 471 de l\u2019edici\u00f3 original francesa).<\/p>\n<p class=\"western\" lang=\"ca-ES\" style=\"margin-bottom: 0.64cm;\" align=\"JUSTIFY\"><a name=\"_GoBack\"><\/a> Aquesta altra mena d\u2019exploraci\u00f3 de l\u2019evoluci\u00f3 de la desigualtat al segle XX, en clau pol\u00edtica, ha de comen\u00e7ar for\u00e7osament pel gran canvi que va representar la revoluci\u00f3 russa de 1917. Per qu\u00e8 dic un \u201cgran canvi\u201d? En 1917 hi havia una llarga tradici\u00f3 de lluites obreres encaminades a millorar les condicions de vida dels treballadors, i existia una \u00e0mplia tradici\u00f3 en suport del \u201csocialisme\u201d, per b\u00e9 que nom\u00e9s un intent d\u2019aplicar-lo a la realitat havia arribat a quallar, el de la Commune de Par\u00eds de 1871, que va durar poc m\u00e9s de dos mesos i ens va deixar com a llegat un himne, <u>La Internacional<\/u>, que anunciava que \u201cel m\u00f3n canviar\u00e0 de base\u201d.<\/p>\n<p class=\"western\" lang=\"ca-ES\" style=\"margin-bottom: 0.64cm;\" align=\"JUSTIFY\">Per\u00f2 la veritat era que, des de finals del segle XIX, tant la lluita dels sindicats com l\u2019actuaci\u00f3 pol\u00edtica dels partits anomenats socialistes o socialdem\u00f2crates havia renunciat als programes revolucionaris per dedicar-se a la pugna per la millora dels drets socials dins dels marcs pol\u00edtics existents, amb voluntat de reformar-los, per\u00f2 no pas d\u2019enderrocar-los. El cas del SPD alemany, del partit socialdem\u00f2crata que podia considerar-se com a leg\u00edtim hereu de Marx i d\u2019Engels, \u00e9s revelador. En els anys anteriors a l\u2019inici de la Primera guerra mundial era el partit que tenia m\u00e9s diputats al parlament alemany, comptava amb m\u00e9s d\u2019un mili\u00f3 d\u2019afiliats i amb un centenar de peri\u00f2dics, per\u00f2 no es proposava fer la revoluci\u00f3, sin\u00f3 que aspirava a obtenir un triomf parlamentari que li permet\u00e9s reformar i democratitzar l\u2019estat. De manera que, quan es va produir la declaraci\u00f3 de guerra, els socialistes van votar els cr\u00e8dits i van procurar mantenir la pau social, aconsellant als treballadors que, mentre dur\u00e9s la guerra, deixessin de banda les vagues i els conflictes.<\/p>\n<p class=\"western\" lang=\"ca-ES\" style=\"margin-bottom: 0.64cm;\" align=\"JUSTIFY\">Situats en aquesta perspectiva no costa entendre que el que va passar a R\u00fassia en el transcurs de 1917 signifiqu\u00e9s una ruptura, un pas endavant inesperat, que mostrava que un moviment sorgit de baix, de la revolta dels treballadors i dels soldats, podia arribar a fer-se amb el control d\u2019un pa\u00eds i fer-lo funcionar d\u2019acord amb unes regles noves. Perqu\u00e8 el m\u00e9s innovador d\u2019aquest moviment va ser que, des dels primers moments, des de febrer \u2013o mar\u00e7, segons el nostre calendari- de 1917 no actuava solament a partir d\u2019un parlament, sin\u00f3 que es basava en un doble poder, una part essencial del qual la formaven els consells de treballadors, soldats i camperols, que van comen\u00e7ar aleshores a construir una mena de contra-estat.<\/p>\n<p class=\"western\" lang=\"ca-ES\" style=\"margin-bottom: 0.64cm;\" align=\"JUSTIFY\">Afegim a aix\u00f2 que el proc\u00e9s va accelerar-se r\u00e0pidament, sobretot per iniciativa de Lenin, que proposava renunciar al programa d\u2019una assemblea constituent \u2013\u00e9s a dir, al sistema parlamentari burg\u00e8s on tot contribu\u00efa, deia ell, a establir \u201cuna democr\u00e0cia nom\u00e9s per als rics\u201d- i passar directament a una altra forma d\u2019organitzaci\u00f3 en qu\u00e8 el poder havia d\u2019estar en mans de consells elegits des de baix, amb una etapa transit\u00f2ria de dictadura del proletariat -perqu\u00e8 no era previsible que els privilegiats del vell sistema acceptessin la seva despossessi\u00f3 sense resist\u00e8ncies- que portaria finalment a establir una societat sense estat i sense classes.<\/p>\n<p class=\"western\" lang=\"ca-ES\" style=\"margin-bottom: 0.64cm;\" align=\"JUSTIFY\">Per als milions d\u2019europeus que en 1917 estaven combatent als camps de batalla, i que havien descobert ja que aquella guerra no es feia pas en defensa dels seus interessos, la imatge del que estava passant a R\u00fassia era la d\u2019un r\u00e8gim que havia liquidat la guerra d\u2019immediat, que havia repartit la terra als camperols, que atorgava als obrers drets de control sobre les empreses i que donava el poder a consells elegits que l\u2019havien d\u2019exercir de baix a dalt.<\/p>\n<p class=\"western\" lang=\"ca-ES\" style=\"margin-bottom: 0.64cm;\" align=\"JUSTIFY\">El nou emperador d\u2019\u00c0ustria-Hongria, Carles I, li escrivia el 14 d\u2019abril de 1917 al K\u00e0iser: \u201cEstem lluitant ara contra un nou enemic, m\u00e9s perill\u00f3s que les pot\u00e8ncies de l\u2019Entente: contra la revoluci\u00f3 internacional\u201d. Carles \u2013que, per cert, va ser beatificat el 2004 pel papa Woytila- havia sabut entendre la difer\u00e8ncia que representava el que estava passant a R\u00fassia: s\u2019havia adonat que aquell era un enemic \u201cnou\u201d, que no s\u2019havia de confondre amb el que significaven les revoltes, manifestacions i vagues que s\u2019havien produ\u00eft, i seguien produint-se en aquells moments, a \u00c0ustria i a Alemanya.<\/p>\n<p class=\"western\" lang=\"ca-ES\" style=\"margin-bottom: 0.64cm;\" align=\"JUSTIFY\">Perqu\u00e8 \u00e9s veritat que als dos pa\u00efsos s\u2019estaven produint tants moviments de protesta que van fer n\u00e9ixer entre els bolxevics russos la il\u00b7lusi\u00f3, totalment equivocada, que la revoluci\u00f3 es podia estendre f\u00e0cilment a l\u2019Europa central. No hi va arribar a haver una revoluci\u00f3 ni tan sols a Alemanya, que era on semblava m\u00e9s imminent. Per\u00f2 la por que pogu\u00e9s produir-se va ser el que explica que a comen\u00e7aments de novembre de 1918 els caps militars alemanys decidissin que havien d\u2019acabar la guerra per tal de poder destinar les forces a esclafar la revoluci\u00f3. Van ser els militars els que, davant la necessitat de satisfer les exig\u00e8ncies que el president nord-americ\u00e0 Wilson posava per tal de negociar la pau, van destituir l\u2019emperador i van optar per passar el poder a un govern integrat per socialistes, amb la condici\u00f3, pactada pr\u00e8viament entre els caps de l\u2019ex\u00e8rcit i el del Partit socialista, Friedrich Ebert, que \u201cel govern cooperar\u00e0 amb el cos d\u2019oficials en la supressi\u00f3 del bolxevisme\u201d.<\/p>\n<p class=\"western\" lang=\"ca-ES\" style=\"margin-bottom: 0.64cm;\" align=\"JUSTIFY\">Les temences dels militars tenien prou fonaments, ja que semblava que si en algun lloc podia repetir-se l\u2019experi\u00e8ncia sovi\u00e8tica era a l\u2019Alemanya de novembre i desembre de 1918, quan a Baviera i a Sax\u00f2nia es proclamaven \u201crep\u00fabliques socialistes\u201d, i a Berlin es reunia un congr\u00e9s dels representants dels Consells de treballadors i de soldats d\u2019Alemanya on, entre d\u2019altres coses, es reivindicava que l\u2019autoritat suprema de l\u2019ex\u00e8rcit pass\u00e9s a mans dels consells de soldats i que es suprimissin els rangs i les ins\u00edgnies. La gran vict\u00f2ria de Friedrich Ebert va ser aconseguir que el congr\u00e9s dels consells accept\u00e9s la immediata elecci\u00f3 d\u2019unes corts constituents, que van permetre assentar un govern d\u2019ordre i van esvair l\u2019amena\u00e7a d\u2019una via revolucion\u00e0ria.<\/p>\n<p class=\"western\" lang=\"ca-ES\" style=\"margin-bottom: 0.64cm;\" align=\"JUSTIFY\">Mentre tant els Freikorps, uns cossos paramilitars de voluntaris reclutats pels caps de l\u2019ex\u00e8rcit, que estaven integrats per soldats desmobilitzats, estudiants i camperols, dirigits per tinents i capitans, i que actuaven amb el suport del ministre de Defensa, el socialista Gustav Noske, feien la feina bruta de liquidar la revoluci\u00f3. Van comen\u00e7ar reprimint a sang i foc un intent prematur de revolta que va tenir lloc a Berlin el 5 de gener de 1919, i que va acabar amb l\u2019assassinat de Karl Liebknecht i de Rosa Luxemburg, i van seguir despr\u00e9s dissolent violentament els consells de treballadors i de soldats i liquidant la rep\u00fablica sovi\u00e8tica de Baviera. No s\u2019acostuma a remarcar prou la import\u00e0ncia que va tenir aquest moviment contrarevolucionari que es va estendre per Alemanya, \u00c0ustria, Hongria i els pa\u00efsos b\u00e0ltics, amb l\u2019estreta col\u00b7laboraci\u00f3 d\u2019uns dirigents pol\u00edtics que estaven moguts per un terror obsessiu de la revoluci\u00f3 russa. Potser us serveixi per valorar-lo saber que aquests cossos van arribar a comptar entre 250.000 i 400.000 membres.<\/p>\n<p class=\"western\" lang=\"ca-ES\" style=\"margin-bottom: 0.64cm;\" align=\"JUSTIFY\">La revoluci\u00f3 va restar aix\u00ed a\u00efllada a R\u00fassia, cosa que no preocupava massa. Anglesos i francesos es van cansar aviat de donar suport als ex\u00e8rcits blancs que lluitaven contra els sovi\u00e8tics i ho van deixar c\u00f3rrer, preocupats per reaccions com la revolta dels mariners de la flota que els francesos havien enviat al mar Negre. El que realment els preocupava era la possibilitat que l\u2019exemple sovi\u00e8tic s\u2019estengu\u00e9s als seus pa\u00efsos: temien sobretot el contagi.<\/p>\n<p class=\"western\" lang=\"ca-ES\" style=\"margin-bottom: 0.64cm;\" align=\"JUSTIFY\">El malestar dels anys que van seguir a la fi de la Gran guerra a Fran\u00e7a, a Anglaterra (on el 1926 es va produir la primera vaga general de la seva hist\u00f2ria), a Espanya (on de 1918 a 1921 es desenvolupa el que s\u2019anomena habitualment el \u201ctrienni bolxevic\u201d) o a It\u00e0lia (amb les ocupacions de f\u00e0briques de 1920) no va dur enlloc a moviments revolucionaris que aspiressin a prendre el poder. A It\u00e0lia, per exemple, tant el partit socialista com el sindicat majoritari es van negar a donar suport a actuacions encaminades a la presa del poder. D\u2019aquesta manera l\u2019ocupaci\u00f3 de les f\u00e0briques no podia dur m\u00e9s enll\u00e0 que a l\u2019obtenci\u00f3 d\u2019algunes concessions dels patrons. Per\u00f2 la por de la revoluci\u00f3 \u201ca la russa\u201d era ben present en l\u2019imaginari dels dirigents de l\u2019Europa burgesa, i els sindicats van aprendre aviat a usar-la per tal de negociar amb m\u00e9s efic\u00e0cia les condicions de treball i els salaris.<\/p>\n<p class=\"western\" lang=\"ca-ES\" style=\"margin-bottom: 0.64cm;\" align=\"JUSTIFY\">Les millores en el terreny de la desigualtat que es van anar aconseguint posteriorment, des de la d\u00e8cada dels trentes, no s\u2019explicarien prou sense el p\u00e0nic al fantasma sovi\u00e8tic. Quan la crisi mundial va crear una situaci\u00f3 d\u2019atur i de pobresa extremes, es va rec\u00f3rrer a dues menes diverses de solucions. Al pa\u00efsos on l\u2019amena\u00e7a semblava m\u00e9s gran, com eren It\u00e0lia i Alemanya, els moviments de signe feixista van comen\u00e7ar dissolent els partits i sindicats esquerrans violentament.<\/p>\n<p class=\"western\" lang=\"ca-ES\" style=\"margin-bottom: 0.64cm;\" align=\"JUSTIFY\">En el cas d\u2019Alemanya, Hitler va repetir el 1934 el pacte amb l\u2019ex\u00e8rcit que Ebert havia fet en novembre de 1918. Davant l\u2019amena\u00e7a que representaven les tropes de les S.A., que volien tirar endavant les promeses revolucion\u00e0ries dels programes nazis, els militars van avisar a Hitler que o b\u00e9 ho aturava ell o ho faria l\u2019ex\u00e8rcit pel seu compte. Els militars van col\u00b7laborar donant armes a les S.S. per a l\u2019extermini de les S.A. que es va produir a partir de la nit dels ganivets llargs, el 30 de juny de 1934. Per\u00f2 potser el m\u00e9s interessant sigui la justificaci\u00f3 que Hitler va donar de la seva actuaci\u00f3 en aquest cas, en dir que havia volgut evitar que es torn\u00e9s a produir a Alemanya un nou 1918.<\/p>\n<p class=\"western\" lang=\"ca-ES\" style=\"margin-bottom: 0.64cm;\" align=\"JUSTIFY\">En un altre cas en qu\u00e8 les conseq\u00fc\u00e8ncies de la crisi eren d\u2019una gravetat extrema, com era el dels Estats Units, la soluci\u00f3 va consistir en establir una pol\u00edtica d\u2019ajudes i de concessions en el terreny social, dins del programa del New Deal. S\u2019acostuma a ignorar que els anys que van de 1931 a 1939 van ser als Estats Units un temps de grans vagues i de greus commocions socials. Amb motiu d\u2019una d\u2019aquestes vagues, el <u>Los Angeles Times<\/u> escrivia: \u00abLa situaci\u00f3 (&#8230;) no es pot descriure com una vaga general. El que hi ha \u00e9s una insurrecci\u00f3, una revolta organitzada pels comunistes per enderrocar el govern. Nom\u00e9s es pot fer una cosa: esclafar la revolta amb tota la for\u00e7a que sigui ne\u00adcess\u00e0ria\u00bb.<\/p>\n<p class=\"western\" lang=\"ca-ES\" style=\"margin-bottom: 0.64cm;\" align=\"JUSTIFY\">A banda d\u2019aquestes lluites, els treballadors nord-americans utilitzaven tamb\u00e9 per defensar-se de la crisi mesures d\u2019auto-organitzaci\u00f3: a Seattle el sindicat dels pescadors intercan\u00adviava peix per fruites, verdures i llenya. Hi havia 21 locals, amb un comissari al davant, per fer aquests intercanvis. A finals del 1932 hi havia 330 organitza\u00adcions diverses d\u2019auto-ajuda per tot el pa\u00eds, amb 300.000 membres.<\/p>\n<p class=\"western\" lang=\"ca-ES\" style=\"margin-bottom: 0.64cm;\" align=\"JUSTIFY\">Sense aquest context de lluites socials no hi ha forma de trobar una explicaci\u00f3 racional del New Deal i de les seves mesures d\u2019ajuda, com la <u>Civil Works Administration<\/u>, que va arribar a donar ocupaci\u00f3 a 4 milions de treballadors, o el <u>Civilian Conservation Corps<\/u>, que agafava joves solters i els duia a treballar als boscos pagant-los un salari d&#8217;un d\u00f2lar al dia per feines de recuperaci\u00f3 o de protecci\u00f3 contra les inundaci\u00adons. Tot aix\u00f2 es feia sota la vigil\u00e0ncia inquieta dels empresaris, que veien per tot l\u2019amena\u00e7a del socialisme. De fet, la por a la mena de gir a l\u2019esquerra que els semblava que s\u2019estava produint amb Roosevelt va generar una forta reacci\u00f3 que \u00e9s el que explica que el 1938 es fund\u00e9s el Comit\u00e8 del congr\u00e9s sobre activitats anti-americanes, encarregat de descobrir subversius en els sindicats o entre les organitzacions del New Deal. El maccarthisme no \u00e9s un producte de la guerra freda, sin\u00f3 la continuaci\u00f3 del p\u00e0nic contra el roig nascut en els anys trenta.<\/p>\n<p class=\"western\" lang=\"ca-ES\" style=\"margin-bottom: 0.64cm;\" align=\"JUSTIFY\">Despr\u00e9s de la fi de la segona guerra mundial, el 1945, la por a l\u2019extensi\u00f3 del comunisme a Europa semblava justificada pel fet que els anys 1945 i 1946 els comunistes van obtenir m\u00e9s del 20 per cent dels vots a Txecoslov\u00e0quia, a Fran\u00e7a (on van ser el partit m\u00e9s votat) i a Finl\u00e0ndia, i molt prop del 20 per cent a Isl\u00e0ndia o a It\u00e0lia. No hi havia en cap d\u2019aquests casos prop\u00f2sits revolucionaris per part dels comunistes, perqu\u00e8, paradoxalment, el propi Stalin s\u2019havia convertir a l\u2019opci\u00f3 parlament\u00e0ria, i aconsellava els partits comunistes europeus que no s\u2019embarquessin en aventures revolucion\u00e0ries.<\/p>\n<p class=\"western\" lang=\"ca-ES\" style=\"margin-bottom: 0.64cm;\" align=\"JUSTIFY\">La guerra freda tenia l\u2019objectiu de crear una solidaritat en qu\u00e8 els Estats Units oferirien als seus aliats la protecci\u00f3 contra l\u2019enemic revolucionari, del qual nom\u00e9s ells els podien salvar, amb la seva superioritat militar, refor\u00e7ada pel monopoli de la bomba at\u00f2mica. Darrere d\u2019aquest oferiment de protecci\u00f3 hi havia el prop\u00f2sit de construir un m\u00f3n d\u2019acord amb les seves regles, en el qual no solament tindrien una hegemonia militar indiscutible, sin\u00f3 tamb\u00e9 un domini econ\u00f2mic.<\/p>\n<p class=\"western\" lang=\"ca-ES\" style=\"margin-bottom: 0.64cm;\" align=\"JUSTIFY\">Mantenir aquest clima de por a un xoc global contra un enemic, el sovi\u00e8tic, que podia esclafar qualsevol pa\u00eds que no estigu\u00e9s sota la protecci\u00f3 dels nord-americans i de les seves forces nuclears, era necessari per sostenir aquest control pol\u00edtic global, i per fer negoci, de passada.<\/p>\n<p class=\"western\" lang=\"ca-ES\" style=\"margin-bottom: 0.64cm;\" align=\"JUSTIFY\">A banda d\u2019aix\u00f2, per\u00f2, la necessitat de fer front al que temien realment, que no eren les armes sovi\u00e8tiques, sin\u00f3 la possibilitat que idees i moviments de signe comunista s\u2019estenguessin pels pa\u00efsos \u201coccidentals\u201d, els va dur a tots plegats a rec\u00f3rrer a pol\u00edtiques que afavorien un repartiment m\u00e9s equitatiu dels beneficis de la producci\u00f3 i a un prove\u00efment m\u00e9s ampli de serveis socials universals i gratu\u00efts: s\u00f3n els anys de l\u2019estat del benestar, els anys en qu\u00e8 trobem els valors m\u00ednims en l\u2019escala de la desigualtat social.<\/p>\n<p class=\"western\" lang=\"ca-ES\" style=\"margin-bottom: 0.64cm;\" align=\"JUSTIFY\">Des de 1968, per\u00f2, es va comen\u00e7ar a veure que no calia t\u00e9mer cap mena d\u2019amena\u00e7a revolucion\u00e0ria, perqu\u00e8 ni els mateixos partits comunistes semblaven proposar-s\u2019ho. Al Par\u00eds de maig de 1968, en plena euf\u00f2ria del moviment dels estudiants, que estaven conven\u00e7uts que, aliats amb els treballadors, podien transformar el m\u00f3n, el partit comunista i el seu sindicat van impedir qualsevol possibilitat d\u2019alian\u00e7a i es van acontentar pactant millores salarials amb la patronal i recomanant als estudiants que se n\u2019anessin a fer la revoluci\u00f3 a la Universitat. Al mateix temps, els esdeveniments de Praga demostraven que el comunisme sovi\u00e8tic no aspirava a altra cosa que a mantenir-se a la defensiva, sense tolerar canvis que posessin en perill la seva estabilitat.<\/p>\n<p class=\"western\" lang=\"ca-ES\" style=\"margin-bottom: 0.64cm;\" align=\"JUSTIFY\">A mitjans dels anys setantes, a mesura que resultava cada vegada m\u00e9s evident que l\u2019amena\u00e7a sovi\u00e8tica era inconsistent, els sectors empresarials, que fins aleshores havien acceptat de pagar la factura d\u2019uns costos salarials i uns impostos elevats, van comen\u00e7ar a reaccionar. L\u2019ofensiva va comen\u00e7ar en temps de Carter, impedint que es cre\u00e9s una Oficina de representaci\u00f3 dels consumidors, per una banda, i abandonant els sindicats en la defensa dels seus drets, per altra, i va prosseguir amb Reagan als Estats Units, i amb la senyora Thatcher a Gran Bretanya, lluitant obertament contra els sindicats. Com a conseq\u00fc\u00e8ncia d\u2019aquesta pol\u00edtica comen\u00e7ava de nou el creixement de la corba de la desigualtat, que s\u2019alimentava de la rebaixa gradual dels costos salarials i fiscals de les empreses.<\/p>\n<p class=\"western\" lang=\"ca-ES\" style=\"margin-bottom: 0.64cm;\" align=\"JUSTIFY\">\u00bfEs pot considerar una simple coincid\u00e8ncia que la millora de la igualtat s\u2019hagi produ\u00eft coet\u00e0niament a l\u2019expansi\u00f3 de l\u2019amena\u00e7a comunista -o, m\u00e9s exactament, de la por a l\u2019amena\u00e7a comunista- i que el canvi que ha portat al retorn a les greus proporcions de desigualtat que estem vivint avui coincideixi amb la desaparici\u00f3 d\u2019aquest factor?<\/p>\n<p class=\"western\" lang=\"ca-ES\" style=\"margin-bottom: 0.64cm;\" align=\"JUSTIFY\">I deixeu-me insistir-hi: no m\u2019estic referint a l\u2019amena\u00e7a de la Uni\u00f3 sovi\u00e8tica com a pot\u00e8ncia militar, que mai no va existir (les difer\u00e8ncies de potencial militar en favor dels Estats Units eren enormes, per\u00f2 aix\u00f2 s\u2019amagava al p\u00fablic, que d\u2019altra manera potser no hauria acceptat tan mansament les despeses i les restriccions que comportava la guerra freda). M\u2019estic referint a l\u2019amena\u00e7a, per dir-ho amb els termes usats per refermar aquestes pors, del \u201ccomunisme internacional\u201d; a la por a la subversi\u00f3 revolucion\u00e0ria.<\/p>\n<p class=\"western\" lang=\"ca-ES\" style=\"margin-bottom: 0.64cm;\" align=\"JUSTIFY\">Deixeu-me que citi un testimoni d\u2019estranya lucidesa que va saber veure per on podien anar les coses molt aviat, ja en l\u2019any 1920. El testimoni \u00e9s el de Karl Kraus, que va escriure aleshores: \u201cQue el diable se\u2019n dugui la praxis del comunisme, per\u00f2, en canvi, que D\u00e9u ens el conservi en la seva condici\u00f3 d\u2019amena\u00e7a constant sobre els caps dels que tenen riqueses; els que, per tal de conservar-les, envien implacables els altres als fronts de la fam i de l\u2019honor de la p\u00e0tria, mentre pretenen consolar-los dient i repetint que la riquesa no \u00e9s el m\u00e9s important d\u2019aquesta vida. D\u00e9u ens conservi per sempre el comunisme per tal que aquella xurma no es torni encara m\u00e9s desvergonyida (&#8230;) i que, al menys, quan se\u2019n vagin a dormir, ho facin amb un malson\u201d.<\/p>\n<p class=\"western\" lang=\"ca-ES\" style=\"margin-bottom: 0.64cm;\" align=\"JUSTIFY\">I \u00e9s que bona part del que anomenem progressos socials, des de la revoluci\u00f3 francesa fins avui, est\u00e0 estretament associat als malsons de les classes benestants, obligades a fer concessions com a conseq\u00fc\u00e8ncia de la por a perdre-ho tot a mans dels b\u00e0rbars. L\u2019abolici\u00f3 de l\u2019esclavitud, per exemple, no s\u2019explicaria sense el p\u00e0nic que va produir la matan\u00e7a dels colons a Hait\u00ed durant la revoluci\u00f3 de 1791. Que resulti que en l\u2019actualitat hi ha al m\u00f3n m\u00e9s esclaus que el 1791 (la xifra actual dels treballadors for\u00e7ats es calcula que oscil\u00b7la entre els 13 i els 27 milions) obliga a fer algunes reflexions sobre el significat del que els llibres d\u2019hist\u00f2ria anomenen abolici\u00f3 de l\u2019esclavitud.<\/p>\n<p class=\"western\" lang=\"ca-ES\" style=\"margin-bottom: 0.64cm;\" align=\"JUSTIFY\">Res de comparable, per\u00f2, amb el p\u00e0nic que va provocar des del seu inici la revoluci\u00f3 russa, i que s\u2019ha mantingut persistentment tant en el terreny de la propaganda pol\u00edtica com en el de la hist\u00f2ria. Encara avui els fets d\u2019Ucra\u00efna s\u00f3n aprofitats per refer la mateixa hist\u00f2ria de l\u2019amena\u00e7a al m\u00f3n lliure. En un article d\u2019una revista erudita d\u2019hist\u00f2ria de la guerra freda que estudia les organitzacions \u201cstay behind\u201d, que els Estats Units i Gran Bretanya van muntar a Europa per poder-se oposar a un possible ascens comunista, la m\u00e9s coneguda de les quals \u00e9s Gladio, que preparava una resposta violenta a It\u00e0lia si els comunistes guanyaven unes eleccions, l\u2019autor tracta de justificar que seguissin fins i tot despr\u00e9s de la desaparici\u00f3 de la Uni\u00f3 Sovi\u00e8tica i argumenta que, amb l\u2019agressi\u00f3 russa actual a Ucra\u00efna, t\u00e9 l\u00f2gica mantenir \u201calguns dels mateixos elements de seguretat\u201d de la guerra freda. O sigui que l\u2019anticomunisme dura fins i tot despr\u00e9s de la mort del comunisme.<\/p>\n<p class=\"western\" lang=\"ca-ES\" style=\"margin-bottom: 0.64cm;\" align=\"JUSTIFY\">Ens hem nodrit de la hist\u00f2ria criminal del comunisme, que se\u2019ns segueix repetint cada dia, i ens ha mancat, en canvi, con\u00e8ixer en paral\u00b7lel una hist\u00f2ria criminal del capitalisme que permet\u00e9s situar les coses en un context m\u00e9s equilibrat. L\u2019estudi de la revoluci\u00f3 russa, com veieu, \u00e9s necessari per tal d\u2019entendre la hist\u00f2ria del segle XX, i la situaci\u00f3 a qu\u00e8 aquesta hist\u00f2ria ens ha portat.<\/p>\n<p class=\"western\" lang=\"ca-ES\" style=\"margin-bottom: 0.64cm;\" align=\"JUSTIFY\">Hi ha, per\u00f2, m\u00e9s motius que fan necessari aquest estudi, als quals em referir\u00e9 breument perqu\u00e8 el temps no d\u00f3na per m\u00e9s. Un dels m\u00e9s importants \u00e9s el d\u2019escatir perqu\u00e8 el projecte social de 1917 va acabar fracassant. I no em refereixo a l\u2019enfonsament final de l\u2019estructura pol\u00edtica de la Uni\u00f3 sovi\u00e8tica despr\u00e9s de 1989, sin\u00f3 a la incapacitat de construir aquell model d\u2019una societat lliure i sense classes que s\u2019havia plantejat a l\u2019inici de la revoluci\u00f3.<\/p>\n<p class=\"western\" lang=\"ca-ES\" style=\"margin-bottom: 0.64cm;\" align=\"JUSTIFY\">\u00c9s un tema que ens obligar\u00e0 a revisar tota una s\u00e8rie de q\u00fcestions, comen\u00e7ant per la crisi de mar\u00e7 del 1921, quan es celebrava el des\u00e8 congr\u00e9s del partit comunista, mentre els treballadors de Petrograd es declaraven en vaga, amb el suport dels mariners de la base de Kronstadt, no solament per raons econ\u00f2miques, sin\u00f3 en demanda de m\u00e9s drets de participaci\u00f3, i de noves eleccions als soviets, que s\u2019havien convertit, en el transcurs de la guerra civil, en una simple cadena de transmissi\u00f3 de les ordres donades des de dalt per uns comandaments que no havien estat elegits.<\/p>\n<p class=\"western\" lang=\"ca-ES\" style=\"margin-bottom: 0.64cm;\" align=\"JUSTIFY\">Haurem d\u2019explorar despr\u00e9s qu\u00e8 significava realment el programa de la planificaci\u00f3 tal com l\u2019estaven elaborant, fins a 1928, els homes que treballaven al Gosplan, i la forma com el seu projecte va ser pervertit per Stalin, que el va convertir en un instrument per a un projecte d\u2019industrialitzaci\u00f3 for\u00e7ada, que havia d\u2019anar acompanyat d\u2019una pol\u00edtica de terror encaminada a sotmetre a \u00e0mplies capes de la poblaci\u00f3 a unes condicions de treball i d\u2019explotaci\u00f3 inhumanes.<\/p>\n<p class=\"western\" lang=\"ca-ES\" style=\"margin-bottom: 0.64cm;\" align=\"JUSTIFY\">O haurem d\u2019investigar les raons del frac\u00e0s del projecte de les democr\u00e0cies populars en 1945, del qual parlava Manfred Kossok, que el va viure, evocant \u201caquells anys de les grans esperances, de les visions, de les utopies \u2013la fi de l\u2019imperialisme en 10 o 20 anys, alliberament de tots els pobles, benestar universal, pau eterna- un anys d\u2019il\u00b7lusions heroiques: el socialisme real com el millor dels mons\u201d. Un projecte del qual deia Edward Thompson: \u201caquest va ser un moment aut\u00e8ntic, i no crec que la degeneraci\u00f3 que va seguir, en la qual hi va haver dos actors, l\u2019estalinisme i occident, fos inevitable. Penso que cal tornar a ocupar-se d\u2019aix\u00f2 i explicar que aquest moment va existir\u201d. Cal, en efecte, estudiar tots aquests moments diversos en qu\u00e8 les coses van poder ser diferents.<\/p>\n<p class=\"western\" lang=\"ca-ES\" style=\"margin-bottom: 0.64cm;\" align=\"JUSTIFY\">I hi ha un aspecte central d\u2019aquesta q\u00fcesti\u00f3 que caldria examinar amb deteniment. Tenia viabilitat el projecte de Lenin de crear una societat sense classes, que implicava abolir no solament l\u2019aparat de l\u2019estat sin\u00f3 el treball assalariat? No fa gaire que Richard Wolff, professor em\u00e8rit d\u2019Economia de la Universitat de Massachusets, repassava diversos moments de la hist\u00f2ria de les revolucions \u2013l\u2019abolici\u00f3 de l\u2019esclavitud, la fi del feudalisme, la revoluci\u00f3 socialista de 1917- i mostrava que cada una d\u2019elles havia aportat beneficis i llibertats, per\u00f2 que totes havien acabat deixant el terreny obert a una nova forma d\u2019explotaci\u00f3 (en el cas de 1917, la d\u2019un capitalisme d\u2019estat) perqu\u00e8 no havien sabut entendre que la sola forma d\u2019abolir l\u2019explotaci\u00f3 \u00e9s acabar amb l\u2019extracci\u00f3 dels excedents del treball de les mans dels que el produeixen.<\/p>\n<p class=\"western\" lang=\"ca-ES\" style=\"margin-bottom: 0.64cm;\" align=\"JUSTIFY\">Per a Wolff aix\u00f2 s\u2019aconsegueix amb formes d\u2019organitzaci\u00f3 cooperatives i apunta a un moviment for\u00e7a interessant de formaci\u00f3 de petites cooperatives que es desenvolupa actualment als Estats Units. Per\u00f2 oblida un aspecte que Lenin tenia prou en compte: que per tal d\u2019abolir l\u2019explotaci\u00f3 el primer que cal \u00e9s haver desposse\u00eft del poder pol\u00edtic els que resultarien perjudicats amb aquest canvi. Podria servir d\u2019exemple el que ha passat amb Mondrag\u00f3n, que molts, incloent-hi el mateix Wolff, presentaven com el model d\u2019una alternativa. Pots fer el que vulguis muntant cooperatives, grans o petites, per\u00f2 no canviar\u00e0 res si mentre tant tens a Madrid un Montoro que t\u00e9 a la seva disposici\u00f3 tot el poder de l\u2019estat per modificar les regles com li convingui.<\/p>\n<p class=\"western\" lang=\"ca-ES\" style=\"margin-bottom: 0.64cm;\" align=\"JUSTIFY\">Una altra proposta que seria interessant de considerar, per\u00f2 de la qual coneixem encara massa poc, \u00e9s la d\u2019Abdullah \u00d4calan, el dirigent del PKK kurd, empresonat pels turcs des de 1999, que fa uns anys va proposar la f\u00f3rmula del confederalisme democr\u00e0tic, que proposa reempla\u00e7ar l\u2019estat-naci\u00f3 per un sistema d\u2019assemblees o consells locals que generin autonomia sense crear l\u2019aparell d\u2019un estat. Avui aquest projecte t\u00e9 una primera plasmaci\u00f3 a Rojava, la zona del nord de S\u00edria on s\u2019ha instal\u00b7lat el que un reportatge de la BBC qualifica com \u201cun mini-estat igualitari, multi-\u00e8tnic (perqu\u00e8 enclou en peu d\u2019igualtat kurds, \u00e0rabs, i cristians), governat comunit\u00e0riament\u201d. S\u00f3n justament els que estan combatent per reconquerir la ciutat de Kobane. Us recomano que veieu aquest documental de la BBC \u2013el trobareu tant a Google com a YouTube, amb el t\u00edtol de \u201cRojava: Sirya\u2019s secret revolution\u201d.<\/p>\n<p class=\"western\" lang=\"ca-ES\" style=\"margin-bottom: 0.64cm;\" align=\"JUSTIFY\">Per qu\u00e8 parlo d\u2019aquestes coses, que semblen molt lluny de l\u2019estudi de la revoluci\u00f3 de 1917? He dit abans que ens calia estudiar-la per tal d\u2019arribar a entendre la nostra pr\u00f2pia hist\u00f2ria; per\u00f2 \u00e9s evident que aquest estudi no el veig com un pur exercici intel\u00b7lectual sense finalitats pr\u00e0ctiques. La utilitat que pot tenir, que cal que tingui, \u00e9s la d\u2019ajudar-nos a rescatar d\u2019aquells projectes que no van reeixir \u2013per errors interns i per l\u2019hostilitat de totes les forces que s\u2019oposaven als aven\u00e7os socials que promovien- all\u00f2 que pugui servir-nos encara per a la feina de construir una societat m\u00e9s lliure i m\u00e9s igualit\u00e0ria. Perqu\u00e8 em sembla indiscutible que el prop\u00f2sit que va moure els homes de 1917 era leg\u00edtim. Com va dir Paul Eluard: \u201cCalia creure-hi, calia\/ creure que l\u2019home t\u00e9 el poder\/ de ser lliure i de ser millor que el dest\u00ed que li ha estat assignat\u201d. I penso que ens cal seguir-ho creient avui.<\/p>\n<p class=\"western\" lang=\"ca-ES\" style=\"margin-bottom: 0.64cm;\" align=\"JUSTIFY\"><i><b>(Conferencia pronunciada per Josep Fontana a l\u2019acte de presentaci\u00f3 de la comissi\u00f3 del centenari de la Revoluci\u00f3 Russa)<\/b><\/i><\/p>\n<p class=\"western\" lang=\"ca-ES\" style=\"margin-bottom: 0.64cm;\" align=\"JUSTIFY\"><i><b>Font: <\/b><\/i>Centenari de la revoluci\u00f3 russa (<a href=\"https:\/\/centenarirevoluciorussa.wordpress.com\/2015\/02\/28\/per-que-ens-conve-estudiar-la-revolucio-russa-text-de-josep-fontana\/\"><u>https:\/\/centenarirevoluciorussa.wordpress.com\/2015\/02\/28\/per-que-ens-conve-estudiar-la-revolucio-russa-text-de-josep-fontana\/<\/u><\/a>)<\/p>\n<p class=\"western\" lang=\"ca-ES\" style=\"margin-bottom: 0.64cm;\" align=\"JUSTIFY\">\n<p class=\"western\" lang=\"ca-ES\" style=\"margin-bottom: 0.64cm; font-style: normal;\" align=\"JUSTIFY\"><b>\u00bfPor qu\u00e9 nos conviene estudiar la revoluci\u00f3n rusa?<\/b><\/p>\n<p class=\"western\" lang=\"ca-ES\" style=\"margin-bottom: 0.64cm;\" align=\"JUSTIFY\">Hay varias razones que hacen necesario que estudiemos de nuevo la historia de la revoluci\u00f3n rusa. La primera de ellas, que nos hace falta hacerlo para dar sentido a la historia global del siglo XX. Una historia que, tal como la podemos examinar ahora, desde la perspectiva de los primeros a\u00f1os del siglo XXI, nos muestra un enigma dif\u00edcil de explicar. Si utilizamos un indicador de la evoluci\u00f3n social como es el de la medici\u00f3n de las desigualdades en la riqueza, podemos ver que el siglo XX comienza en las primeras d\u00e9cadas con unas sociedades muy desiguales, donde la riqueza y los ingresos se acumulan en un tramo reducido de la poblaci\u00f3n. Esta situaci\u00f3n comienza a cambiar en los a\u00f1os treinta y lo hace espectacularmente en los cuarenta, que inician una \u00e9poca en que hay un reparto mucho m\u00e1s equitativo de la riqueza y de los ingresos. Una situaci\u00f3n que se mantiene estable hasta 1980: es la edad feliz en que se desarrolla en buena parte del mundo el estado del bienestar, un tiempo de salarios elevados y mejora de los niveles de vida de los trabajadores, en el que un presidente norteamericano se propone incluso iniciar un programa de guerra contra la pobreza.<\/p>\n<p class=\"western\" lang=\"ca-ES\" style=\"margin-bottom: 0.64cm;\" align=\"JUSTIFY\">Todo esto se acab\u00f3 en los a\u00f1os ochenta, a partir de los cuales vuelven a crecer los \u00edndices de desigualdad, que superan los del inicio del siglo, hasta llegar a un punto que ha llevado a Credit Suisse a denunciar hace pocos meses que el setenta por ciento m\u00e1s pobre de la poblaci\u00f3n del planeta no llega hoy a tener en conjunto ni el tres por ciento de la riqueza total, mientras el 8&#8217;6 por ciento de los m\u00e1s ricos acumulan el 85 por ciento.<\/p>\n<p class=\"western\" lang=\"ca-ES\" style=\"margin-bottom: 0.64cm;\" align=\"JUSTIFY\">\u00bfQu\u00e9 ha pasado que pueda explicar esta evoluci\u00f3n? Thomas Piketty sostiene que la desigualdad ha sido una caracter\u00edstica permanente de la historia humana. Os leo sus palabras: \u00abEn todas las sociedades y en todas las \u00e9pocas la mitad de la poblaci\u00f3n m\u00e1s pobre en patrimonio no posee casi nada (generalmente apenas un 5% del patrimonio total), la d\u00e9cima parte superior de la jerarqu\u00eda de los patrimonios posee una neta mayor\u00eda del total (generalmente m\u00e1s de un 60% del patrimonio total, y en ocasiones hasta un 90%)\u00bb.<\/p>\n<p class=\"western\" lang=\"ca-ES\" style=\"margin-bottom: 0.64cm;\" align=\"JUSTIFY\">La desigualdad de los patrimonios, que se traduce en una desigualdad de los ingresos, marca, seg\u00fan Piketty, el curso entero de la historia, en la que las tasas de crecimiento de la poblaci\u00f3n y de la producci\u00f3n no han pasado generalmente del 1% anual, mientras el \u00abrendimiento puro\u00bb del capital se ha mantenido entre el 4% y el 5%. Estas consideraciones le llevan a una interpretaci\u00f3n formulada rotundamente: \u00abDurante una parte esencial de la historia de la humanidad el hecho m\u00e1s importante es que la tasa de rendimiento del capital ha sido siempre menos de diez a veinte veces superior a la tasa de crecimiento de la producci\u00f3n y del ingreso. En eso se basaba, en gran medida, el fundamento mismo de la sociedad: era lo que permit\u00eda a una clase de poseedores consagrarse a algo m\u00e1s que a su propia subsistencia\u00bb. Que es tanto como decir que la civilizaci\u00f3n, la ciencia y el arte son hijos de la desigualdad.<\/p>\n<p class=\"western\" lang=\"ca-ES\" style=\"margin-bottom: 0.64cm;\" align=\"JUSTIFY\">Despu\u00e9s habr\u00eda venido, en el siglo XX, una etapa en la que las reglas del juego parec\u00edan estar cambiando, como consecuencia sobre todo, sostiene, de las destrucciones causadas por las dos guerras mundiales y por las conmociones sociales, que llevaron a ese m\u00ednimo de la desigualdad que se ha producido entre 1945 y 1980. Pero la normalidad se restableci\u00f3 a partir de los a\u00f1os ochenta, hasta llegar a la extrema desigualdad actual. De este hecho arranca su previsi\u00f3n de que en el transcurso del siglo XXI, es decir hasta 2100, el crecimiento de la producci\u00f3n ser\u00e1 apenas de un 1,5 por ciento y nos encontraremos en una situaci\u00f3n en que la superioridad de los rendimientos del capital volver\u00e1 a ser como antes y se habr\u00e1 restablecido la normalidad. Todo lo que termina con una conclusi\u00f3n pesimista: \u00abNo hay ninguna fuerza natural que reduzca necesariamente la importancia del capital y de los ingresos procedentes de la propiedad del capital a lo largo de la historia\u00bb.<\/p>\n<p class=\"western\" lang=\"ca-ES\" style=\"margin-bottom: 0.64cm;\" align=\"JUSTIFY\">Ahora bien, yo he vivido en esta edad anterior a 1980 en que \u00e9ramos muchos, yo dir\u00eda que muchos millones en todo el mundo, los que pens\u00e1bamos que las reglas del juego estaban cambiando permanentemente en favor de un reparto m\u00e1s justo de la riqueza, y que val\u00eda la pena esforzarse para seguir avanzando en esta direcci\u00f3n. Es por eso que me niego personalmente a aceptar que lo que pas\u00f3 en este medio siglo de mejora colectiva fuera simplemente un accidente, y pienso que hay que examinar de cerca los acontecimientos del per\u00edodo que va de 1914 a 1980, introduciendo en el an\u00e1lisis los factores pol\u00edticos que carecen por completo el libro de Piketty, donde, por poner un ejemplo, la palabra \u00absindicatos\u00bb aparece una sola vez (en la p\u00e1gina 471 de la edici\u00f3n original francesa).<\/p>\n<p class=\"western\" lang=\"ca-ES\" style=\"margin-bottom: 0.64cm;\" align=\"JUSTIFY\">Esta otro tipo de exploraci\u00f3n de la evoluci\u00f3n de la desigualdad en el siglo XX, en clave pol\u00edtica, debe comenzar forzosamente por el gran cambio que represent\u00f3 la revoluci\u00f3n rusa de 1917. \u00bfPor qu\u00e9 digo un \u00abgran cambio\u00bb? En 1917 hab\u00eda una larga tradici\u00f3n de luchas obreras encaminadas a mejorar las condiciones de vida de los trabajadores, y exist\u00eda una amplia tradici\u00f3n en apoyo del \u00absocialismo\u00bb, aunque s\u00f3lo un intento de aplicarlo a la realidad hab\u00eda llegado a cuajar, el de la Commune de Par\u00eds de 1871, que dur\u00f3 poco m\u00e1s de dos meses y nos dej\u00f3 como legado un himno, la Internacional, que anunciaba que \u00abel mundo cambiar\u00e1 de base\u00bb.<\/p>\n<p class=\"western\" lang=\"ca-ES\" style=\"margin-bottom: 0.64cm;\" align=\"JUSTIFY\">Pero la verdad era que, desde finales del siglo XIX, tanto la lucha de los sindicatos como la actuaci\u00f3n pol\u00edtica de los partidos llamados socialistas o socialdem\u00f3cratas hab\u00eda renunciado a los programas revolucionarios para dedicarse a la pugna por la mejora de los derechos sociales dentro de los marcos pol\u00edticos existentes, con voluntad de reformarlos, pero no de derribarlos. El caso del SPD alem\u00e1n, del partido socialdem\u00f3crata que pod\u00eda considerarse como leg\u00edtimo heredero de Marx y de Engels, es revelador. En los a\u00f1os anteriores al inicio de la Primera Guerra Mundial era el partido que ten\u00eda m\u00e1s diputados en el parlamento alem\u00e1n, contaba con m\u00e1s de un mill\u00f3n de afiliados y con un centenar de peri\u00f3dicos, pero no se propon\u00eda hacer la revoluci\u00f3n, sino que aspiraba a obtener un triunfo parlamentario que le permitiera reformar y democratizar el estado. De modo que, cuando se produjo la declaraci\u00f3n de guerra, los socialistas votaron los cr\u00e9ditos y procuraron mantener la paz social, aconsejando a los trabajadores que, mientras durase la guerra, dejaran de lado las huelgas y los conflictos.<\/p>\n<p class=\"western\" lang=\"ca-ES\" style=\"margin-bottom: 0.64cm;\" align=\"JUSTIFY\">Situados en esta perspectiva no cuesta entender que lo que pas\u00f3 en Rusia en el transcurso de 1917 significara una ruptura, un paso adelante inesperado, que mostraba que un movimiento surgido de abajo, de la revuelta de los trabajadores y de los soldados, pod\u00eda llegar a hacerse con el control de un pa\u00eds y hacerlo funcionar de acuerdo con unas reglas nuevas. Porque lo m\u00e1s innovador de este movimiento fue que, desde los primeros momentos, desde febrero -o marzo, seg\u00fan nuestro calendario- de 1917 no actuaba solamente a partir de un parlamento, sino que se basaba en un doble poder, una parte esencial del cual la formaban los consejos de trabajadores, soldados y campesinos, que comenzaron entonces a construir una especie de contra- estado.<\/p>\n<p class=\"western\" lang=\"ca-ES\" style=\"margin-bottom: 0.64cm;\" align=\"JUSTIFY\">A\u00f1adamos a esto que el proceso aceler\u00f3 r\u00e1pidamente, sobre todo por iniciativa de Lenin, que propon\u00eda renunciar al programa de una asamblea constituyente, es decir, el sistema parlamentario burgu\u00e9s donde todo contribu\u00eda, dec\u00eda \u00e9l, a establecer \u00abuna democracia s\u00f3lo para los ricos \u00ab- y pasar directamente a otra forma de organizaci\u00f3n en que el poder deb\u00eda estar en manos de consejos elegidos desde abajo, con una etapa transitoria de dictadura del proletariado &#8211; porque no era previsible que los privilegiados del viejo sistema aceptaran su desposesi\u00f3n sin resistencias- que llevar\u00eda finalmente a establecer una sociedad sin estado y sin clases.<\/p>\n<p class=\"western\" lang=\"ca-ES\" style=\"margin-bottom: 0.64cm;\" align=\"JUSTIFY\">Para los millones de europeos en 1917 estaban combatiendo en los campos de batalla, y que hab\u00edan descubierto ya que esa guerra no se hac\u00eda en defensa de sus intereses, la imagen de lo que estaba pasando en Rusia era la de un r\u00e9gimen que hab\u00eda liquidado la guerra de inmediato, que hab\u00eda repartido la tierra a los campesinos, que otorgaba a los obreros derechos de control sobre las empresas y que daba el poder a consejos elegidos que deb\u00edan ejercer de abajo arriba.<\/p>\n<p class=\"western\" lang=\"ca-ES\" style=\"margin-bottom: 0.64cm;\" align=\"JUSTIFY\">El nuevo emperador de Austria-Hungr\u00eda, Carlos I, le escrib\u00eda el 14 de abril de 1917 al Kaiser: \u00abEstamos luchando ahora contra un nuevo enemigo, m\u00e1s peligroso que las potencias de la Entente: contra la revoluci\u00f3n internacional\u00bb. Carlos -que, por cierto, fue beatificado en 2004 por el papa Woytila- hab\u00eda sabido entender la diferencia que representaba lo que estaba pasando en Rusia: se hab\u00eda dado cuenta de que aquel era un enemigo \u00abnuevo\u00bb, que no hab\u00eda que confundir con lo que significaban las revueltas, manifestaciones y huelgas que se hab\u00edan producido, y segu\u00edan produci\u00e9ndose en aquellos momentos, en Austria y Alemania.<\/p>\n<p class=\"western\" lang=\"ca-ES\" style=\"margin-bottom: 0.64cm;\" align=\"JUSTIFY\">Porque es verdad que en los dos pa\u00edses se estaban produciendo tantos movimientos de protesta que hicieron nacer entre los bolcheviques rusos la ilusi\u00f3n, totalmente equivocada, de que la revoluci\u00f3n se pod\u00eda extender f\u00e1cilmente en la Europa central. No lleg\u00f3 a haber una revoluci\u00f3n ni siquiera en Alemania, que era donde parec\u00eda m\u00e1s inminente. Pero el miedo de que pudiera producirse fue lo que explica que a principios de noviembre de 1918 los jefes militares alemanes decidieran que hab\u00edan de acabar la guerra para poder destinar las fuerzas a aplastar la revoluci\u00f3n. Fueron los militares los que, ante la necesidad de satisfacer las exigencias que el presidente norteamericano Wilson pon\u00eda para negociar la paz, destituyeron el emperador y optaron por pasar el poder a un gobierno integrado por socialistas, con la condici\u00f3n, pactada previamente entre los jefes del ej\u00e9rcito y el del Partido socialista, Friedrich Ebert, que \u00abel gobierno cooperar\u00e1 con el cuerpo de oficiales en la supresi\u00f3n del bolchevismo\u00bb.<\/p>\n<p class=\"western\" lang=\"ca-ES\" style=\"margin-bottom: 0.64cm;\" align=\"JUSTIFY\">Los temores de los militares ten\u00edan suficiente fundamentos, ya que parec\u00eda que si en alg\u00fan lugar pod\u00eda repetirse la experiencia sovi\u00e9tica era en la Alemania de noviembre y diciembre de 1918, cuando en Baviera y Sajonia se proclamaban \u00abrep\u00fablicas socialistas\u00bb, y en Berl\u00edn se reun\u00eda un congreso de los representantes de los Consejos de trabajadores y de soldados de Alemania donde, entre otras cosas, se reivindicaba que la autoridad suprema del ej\u00e9rcito pasara a manos de los consejos de soldados y que se suprimieran los rangos y las insignias. La gran victoria de Friedrich Ebert fue conseguir que el congreso de los consejos aceptara la inmediata elecci\u00f3n de unas cortes constituyentes, que permitieron asentar un gobierno de orden y desvanecieron la amenaza de una v\u00eda revolucionaria.<\/p>\n<p class=\"western\" lang=\"ca-ES\" style=\"margin-bottom: 0.64cm;\" align=\"JUSTIFY\">Mientras tanto los Freikorps, unos cuerpos paramilitares de voluntarios reclutados por los jefes del ej\u00e9rcito, que estaban integrados por soldados desmovilizados, estudiantes y campesinos, dirigidos por tenientes y capitanes, y que actuaban con el apoyo del ministro de Defensa, el socialista Gustav Noske, hac\u00edan el trabajo sucio de liquidar la revoluci\u00f3n. Comenzaron reprimiendo a sangre y fuego un intento prematuro de revuelta que tuvo lugar en Berl\u00edn el 5 de enero de 1919, y que termin\u00f3 con el asesinato de Karl Liebknecht y de Rosa Luxemburgo, y siguieron luego disolviendo violentamente los consejos de trabajadores y de soldados y liquidando la rep\u00fablica sovi\u00e9tica de Baviera. No se suele destacar lo suficiente la importancia que tuvo este movimiento contrarrevolucionario que se extendi\u00f3 por Alemania, Austria, Hungr\u00eda y los pa\u00edses b\u00e1lticos, con la estrecha colaboraci\u00f3n de unos dirigentes pol\u00edticos que estaban movidos por un terror obsesivo de la revoluci\u00f3n rusa. Quiz\u00e1s os sirva para valorarlo saber que estos cuerpos llegaron a contar entre 250.000 y 400.000 miembros.<\/p>\n<p class=\"western\" lang=\"ca-ES\" style=\"margin-bottom: 0.64cm;\" align=\"JUSTIFY\">La revoluci\u00f3n qued\u00f3 as\u00ed aislada en Rusia, lo que no preocupaba demasiado. Ingleses y franceses se cansaron pronto de apoyar a los ej\u00e9rcitos blancos que luchaban contra los sovi\u00e9ticos y lo dejaron correr, preocupados por reacciones como la revuelta de los marineros de la flota que los franceses hab\u00edan enviado el mar Negro. Lo que realmente les preocupaba era la posibilidad de que el ejemplo sovi\u00e9tico se extendiera a sus pa\u00edses: tem\u00edan sobre todo el contagio.<\/p>\n<p class=\"western\" lang=\"ca-ES\" style=\"margin-bottom: 0.64cm;\" align=\"JUSTIFY\">El malestar de los a\u00f1os que siguieron al fin de la Gran Guerra en Francia, en Inglaterra (donde en 1926 se produjo la primera huelga general de su historia), en Espa\u00f1a (donde de 1918 a 1921 se desarrolla lo que se llama habitualmente el \u00abtrienio bolchevique\u00bb) o en Italia (con las ocupaciones de f\u00e1bricas de 1920) no llev\u00f3 a ninguna parte a movimientos revolucionarios que aspiraran a tomar el poder. En Italia, por ejemplo, tanto el partido socialista como el sindicato mayoritario se negaron a apoyar actuaciones encaminadas a la toma del poder. De esta manera la ocupaci\u00f3n de las f\u00e1bricas no pod\u00eda llevar m\u00e1s all\u00e1 de la obtenci\u00f3n de algunas concesiones de los patrones. Pero el miedo a la revoluci\u00f3n \u00ab\u00e0 la rusa\u00bb estaba muy presente en el imaginario de los dirigentes de la Europa burguesa, y los sindicatos aprendieron pronto a usarla para negociar con mayor eficacia las condiciones de trabajo y los salarios.<\/p>\n<p class=\"western\" lang=\"ca-ES\" style=\"margin-bottom: 0.64cm;\" align=\"JUSTIFY\">Las mejoras en el terreno de la desigualdad que se fueron consiguiendo posteriormente, desde la d\u00e9cada de los treinta, no se explicar\u00edan suficiente sin el p\u00e1nico al fantasma sovi\u00e9tico. Cuando la crisis mundial cre\u00f3 una situaci\u00f3n de desempleo y de pobreza extremas, se recurri\u00f3 a dos tipos diferentes de soluciones. En pa\u00edses donde la amenaza parec\u00eda m\u00e1s grande, como eran Italia y Alemania, los movimientos de signo fascista comenzaron disolviendo los partidos y sindicatos izquierdistas violentamente.<\/p>\n<p class=\"western\" lang=\"ca-ES\" style=\"margin-bottom: 0.64cm;\" align=\"JUSTIFY\">En el caso de Alemania, Hitler repiti\u00f3 en 1934 el pacto con el ej\u00e9rcito que Ebert hab\u00eda hecho en noviembre de 1918. Ante la amenaza que representaban las tropas de las SA, que quer\u00edan sacar adelante las promesas revolucionarias de los programas nazis, los militares avisaron a Hitler de que o bien deten\u00eda el asunto \u00e9l o lo har\u00eda el ej\u00e9rcito por su cuenta. Los militares colaboraron dando armas a las SS para el exterminio de las SA que se produjo a partir de la noche de los cuchillos largos, el 30 de junio de 1934. Pero quiz\u00e1 lo m\u00e1s interesante sea la justificaci\u00f3n que Hitler dio de su actuaci\u00f3n en este caso, al decir que hab\u00eda querido evitar que se volviera a producir en Alemania un nuevo 1918.<\/p>\n<p class=\"western\" lang=\"ca-ES\" style=\"margin-bottom: 0.64cm;\" align=\"JUSTIFY\">En otro caso en que las consecuencias de la crisis eran de una gravedad extrema, como era el de los Estados Unidos, la soluci\u00f3n consisti\u00f3 en establecer una pol\u00edtica de ayudas y de concesiones en el terreno social, dentro del programa del New Deal. Se suele ignorar que los a\u00f1os que van de 1931 a 1939 fueron un tiempo en los Estados Unidos de grandes huelgas y de graves conmociones sociales. Con motivo de una de estas huelgas, Los Angeles Times escrib\u00eda: \u00abLa situaci\u00f3n (&#8230;) no se puede describir como una huelga general. Lo que hay es una insurrecci\u00f3n, una revuelta organizada por los comunistas para derribar el gobierno . S\u00f3lo se puede hacer una cosa: aplastar la revuelta con toda la fuerza que sea necesaria\u00bb.<\/p>\n<p class=\"western\" lang=\"ca-ES\" style=\"margin-bottom: 0.64cm;\" align=\"JUSTIFY\">Aparte de estas luchas, los trabajadores estadounidenses utilizaban tambi\u00e9n para defenderse de la crisis medidas de auto-organizaci\u00f3n: en Seattle el sindicato de los pescadores intercambiaba pescado para frutas, verduras y le\u00f1a. Hab\u00eda 21 locales, con un comisario delante, para hacer estos intercambios. A finales de 1932 hab\u00eda 330 organizaciones varias de auto-ayuda para todo el pa\u00eds, con 300.000 miembros.<\/p>\n<p class=\"western\" lang=\"ca-ES\" style=\"margin-bottom: 0.64cm;\" align=\"JUSTIFY\">Sin este contexto de luchas sociales no hay forma de encontrar una explicaci\u00f3n racional del New Deal y de sus medidas de ayuda, como la Civil Works Administration, que lleg\u00f3 a dar empleo a 4 millones de trabajadores, o el Civilian Conservation Corps, que cog\u00eda j\u00f3venes solteros y los llevaba a trabajar en los bosques pag\u00e1ndoles un salario de un d\u00f3lar al d\u00eda para trabajos de recuperaci\u00f3n o de protecci\u00f3n contra las inundaciones. Todo esto se hac\u00eda bajo la vigilancia inquieta de los empresarios, que ve\u00edan por todas partes la amenaza del socialismo. De hecho, el miedo a la clase de giro a la izquierda que les parec\u00eda que se estaba produciendo con Roosevelt gener\u00f3 una fuerte reacci\u00f3n que es lo que explica que en 1938 se fundara el Comit\u00e9 del congreso sobre actividades anti-americanas, encargado de descubrir subversivos en los sindicatos o entre las organizaciones del New Deal. El macartismo no es un producto de la guerra fr\u00eda, sino la continuaci\u00f3n del p\u00e1nico contra lo rojo nacido en los a\u00f1os treinta.<\/p>\n<p class=\"western\" lang=\"ca-ES\" style=\"margin-bottom: 0.64cm;\" align=\"JUSTIFY\">Tras el fin de la segunda guerra mundial, en 1945, el miedo a la extensi\u00f3n del comunismo en Europa parec\u00eda justificada por el hecho de que los a\u00f1os 1945 y 1946 los comunistas obtuvieron m\u00e1s del 20 por ciento de los votos en Checoslovaquia, en Francia (donde fueron el partido m\u00e1s votado) y en Finlandia, y muy cerca del 20 por ciento en Islandia o en Italia. No hab\u00eda en ninguno de estos casos prop\u00f3sitos revolucionarios por parte de los comunistas, porque, parad\u00f3jicamente, el propio Stalin se hab\u00eda convertido a la opci\u00f3n parlamentaria, y aconsejaba a los partidos comunistas europeos que no se embarcaran en aventuras revolucionarias.<\/p>\n<p class=\"western\" lang=\"ca-ES\" style=\"margin-bottom: 0.64cm;\" align=\"JUSTIFY\">La guerra fr\u00eda ten\u00eda el objetivo de crear una solidaridad en la que los Estados Unidos ofrecer\u00edan a sus aliados la protecci\u00f3n contra el enemigo revolucionario, del que s\u00f3lo ellos pod\u00edan salvar, con su superioridad militar, reforzada por el monopolio de la bomba at\u00f3mica. Detr\u00e1s de este ofrecimiento de protecci\u00f3n hab\u00eda el prop\u00f3sito de construir un mundo de acuerdo con sus reglas, en el que no s\u00f3lo tendr\u00edan una hegemon\u00eda militar indiscutible, sino tambi\u00e9n un dominio econ\u00f3mico.<\/p>\n<p class=\"western\" lang=\"ca-ES\" style=\"margin-bottom: 0.64cm;\" align=\"JUSTIFY\">Mantener este clima de miedo a un choque global contra un enemigo, el sovi\u00e9tico, que pod\u00eda aplastar cualquier pa\u00eds que no estuviera bajo la protecci\u00f3n de los estadounidenses y de sus fuerzas nucleares, era necesario para sostener este control pol\u00edtico global, y para hacer negocio, de paso.<\/p>\n<p class=\"western\" lang=\"ca-ES\" style=\"margin-bottom: 0.64cm;\" align=\"JUSTIFY\">Aparte de eso, sin embargo, la necesidad de hacer frente a lo que tem\u00edan realmente, que no eran las armas sovi\u00e9ticas, sino la posibilidad de que ideas y movimientos de signo comunista se extendieran por los pa\u00edses \u00aboccidentales\u00bb, los llev\u00f3 a todos a recurrir a pol\u00edticas que favorec\u00edan un reparto m\u00e1s equitativo de los beneficios de la producci\u00f3n y a un abastecimiento m\u00e1s amplio de servicios sociales universales y gratuitos: son los a\u00f1os del estado del bienestar, los a\u00f1os en que encontramos los valores m\u00ednimos en la escala de la desigualdad social.<\/p>\n<p class=\"western\" lang=\"ca-ES\" style=\"margin-bottom: 0.64cm;\" align=\"JUSTIFY\">Desde 1968, sin embargo, se empez\u00f3 a ver que no hab\u00eda que temer ning\u00fan tipo de amenaza revolucionaria, porque ni los mismos partidos comunistas parec\u00edan propon\u00e9rselo. En el Par\u00eds de mayo de 1968, en plena euforia del movimiento de los estudiantes, que estaban convencidos de que, aliados con los trabajadores, pod\u00edan transformar el mundo, el partido comunista y su sindicato impidieron cualquier posibilidad de alianza y se contentaron pactando mejoras salariales con la patronal y recomendando a los estudiantes que se fueran a hacer la revoluci\u00f3n a la Universidad. Al mismo tiempo, los acontecimientos de Praga demostraban que el comunismo sovi\u00e9tico no aspiraba a otra cosa que a mantenerse a la defensiva, sin tolerar cambios que pusieran en peligro su estabilidad.<\/p>\n<p class=\"western\" lang=\"ca-ES\" style=\"margin-bottom: 0.64cm;\" align=\"JUSTIFY\">A mediados de los a\u00f1os setenta, a medida que resultaba cada vez m\u00e1s evidente que la amenaza sovi\u00e9tica era inconsistente, los sectores empresariales, que hasta entonces hab\u00edan aceptado pagar la factura de unos costes salariales y unos impuestos elevados, comenzaron a reaccionar. La ofensiva comenz\u00f3 en tiempos de Carter, impidiendo que se creara una Oficina de representaci\u00f3n de los consumidores, por un lado, y abandonando los sindicatos en la defensa de sus derechos, por otra, y prosigui\u00f3 con Reagan en Estados Unidos, y con la se\u00f1ora Thatcher en Gran Breta\u00f1a, luchando abiertamente contra los sindicatos. Como consecuencia de esta pol\u00edtica comenzaba de nuevo el crecimiento de la curva de la desigualdad, que se alimentaba de la rebaja gradual de los costes salariales y fiscales de las empresas.<\/p>\n<p class=\"western\" lang=\"ca-ES\" style=\"margin-bottom: 0.64cm;\" align=\"JUSTIFY\">\u00bfSe puede considerar una simple coincidencia que la mejora de la igualdad se haya producido coet\u00e1neamente a la expansi\u00f3n de la amenaza comunista -o, m\u00e1s exactamente, del miedo a la amenaza comunista- y que el cambio que ha llevado al retorno a las graves proporciones de desigualdad que estamos viviendo hoy coincida con la desaparici\u00f3n de este factor?<\/p>\n<p class=\"western\" lang=\"ca-ES\" style=\"margin-bottom: 0.64cm;\" align=\"JUSTIFY\">Y d\u00e9jenme insistir: no me estoy refiriendo a la amenaza de la Uni\u00f3n Sovi\u00e9tica como potencia militar, que nunca existi\u00f3 (las diferencias de potencial militar en favor de los Estados Unidos eran enormes, pero eso se escond\u00eda al p\u00fablico, que de otro modo quiz\u00e1 no habr\u00eda aceptado tan mansamente los gastos y las restricciones que comportaba la guerra fr\u00eda). Me estoy refiriendo a la amenaza, para decirlo con los t\u00e9rminos usados para afianzar estos miedos, del \u00abcomunismo internacional\u00bb; al miedo a la subversi\u00f3n revolucionaria.<\/p>\n<p class=\"western\" lang=\"ca-ES\" style=\"margin-bottom: 0.64cm;\" align=\"JUSTIFY\">Dejadme que cite un testimonio de extra\u00f1a lucidez que supo ver por d\u00f3nde pod\u00edan ir las cosas muy bien, ya en el a\u00f1o 1920. El testigo es el de Karl Kraus, que escribi\u00f3 entonces: \u00abQue el diablo se lleve la praxis del comunismo, pero, en cambio, que Dios nos lo conserve en su condici\u00f3n de amenaza constant sobre las cabezas de los que tienen riquezas; los que, a fin de conservarlas, env\u00edan implacables los otros a los frentes del hambre y del honor de la patria, mientras pretenden consolarlos diciendo y repitiendo que la riqueza no es lo m\u00e1s importante de esta vida. Dios nos conserve para siempre el comunismo para que esa chusma no se vuelva a\u00fan m\u00e1s desvergonzada (&#8230;) y que, al menos, cuando se vayan a dormir, lo hagan con una pesadilla\u00bb.<\/p>\n<p class=\"western\" lang=\"ca-ES\" style=\"margin-bottom: 0.64cm;\" align=\"JUSTIFY\">Y es que buena parte de lo que llamamos progresos sociales, desde la revoluci\u00f3n francesa hasta la fecha, est\u00e1 estrechamente asociado a las pesadillas de las clases acomodadas, obligadas a hacer concesiones como consecuencia del miedo a perderlo todo a manos de los b\u00e1rbaros. La abolici\u00f3n de la esclavitud, por ejemplo, no se explicar\u00eda sin el p\u00e1nico que produjo la matanza de los colonos en Hait\u00ed durante la revoluci\u00f3n de 1791. Que resulte que en la actualidad hay en el mundo m\u00e1s esclavos que en 1791 (la cifra actual de los trabajadores forzados se calcula que oscila entre los 13 y los 27 millones) obliga a hacer algunas reflexiones sobre el significado de lo que los libros de historia llaman abolici\u00f3n de la esclavitud.<\/p>\n<p class=\"western\" lang=\"ca-ES\" style=\"margin-bottom: 0.64cm;\" align=\"JUSTIFY\">Nada comparable, sin embargo, con el p\u00e1nico que provoc\u00f3 desde su inicio la revoluci\u00f3n rusa, y que se ha mantenido persistentemente tanto en el terreno de la propaganda pol\u00edtica como en el de la historia. A\u00fan hoy los hechos de Ucrania son aprovechados para rehacer la misma historia de la amenaza al mundo libre. En un art\u00edculo de una revista erudita de historia de la guerra fr\u00eda que estudia las organizaciones \u00abstay behind\u00bb, que Estados Unidos y Gran Breta\u00f1a montaron en Europa para poder oponerse a un posible ascenso comunista, la m\u00e1s conocida de las cuales es Gladio, que preparaba una respuesta violenta en Italia si los comunistas ganaban unas elecciones, el autor trata de justificar que siguieran incluso despu\u00e9s de la desaparici\u00f3n de la Uni\u00f3n Sovi\u00e9tica y argumenta que, con la agresi\u00f3n rusa actual en Ucrania, tiene l\u00f3gica mantener \u00abalgunos de los mismos elementos de seguridad\u00bb de la guerra fr\u00eda. O sea que el anticomunismo dura incluso despu\u00e9s de la muerte del comunismo.<\/p>\n<p class=\"western\" lang=\"ca-ES\" style=\"margin-bottom: 0.64cm;\" align=\"JUSTIFY\">Nos hemos nutrido de la historia criminal del comunismo, que se nos sigue repitiendo cada d\u00eda, y nos ha faltado, en cambio, conocer en paralelo una historia criminal del capitalismo que permitiera situar las cosas en un contexto m\u00e1s equilibrado. El estudio de la revoluci\u00f3n rusa, como veis, es necesario para entender la historia del siglo XX, y la situaci\u00f3n a la que esta historia nos ha llevado.<\/p>\n<p class=\"western\" lang=\"ca-ES\" style=\"margin-bottom: 0.64cm;\" align=\"JUSTIFY\">Hay, sin embargo, m\u00e1s motivos que hacen necesario este estudio, a los que me referir\u00e9 brevemente porque el tiempo no da para m\u00e1s. Uno de los m\u00e1s importantes es el de dilucidar porqu\u00e9 el proyecto social de 1917 termin\u00f3 fracasando. Y no me refiero al hundimiento final de la estructura pol\u00edtica de la Uni\u00f3n Sovi\u00e9tica despu\u00e9s de 1989, sino a la incapacidad de construir ese modelo de una sociedad libre y sin clases que se hab\u00eda planteado al inicio de la revoluci\u00f3n.<\/p>\n<p class=\"western\" lang=\"ca-ES\" style=\"margin-bottom: 0.64cm;\" align=\"JUSTIFY\">Es un tema que nos obligar\u00e1 a revisar toda una serie de cuestiones, empezando por la crisis de marzo de 1921, cuando se celebraba el d\u00e9cimo congreso del partido comunista, mientras los trabajadores de Petrogrado se declaraban en huelga, con el apoyo de los marineros de la base de Kronstadt, no s\u00f3lo por razones econ\u00f3micas, sino en demanda de m\u00e1s derechos de participaci\u00f3n, y de nuevas elecciones a los soviets, que se hab\u00edan convertido, en el transcurso de la guerra civil, en una simple cadena de transmisi\u00f3n de las \u00f3rdenes dadas desde arriba por unos mandos que no hab\u00edan sido elegidos.<\/p>\n<p class=\"western\" lang=\"ca-ES\" style=\"margin-bottom: 0.64cm;\" align=\"JUSTIFY\">Tendremos que explorar despu\u00e9s qu\u00e9 significaba realmente el programa de la planificaci\u00f3n tal como lo estaban elaborando, hasta 1928, los hombres que trabajaban en el Gosplan, y la forma en como su proyecto fue pervertido por Stalin, que lo convirti\u00f3 en un instrumento para un proyecto de industrializaci\u00f3n forzada, que ten\u00eda que ir acompa\u00f1ado de una pol\u00edtica de terror encaminada a someter a amplias capas de la poblaci\u00f3n a unas condiciones de trabajo y de explotaci\u00f3n inhumanas.<\/p>\n<p class=\"western\" lang=\"ca-ES\" style=\"margin-bottom: 0.64cm;\" align=\"JUSTIFY\">O tendremos que investigar las razones del fracaso del proyecto de las democracias populares en 1945, del que hablaba Manfred Kossok, que lo vivi\u00f3, evocando \u00abaquellos a\u00f1os de las grandes esperanzas, de las visiones, de las utop\u00edas -la fin del imperialismo en 10 o 20 a\u00f1os, liberaci\u00f3n de todos los pueblos, bienestar universal, paz eterna- unos a\u00f1os de ilusiones heroicas: el socialismo real como el mejor de los mundos\u00bb. Un proyecto del que dec\u00eda Edward Thompson: \u00abeste fue un momento aut\u00e9ntico, y no creo que la degeneraci\u00f3n que sigui\u00f3, en la que hubo dos actores, el estalinismo y occidente, fuera inevitable. Pienso que hay que volver a ocuparse de esto y explic\u00f3 que este momento existi\u00f3\u00bb. Hay, en efecto, que estudiar todos estos momentos diversos en que las cosas pudieron ser diferentes.<\/p>\n<p class=\"western\" lang=\"ca-ES\" style=\"margin-bottom: 0.64cm;\" align=\"JUSTIFY\">Y hay un aspecto central de esta cuesti\u00f3n que habr\u00eda que examinar con detenimiento. \u00bfTen\u00eda viabilidad el proyecto de Lenin de crear una sociedad sin clases, que implicaba abolir no s\u00f3lo el aparato del estado sino el trabajo asalariado? No hace mucho que Richard Wolff, profesor em\u00e9rito de Econom\u00eda de la Universidad de Massachusets, repasaba diversos momentos de la historia de las revoluciones \u2013la avolici\u00f3n de la esclavitud, el fin del feudalismo, la revoluci\u00f3n socialista de 1917- y mostraba que cada una de ellas hab\u00eda aportado beneficios y libertades, pero que todas hab\u00edan acabado dejando el terreno abierto a una nueva forma de explotaci\u00f3n (en el caso de 1917, la de un capitalismo de Estado) porque no hab\u00edan sabido entender que la sola forma de abolir la explotaci\u00f3n es acabar con la extracci\u00f3n de los excedentes del trabajo de las manos de los que lo producen.<\/p>\n<p class=\"western\" lang=\"ca-ES\" style=\"margin-bottom: 0.64cm;\" align=\"JUSTIFY\">Para Wolff esto se consigue con formas de organizaci\u00f3n cooperativas y apunta a un movimiento bastante interesante de formaci\u00f3n de peque\u00f1as cooperativas que se desarrolla actualmente en los Estados Unidos. Pero olvida un aspecto que Lenin ten\u00eda suficientemente en cuenta: que a fin de abolir la explotaci\u00f3n lo primero que hace falta es haber despojado del poder pol\u00edtico a los que resultar\u00edan perjudicados con este cambio. Podr\u00eda servir de ejemplo lo ocurrido con Mondrag\u00f3n, que muchos, incluyendo el mismo Wolff, presentaban como el modelo de una alternativa. Puedes hacer lo que quieras montando cooperativas, grandes o peque\u00f1as, pero no cambiar\u00e1 nada si mientras tanto tienes en Madrid un Montoro que tiene a su disposici\u00f3n todo el poder del estado para modificar las reglas como le convenga.<\/p>\n<p class=\"western\" lang=\"ca-ES\" style=\"margin-bottom: 0.64cm;\" align=\"JUSTIFY\">Otra propuesta que ser\u00eda interesante considerar, pero de la que conocemos todav\u00eda demasiado poco, es la de Abdullah \u00d6calan, el dirigente del PKK kurdo, aprisionado por los turcos desde 1999, que hace unos a\u00f1os propuso la f\u00f3rmula del confederalismo democr\u00e1tico, que propone reemplazar el estado-naci\u00f3n por un sistema de asambleas o consejos locales que generen autonom\u00eda sin crear el aparato de un estado. Hoy este proyecto tiene una primera plasmaci\u00f3n en Rojava, la zona del norte de Siria donde se ha instalado el que un reportaje de la BBC califica como \u00abun mini-estado igualitario, multi-\u00e9tnico (porque encierra en pie de igualdad kurdos, \u00e1rabes, y cristianos), gobernado comunitariamente\u00bb. Son justamente los que est\u00e1n combatiendo para reconquistar la ciudad de Kobane. Os recomiendo que ve\u00e1is este documental de la BBC -lo encontrareis tanto en Google como en YouTube, con el t\u00edtulo de \u00abRojava: Sirya\u2019s secret revolution\u00bb.<\/p>\n<p class=\"western\" lang=\"ca-ES\" style=\"margin-bottom: 0.64cm;\" align=\"JUSTIFY\">\u00bfPor qu\u00e9 hablo de estas cosas, que parecen muy lejos del estudio de la revoluci\u00f3n de 1917? He dicho antes que deb\u00edamos estudiarla para llegar a entender nuestra propia historia; pero es evidente que este estudio no lo veo como un puro ejercicio intelectual sin fines pr\u00e1cticos. La utilidad que puede tener, que debe tener, es la de ayudarnos a rescatar de aquellos proyectos que no tuvieron \u00e9xito -por errores internos y por la hostilidad de todas las fuerzas que se opon\u00edan a los avances sociales que promov\u00edan &#8211; lo que pueda servirnos a\u00fan para el trabajo de construir una sociedad m\u00e1s libre y m\u00e1s igualitaria. Porque me parece indiscutible que el prop\u00f3sito que movi\u00f3 a los hombres de 1917 era leg\u00edtimo. Como dijo Paul Eluard: \u00abHab\u00eda que creer, era necesario \/ creer que el hombre tiene el poder \/ de ser libre y de ser mejor que el destino que le ha sido asignado\u00bb. Y pienso que necesitamos seguirlo creyendo hoy.<\/p>\n<p class=\"western\" lang=\"ca-ES\" style=\"margin-bottom: 0.64cm;\" align=\"JUSTIFY\"><i><b>(Conferencia pronunciada por Josep Fontana en el acto de presentaci\u00f3n de la comisi\u00f3n del centenario de la Revoluci\u00f3n Rusa)<\/b><\/i><\/p>\n<p class=\"western\" lang=\"ca-ES\" style=\"margin-bottom: 0.64cm;\" align=\"JUSTIFY\"><i>Traducci\u00f3n del catal\u00e1n: <\/i><i><b>Daniel Ravent\u00f3s<\/b><\/i><\/p>\n<p class=\"western\" lang=\"ca-ES\" align=\"JUSTIFY\"><i><b>Fuente:<\/b><\/i> <i>Revista Sin permiso (http:\/\/www.sinpermiso.info\/articulos\/ficheros\/5revrus.pdf)<\/i><\/p>\n<p class=\"western\" lang=\"ca-ES\" style=\"margin-top: 1.15cm; margin-bottom: 0cm; line-height: 100%;\" align=\"CENTER\">\n<p class=\"western\" lang=\"ca-ES\" style=\"margin-right: 0.64cm; margin-bottom: 0cm; line-height: 100%;\">\n","protected":false},"excerpt":{"rendered":"<p style='margin-bottom: 0.64cm; line-height: 150%;' lang='ca-ES' align='JUSTIFY'>Confer\u00e8ncia pronunciada per Josep Fontana en l&#8217;acte de presentaci\u00f3 de la Comissi\u00f3 del centenari de la Revoluci\u00f3 Russa \/ Conferencia pronunciada por Josep Fontana en el acto de presentaci\u00f3n de la Comisi\u00f3n del centenario de la Revoluci\u00f3n Rusa <\/p>\n","protected":false},"author":9,"featured_media":2919,"comment_status":"open","ping_status":"open","sticky":false,"template":"","format":"standard","meta":{"footnotes":""},"categories":[22],"tags":[],"class_list":["post-2918","post","type-post","status-publish","format-standard","has-post-thumbnail","hentry","category-historia-del-movimiento-y-de-la-clase-obrera"],"aioseo_notices":[],"_links":{"self":[{"href":"https:\/\/espai-marx.net\/index.php?rest_route=\/wp\/v2\/posts\/2918","targetHints":{"allow":["GET"]}}],"collection":[{"href":"https:\/\/espai-marx.net\/index.php?rest_route=\/wp\/v2\/posts"}],"about":[{"href":"https:\/\/espai-marx.net\/index.php?rest_route=\/wp\/v2\/types\/post"}],"author":[{"embeddable":true,"href":"https:\/\/espai-marx.net\/index.php?rest_route=\/wp\/v2\/users\/9"}],"replies":[{"embeddable":true,"href":"https:\/\/espai-marx.net\/index.php?rest_route=%2Fwp%2Fv2%2Fcomments&post=2918"}],"version-history":[{"count":0,"href":"https:\/\/espai-marx.net\/index.php?rest_route=\/wp\/v2\/posts\/2918\/revisions"}],"wp:featuredmedia":[{"embeddable":true,"href":"https:\/\/espai-marx.net\/index.php?rest_route=\/wp\/v2\/media\/2919"}],"wp:attachment":[{"href":"https:\/\/espai-marx.net\/index.php?rest_route=%2Fwp%2Fv2%2Fmedia&parent=2918"}],"wp:term":[{"taxonomy":"category","embeddable":true,"href":"https:\/\/espai-marx.net\/index.php?rest_route=%2Fwp%2Fv2%2Fcategories&post=2918"},{"taxonomy":"post_tag","embeddable":true,"href":"https:\/\/espai-marx.net\/index.php?rest_route=%2Fwp%2Fv2%2Ftags&post=2918"}],"curies":[{"name":"wp","href":"https:\/\/api.w.org\/{rel}","templated":true}]}}