{"id":2925,"date":"2015-04-26T00:00:00","date_gmt":"2015-04-26T00:00:00","guid":{"rendered":"https:\/\/espai-marx.net\/?p=2925"},"modified":"2020-02-18T17:00:26","modified_gmt":"2020-02-18T16:00:26","slug":"todo-cambia-bajo-el-sol","status":"publish","type":"post","link":"https:\/\/espai-marx.net\/?p=2925","title":{"rendered":"Todo cambia bajo el sol"},"content":{"rendered":"<p>Hace algunos a\u00f1os, pocos, hab\u00eda que sumergirse, horas o d\u00edas, en los polvorientos establecimientos de &#8216;libros de segunda mano y antiguos&#8217; para encontrar textos de la literatura marxista, incluso los mas fundamentales. No resultaba f\u00e1cil. Con el tiempo, a veces, logr\u00e1bamos descifrar las rutas entre el caos de los destartalados estantes, con la satisfacci\u00f3n del que descodifica los enga\u00f1osos mapas de la Isla de Tesoro hasta dar con el cofre. Muchas ediciones, aut\u00e9nticos tesoros, salvaron as\u00ed su existencia de la voracidad de los ratones.<br \/>\n<a href=\"https:\/\/www.facebook.com\/turcon.ecologistasenaccion\">En<\/a> alguna oportunidad llegu\u00e9 a rescatar ejemplares que me pertenec\u00edan, de lo que daba fe inapelable mi firma y fecha de adquisici\u00f3n o inconfundibles subrayados y notas. Deb\u00ed, inexplicablemente, haberlos prestado -hecho inaudito- a alg\u00fan &#8216;arrepentido&#8217; de los tantos que he conocido.<br \/>\nPor entonces, cuando invoc\u00e1bamos la autoridad ideol\u00f3gico\/cient\u00edfica de esos excepcionales ensayos , a menudo recib\u00edamos una sonrisa, indulgente, es verdad, y a continuaci\u00f3n una idiotez: &#8216;eres un antiguo&#8217;. Lo peor era el aire conmiserativo. Es como cuando adversarios iracundos, que con gusto te empalaban en el centro de la Plaza Sta. Ana, te indultan a la manera de : &#8216;est\u00e1s equivocado, pero eres una buena persona&#8217;. Lo que te molesta no es que te califiquen as\u00ed, lo que te infla las venas del pescuezo es que cuando te lo dicen es porque te consideran inofensivo.<br \/>\nPues bien, lo nuestro era lo &#8216;antiguo&#8217; y lo &#8216;moderno&#8217; result\u00f3 ser esto que estamos viviendo y las pol\u00edticas y concepciones que lo trajeron, ya fuera en l\u00ednea directa o en par\u00e1bola: &#8216;el fin de las ideolog\u00edas&#8217;, &#8216;el pensamiento \u00fanico&#8217;, &#8216;las terceras v\u00edas&#8217;, &#8216;el eurocomunismo&#8217;&#8230;\u00bfse acuerda alguien de teor\u00edas tan &#8216;novedosas&#8217;?, \u00bftuvieron alguna significaci\u00f3n hist\u00f3rica mas all\u00e1 de momentos en el curso que nos condujo a esto?\u00bfrepresentaron otra cosa que eslabones de liquidaci\u00f3n ideol\u00f3gica y pol\u00edtica, deserci\u00f3n y amarillismo?.<br \/>\nVino la &#8216;crisis&#8217;, en propiedad, el capitalismo en su consecuencia, y con ello los polos de la contradicci\u00f3n intercambiaron su puesto: lo moderno pas\u00f3 a lo antiguo catastr\u00f3fico, y lo &#8216;antiguo&#8217; a la moderna necesidad hist\u00f3rica.<br \/>\nAhora se difunden los tesoros de la literatura marxista como pan caliente, se encuentra su pensamiento, con mayor o menor aproximaci\u00f3n, o sin aproximaci\u00f3n alguna, hasta en lo pozos de una tacita de agua de menta con poleo. Se dice, incluso, que se ha publicado m\u00e1s de esto y sobre esto, en los tres \u00faltimos a\u00f1os que en las dos d\u00e9cadas precedentes. Es el tono de la \u00e9poca.<br \/>\nBien es verdad, todo hay que decirlo, que no nos vamos a librar, como sucede siempre en los ciclos de auge, de otras impertinencias que, aconsejo por experiencia, se deben afrontar con paciencia benedictina.<br \/>\nRetornaran los que, para &#8216;acumular experiencias&#8217;, han pasado los tiempos de piedra, viajando, a cubierto, por todas las regiones de las pol\u00edticas y las ideolog\u00edas. Y volver\u00e1n no como si hubieran dado la vuelta al mundo en veinte a\u00f1os, sino con el \u00e1nimo encendido del que ha dado la vuelta al d\u00eda en veinte mundos. Se espabilar\u00e1n los catal\u00e9cticos que en su prolongado nirvana m\u00edstico han descubierto las ense\u00f1anzas de todo lo mal que lo han hecho los que han permanecido dando la cara a ras del suelo, sin acceso la celeste verdad. Y tendremos tambi\u00e9n a los prodigios que a\u00fan con dientes de leche han sido tocados por el dedo de J\u00fapiter&#8230; suerte tuvo Franco que el destino no les adelantara en el tiempo, y poder morir en la cama. Desgracia fue la nuestra de no haber contado con ellos, otro gallo hubiera cantado.<br \/>\nPens\u00e1ndolo bien, nada de esa bober\u00eda importa mucho, es casi anecd\u00f3tica, \u00bfque mas da?, lejos de negar el tono del tiempo lo confirma, de lo contrario, estar\u00edan en otros quehaceres.<br \/>\nAl fin y al cabo, ni de ocurrencias de pedantes, ni de aspavientos infantiles, ni de propuestas enigm\u00e1ticas, difusas, distante, ni de frases sonoras, ni de insidias de resentidos&#8230; deducen las masas la prioridades pol\u00edticas, sino de necesidades a satisfacer que puedan traducirse en demandas efectivas. Estas, sin duda, si bien, no son el &#8216;objetivo final&#8217;, son transiciones que nos acercan a \u00e9l, que pueden cambiar la correlaci\u00f3n de fuerzas, determinar nuevos agrupamientos y mas elevadas necesidades y objetivos.<\/p>\n","protected":false},"excerpt":{"rendered":"<\/p>\n<p class='MsoNormal' style='margin-top: 12.0pt; margin-right: 0cm; margin-bottom: 12.0pt; margin-left: 0cm; mso-line-height-alt: 8.05pt; background: white;'>Al fin y al cabo, ni de ocurrencias de pedantes, ni de aspavientos infantiles, ni de propuestas enigm\u00e1ticas, difusas, distante, ni de frases sonoras, ni de insidias de resentidos&#8230; deducen las masas la prioridades pol\u00edticas, sino de necesidades a satisfacer que puedan traducirse en demandas efectivas. Estas, sin duda, si bien, no son el &#8216;objetivo final&#8217;, son transiciones que nos acercan a \u00e9l, que pueden cambiar la correlaci\u00f3n de fuerzas, determinar nuevos agrupamientos y mas elevadas necesidades y objetivos.<\/p>\n","protected":false},"author":9,"featured_media":2926,"comment_status":"open","ping_status":"open","sticky":false,"template":"","format":"standard","meta":{"footnotes":""},"categories":[13],"tags":[],"class_list":["post-2925","post","type-post","status-publish","format-standard","has-post-thumbnail","hentry","category-la-izquierda-a-debate"],"aioseo_notices":[],"_links":{"self":[{"href":"https:\/\/espai-marx.net\/index.php?rest_route=\/wp\/v2\/posts\/2925","targetHints":{"allow":["GET"]}}],"collection":[{"href":"https:\/\/espai-marx.net\/index.php?rest_route=\/wp\/v2\/posts"}],"about":[{"href":"https:\/\/espai-marx.net\/index.php?rest_route=\/wp\/v2\/types\/post"}],"author":[{"embeddable":true,"href":"https:\/\/espai-marx.net\/index.php?rest_route=\/wp\/v2\/users\/9"}],"replies":[{"embeddable":true,"href":"https:\/\/espai-marx.net\/index.php?rest_route=%2Fwp%2Fv2%2Fcomments&post=2925"}],"version-history":[{"count":0,"href":"https:\/\/espai-marx.net\/index.php?rest_route=\/wp\/v2\/posts\/2925\/revisions"}],"wp:featuredmedia":[{"embeddable":true,"href":"https:\/\/espai-marx.net\/index.php?rest_route=\/wp\/v2\/media\/2926"}],"wp:attachment":[{"href":"https:\/\/espai-marx.net\/index.php?rest_route=%2Fwp%2Fv2%2Fmedia&parent=2925"}],"wp:term":[{"taxonomy":"category","embeddable":true,"href":"https:\/\/espai-marx.net\/index.php?rest_route=%2Fwp%2Fv2%2Fcategories&post=2925"},{"taxonomy":"post_tag","embeddable":true,"href":"https:\/\/espai-marx.net\/index.php?rest_route=%2Fwp%2Fv2%2Ftags&post=2925"}],"curies":[{"name":"wp","href":"https:\/\/api.w.org\/{rel}","templated":true}]}}