{"id":2943,"date":"2015-05-20T00:00:00","date_gmt":"2015-05-20T00:00:00","guid":{"rendered":"https:\/\/espai-marx.net\/?p=2943"},"modified":"2020-02-18T06:45:27","modified_gmt":"2020-02-18T05:45:27","slug":"salir-del-euro-ii-manifiesto","status":"publish","type":"post","link":"https:\/\/espai-marx.net\/?p=2943","title":{"rendered":"Salir del euro: II Manifiesto"},"content":{"rendered":"<p>Hace dos a\u00f1os, cuando pas\u00e1bamos por los momentos m\u00e1s crudos de la crisis econ\u00f3mica, varios miles de personas, de muy diversa significaci\u00f3n, firmaron un documento cuyo t\u00edtulo, \u201cPor la recuperaci\u00f3n de la soberan\u00eda econ\u00f3mica, monetaria y ciudadana\u201d, y su consigna, \u201cSalir del euro\u201d, eran concluyentes respecto a la soluci\u00f3n que nuestro pueblo necesita.<\/p>\n<p>Ahora es necesario dirigirse de nuevo a la sociedad espa\u00f1ola y a sus fuerzas pol\u00edticas y sociales para insistir y ratificar la necesidad imperiosa de revisar los v\u00ednculos de nuestro pa\u00eds con la Uni\u00f3n Europea y los tratados que la conforman. Queremos impulsar iniciativas de debate y acci\u00f3n que lo faciliten.<\/p>\n<p><strong>Stop a la integraci\u00f3n europea <\/strong><\/p>\n<p>Europa est\u00e1 sumida en una paralizaci\u00f3n sin precedentes desde el final de la Segunda Guerra Mundial. Como entidad pol\u00edtica la UE ha dejado de ser una fuerza relevante y cada d\u00eda tiene un papel m\u00e1s subordinado a los designios imperialistas de USA, como lo ponen de manifiesto los conflictos y guerras en los pa\u00edses \u00e1rabes relacionados con su redise\u00f1o del Oriente Medio, y tambi\u00e9n en el coraz\u00f3n de Europa, con Ucrania convertida en un foco de enfrentamiento que encierra graves peligros b\u00e9licos y un nuevo desgarra- miento del Continente.<\/p>\n<p>El irracional proyecto de la uni\u00f3n monetaria y sus consecuencias han puesto en crisis la integraci\u00f3n europea. Desequilibrios econ\u00f3micos insostenibles entre los pa\u00edses y una monta\u00f1a enorme de deuda que atrapa a pa\u00edses, estados, sistema financiero, empresas y familias son el motivo de esta crisis.<\/p>\n<p>El endeudamiento general ha construido un entramado tupido de relaciones financieras, sobrecargado de focos explosivos y con canales de conexi\u00f3n extraordinariamente fluidos derivados de la desregulaci\u00f3n y la globalizaci\u00f3n financiera. Su \u00fanica seguridad depende del BCE, que s\u00f3lo inyectando liquidez puede detener los peligros recurrentes de otras crisis financieras, al precio de alimentar el volumen de deuda que so- porta el sistema.<\/p>\n<p>De hecho, el BCE ha tenido que dar la espalda a su ortodoxia y objetivos institucionales para impedir explosiones incontrolables, como han sido los rescates para algunos pa\u00edses, la medidas y mecanismos para aportar liquidez y la posibilidad reciente de que la deuda soberana pueda financiarse a trav\u00e9s de sus pr\u00e9stamos, bien es verdad que con restricciones y singularizada por pa\u00edses. El BCE, a pesar de las facilidades con las que opera ahora, no puede equipararse de ning\u00fan modo con la Reserva Federal de los Estados Unidos o el Banco de Inglaterra, debido a la contradicci\u00f3n entre la unidad monetaria y la compartimentaci\u00f3n fiscal por pa\u00edses.<\/p>\n<p>La integraci\u00f3n econ\u00f3mica est\u00e1 cada vez m\u00e1s lejos debido a que la crisis levanta tensiones y conflictos entre todos los pa\u00edses y divisiones manifiestas en todos los gobiernos, actuando cada uno de ellos de acuerdo con sus intereses propios.<\/p>\n<p>La desolaci\u00f3n recorre nuestras sociedades. Algunos pa\u00edses del Sur est\u00e1n destrozados, en quiebra financiera, desgarrados por las desigualdades, corro\u00eddos los estados de bienestar y hundidas partes inmensas de su poblaci\u00f3n en la exclusi\u00f3n y la miseria. Nada que sea nuevo y que no conozcamos. La alternativa de los pa\u00edses m\u00e1s atrasados y desfavorecidos de la uni\u00f3n monetaria era desde hace tiempo recuperar la soberan\u00eda econ\u00f3mica, incluida la moneda.<\/p>\n<p><strong>Grecia ultrajada <\/strong><\/p>\n<p>Grecia est\u00e1 en estos momentos en el ojo del hurac\u00e1n y se ha convertido en un banco de pruebas que terminar\u00e1 ratificando esta soluci\u00f3n.<\/p>\n<p>El cambio que reclama la sociedad griega tras las elecciones del 25 enero y el euro no son compatibles. El desenlace del conflicto abierto tendr\u00e1 repercusiones decisivas, pol\u00edticas y econ\u00f3micas, en el conjunto de Europa, porque no habr\u00e1 otra salida que el abandono de Grecia del euro. Si el gobierno de Syriza es doblegado por la Troika, la decepci\u00f3n en la izquierda europea ser\u00e1 pro- funda, pero sobre todo el sufrimiento del pueblo griego crecer\u00e1.<\/p>\n<p>Si, por el contrario, el nuevo gobierno logra sortear los ultim\u00e1tum y consigue prolongar su situaci\u00f3n de quiebra a trav\u00e9s de cr\u00e9ditos y rescates puentes, sin modificar las condiciones esenciales de su crisis, a Grecia le queda un prolongado camino que recorrer atrapado en las exigencias de los mercados y las instituciones financieras.<\/p>\n<p>Con el transcurso del tiempo, en un periodo no largo, se pondr\u00e1 de manifiesto la insensatez de esa alternativa pues no significa otra cosa que seguir manteniendo encadenado el pa\u00eds, en vilo al conjunto de la sociedad, sin visos de alternativa y sin ning\u00fan resquicio de esperanza.<\/p>\n<p>S\u00f3lo afrontando la crisis de un modo radical y rupturista, con la recuperaci\u00f3n de la soberan\u00eda monetaria y fiscal, mediante la salida del euro y liber\u00e1ndose de la deuda impagable, podr\u00e1 el pueblo griego empezar a escribir un nuevo cap\u00edtulo de su historia.<\/p>\n<p>Todo el debate que se viene sosteniendo en la izquierda convencida de que no hay salida a la crisis en el marco del euro, pero que pretende distinguir entre la alternativa de desvincularse del euro o ser expulsado de la uni\u00f3n monetaria se descubrir\u00e1 ingenuo y falso.<\/p>\n<p>Como se ha indicado, Europa atraviesa unos momentos decisivos. Grecia puede remover tanto la situaci\u00f3n y profundizar en la inestabilidad dominante que quiz\u00e1s sea el temor a esas consecuencias el que puede hacer que pa\u00edses hegem\u00f3nicos en Europa \u2013 enti\u00e9ndase Alemania \u2013 eviten el precedente de la salida de un pa\u00eds del euro.<\/p>\n<p>Pero tambi\u00e9n puede ocurrir que se adopte el criterio contrario: el de quienes a trav\u00e9s de la imposici\u00f3n de condiciones insoportables quieren empujar a Grecia a salir del euro y de la UE como ejemplo disuasorio que evite, durante un tiempo, el ascenso de las fuerzas pol\u00edticas que defienden la recuperaci\u00f3n de la soberan\u00eda econ\u00f3mica y pol\u00edtica en otros pa\u00edses del Sur de Europa.<\/p>\n<p>En cualquier caso, se abre un periodo de gran inestabilidad, tenso y transitorio.<\/p>\n<p>El euro, en su actual configuraci\u00f3n, est\u00e1 condenado a desaparecer. Y es justo, por el terrible desastre causado en Europa y por- que moral e intelectualmente hay un despertar de la conciencia de los ciudadanos sobre el irracional y perverso proyecto de la unidad monetaria. La inevitabilidad de su desaparici\u00f3n hay que darla por segura.<\/p>\n<p>Correspondi\u00e9ndose con estas opiniones, est\u00e1n surgiendo en el conjunto de Europa movimientos y fuerzas pol\u00edticas que hacen de la ruptura del euro la raz\u00f3n fundamental de su actividad y de sus propuestas. Ya no se trata de debatir sobre la bondad o conveniencia de la uni\u00f3n monetaria, aunque s\u00f3lo fuera como un eslab\u00f3n de la integraci\u00f3n social y pol\u00edtica de Europa.<\/p>\n<p>Ese debate ya est\u00e1 cerrado para muchos europeos. Ahora se discute sobre si la desaparici\u00f3n del euro puede ser un proceso controlado y consensuado que evite da\u00f1os imponderables o si los pa\u00edses acabaran optando por salidas unilaterales y rupturista con la zona euro. Las ventajas indiscutibles de la primera f\u00f3rmula en modo alguno garantizan un proceso sensato y equilibrado como ser\u00eda deseable.<\/p>\n<p>Todo parece indicar que ser\u00e1 turbulento y destructivo, pues hay muchos intereses confrontados. Intentar que en el marco del capitalismo dominen otros valores y criterios es un acto de fe sin fundamento alguno.<\/p>\n<p><strong>Sigue la crisis<\/strong><\/p>\n<p>En lo que ata\u00f1e a nuestro pa\u00eds, las razones expuestas en el Manifiesto de 2013 para postular la recuperaci\u00f3n de la soberan\u00eda econ\u00f3mica y la salida del euro siguen vigentes plenamente, a pesar de la confusi\u00f3n existente, fomentada con tenacidad por el gobierno, empe\u00f1ado demag\u00f3gica y tramposamente en convencer que la crisis econ\u00f3mica es un asunto del pasado.<\/p>\n<p>Los cambios m\u00ednimos en la evoluci\u00f3n de la econom\u00eda espa\u00f1ola de los que se presume no permiten sostener que la crisis est\u00e1 superada. La crisis es justamente la desoladora situaci\u00f3n econ\u00f3mica y social.<\/p>\n<p>Los destrozos que se ha causado desde 2008 hasta la actualidad en el plano econ\u00f3mico, empezando por el paro y la precariedad, en las relaciones laborales, en el estado del bienestar, en las desigualdades etc. etc. son tantos que, desde el punto de vista del bienestar general del pa\u00eds, la crisis no podr\u00e1 darse por superada en muchos a\u00f1os y no precisamente como consecuencia de un modesto crecimiento del PIB, favorecido por algunos acontecimientos \u2013BCE, petr\u00f3leo, turismo, depreciaci\u00f3n del euro- y en ausencia de ning\u00fan plan o criterio para evitar los errores del pasado.<\/p>\n<p>Hablar del nuevo modelo econ\u00f3mico siempre ha sido una broma de mal gusto: lo que urge para el gobierno es poder hablar de crecimiento, y, como la supuesta recuperaci\u00f3n es lenta y contradictoria, cada vez necesita engrosar la mentira para sostener su mensaje, b\u00e1sico para sus <strong>campa\u00f1as electorales. <\/strong><\/p>\n<p><strong>La deuda devora <\/strong><\/p>\n<p>Al final de 2007, los pasivos financieros brutos de toda la econom\u00eda espa\u00f1ola entre sus sectores, desglosados \u00e9stos entre la Administraciones P\u00fablicas, el sistema financiero, las empresas y las familias, ascend\u00eda a 9,7 billones de euros (a un mayor desglose los pasivos aumentar\u00edan), a los que habr\u00eda que sumar otros 2,2 billones, la cifra que el con- junto de esos sectores internos, los agentes econ\u00f3micos del pa\u00eds, ten\u00eda como pasivos frente al exterior. Los pasivos totales, pues, eran 11,9 billones de euros, equivalentes a 11,3 veces el PIB de ese a\u00f1o.<\/p>\n<p>Los n\u00fameros al final de 2013, con todos los cambios econ\u00f3micos y convulsiones financieras registrados desde entonces, son los siguientes: los pasivos entre sectores internos 10,1 billones de euros, m\u00e1s 2,3 billones de pasivos exteriores, arrojan un total de 12,4 billones de euros de pasivos, lo que representa el 12,2 veces el PIB de 2013 (inferior en un 3,4% al del a\u00f1o 2007).<\/p>\n<p>Con arreglo a la deuda, por tanto, la situaci\u00f3n de la econom\u00eda espa\u00f1ola se ha agravado en los \u00faltimos a\u00f1os, lo que significa que potencialmente est\u00e1 m\u00e1s expuesta a m\u00e1s agitaciones financieras de todo tipo que en de su participaci\u00f3n entusiasta en la euforia financiera que precedi\u00f3 a la crisis. Por tanto, era proclive a padecer una gran conmoci\u00f3n econ\u00f3mica, tal como ha ocurrido, sin que los datos de fondo hayan desaparecido.<\/p>\n<p>No aceptamos el argumento oportunista que afirma que la crisis ha doblado la es- quina. La crisis social y econ\u00f3mica est\u00e1 bien instalada y bien arraigada. Combinada con los acontecimientos pol\u00edticos que vienen ocurriendo, ha conducido al pa\u00eds a una situaci\u00f3n excepcional. No se trata, por tanto, de arrojarse estad\u00edsticas econ\u00f3micas, por lo dem\u00e1s tan f\u00e1ciles de manipular, sino de valorar la situaci\u00f3n objetiva del pa\u00eds en el contexto europeo.<\/p>\n<p>Como an\u00e1lisis generalmente admitido, se re- conoce que la crisis financiera internacional, origen de la posterior crisis econ\u00f3mica, tuvo lugar por el sobre-endeudamiento financiero en todos los \u00e1mbitos y niveles, y se desencaden\u00f3 con la quiebra del banco norteamericano Lehman Brothers en septiembre de 2008. Instalada la desconfianza general en los mercados financieros y obstruidos los canales de financiaci\u00f3n establecidos, la profundidad de la crisis en cada uno de los pa\u00edses tuvo que ver con su situaci\u00f3n de endeudamiento y las posibilidades de afrontarla, no disponiendo los pa\u00edses de la zona euro de un Banco Central susceptible de desempe\u00f1ar el papel de la Reserva federal en los Estados Unidos.<\/p>\n<p>La econom\u00eda espa\u00f1ola era una de las m\u00e1s endeudadas del mundo, consecuencia de los agudos desequilibrios de la balanza por cuenta corriente desde la implantaci\u00f3n del euro y el pasado. Las facilidades otorgadas por el BCE, con sus repercusiones en los tipos de inter\u00e9s, incluida la llamada prima de riesgo, pueden hacer creer que el clima econ\u00f3mico y financiero est\u00e1 despejado, pero la ins\u00f3lita inestabilidad financiera internacional y europea est\u00e1 ah\u00ed y no pasar\u00e1 mucho tiempo antes de que inexorablemente surjan periodos de inquietud y descontrol.<\/p>\n<p>Si nos referimos a un aspecto particular y vital de la posici\u00f3n financiera del pa\u00eds, es preciso recordar que al final de 2007 la deuda p\u00fablica del Estado se elevaba al 36% del PIB; sin embargo, al acabar 2014 ya representaba el 100% del PIB.<\/p>\n<p>Toda la pol\u00edtica brutal de ajuste y recortes para sanear las cuentas p\u00fablicas se ha traducido en un vertiginoso incremento de la deuda p\u00fablica y en un incorregible d\u00e9ficit de las Administraciones p\u00fablicas, que todav\u00eda para 2015 se estima con poco fundamento en un 4,5% del PIB, y generar\u00e1, por consiguiente, m\u00e1s aumento de la deuda p\u00fablica.<\/p>\n<p>Los pasivos exteriores y la deuda p\u00fablica, dos datos fundamentales para enjuiciar la salud de una econom\u00eda, siguen constituyendo una r\u00e9mora muy pesada, que impiden admitir que la econom\u00eda est\u00e1 saneada y en condiciones de despegar. Pasado el periodo electoral pendiente, tan proclive a prometer, falsear y mentir, aparecer\u00e1n de nuevo los fantasmas de la crisis, si todo no se acelera por Grecia.<\/p>\n<p>El gobierno oculta y desprecia estos datos esenciales en su af\u00e1n de confundir a la opini\u00f3n p\u00fablica, no s\u00f3lo para hacer creer que la crisis ha pasado, sino tambi\u00e9n que su pol\u00edtica de sacrificios y degradaci\u00f3n del bienestar era correcta y la \u00fanica posible. De ah\u00ed a concluir que es necesario seguir aplicando la austeridad queda un paso, d\u00e1ndose la paradoja de que mientras se resaltan los resultados de la econom\u00eda espa\u00f1ola el gobierno sigue endureciendo los recortes, como es el caso de los parados sin protecci\u00f3n alguna.<\/p>\n<p><strong>Ceguera colectiva <\/strong><\/p>\n<p>El Manifiesto \u201cPor la recuperaci\u00f3n de la soberan\u00eda econ\u00f3mica, monetaria y ciudadana\u201d acertaba cuando sosten\u00eda que nuestro pa\u00eds estaba en una encrucijada: o se dejaba arrastrar por la senda de la austeridad a ultranza, como exig\u00edan las instituciones y los mercados financieros internacionales, lo que agravar\u00eda la crisis econ\u00f3mica y social, o se emprend\u00eda el camino de recuperar la soberan\u00eda econ\u00f3mica y monetaria para construir un futuro que corrigiera y evitase el desastre en que est\u00e1 sumida la sociedad espa\u00f1ola. Un camino no exento de complejidad.<\/p>\n<p>Las condiciones pol\u00edticas del pa\u00eds refuerzan esa propuesta en unos momentos en los que las movilizaciones populares contra tantos desafueros y las expectativas electorales ponen a la orden del d\u00eda la imperiosa necesidad de resolver los problemas econ\u00f3micos de los ciudadanos, muchos de ellos, millones, atrapados en la miseria, y otros muchos aplastados y hundidos por la contumacia y dureza de la pol\u00edtica neoliberal.<\/p>\n<p>El drama para el pa\u00eds es que siendo esto tan necesario, no hay fuerzas pol\u00edticas que comprendan que esquivar el dilema o la encrucijada presentada es un grave error y un suicidio pol\u00edtico.<\/p>\n<p>Dejemos al PSOE en el lugar elegido por su direcci\u00f3n, con su apuesta ciega por el euro, su obediencia sumisa a la Troika, incluida la reforma en 2011 del art\u00edculo 135 de la Constituci\u00f3n \u201csugerida\u201d por el BCE. Amaga con otra pol\u00edtica, ensaya pinitos de oposici\u00f3n, pero acompa\u00f1a sin fisuras al PP y comparte sus objetivos esenciales. Con los dirigentes del PSOE no se puede contar para algo que signifique liberarse del dogal de la moneda \u00fanica.<\/p>\n<p>Las fuerzas a la izquierda del PSOE, las m\u00e1s antiguas y las m\u00e1s recientes, ponen m\u00e1s vigor en la protesta contra la pol\u00edtica neo- liberal e incluso ayudan y colaboran en la movilizaci\u00f3n contra sus desgarros, abusos y atropellos.<\/p>\n<p>Pero desgraciadamente confunden a la poblaci\u00f3n, suscitan expectativas irrealizables y nos abocan a una decepci\u00f3n tan profunda y frustrante que puede ocasionar cambios muy contraproducentes en la conciencia de las gentes oprimidas y vejadas. Sostienen que se trata de voluntad pol\u00edtica y se permiten hablar de otra pol\u00edtica econ\u00f3mica y social, incluso de otro modelo productivo, pero sin el rigor m\u00ednimo exigido.<\/p>\n<p>En el estado de quiebra financiera del pa\u00eds, en el marco de la uni\u00f3n monetaria, no cabe en lo fundamental otra pol\u00edtica que no sea la que impulsa la Troika, cuyas consecuencias est\u00e1n debidamente contrastadas.<\/p>\n<p>Es esta verdad la que corresponde transmitir a la poblaci\u00f3n y confrontarla con la encrucijada cruda en la que sigue instalada la sociedad espa\u00f1ola. Tan irrecuperable es el terreno perdido en estos a\u00f1os que incluso si milagrosamente desapareciera la deuda que devora al pa\u00eds no ser\u00eda posible remontar la situaci\u00f3n y crear una econom\u00eda suficientemente fuerte y competitiva para sobrevivir en la zona del euro. El leve crecimiento del PIB en los \u00faltimos trimestres ya se viene traduciendo en un empeoramiento significativo del d\u00e9ficit de la balanza por cuenta corriente.<\/p>\n<p><strong>Soberan\u00eda y democracia <\/strong><\/p>\n<p>Nos dirigimos al conjunto de las fuerzas comprometidas con el cambio y a todos los ciudadanos que sufren descarnadamente la crisis econ\u00f3mica. La \u00fanica salida v\u00e1lida es la recuperaci\u00f3n de la soberan\u00eda econ\u00f3mica.<\/p>\n<p>Necesitamos una moneda propia para mejor competir y un Banco Central propio para mejor manejar la pol\u00edtica fiscal. Cualquier intento de aplicar las ense\u00f1anzas keynesianas requiere olvidarse transitoriamente de los problemas del d\u00e9ficit p\u00fablico, hasta reactivar con la demanda los recursos productivos, generar rentas e impulsar la recaudaci\u00f3n impositiva, combatiendo adem\u00e1s seriamente el fraude fiscal.<\/p>\n<p>M\u00e1s neoliberalismo representa agravar la cat\u00e1strofe social del pa\u00eds. Conviene recordar que se sigue negociando el acuerdo conocido como el TTIP entre la UE y los Estados Unidos con toda impunidad y secretismo.<\/p>\n<p>Un tratado que destruye la capacidad de regulaci\u00f3n de los estados en aspectos esenciales de las condiciones de vida de toda la poblaci\u00f3n \u2013 laborales, sanitarias, ecol\u00f3gicas, culturales \u2013 y reduce la soberan\u00eda de \u00e9stos al punto de equipararlos con las multinacionales en cuanto a poder de negociaci\u00f3n.<\/p>\n<p>La salida del euro evitar\u00eda tener que compartir ese acuerdo que traicioneramente se est\u00e1 gestando a espaldas de los pueblos.<\/p>\n<p>A la derecha pol\u00edtica y a los poderes econ\u00f3micos no les tiembla el pulso para proseguir con sus objetivos de implantar un mundo sin derechos y una democracia ficticia que nos aboca a la barbarie.<\/p>\n<p>La defensa y construcci\u00f3n de la democracia pol\u00edtica es inseparable de la soberan\u00eda popular sobre la econom\u00eda. El necesario Proceso Constituyente que garantice los derechos pol\u00edticos y sociales de la ciudadan\u00eda, solo podr\u00e1 culminar exitosamente con la recuperaci\u00f3n de los instrumentos econ\u00f3micos que hacen efectiva dicha soberan\u00eda.<\/p>\n<p>Siendo tantos los valores en juego y tan diferentes las concepciones de lo que es una sociedad civilizada, todas las fuerzas que consideran inevitable abrir un Proceso Constituyente, y todas las v\u00edctimas del desorden actual deben unirse y exigir una confluencia para ofrecer una salida a la desolaci\u00f3n existente y a la falta de esperanza en la que nos ha instalado el capitalismo en esta fase destructiva de su historia.<\/p>\n<p>Las reivindicaciones, las propuestas, los objetivos est\u00e1n en la mente de todas las conciencias y, sin descanso, hay que seguir sosteni\u00e9ndolas y luchando por ellas. S\u00f3lo as\u00ed avanzaremos colectivamente y haremos ver a las direcciones pol\u00edticas de todos los partidos, sindicatos, movimientos etc. que la recuperaci\u00f3n de la soberan\u00eda popular es necesaria e irremediable.<\/p>\n<p>Nuestro objetivo final es liberar a los pueblos del yugo impuesto por las oligarqu\u00edas dominantes en la UE y poder as\u00ed, fuera de la trampa del euro, construir una alternativa econ\u00f3mica, social y pol\u00edtica que nos aleje de la barbarie. Para ello, os invitamos a la tarea de organizar en el Estado espa\u00f1ol durante 2015 un \u201cEncuentro\u201d, en el que deber\u00e1n participar voces autorizadas de otros pa\u00edses que mantienen id\u00e9nticos objetivos y para cuya preparaci\u00f3n se constituir\u00e1 un Grupo Promotor.<\/p>\n<p>Ante el fracaso y los desastres causados por el actual proyecto neoliberal europeo, los pueblos sojuzgados de la UE deben emprender otras soluciones basadas en la recuperaci\u00f3n de la soberan\u00eda popular, la solidaridad, la cooperaci\u00f3n y la fraternidad.<\/p>\n<p><a href=\"https:\/\/salirdeleuro.wordpress.com\/\" target=\"_blank\" rel=\"noopener noreferrer\">https:\/\/salirdeleuro.wordpress.com\/<\/a><\/p>\n","protected":false},"excerpt":{"rendered":"\n<p class='MsoNormal' style='mso-margin-top-alt: auto; mso-margin-bottom-alt: auto; text-align: justify; line-height: 150%;'>\n<p class='MsoNormal' style='mso-margin-top-alt: auto; mso-margin-bottom-alt: auto; text-align: justify; line-height: 150%;'>Despu\u00e9s de dos a\u00f1os este segundo manifiesto plantea de nuevo la necesidad de dirigirse a la sociedad espa\u00f1ola y a sus fuerzas pol\u00edticas y sociales para insistir y ratificar la necesidad imperiosa de revisar los v\u00ednculos de nuestro pa\u00eds con la Uni\u00f3n Europea y los tratados que la conforman.<\/p>\n<p class='MsoNormal' style='mso-margin-top-alt: auto; mso-margin-bottom-alt: auto; text-align: justify; line-height: 150%;'>Ante el fracaso y los desastres causados por el actual proyecto neoliberal europeo los pueblos sojuzgados de la UE deben emprender otras soluciones basadas en la recuperaci\u00f3n de la soberan\u00eda popular, la solidaridad, la cooperaci\u00f3n y la fraternidad<\/p>\n<\/p>\n<p>\u00a0<\/p>\n","protected":false},"author":9,"featured_media":2944,"comment_status":"open","ping_status":"open","sticky":false,"template":"","format":"standard","meta":{"footnotes":""},"categories":[44,42],"tags":[],"class_list":["post-2943","post","type-post","status-publish","format-standard","has-post-thumbnail","hentry","category-economia","category-europa-europa"],"aioseo_notices":[],"_links":{"self":[{"href":"https:\/\/espai-marx.net\/index.php?rest_route=\/wp\/v2\/posts\/2943","targetHints":{"allow":["GET"]}}],"collection":[{"href":"https:\/\/espai-marx.net\/index.php?rest_route=\/wp\/v2\/posts"}],"about":[{"href":"https:\/\/espai-marx.net\/index.php?rest_route=\/wp\/v2\/types\/post"}],"author":[{"embeddable":true,"href":"https:\/\/espai-marx.net\/index.php?rest_route=\/wp\/v2\/users\/9"}],"replies":[{"embeddable":true,"href":"https:\/\/espai-marx.net\/index.php?rest_route=%2Fwp%2Fv2%2Fcomments&post=2943"}],"version-history":[{"count":0,"href":"https:\/\/espai-marx.net\/index.php?rest_route=\/wp\/v2\/posts\/2943\/revisions"}],"wp:featuredmedia":[{"embeddable":true,"href":"https:\/\/espai-marx.net\/index.php?rest_route=\/wp\/v2\/media\/2944"}],"wp:attachment":[{"href":"https:\/\/espai-marx.net\/index.php?rest_route=%2Fwp%2Fv2%2Fmedia&parent=2943"}],"wp:term":[{"taxonomy":"category","embeddable":true,"href":"https:\/\/espai-marx.net\/index.php?rest_route=%2Fwp%2Fv2%2Fcategories&post=2943"},{"taxonomy":"post_tag","embeddable":true,"href":"https:\/\/espai-marx.net\/index.php?rest_route=%2Fwp%2Fv2%2Ftags&post=2943"}],"curies":[{"name":"wp","href":"https:\/\/api.w.org\/{rel}","templated":true}]}}