{"id":2973,"date":"2015-06-23T00:00:00","date_gmt":"2015-06-23T00:00:00","guid":{"rendered":"https:\/\/espai-marx.net\/?p=2973"},"modified":"2020-02-16T07:47:52","modified_gmt":"2020-02-16T06:47:52","slug":"acumulacion-por-desposesion-en-europa","status":"publish","type":"post","link":"https:\/\/espai-marx.net\/?p=2973","title":{"rendered":"Acumulaci\u00f3n por desposesi\u00f3n en Europa"},"content":{"rendered":"<p>La Uni\u00f3n Europea pretende anular el resultado de las elecciones celebradas en Grecia el pasado 25 de enero. Como era previsible, el Eurogrupo intenta aprovechar las dificultades financieras que atraviesa el pa\u00eds heleno para liquidar definitivamente el programa de Syriza y desautorizar su mensaje. Al exigir nuevas reformas del mercado laboral y del sistema de pensiones para desbloquear el \u00faltimo tramo del rescate financiero, medidas absolutamente ajenas a las necesidades reales del pa\u00eds, la Uni\u00f3n Europea evidencia que su estrategia de negociaci\u00f3n no responde a motivaciones de \u00edndole econ\u00f3mica, sino pol\u00edtica: se trata, ante todo, de subvertir el proceso democr\u00e1tico y quebrantar la soberan\u00eda de Grecia, enviando al mismo tiempo un elocuente mensaje a los pa\u00edses de la periferia, y muy especialmente a Espa\u00f1a, que tiene a la vista las elecciones generales m\u00e1s importantes de su historia reciente. En este contexto, cabe preguntarse por la aut\u00e9ntica naturaleza del experimento social y pol\u00edtico al que se enfrentan los pueblos del sur de Europa. \u00bfQu\u00e9 est\u00e1 pasando en el Viejo Continente?<\/p>\n<p>Debemos a David Harvey la acu\u00f1aci\u00f3n de la expresi\u00f3n <i>acumulaci\u00f3n por desposesi\u00f3n<\/i>, que describe la persistencia de pr\u00e1cticas depredadoras de acumulaci\u00f3n en el capitalismo contempor\u00e1neo, similares a las observadas por Marx en la fase primitiva de este sistema econ\u00f3mico. A juicio de Harvey, estas pr\u00e1cticas revisten formas diferentes en contextos distintos, pudiendo mencionarse a t\u00edtulo ejemplificativo la privatizaci\u00f3n de activos p\u00fablicos, la mercantilizaci\u00f3n de la fuerza de trabajo o la apropiaci\u00f3n de los recursos naturales en el marco de procesos coloniales. El <i>modus operandi <\/i>de este r\u00e9gimen de acumulaci\u00f3n consiste en utilizar el sistema de cr\u00e9dito como palanca de desposesi\u00f3n, atribuyendo al Estado un especial protagonismo con su monopolio de la violencia y su definici\u00f3n de la legalidad. O, por emplear las palabras de Harvey, \u201cla perversa alianza entre los poderes del Estado y los comportamientos depredadores del capital financiero constituye el pico y las garras de un capitalismo buitresco que ejercita pr\u00e1cticas can\u00edbales y devaluaciones forzadas\u201d mientras invoca hip\u00f3critamente los m\u00e1s altos valores de la democracia.<\/p>\n<p>En nuestra opini\u00f3n, la evoluci\u00f3n que ha experimentado la econom\u00eda europea desde que empez\u00f3 la crisis econ\u00f3mica constituye una buena muestra de acumulaci\u00f3n capitalista depredadora y especulativa. El endeudamiento de los pa\u00edses perif\u00e9ricos ha derivado en un estado de servidumbre por deudas que, con la mediaci\u00f3n de la Uni\u00f3n Europea, est\u00e1 siendo utilizado para propiciar una gigantesca redistribuci\u00f3n de activos desde el campo popular al dominio del capital. Esta operaci\u00f3n incluye, entre otros aspectos, el desmantelamiento progresivo del Derecho del Trabajo, la privatizaci\u00f3n de empresas p\u00fablicas o la abolici\u00f3n de conquistas hist\u00f3ricas logradas por los trabajadores tras la intensa lucha de clases que se desarroll\u00f3 con posterioridad a la Segunda Guerra Mundial. Naturalmente, la desposesi\u00f3n se est\u00e1 llevando a cabo contra la voluntad de las poblaciones perif\u00e9ricas, que asisten at\u00f3nitas a la imposici\u00f3n de programas econ\u00f3micos asombrosamente similares entre s\u00ed con independencia de las circunstancias de cada pa\u00eds. Como siempre, el aparato represivo del Estado juega un papel fundamental en la consolidaci\u00f3n y desarrollo de tales procesos.<\/p>\n<p>Llegados a este punto de la exposici\u00f3n, quedan pocas dudas sobre la aut\u00e9ntica naturaleza del fen\u00f3meno al que nos hemos referido en los anteriores p\u00e1rrafos. Los pa\u00edses del sur de Europa est\u00e1n siendo sometidos a un proceso de acumulaci\u00f3n por desposesi\u00f3n, en el marco de una intensificaci\u00f3n sin precedentes de la explotaci\u00f3n de los trabajadores. Un balance provisorio muestra, en primer t\u00e9rmino, una redistribuci\u00f3n profundamente regresiva del ingreso y un reordenamiento del equilibrio de fuerzas en beneficio del capital. Desde 2010, los salarios reales han retrocedido en casi todos los pa\u00edses europeos, destacando por su intensidad las ca\u00eddas experimentadas en Grecia (20 por ciento), Portugal (7 por ciento) y Espa\u00f1a (6,4 por ciento). Tales datos evidencian la inversi\u00f3n del patr\u00f3n distributivo vigente en Europa desde la Segunda Guerra Mundial, delineando un escenario caracterizado por la recomposici\u00f3n del beneficio empresarial a trav\u00e9s de la confiscaci\u00f3n salarial.<\/p>\n<p>Conquistas hist\u00f3ricas como la sanidad y la educaci\u00f3n p\u00fablicas est\u00e1n siendo mercantilizadas, acentuando la vulnerabilidad de sectores cada vez m\u00e1s amplios de la poblaci\u00f3n. En la actual fase de su desarrollo, la Uni\u00f3n Europea no s\u00f3lo constituye un mercado unificado, sino que, por emplear la expresi\u00f3n de Polanyi, apunta a la conformaci\u00f3n de una sociedad de mercado, es decir, una sociedad plenamente mercantilizada en la que los derechos sociales aparecen fagocitados por el mercado. En este contexto, y muy especialmente en el \u00e1mbito de los pa\u00edses perif\u00e9ricos, la transici\u00f3n neoliberal se viene produciendo por la v\u00eda de neutralizar las capacidades de intervenci\u00f3n p\u00fablica en la econom\u00eda, convirtiendo a los pueblos del sur de Europa en rehenes del mercado autorregulado. La capitulaci\u00f3n del Estado social y la mercantilizaci\u00f3n de las relaciones sociales alimentan un darwinismo social despiadado que selecciona a los m\u00e1s aptos en detrimento de los m\u00e1s d\u00e9biles: parados, pensionistas, enfermos, trabajadores precarios\u2026 El resultado es un paisaje aterrador caracterizado por una precariedad galopante, obscenas desigualdades sociales y un dram\u00e1tico aumento de la pobreza.<\/p>\n<p><a name=\"_GoBack\"><\/a> Sin embargo, a medida que se descomponen las redes de solidaridad, aparecen las condiciones para una movilizaci\u00f3n sociopol\u00edtica capaz de poner en cuesti\u00f3n el entramado neoliberal de la Uni\u00f3n Europea. O, por decirlo de otra manera, la mutilaci\u00f3n de la democracia en pa\u00edses como Grecia o Espa\u00f1a ha provocado una grave crisis de legitimidad y ha reforzado el protagonismo de los movimientos sociales en el \u00e1mbito pol\u00edtico, reintroduciendo la vieja distinci\u00f3n entre un pa\u00eds real atravesado por rupturas y contradicciones y un pa\u00eds legal incapaz de atender las reivindicaciones de los ciudadanos. La proliferaci\u00f3n de problemas sociales y la acumulaci\u00f3n de demandas insatisfechas alimentan una movilizaci\u00f3n creciente de las clases populares que puede desalojar del poder a los gobiernos neoliberales, como efectivamente ha sucedido en Atenas y podr\u00eda ocurrir en otros lugares. No obstante, est\u00e1 por ver si este proceso puede extenderse m\u00e1s all\u00e1 de Grecia, donde predomina la influencia de un combativo movimiento obrero desde que empez\u00f3 la crisis econ\u00f3mica.<\/p>\n<p>Lo que parece indudable es que cualquier fuerza pol\u00edtica que pretenda romper realmente con el neoliberalismo, y no s\u00f3lo sustituir unos gobiernos por otros, debe plantearse la cuesti\u00f3n de la soberan\u00eda y enfrentarse a la Uni\u00f3n Europea como tal. En nuestra opini\u00f3n, el inicio de una era post-neoliberal s\u00f3lo puede producirse sobre las ruinas de la actual Uni\u00f3n Europea y en el marco de una reestructuraci\u00f3n radical del poder econ\u00f3mico y social en favor de los trabajadores. Negar esta realidad o no atreverse a enfrentarla conduce invariablemente a la derrota ideol\u00f3gica y favorece a las fuerzas que alientan la recomposici\u00f3n del dominio neoliberal. La clave es construir un discurso global que articule adecuadamente el secuestro de la democracia, la deslegitimaci\u00f3n de la pol\u00edtica y la acumulaci\u00f3n por desposesi\u00f3n que se ha desencadenado en Europa, otorgando coherencia y eficacia al aluvi\u00f3n de reclamos populares que expresan el sufrimiento de las grandes mayor\u00edas sociales.<\/p>\n<p><i><b>Fuente original:<\/b><\/i> <a href=\"http:\/\/blogs.publico.es\/dominiopublico\/13525\/acumulacion-por-desposesion-en-europa\/\">http:\/\/blogs.publico.es\/dominiopublico\/13525\/acumulacion-por-desposesion-en-europa\/<\/a><\/p>\n<p>&nbsp;<\/p>\n","protected":false},"excerpt":{"rendered":"<p class='MsoNormal' style='text-align: justify;'>La evoluci\u00f3n que ha experimentado la econom\u00eda europea desde que empez\u00f3 la crisis econ\u00f3mica constituye una buena muestra de acumulaci\u00f3n capitalista depredadora y especulativa. El endeudamiento de los pa\u00edses perif\u00e9ricos ha derivado en un estado de servidumbre por deudas que, con la mediaci\u00f3n de la Uni\u00f3n Europea, est\u00e1 siendo utilizado para propiciar una gigantesca redistribuci\u00f3n de activos desde el campo popular al dominio del capital. Esta operaci\u00f3n incluye, entre otros aspectos, el desmantelamiento progresivo del Derecho del Trabajo, la privatizaci\u00f3n de empresas p\u00fablicas o la abolici\u00f3n de conquistas hist\u00f3ricas logradas por los trabajadores tras la intensa lucha de clases que se desarroll\u00f3 con posterioridad a la Segunda Guerra Mundial. <\/p>\n","protected":false},"author":9,"featured_media":2974,"comment_status":"open","ping_status":"open","sticky":false,"template":"","format":"standard","meta":{"footnotes":""},"categories":[13],"tags":[],"class_list":["post-2973","post","type-post","status-publish","format-standard","has-post-thumbnail","hentry","category-la-izquierda-a-debate"],"aioseo_notices":[],"_links":{"self":[{"href":"https:\/\/espai-marx.net\/index.php?rest_route=\/wp\/v2\/posts\/2973","targetHints":{"allow":["GET"]}}],"collection":[{"href":"https:\/\/espai-marx.net\/index.php?rest_route=\/wp\/v2\/posts"}],"about":[{"href":"https:\/\/espai-marx.net\/index.php?rest_route=\/wp\/v2\/types\/post"}],"author":[{"embeddable":true,"href":"https:\/\/espai-marx.net\/index.php?rest_route=\/wp\/v2\/users\/9"}],"replies":[{"embeddable":true,"href":"https:\/\/espai-marx.net\/index.php?rest_route=%2Fwp%2Fv2%2Fcomments&post=2973"}],"version-history":[{"count":0,"href":"https:\/\/espai-marx.net\/index.php?rest_route=\/wp\/v2\/posts\/2973\/revisions"}],"wp:featuredmedia":[{"embeddable":true,"href":"https:\/\/espai-marx.net\/index.php?rest_route=\/wp\/v2\/media\/2974"}],"wp:attachment":[{"href":"https:\/\/espai-marx.net\/index.php?rest_route=%2Fwp%2Fv2%2Fmedia&parent=2973"}],"wp:term":[{"taxonomy":"category","embeddable":true,"href":"https:\/\/espai-marx.net\/index.php?rest_route=%2Fwp%2Fv2%2Fcategories&post=2973"},{"taxonomy":"post_tag","embeddable":true,"href":"https:\/\/espai-marx.net\/index.php?rest_route=%2Fwp%2Fv2%2Ftags&post=2973"}],"curies":[{"name":"wp","href":"https:\/\/api.w.org\/{rel}","templated":true}]}}