{"id":2993,"date":"2015-07-17T00:00:00","date_gmt":"2015-07-17T00:00:00","guid":{"rendered":"https:\/\/espai-marx.net\/?p=2993"},"modified":"2020-02-16T07:34:20","modified_gmt":"2020-02-16T06:34:20","slug":"capitulacion","status":"publish","type":"post","link":"https:\/\/espai-marx.net\/?p=2993","title":{"rendered":"Capitulaci\u00f3n"},"content":{"rendered":"<p>En la madrugada del lunes 13 de julio, el Primer Ministro griego, Sr. Alexis Tsipras, capitul\u00f3. Se rindi\u00f3 ante las presiones insensatas de Alemania, pero tambi\u00e9n de Francia, de la Comisi\u00f3n Europea y el Eurogrupo. El hecho es que ha capitulado. Porque no hay otras palabras para describir el acuerdo que le fue impuesto por el Eurogrupo, y luego por varios l\u00edderes europeos, bajo la amenaza de expulsi\u00f3n de Grecia de la Eurozona. Esta capitulaci\u00f3n tendr\u00e1 consecuencias dram\u00e1ticas para Grecia, donde la austeridad seguir\u00e1 aplic\u00e1ndose, pero tambi\u00e9n en el seno de la Uni\u00f3n Europea. Las condiciones en las cuales esta capitulaci\u00f3n ha sido arrancada hacen a\u00f1icos el mito de una Europa unida y pac\u00edfica, una Europa de la solidaridad y el compromiso. Se ha visto a Alemania obtener de Grecia lo que los antiguos llamaban una paz cartaginesa. Desde un inicio se sabe que esta era la posici\u00f3n del Sr. Dijsselbloem, el Presidente del Eurogrupo [1]. Vimos, con tristeza, pero tambi\u00e9n con c\u00f3lera, c\u00f3mo Francia acababa por plegarse a la mayor parte de las exigencias alemanas, a pesar de lo que dice nuestro presidente (Holande).<\/p>\n<p>Este 13 de julio permanecer\u00e1 en la historia como un d\u00eda de luto, tanto para la democracia como para Europa.<\/p>\n<p><strong>Un acuerdo detestable<\/strong><\/p>\n<p>Este acuerdo es un acuerdo detestable, y por varias razones. Lo es en el campo econ\u00f3mico, pues sangra de nuevo la econom\u00eda griega sin proporcionarle la bocanada de aire fresco que necesitaba. El aumento de la presi\u00f3n fiscal sin contrapartidas, tendr\u00e1 consecuencias desastrosas para la econom\u00eda griega. Es la continuidad de la austeridad en la m\u00e1s pura l\u00f3gica de Pierre Laval en Francia, de un Br\u00fcning en Alemania, o de un McDonalds en Gran Breta\u00f1a, aquellas tr\u00e1gicas figuras de los a\u00f1os treinta que agravaron con sus pol\u00edticas la crisis de 1929. Se exige un aumento de la presi\u00f3n fiscal y los nuevos recortes en los gastos, sin que estos se vayan acompa\u00f1ados de un plan de inversiones masivo que pueda compensar sus efectos, al menos en parte. N\u00f3tese tambi\u00e9n que el gobierno griego se ve obligado a comprometerse a &#8216;realizar reformas ambiciosas de las pensiones y definir pol\u00edticas para compensar plenamente el impacto presupuestario de la sentencia del Tribunal Constitucional sobre la reforma de las pensiones en 2012 y aplicar la cl\u00e1usula de d\u00e9ficit cero o medidas alternativas mutuamente aceptables de aqu\u00ed a octubre de 2015&#8217;. En otras palabras, se pide al gobierno griego compensar la decisi\u00f3n de la Corte Constitucional que hab\u00eda anulado la reforma de las pensiones de 2012. En resumen, la l\u00f3gica de la austeridad es proclamada m\u00e1s importante que la constituci\u00f3n de un Estado soberano [2].<\/p>\n<p>Este acuerdo es tambi\u00e9n detestable para el sector financiero. Por consiguiente insta al Mecanismo Europeo de Estabilidad, o MES. Sin embargo, este compromiso aumentar\u00e1 de manera constante. La econom\u00eda griega va a hundirse en la depresi\u00f3n. Los ingresos fiscales se estancar\u00e1n o disminuir\u00e1n, aunque la presi\u00f3n fiscal aumente seg\u00fan lo dispuesto en el acuerdo. La deuda ser\u00e1, por tanto, <strong>proporcional a la riqueza producida<\/strong>, cada vez m\u00e1s pesada. Sobre esta deuda, el \u201creperfilado\u201d &#8211; palabra b\u00e1rbara que significa un alargamiento de los plazos en el pago principal y un aplazamiento de los intereses- no resuelve nada. Sabemos, el FMI lo dijo, que es necesario reestructurar, es decir, cancelar, una parte de la deuda griega. Pero Alemania se opone siempre con obstinaci\u00f3n. Pronto har\u00e1 falta encontrar nuevos fondos para Grecia. Una de las razones por las que este plan es detestable es que no resuelve nada, ni en lo econ\u00f3mico, ni en lo financiero.<\/p>\n<p><strong>Un acuerdo neocolonial<\/strong><\/p>\n<p>Finalmente, este plan es detestable por una tercera raz\u00f3n. Pol\u00edticamente, conduce a poner Grecia bajo tutela, a asimilarla en la pr\u00e1ctica a una colonia privada de todo poder real. El Parlamento griego no s\u00f3lo es convocado a votar r\u00e1pidamente ciertas reformas, con dos plazos, de 15 y 22 de julio [3], a partir de ahora deber\u00e1 someter las diversas medidas al control y voluntad de las instituciones europeas. En particular, un p\u00e1rrafo del acuerdo es muy significativo. Dice: &#8216;El gobierno debe consultar a las instituciones y convenir con ellas todo proyecto legislativo en las \u00e1reas relevantes en un plazo adecuado antes de someterlo a consulta p\u00fablica o al Parlamento&#8217; [4]<\/p>\n<p>Es la restauraci\u00f3n de lo que los griegos llamaban el &#8216;r\u00e9gimen de la Troika&#8217;, r\u00e9gimen que hab\u00edan repudiado en las elecciones del 25 de enero. Y este es sin duda el resultado m\u00e1s incre\u00edble del acuerdo. Es equivalente a anular unas elecciones libres y democr\u00e1ticas, para afirmar que las reglas dictadas desde Bruselas tienen m\u00e1s peso que el juego democr\u00e1tico. Ser\u00e1 necesario recordarlo porque, desde este punto de vista, este acuerdo no concierne solamente a los griegos; tambi\u00e9n amenaza a los pueblos de la zona euro. Amenaza, tambi\u00e9n, a los franceses. Y el hecho de que nuestro presidente, Fran\u00e7ois Hollande, se haya prestado a este crimen, porque no hay otra palabra para calificar este acuerdo en el campo pol\u00edtico, debe llenarnos de temor. Al aceptar poner su firma en el acuerdo, comprometi\u00e9ndose a someterlo a votaci\u00f3n de aqu\u00ed al fin de semana en el Parlamento franc\u00e9s, Francois Hollande es desde ahora c\u00f3mplice del estrangulamiento de la democracia en Grecia, pero tambi\u00e9n del conjunto de la zona euro.<\/p>\n<p>Yendo a\u00fan m\u00e1s lejos, este acuerdo organiza el saqueo de la poblaci\u00f3n griega con un p\u00e1rrafo leonino que concierne a las privatizaciones y que aplica directamente lo que se llamaba en el siglo XIX &#8216;diplomacia de las ca\u00f1oneras&#8217;. Este p\u00e1rrafo estipula que el gobierno griego debe &#8216;elaborar un programa de privatizaci\u00f3n mucho m\u00e1s sustancial con una mejor gobernanza; los activos griegos de valor se transferir\u00e1n a un fondo independiente que monetizar\u00e1 los activos a trav\u00e9s de la privatizaci\u00f3n y otros medios. La monetizaci\u00f3n de los activos constituir\u00e1 una fuente para permitir el pago programado del nuevo pr\u00e9stamo del MES y generar\u00e1 durante la vida del nuevo pr\u00e9stamo un montante total fijado en 50 mil millones de euros, de los cuales 25 mil millones ser\u00e1n utilizados para pagar la recapitalizaci\u00f3n bancaria y de otros activos, y el 50% de cada euro restante (es decir, 50% de 25 mil millones de euros) se utilizar\u00e1 para reducir la ratio de endeudamiento, el otro 50% ser\u00e1 utilizado para inversiones'[5]. Esto significa que Grecia s\u00f3lo puede utilizar el 50% de 25 mil millones, 12,5 mil millones salidos de las privatizaciones para las inversiones. Sin embargo, estas cantidades no estar\u00e1n disponibles \u2013 ni tan solo un d\u00eda &#8211; antes de dos o tres a\u00f1os.<\/p>\n<p>Cuando escuchamos a Fran\u00e7ois Hollande afirmar en la ma\u00f1ana del 13 de julio que la soberan\u00eda de Grecia ha sido preservada, podr\u00edamos afirmar que nuestro Presidente tiene un dudoso sentido del humor. Se a\u00f1ade el insulto a la herida. Porque la soberan\u00eda de Grecia ha sido pisoteada por el Eurogrupo y Alemania, con la ayuda y con el asentimiento de Francia. Este 13 de julio ser\u00e1 desde ahora un d\u00eda de luto para todos los que defienden la democracia, la soberan\u00eda y la libertad de los pueblos.<\/p>\n<p><strong>La cuesti\u00f3n de la Euro<\/strong><\/p>\n<p>Francois Hollande afirma que su acci\u00f3n salv\u00f3 el euro. Est\u00e1 claro que si Alemania hubiera impuesto la expulsi\u00f3n de Grecia de la zona euro, habr\u00eda desencadenado a corto plazo el proceso de disoluci\u00f3n de esta zona. Pero, el mantenimiento de Grecia en la zona euro no salvar\u00e1 el euro. Por un lado, porque los problemas econ\u00f3micos y financieros de Grecia no est\u00e1n resueltos. De otra parte, porque otros pa\u00edses est\u00e1n hoy en grandes dificultades, sobre todo uno de nuestros vecinos, Italia.<\/p>\n<p>El euro est\u00e1, hoy tenemos la prueba, indisolublemente ligado a la pol\u00edtica de austeridad. La pol\u00edtica econ\u00f3mica aplicada en la zona euro, consolidada por el papel de los diversos tratados, y en particular el \u00faltimo TSCG ratificado en septiembre de 2012, s\u00f3lo puede conducir a la austeridad. Si todav\u00eda no lo hab\u00edamos comprendido hoy est\u00e1 mucho m\u00e1s claro: el euro es la austeridad.<\/p>\n<p>Claro, puede haber pol\u00edticas de austeridad sin el euro. Pero el euro implica en realidad la pol\u00edtica de austeridad y cualquier pol\u00edtica en el marco del Euro conduce a la austeridad. Debemos entender el profundo significado de esta afirmaci\u00f3n. Mientras nos mantenemos en la zona euro, ser\u00e1 imposible llevar a cabo una pol\u00edtica econ\u00f3mica que no sea de austeridad. Alexis Tsipras ha colocado el mismo su cabeza sobre la cuchilla al no haber comprendido esto.<\/p>\n<p>Esta constataci\u00f3n se convertir\u00e1 en el verdadero punto de ruptura de la pol\u00edtica francesa en los meses y a\u00f1os venideros. Lo que ha salvado Fran\u00e7ois Hollande, en realidad es la austeridad. Sabemos que hizo esta elecci\u00f3n en 2012. No ha cambiado, por lo tanto, ser\u00e1 juzgado por ello en las pr\u00f3ximas elecciones.<\/p>\n<p><strong>Notas:<\/strong><\/p>\n<p>[1] Varoufakis: por qu\u00e9 Alemania se niega a reducir la deuda de Grecia, <a class=\"western\" href=\"http:\/\/blogs.mediapart.fr\/blog\/monica-m\/120715\/varoufakis-pourquoi-lallemagne-refuse-dalleger-la-dette-de-la-grece\">http:\/\/blogs.mediapart.fr\/blog\/monica-m\/120715\/varoufakis-pourquoi-lallemagne-refuse-dalleger-la-dette-de-la-grece<\/a><\/p>\n<p>[2] Declaraci\u00f3n de la Cumbre de la Eurozona, Bruselas, 12 de julio de 2015, p\u00e1gina 3.<\/p>\n<p>[3] El texto del acuerdo precisa que este \u00faltimo solo ser\u00e1 v\u00e1lido en las siguientes condiciones: &#8216;S\u00f3lo despu\u00e9s &#8211; e inmediatamente despu\u00e9s \u2013 que las cuatro primeras medidas antes mencionadas sean objeto de su puesta en marcha en el plano jur\u00eddico y que el Parlamento griego apruebe todos los compromisos contenidos en este documento, con la verificaci\u00f3n por parte de las instituciones y el Eurogrupo, que una decisi\u00f3n podr\u00e1 ser tomada obligando a las instituciones a negociar un protocolo de acuerdo&#8217;. Declaraci\u00f3n de la Cumbre de la zona euro, Bruselas, 12 de julio de 2015, p\u00e1gina 2.<\/p>\n<p>[4] Declaraci\u00f3n de la Cumbre de la Eurozona, Bruselas, 12 de julio de 2015, p\u00e1gina 5.<\/p>\n<p>[5] Declaraci\u00f3n de la Cumbre de la Eurozona, Bruselas, 12 de julio 2015, p\u00e1gina 4.<\/p>\n<p><strong>Fuente original:<\/strong> <a class=\"western\" href=\"http:\/\/russeurope.hypotheses.org\/4102\">http:\/\/russeurope.hypotheses.org\/4102<\/a><\/p>\n","protected":false},"excerpt":{"rendered":"<p class='MsoNormal' style='margin-bottom: 18.0pt; text-align: justify; line-height: 150%;'>El plan de ajuste es detestable por varias razones y pol\u00edticamente, conduce a poner Grecia bajo tutela, a asimilarla en la pr\u00e1ctica a una colonia privada de todo poder real. La soberan\u00eda de Grecia ha sido pisoteada por el Eurogrupo y Alemania, con la ayuda y con el asentimiento de Francia. Este 13 de julio de 2015 ser\u00e1 recordado c\u00f3mo un d\u00eda de luto por todos los que defienden la democracia, la soberan\u00eda y la libertad de los pueblos.<\/p>\n","protected":false},"author":9,"featured_media":2994,"comment_status":"open","ping_status":"open","sticky":false,"template":"","format":"standard","meta":{"footnotes":""},"categories":[44,13],"tags":[],"class_list":["post-2993","post","type-post","status-publish","format-standard","has-post-thumbnail","hentry","category-economia","category-la-izquierda-a-debate"],"aioseo_notices":[],"_links":{"self":[{"href":"https:\/\/espai-marx.net\/index.php?rest_route=\/wp\/v2\/posts\/2993","targetHints":{"allow":["GET"]}}],"collection":[{"href":"https:\/\/espai-marx.net\/index.php?rest_route=\/wp\/v2\/posts"}],"about":[{"href":"https:\/\/espai-marx.net\/index.php?rest_route=\/wp\/v2\/types\/post"}],"author":[{"embeddable":true,"href":"https:\/\/espai-marx.net\/index.php?rest_route=\/wp\/v2\/users\/9"}],"replies":[{"embeddable":true,"href":"https:\/\/espai-marx.net\/index.php?rest_route=%2Fwp%2Fv2%2Fcomments&post=2993"}],"version-history":[{"count":0,"href":"https:\/\/espai-marx.net\/index.php?rest_route=\/wp\/v2\/posts\/2993\/revisions"}],"wp:featuredmedia":[{"embeddable":true,"href":"https:\/\/espai-marx.net\/index.php?rest_route=\/wp\/v2\/media\/2994"}],"wp:attachment":[{"href":"https:\/\/espai-marx.net\/index.php?rest_route=%2Fwp%2Fv2%2Fmedia&parent=2993"}],"wp:term":[{"taxonomy":"category","embeddable":true,"href":"https:\/\/espai-marx.net\/index.php?rest_route=%2Fwp%2Fv2%2Fcategories&post=2993"},{"taxonomy":"post_tag","embeddable":true,"href":"https:\/\/espai-marx.net\/index.php?rest_route=%2Fwp%2Fv2%2Ftags&post=2993"}],"curies":[{"name":"wp","href":"https:\/\/api.w.org\/{rel}","templated":true}]}}