{"id":30,"date":"2006-03-13T00:00:00","date_gmt":"2006-03-13T00:00:00","guid":{"rendered":"https:\/\/espai-marx.net\/?p=30"},"modified":"2020-02-29T11:58:19","modified_gmt":"2020-02-29T10:58:19","slug":"democracia-en-peligro","status":"publish","type":"post","link":"https:\/\/espai-marx.net\/?p=30","title":{"rendered":"\u00bfDemocracia en peligro?"},"content":{"rendered":"<p>La frase del t\u00edtulo se oye bastante a menudo \u00faltimamente. Y si uno presta atenci\u00f3n a su entorno y no es granadero acorazado de las aguerridas huestes del PP (Panzer Partei), seguramente estar\u00e1 de acuerdo con ella. (Si es \u201cpepero\u201d de la vieja guardia, es decir, franquista irredento y no reciclado, tambi\u00e9n estar\u00e1 de acuerdo; pero en vez de lamentar la situaci\u00f3n, brindar\u00e1 con regocijo y con champ\u00e1n por la eterna memoria del hu\u00e9sped mortalicio de Cuelgamuros, al grito triunfal de \u201c\u00a1Reinar despu\u00e9s de morir!\u201d)<\/p>\n<p>En cambio, si uno no es ninguna de las cosas anteriores (es decir, si tiene una cierta querencia pol\u00edtica izquierdosa pero ha perdido el sentido de la realidad actual y sigue pensando en la democracia como aquel ideal proclamado por Rousseau, Babeuf, Marx y los comuneros de Par\u00eds, entre otros) tendr\u00e1, al o\u00edr la frase de marras, la misma impresi\u00f3n que tendr\u00eda si en el velatorio de un pariente difunto recibiera, en vez de los p\u00e9sames de rigor, preocupadas observaciones de que al tal pariente se le ve \u201cmuy desmejorado\u201d.<\/p>\n<p>La democracia, en efecto, si es que alg\u00fan d\u00eda lleg\u00f3 a nacer (dicen que lo hizo en Atenas en el siglo V antes de la era vulgar, pero parece que la alimentaban con carne y sudor de esclavos), hace tiempo que la enterraron. La democracia s\u00f3lo puede existir en sociedades sin clases, donde los individuos viven libremente asociados de modo que el grupo no limita, sino que potencia la libertad de cada uno de sus miembros.<\/p>\n<p>\u00bfSe atrever\u00e1 alguien a decir que es \u00e9se el sistema pol\u00edtico que tenemos? \u00bfQu\u00e9 sentido tiene, pues, decir que ese sistema corre peligro? Lo que s\u00ed tiene sentido es denunciar que <i>incluso las formas democr\u00e1ticas<\/i> est\u00e1n siendo infringidas. Formas que no son condici\u00f3n <i>suficiente<\/i> de democracia, pero s\u00ed condici\u00f3n <i>necesaria<\/i>.<\/p>\n<p>Por supuesto, la punta de lanza de ese ataque a las formas democr\u00e1ticas la constituye el PP (Partido Populachero). Nada nuevo bajo el sol (ni cara al sol): la derecha espa\u00f1ola, hija como es de la Madre Inquisici\u00f3n y el Padre Cuchar\u00f3n, tiene las manos curtidas en el sano ejercicio de romper la baraja en cuanto cree que puede perder la partida. La rompi\u00f3 todas las veces que quiso en cuanto empez\u00f3 a molestarle la modest\u00edsima Constituci\u00f3n de C\u00e1diz y culmin\u00f3 sus gestas \u201crupturistas\u201d un infausto 18 de julio de 1936 (en realidad fue el 17, pero la historia oficial decret\u00f3 que hab\u00eda sido el 18, d\u00eda de la \u201cepifan\u00eda\u201d del se\u00f1or capit\u00e1n general de Canarias, Francisco Franco).<\/p>\n<p>La novedad es que antes embest\u00eda cuando le pon\u00edan delante el trapo (especialmente si era rojo). Ahora, en cambio, embiste contra la sombra: como ese gobierno tripartito de izquierdas, p\u00e1lida sombra de aquellos gobiernos del Frente Popular machacados por las bombas de la C\u00f3ndor, perseguidos con sa\u00f1a en el exilio y fusilados en Montjuich.<\/p>\n<p>Resulta especialmente pat\u00e9tico que algunos de esos ataques los lancen en supuesta defensa de unos valores que ellos mismos o sus familiares inmediatos no dudaron en pisotear. Que la se\u00f1ora ministra de Administraciones Territoriales llamara tres veces \u201casesinos\u201d a ciertos miembros del mencionado gobierno de Catalu\u00f1a trae por fuerza a colaci\u00f3n el refr\u00e1n \u201cCree el ladr\u00f3n que todos son de su condici\u00f3n\u201d. Porque si alguien sabe de asesinatos pol\u00edticos en Catalu\u00f1a es la familia Valdecasas, eximia contribuyente a la fundaci\u00f3n de Falange Espa\u00f1ola y al pistolerismo revanchista que sigui\u00f3 a la \u201cliberaci\u00f3n\u201d de 1939.<\/p>\n<p>Pero, como dijo la se\u00f1ora Nadal, cabeza de lista electoral del PP por la provincia de Barcelona, el suyo es un partido que, cuando cree que ha molestado, no tiene problema en pedir excusas (\u00bfsiempre, se\u00f1ora Nadal?). Con lo cual tenemos algo parecido al magn\u00edfico invento cat\u00f3lico de la confesi\u00f3n: peque usted todo lo que quiera y obtenga de ello los beneficios materiales oportunos. Bastar\u00e1 que luego pida perd\u00f3n de sus pecados con cierta compunci\u00f3n, rece tres padrenuestros con sus correspondientes avemar\u00edas y todo arreglado. Me pregunto si Do\u00f1a Julia, en reparaci\u00f3n por su lapsus \u201ctripartito\u201d (ya sabemos que es persona proclive a los lapsus, especialmente cuando de contar manifestantes antiguerra se trata), aceptar\u00eda que como San Pedro, que neg\u00f3 a su Se\u00f1or tres veces antes de que el gallo cantara otras tantas, la crucifiquen (es decir, la \u201cdimitan\u201d) cabeza abajo&#8230;<\/p>\n<p>Pero lo grave, con serlo mucho, no es que el PP (Partido Pendenciero) recurra a esa variante tosca de las artes marciales. Lo verdaderamente grave es que eso \u2014como parece\u2014 le d\u00e9 r\u00e9ditos pol\u00edticos. Porque eso quiere decir que este pa\u00eds no s\u00f3lo no tiene democracia, sino que gran parte de \u00e9l est\u00e1 contenta de ello con tal de que le dejen consumir lo que anuncian por la tele. Y \u00bfc\u00f3mo narices democratiza uno a quien no quiere ser democratizado? De modo que, si m\u00e1s de medio pa\u00eds va por ah\u00ed gritando, como los anticonstitucionalistas del XIX, \u201c\u00a1Vivan las caenas!\u201d, lo \u00fanico que parece quedarle al resto es decir aquello tan triste, con regusto a exilio (al menos, interior), de \u201c\u00a1Apaga y v\u00e1monos!\u201d<\/p>\n<p>As\u00ed, pues, si la igualdad es objeto de olvido \u2014cuando no de desprecio\u2014 hasta por los partidos que se fundaron para promoverla, si la derecha, no contenta con vaciar de todo contenido la democracia, se empe\u00f1a en pisotear todas sus formas (incluso las viejas formas predemocr\u00e1ticas de la cortes\u00eda) y el pueblo \u201csoberano\u201d confunde la soberan\u00eda con la soberana indiferencia, \u00bfqu\u00e9 nos queda de la llamada democracia?<\/p>\n<p>Nos queda la idea, por la que no dejaremos de luchar hasta m\u00e1s all\u00e1 del \u00faltimo hombre y la \u00faltima mujer. Porque no es verdad que las personas sean m\u00e1s importantes que las ideas. Si as\u00ed fuera, no habr\u00eda esperanza alguna para las personas. Pero las ideas sobreviven a las personas, aunque necesitan de \u00e9stas para reencarnarse. Los enemigos de la libertad, la igualdad y la fraternidad podr\u00e1n ganar todas las batallas que su actual monopolio del poder econ\u00f3mico, militar y medi\u00e1tico les permita. Pero perder\u00e1n indefectiblemente la guerra. Muchos de ellos \u2014la mayor\u00eda\u2014 se librar\u00e1n de sentir en su carne la derrota y morir\u00e1n crey\u00e9ndose eternos triunfadores. Pero en el libro invisible donde se registran las verdades hist\u00f3ricas figurar\u00e1n para siempre en la lista de los vencidos. Simplemente, porque al aplastar a los defensores de la fraternidad humana, derrotaron a la humanidad que \u2014sin saberlo\u2014 llevaban dentro.<\/p>\n","protected":false},"excerpt":{"rendered":"<p>La frase del t\u00edtulo se oye bastante a menudo \u00faltimamente. Y si uno presta atenci\u00f3n a su entorno y no es granadero acorazado de las aguerridas huestes del PP (Panzer Partei), seguramente estar\u00e1 de acuerdo con ella. (Si es &#8220;pepero&#8221; de la vieja guardia, es decir, franquista irredento y no reciclado, tambi\u00e9n estar\u00e1 de acuerdo; pero en vez de lamentar la situaci\u00f3n, brindar\u00e1 con regocijo y con champ\u00e1n por la eterna memoria del hu\u00e9sped mortalicio de Cuelgamuros, al grito triunfal de &#8220;\u00a1Reinar despu\u00e9s de morir!&#8221;)<\/p>\n<p>En cambio, si uno no es ninguna de las cosas anteriores (es decir, si tiene una cierta querencia pol\u00edtica izquierdosa pero ha perdido el sentido de la realidad actual y sigue pensando en la democracia como aquel ideal proclamado por Rousseau, Babeuf, Marx y los comuneros de Par\u00eds, entre otros) tendr\u00e1, al o\u00edr la frase de marras, la misma impresi\u00f3n que tendr\u00eda si en el velatorio de un pariente difunto recibiera, en vez de los p\u00e9sames de rigor, preocupadas observaciones de que al tal pariente se le ve &#8220;muy desmejorado&#8221;.<\/p>\n<p>La democracia, en efecto, si es que alg\u00fan d\u00eda lleg\u00f3 a nacer (dicen que lo hizo en Atenas en el siglo V antes de la era vulgar, pero parece que la alimentaban con carne y sudor de esclavos), hace tiempo que la enterraron. La democracia s\u00f3lo puede existir en sociedades sin clases, donde los individuos viven libremente asociados de modo que el grupo no limita, sino que potencia la libertad de cada uno de sus miembros.<\/p>\n<p>\u00bfSe atrever\u00e1 alguien a decir que es \u00e9se el sistema pol\u00edtico que tenemos? \u00bfQu\u00e9 sentido tiene, pues, decir que ese sistema corre peligro? Lo que s\u00ed tiene sentido es denunciar que incluso las formas democr\u00e1ticas est\u00e1n siendo infringidas. Formas que no son condici\u00f3n suficiente de democracia, pero s\u00ed condici\u00f3n necesaria.<\/p>\n<p>Por supuesto, la punta de lanza de ese ataque a las formas democr\u00e1ticas la constituye el PP (Partido Populachero). Nada nuevo bajo el sol (ni cara al sol): la derecha espa\u00f1ola, hija como es de la Madre Inquisici\u00f3n y el Padre Cuchar\u00f3n, tiene las manos curtidas en el sano ejercicio de romper la baraja en cuanto cree que puede perder la partida. La rompi\u00f3 todas las veces que quiso en cuanto empez\u00f3 a molestarle la modest\u00edsima Constituci\u00f3n de C\u00e1diz y culmin\u00f3 sus gestas &#8220;rupturistas&#8221; un infausto 18 de julio de 1936 (en realidad fue el 17, pero la historia oficial decret\u00f3 que hab\u00eda sido el 18, d\u00eda de la &#8220;epifan\u00eda&#8221; del se\u00f1or capit\u00e1n general de Canarias, Francisco Franco).<\/p>\n<p>La novedad es que antes embest\u00eda cuando le pon\u00edan delante el trapo (especialmente si era rojo). Ahora, en cambio, embiste contra la sombra: como ese gobierno tripartito de izquierdas, p\u00e1lida sombra de aquellos gobiernos del Frente Popular machacados por las bombas de la C\u00f3ndor, perseguidos con sa\u00f1a en el exilio y fusilados en Montjuich.<\/p>\n","protected":false},"author":9,"featured_media":0,"comment_status":"open","ping_status":"open","sticky":false,"template":"","format":"standard","meta":{"footnotes":""},"categories":[14],"tags":[],"class_list":["post-30","post","type-post","status-publish","format-standard","hentry","category-democracia-republica"],"aioseo_notices":[],"_links":{"self":[{"href":"https:\/\/espai-marx.net\/index.php?rest_route=\/wp\/v2\/posts\/30","targetHints":{"allow":["GET"]}}],"collection":[{"href":"https:\/\/espai-marx.net\/index.php?rest_route=\/wp\/v2\/posts"}],"about":[{"href":"https:\/\/espai-marx.net\/index.php?rest_route=\/wp\/v2\/types\/post"}],"author":[{"embeddable":true,"href":"https:\/\/espai-marx.net\/index.php?rest_route=\/wp\/v2\/users\/9"}],"replies":[{"embeddable":true,"href":"https:\/\/espai-marx.net\/index.php?rest_route=%2Fwp%2Fv2%2Fcomments&post=30"}],"version-history":[{"count":0,"href":"https:\/\/espai-marx.net\/index.php?rest_route=\/wp\/v2\/posts\/30\/revisions"}],"wp:attachment":[{"href":"https:\/\/espai-marx.net\/index.php?rest_route=%2Fwp%2Fv2%2Fmedia&parent=30"}],"wp:term":[{"taxonomy":"category","embeddable":true,"href":"https:\/\/espai-marx.net\/index.php?rest_route=%2Fwp%2Fv2%2Fcategories&post=30"},{"taxonomy":"post_tag","embeddable":true,"href":"https:\/\/espai-marx.net\/index.php?rest_route=%2Fwp%2Fv2%2Ftags&post=30"}],"curies":[{"name":"wp","href":"https:\/\/api.w.org\/{rel}","templated":true}]}}