{"id":3017,"date":"2015-07-29T00:00:00","date_gmt":"2015-07-29T00:00:00","guid":{"rendered":"https:\/\/espai-marx.net\/?p=3017"},"modified":"2020-02-16T07:14:39","modified_gmt":"2020-02-16T06:14:39","slug":"carta-abierta-a-martino-noriega-un-alcalde-unico","status":"publish","type":"post","link":"https:\/\/espai-marx.net\/?p=3017","title":{"rendered":"Carta abierta a Marti\u00f1o Noriega, un alcalde \u00fanico"},"content":{"rendered":"<p>Estimado Marti\u00f1o Noriega:<\/p>\n<p>Como estaba previsto, el pasado s\u00e1bado 13 de junio te convertiste en el nuevo alcalde de Santiago de Compostela. Quiero con estas l\u00edneas invitarte a considerar varias cuestiones, de cara a tu nuevo mandato. Precisamente la primera de ellas tiene que ver con la etimolog\u00eda de esa palabra: espero que desde el grupo de Compostela Aberta (C.A.) tend\u00e1is una mano a los otros grupos municipales, no para hacer lo que vosotros o ellos quieran, sino para hacer lo que manden las y los compostelanos. T\u00fa bien sabes que la democracia directa es para m\u00ed la \u00fanica digna de ser considerada verdadera democracia, y tienes gente en C.A. que comparte ideas en el mismo sentido, as\u00ed que se deber\u00eda notar en vuestra pr\u00e1ctica de gobierno. La gente quiere \u2014y es capaz de\u2014 decidir todo lo que le afecta. Y, en la medida en que se lo permit\u00e1is, haciendo que sea o povo quem mais ordene (como dec\u00eda Gr\u00e2ndola, Vila Morena, la canci\u00f3n de Zeca Afonso), estoy convencido de que vais a asegurar la continuidad de vuestro proyecto para la ciudad.<\/p>\n<p>Pero el principal motivo de mi carta no es la obsesi\u00f3n por la democracia real ya, sino recordarte que t\u00fa ser\u00e1s un alcalde diferente a todos los dem\u00e1s que van a gobernar los diversos municipios del Estado Espa\u00f1ol. T\u00fa eres \u00fanico porque fuiste el primer regidor local en todo el Estado (cuando estabas al frente de la corporaci\u00f3n municipal en el vecino concello de Teo, a\u00f1o 2009) en reconocer que existe un problema llamado Peak Oil o C\u00e9nit de la extracci\u00f3n mundial de petr\u00f3leo y que eso nos expone, a todas las personas que habitamos en las sociedades industrializadas, a unas consecuencias devastadoras. Ahora te toca, por tanto, una enorme responsabilidad: ser el primer alcalde de una capital en Europa en convertir su ciudad en un modelo de adaptaci\u00f3n a ese inminente nuevo estadio post-energ\u00eda-f\u00f3sil de la humanidad.<\/p>\n<p>Sabemos que en Teo finalmente poco o nada se hizo m\u00e1s all\u00e1 de aquella declaraci\u00f3n, o por lo menos nada que haya llegado a nuestro conocimiento, aunque \u2014quiz\u00e1s\u2014 en el nacimiento de iniciativas vuestras como el banco de alimentos o el mercado campesino s\u00ed haya tenido algo que ver esa consciencia del Peak Oil y el plan de medidas que en junio de 2013 os hicimos llegar en una de nuestras reuniones. En cualquier caso, asumimos nuestra parte de culpa los que promovimos aquella declaraci\u00f3n, puesto que t\u00fa te mostraste siempre dispuesto a acompa\u00f1ar desde el ayuntamiento pero requer\u00edas una iniciativa local que partiese de las propias organizaciones sociales, y desde la asociaci\u00f3n V\u00e9spera de Nada fuimos incapaces de hacerlo. Este es un error que ahora estamos intentando corregir en diversos lugares de Galicia, como por ejemplo en el tambi\u00e9n vecino concello de Ames, mediante grupos que act\u00faen a nivel local como interlocutores del gobierno municipal y de las diversas fuerzas pol\u00edticas y movimientos sociales, y que trabajen tanto en la concienciaci\u00f3n como en la trasformaci\u00f3n pr\u00e1ctica de estas localidades hacia un modo de vida menos dependiente del petr\u00f3leo y m\u00e1s resiliente frente a este colapso hist\u00f3rico en cuyas primeras etapas nos encontramos. Esperamos que t\u00fa tambi\u00e9n hayas tomado nota de lo que se pudo hacer y no se hizo en Teo, para evitar que pase lo mismo en Compostela, y que aqu\u00ed y ahora s\u00ed que haya avances concretos y palpables en el camino hacia una mayor resiliencia social y econ\u00f3mica frente a este colapso energ\u00e9tico en ciernes. No nos podemos permitir m\u00e1s demoras ni m\u00e1s indecisiones, Marti\u00f1o.<\/p>\n<p>As\u00ed, por ejemplo, me gustar\u00eda verte enseguida practicar con el ejemplo cobrando, como hace el alcalde de Bristol, parte de tu salario como alcalde en una moneda local (aunque en vuestro programa no os atrevierais a decir que las \u00edbais a crear o a promover desde el ayuntamiento, y os limitarais a proponer la divulgaci\u00f3n de las ya existentes, que no es que sea poco, pero resulta escaso visto lo visto en otros lugares). Y, por supuesto, que la gente pudiese pagar parte de los impuestos y tasas municipales con dicha moneda. Esto, como ejemplo de actuaciones decididas en el terreno de la resiliencia econ\u00f3mica. En otras \u00e1reas me gustar\u00eda verte\/veros llenando Compostela de huertas urbanas, espacios verdes productivos, bosques comestibles en todo el contorno, pero que vayan mucho m\u00e1s all\u00e1 de lo testimonial, y se lleguen a convertir en fuente de sustento para una parte considerable de ciudadanas\/os. O peatonalizando el Ensanche, sustituyendo \u2014tanto en las \u00e1reas urbanas como en las rurales\u2014 movilidad privada dependiente del petr\u00f3leo (o sea: coches) por movilidad p\u00fablica colectiva movida con energ\u00edas alternativas y locales; y, por supuesto, la bicicleta, uniendo por carril bici con O Milladoiro y otros n\u00facleos urbanos de la comarca, etc. Ah, y no quiero dejar pasar la ocasi\u00f3n, en el tema comarcal, de mencionarte que si avanz\u00e1is en ideas como la de la fusi\u00f3n de concellos, sea con un criterio de ahorro energ\u00e9tico y racionalidad, y apostando decididamente por devolver soberan\u00eda a cada barrio, a cada n\u00facleo urbano, a cada parroquia rural: es decir, m\u00e1s que fusionar las entidades grandes, confederar las unidades m\u00e1s peque\u00f1as. Eso ser\u00eda coherente con el futuro de relocalizaci\u00f3n pospetr\u00f3leo que nos espera.<\/p>\n<p>Tambi\u00e9n me gustar\u00eda ver, omnipresentes por las calles de la ciudad, campa\u00f1as que promuevan el necesario cambio cultural, no solo en la movilidad, sino en el consumo, en el trabajo, en el ocio, en todo nuestro modo de vida, pues si necesitamos nada menos que cambiar de civilizaci\u00f3n, la cultura y los valores sociales van a ser un eje trascendental, como ya debes tener en mente tras leer nuestra <a href=\"http:\/\/galiza.pospetroleo.com\/\">Gu\u00eda para o descenso enerx\u00e9tico. <\/a>O que repensases cosas que dice la prensa que dijiste durante la pasada campa\u00f1a acerca de la terminal de mercanc\u00edas del aeropuerto, porque, como bien sabes, la aviaci\u00f3n comercial va a ser de las primeras v\u00edctimas del descenso de la energ\u00eda f\u00f3sil. Ojal\u00e1 te preocupe m\u00e1s la extensi\u00f3n de mercados locales (de productoras\/es locales) por todos los barrios y parroquias, y menos las grandes infraestructuras de este mundo industrializado que est\u00e1 agonizando. O estudiar de qu\u00e9 productos cr\u00edticos va a ir careciendo la gente de Compostela a medida que el trasporte internacional se encarezca, primeramente, para despu\u00e9s irse reduciendo a niveles pre-mundializaci\u00f3n. O pensar la mejor manera de divulgar la gravedad de la situaci\u00f3n que tenemos ya encima en cada uno de los diversos sectores sociales, desde los colegios a la universidad, pasando por asociaciones vecinales o culturales, comercios, empresas y todas y cada una de las personas que viven y trabajan en la capital de nuestro pa\u00eds.<\/p>\n<p>Adem\u00e1s, si lo hac\u00e9is con fuerza y abiertamente (sin disimulos miedosos como el de vestir medidas pospetr\u00f3leo con el disfraz ambiental), imagina por un momento el eco que podr\u00eda llegar a tener a nivel internacional que la ciudad de destino del Camino de Prisciliano (perd\u00f3n: del galileo Yaqob bar Zibhdi, alias Sant&#8217;Iago) se convirtiese en un referente de ese cambio civilizatorio que se necesita aqu\u00ed y en todo el mundo, y que se incorporasen a la peregrinaci\u00f3n espiritual-religiosa nuevos conceptos que requieren de una difusi\u00f3n urgente a nivel internacional, como el Peak Oil, la relocalizaci\u00f3n, el decrecimiento, la resiliencia, la econom\u00eda poscrecimiento, el cambio civilizatorio&#8230;<\/p>\n<p>Lamentar\u00eda enormemente que perdieses de vista, por la vor\u00e1gine de la pol\u00edtica del d\u00eda a d\u00eda, que te va a tocar ser alcalde de esta emblem\u00e1tica ciudad durante los que probablemente van a ser los cuatro a\u00f1os m\u00e1s decisivos en la Historia de la Humanidad (y no lo digo yo, sino el Manifiesto \u00daltima Llamada, que t\u00fa tambi\u00e9n firmaste el a\u00f1o pasado, y que espero no hayas olvidado). Y perm\u00edteme que, recordando ese manifiesto y a la vista de tu reciente asistencia a una conferencia de Vincen\u00e7 Navarro, te invite a que repases el enfrentamiento de este economista socialdem\u00f3crata-neokeynesiano precisamente con los postulados del propio manifiesto que firmaste, y a que le prestes por lo menos la misma atenci\u00f3n a lo que va a contar una persona con una perspectiva radicalmente opuesta a la de Navarro, el pr\u00f3ximo lunes 15 de junio en la Facultad de Filosof\u00eda de tu nueva ciudad. Esta persona es Luis Gonz\u00e1lez Reyes, quien nos presentar\u00e1 una obra que considero imprescindible para entender el pasado, el presente y el futuro de nuestra especie desde una perspectiva integral antropol\u00f3gica-econ\u00f3mica-pol\u00edtica-energ\u00e9tica: <a href=\"http:\/\/ecologistasenaccion.org\/article29055.html\">En la espiral de la energ\u00eda<\/a> . Adem\u00e1s es un hombre con ideas muy concretas sobre c\u00f3mo abordar el necesario decrecimiento desde la praxis pol\u00edtica municipal con la \u00f3ptica del ecologismo social. An\u00f3talo en tu agenda, haz el favor: es a las 20h del pr\u00f3ximo lunes. Me gustar\u00eda verte all\u00ed, por coherencia con tu firma del manifiesto, y para que no vaya a pensar nadie que le prestas m\u00e1s o\u00eddos a ese viejo neokeynesianismo anclado en imposibles crecimientos impulsados por los poderes p\u00fablicos, y \u2014en consecuencia\u2014 no solo in\u00fatil sino incluso peligroso.<\/p>\n<p>Hay mucho que hacer desde el ayuntamiento, Marti\u00f1o. Nosotros hicimos lo posible por apuntaros una extensa bater\u00eda de ideas, pero t\u00fa cuentas con gente en tu propio equipo bien capaz de ponerlas en marcha y de a\u00f1adir otras igualmente \u00fatiles e interesantes para la urgente trasformaci\u00f3n que necesitamos. Aunque resulta innegable que las candidaturas alternativas que ten\u00edais m\u00e1s opciones de ganar fuisteis las m\u00e1s t\u00edmidas recogiendo expresamente en vuestros programas de gobierno medidas que les llamasen a las cosas por su nombre y que sacasen al primer plano un colapso dif\u00edcil de vender electoralmente: no hay m\u00e1s que comparar vuestro programa y el de la Marea Atl\u00e1ntica \u2014gente que tambi\u00e9n conoce de sobra el problema del Peak Oil\u2014 con el de la Marea de Vigo, por ejemplo, que recogi\u00f3 el 100% de las medidas propuestas por V\u00e9spera de Nada. Ya sabemos que es m\u00e1s f\u00e1cil ser radical y arriesgado cuando tienes pocas posibilidades de ganar, y por eso no me parece tan grave la ausencia \u2014o presencia discreta\u2014 del problema en vuestros programas. Lo grave ser\u00eda que, una vez con las riendas del gobierno municipal en vuestras manos, no dieseis el giro radical de direcci\u00f3n que hay que dar, estuviera o no explicitado en un programa electoral.<\/p>\n<p>Y termino ya mi carta, Marti\u00f1o, con un miedo &#8230;y una esperanza. Me result\u00f3 un tanto estremecedor ver que presentaste tu candidatura junto a la casa de \u00c1nxel Casal \u2014el alcalde de Compostela paseado por los golpistas del 36\u2014 porque no puedo dejar de relacionar lo que le pas\u00f3 a \u00e9l \u2014y a tantos\u2014 con la amenaza de que este proceso de colapso civilizatorio nos lleve de nuevo a alg\u00fan tipo de fascismo asesino. Cuando ya no queda para todos, t\u00fa bien sabes que los hay que no dudar\u00e1n en eliminar a los que les supongan un estorbo en su rapi\u00f1a de los restos de este mundo de exuberancia material que se desmorona irremediablemente. As\u00ed que no puedes permitirte pecar de t\u00edmido a la hora de vacunar a la gente sobre lo que nos viene, porque ser\u00eda cederles la iniciativa a este tipo de ideolog\u00edas, que se agazapan en las sombras asomando cada vez con m\u00e1s descaro sus maquillados rostros. Dec\u00edais en vuestro programa que quer\u00edais tomar consciencia \u201csin alarmismo\u201d del \u201cagotamiento progresivo del modelo de crecimiento econ\u00f3mico capitalista actual, basado en el consumo de energ\u00edas f\u00f3siles\u201d, para avanzar en la trasformaci\u00f3n de Compostela en una ciudad pospetr\u00f3leo. Yo te pido que no pongas la venda antes de la herida, que la gente no es tan tonta como a veces tendemos a pensar, y que si explic\u00e1is bien la gravedad de lo que nos va a tocar vivir, no os van a acusar de \u201calarmistas\u201d: lo van a comprender, os lo van a agradecer y vais a generar as\u00ed una inmunidad contra los cantos de sirena asesinos de la insolidaridad totalitaria. En vuestro programa propon\u00edais que Compostela liderase \u201cuna transici\u00f3n hacia la sociedad pospetr\u00f3leo\u201d. Te va a tocar a ti, Marti\u00f1o, ser ese l\u00edder, el que tiene la responsabilidad del pionero de marcar el camino. Y si lo haces con coherencia y valor, vas a contar en ese camino con el apoyo de m\u00e1s gente de la que crees.<\/p>\n<p>\u00a1Mucho \u00e1nimo, Marti\u00f1o!<\/p>\n<p>Atentamente, Casdeiro.<\/p>\n<p>16\/06\/2015<\/p>\n<p>http:\/\/www.eldiario.es\/ultima-llamada\/Carta-abierta-alcalde-Martino-Noriega_6_399370076.html<\/p>\n","protected":false},"excerpt":{"rendered":"<p>\u00a0<\/p>\n<p style='margin-bottom: 0.6cm; line-height: 150%;' align='justify'>Estimado Marti\u00f1o Noriega: esperamos que haya avances concretos y palpables en el camino hacia una mayor resiliencia social y econ\u00f3mica frente a este colapso energ\u00e9tico. <\/p>\n<p style='margin-bottom: 0.6cm; line-height: 150%;' align='justify'>\n","protected":false},"author":9,"featured_media":3018,"comment_status":"open","ping_status":"open","sticky":false,"template":"","format":"standard","meta":{"footnotes":""},"categories":[3,47],"tags":[],"class_list":["post-3017","post","type-post","status-publish","format-standard","has-post-thumbnail","hentry","category-condiciones-de-vida","category-notes-de-lectura-sobre-ecologia-social"],"aioseo_notices":[],"_links":{"self":[{"href":"https:\/\/espai-marx.net\/index.php?rest_route=\/wp\/v2\/posts\/3017","targetHints":{"allow":["GET"]}}],"collection":[{"href":"https:\/\/espai-marx.net\/index.php?rest_route=\/wp\/v2\/posts"}],"about":[{"href":"https:\/\/espai-marx.net\/index.php?rest_route=\/wp\/v2\/types\/post"}],"author":[{"embeddable":true,"href":"https:\/\/espai-marx.net\/index.php?rest_route=\/wp\/v2\/users\/9"}],"replies":[{"embeddable":true,"href":"https:\/\/espai-marx.net\/index.php?rest_route=%2Fwp%2Fv2%2Fcomments&post=3017"}],"version-history":[{"count":0,"href":"https:\/\/espai-marx.net\/index.php?rest_route=\/wp\/v2\/posts\/3017\/revisions"}],"wp:featuredmedia":[{"embeddable":true,"href":"https:\/\/espai-marx.net\/index.php?rest_route=\/wp\/v2\/media\/3018"}],"wp:attachment":[{"href":"https:\/\/espai-marx.net\/index.php?rest_route=%2Fwp%2Fv2%2Fmedia&parent=3017"}],"wp:term":[{"taxonomy":"category","embeddable":true,"href":"https:\/\/espai-marx.net\/index.php?rest_route=%2Fwp%2Fv2%2Fcategories&post=3017"},{"taxonomy":"post_tag","embeddable":true,"href":"https:\/\/espai-marx.net\/index.php?rest_route=%2Fwp%2Fv2%2Ftags&post=3017"}],"curies":[{"name":"wp","href":"https:\/\/api.w.org\/{rel}","templated":true}]}}