{"id":3049,"date":"2015-10-13T00:00:00","date_gmt":"2015-10-13T00:00:00","guid":{"rendered":"https:\/\/espai-marx.net\/?p=3049"},"modified":"2020-02-15T12:57:19","modified_gmt":"2020-02-15T11:57:19","slug":"la-innovacio-originaria-en-colors","status":"publish","type":"post","link":"https:\/\/espai-marx.net\/?p=3049","title":{"rendered":"La innovaci\u00f3 origin\u00e0ria (en colors)"},"content":{"rendered":"<p>\u201c<i>Ai Sala-i-Mart\u00edn, Ai Sala-i-Mart\u00edn, vull entendre-ho per\u00f2 no puc\u201d.<\/i><\/p>\n<p>(Escrit a la porta del lavabo d\u2019un antre sabadellenc)<\/p>\n<p>&nbsp;<\/p>\n<p>Un geni barbut de Tr\u00e8veris, en el seu viatge te\u00f2ric per desvetllar la llei econ\u00f2mica fonamental de la societat moderna, va parir un dels passatges m\u00e9s absorbents i captivadors de la hist\u00f2ria de l&#8217;Economia Pol\u00edtica, amb l\u2019objectiu de desmuntar les mistificacions ideol\u00f2giques sobre l\u2019origen del capitalisme. En el cap\u00edtol 24\u00e8 d&#8217;<i>El Capital <\/i>-un fragment que segur que no ha llegit el destinatari d\u2019aquesta columna, sa majestat Xavier Sala-i-Mart\u00edn, vistos els malencerts sobre hist\u00f2ria que ja va demostrar a <i>El convidat <\/i>d\u2019Albert Om-, Marx critica amb una prosa sublim la farsa que justificava l\u2019acumulaci\u00f3 origin\u00e0ria de capital a mans d\u2019uns pocs basada en una total poca-soltada, sostinguda per la resta d\u2019economistes de l\u2019\u00e8poca: \u201cEn un temps ja molt lluny\u00e0 hi havia, d\u2019una banda, una elit diligent, intel\u00b7ligent i per damunt de tot estalviadora i, de l\u2019altra, un lumpen oci\u00f3s i, particularment, desenfrenat.\u201d A aquesta versi\u00f3, que per Marx exerceix en l&#8217;Economia Pol\u00edtica el mateix paper que el pecat original en la teologia, ell hi oposa les veritables causes hist\u00f2riques de l&#8217;acumulaci\u00f3 primitiva: l&#8217;expropiaci\u00f3 dels productors directes i, m\u00e9s espec\u00edficament, \u00abla destrucci\u00f3 de la propietat privada que es funda en el treball propi, \u00e9s a dir, l&#8217;expropiaci\u00f3 del treballador\u00bb, que permet un element clau del capitalisme: \u00abL&#8217;explotaci\u00f3 del treball formalment lliure d&#8217;altres, \u00e9s a dir, el treball assalariat\u00bb. Un proc\u00e9s hist\u00f2ric de despossessi\u00f3 que es va fer, per descomptat, a sang i foc. Llegiu \u00abL\u2019anomenada acumulaci\u00f3 primitiva\u00bb, feu-me cas. Tres o quatre vegades.<\/p>\n<p>Veient i patint el primer programa d\u2019<i>Economia en colors<\/i>, programat a la televisi\u00f3 p\u00fablica que paguem entre tots, no trobo punt de partida m\u00e9s encertat que aquest per assenyalar l\u2019estafa ideol\u00f2gica que suposa aquesta revisitaci\u00f3 <i>cool<\/i> neoliberal del mite de l\u2019acumulaci\u00f3 origin\u00e0ria: diguem-li -proposo- la <i>innovaci\u00f3 origin\u00e0ria<\/i>. En colors. La punyetera farsa onanista dels dos joves genis en un garatge, de la gran idea original per explicar l\u2019\u00e8xit de monstres multinacionals com IKEA, Zara, Apple, Starbucks, i McDonald&#8217;s. Ni rastre de l\u2019\u00fanic i veritable origen del benefici: el treball assalariat.<\/p>\n<p>Clar. No tindria prou rigor econ\u00f2mic, parlant d\u2019IKEA, atribuir l\u2019acumulaci\u00f3 de beneficis a la deslocalitzaci\u00f3 empresarial, a l\u2019explotaci\u00f3 sagnant als llocs de producci\u00f3, a la precaritzaci\u00f3 als llocs de venda o la repressi\u00f3 sindical, o a l\u2019animalada d\u2019haver convertit un objecte abans patrimonial en un objecte de consum obsolescent de conseq\u00fc\u00e8ncies ecol\u00f2giques irreversibles. Qu\u00e8 dius, ara?! Per qu\u00e8 explicar que el seu fundador va ser un calvinista mesqu\u00ed amic de Per Engdahl i Sven Olov Lindholm, l\u00edders del moviment pronazi suec? On vas a parar!? Aix\u00f2 no seria economia, perqu\u00e8 l\u2019economia s\u2019explica millor dient que 85 persones del m\u00f3n tenen la mateixa riquesa que la meitat del planeta&#8230; perqu\u00e8 van tenir una idea de l&#8217;h\u00f2stia.<\/p>\n<p>En aquesta orgia m\u00edstica de la male\u00efda emprenedoria, Amancio Ortega apareix com el llest de la classe que va descobrir que produint roba nova cada setmana (i no nom\u00e9s dues vegades l\u2019any) podria disparar els seus beneficis, moment del programa en qu\u00e8 Marx es recaragola a la seva tomba i es talla les venes amb les p\u00e0gines del Llibre II de la seva obra magna sobre el temps de rotaci\u00f3 del capital com a factor inversament proporcional a l\u2019acumulaci\u00f3. \u00c9s ben cert que com menys saps m\u00e9s creus que ets capa\u00e7 d\u2019inventar. Per no parlar del moment antol\u00f2gic en qu\u00e8 Sala-i-Martin parla d\u2019Inditex, amb 6.000 botigues en 80 pa\u00efsos diferents, com una empresa de \u201cproducci\u00f3 de proximitat\u201d. Ens tenen el cap tan devorat que ja no els perjudica ni cagar-se a la nostra cara. I McDonald\u2019s? I Starbucks? Deixem-ho.<\/p>\n<p>El s\u00edmil amb Pep Guardiola (com a innovador originari) i el Bar\u00e7a de les 6 copes \u00e9s tamb\u00e9 memorable. \u00c9s curi\u00f3s que de la mateixa manera que el de Santpedor respon a la pregunta de si l\u2019\u00e8xit d\u2019aquell equip havia nascut de la seva idea de col\u00b7locar Messi de fals davanter amb un \u201cno, el m\u00e8rit no era meu. Eren els jugadors\u201d, Sala-i-Martin no s\u2019ho apliqui quan atribueix les fortunes obscenes dels capitalistes que reverencia i entengui que\u2026 s\u00f3n les treballadores. Amb la difer\u00e8ncia, a m\u00e9s, que aquestes no es reparteixen el past\u00eds de la riquesa que creen, mentre que els capitalistes es forren amb el treball que no paguen. Per cert, us heu fixat en l\u2019escenografia des de la qual expliquen els \u00e8xits de Zara? Ni un treballador. Tot de m\u00e0quines que van soles i magatzems plens de roba. Visqui el treball immaterial i cognitiu que sost\u00e9\u2026 Zara. Que la realitat no espatlli mai un -pen\u00f3s- relat.<\/p>\n<p>Per cert, no caldria dedicar ni una sola l\u00ednia a desmuntar l\u2019ide\u00f2leg neoliberal del r\u00e8gim catal\u00e0 si autors com Diego Guerrero i obres com la seva <i>Economia no liberal para liberales i no liberales<\/i>, on destrossa literalment per KO Sala-i-Mart\u00edn, tinguessin una mil\u00b7l\u00e8sima part del ress\u00f2 que t\u00e9 l\u2019exconsultor del Banc Mundial i el Fons Monetari Internacional d\u2019americanes alegres a les nostres televisions. \u00c9s pat\u00e8tic haver de recordar als senyors de TV3 que existeixen molts corrents de pensament econ\u00f2mic a part del neocl\u00e0ssic, tot i que s\u2019ent\u00e9n que sigui quelcom que se\u2019ls escapi, ja que tamb\u00e9 se\u2019ls escapa a l\u2019absoluta totalitat de les facultats d\u2019economia de Catalunya i de l\u2019Estat.<\/p>\n<p>Ansiosos esperant la segona entrega d\u2019aquesta \u201cegonometria en colors\u201d. Molt.<\/p>\n<p><a name=\"_GoBack\"><\/a> <i><b>Font:<\/b><\/i> <a href=\"https:\/\/directa.cat\/innovacio-originaria-en-colors\">https:\/\/directa.cat\/innovacio-originaria-en-colors<\/a><\/p>\n<p>&nbsp;<\/p>\n","protected":false},"excerpt":{"rendered":"<p class='MsoNormal' style='margin-bottom: 12.0pt; text-align: justify; line-height: 150%; vertical-align: baseline;'>Veient i patint el primer programa d\u2019Economia en colors, programat a la televisi\u00f3 p\u00fablica que paguem entre tots, no trobo punt de partida m\u00e9s encertat que aquest per assenyalar l\u2019estafa ideol\u00f2gica que suposa aquesta revisitaci\u00f3 cool neoliberal del mite de l\u2019acumulaci\u00f3 origin\u00e0ria: diguem-li -proposo- la innovaci\u00f3 origin\u00e0ria. En colors. La punyetera farsa onanista dels dos joves genis en un garatge, de la gran idea original per explicar l\u2019\u00e8xit de monstres multinacionals com IKEA, Zara, Apple, Starbucks, i McDonald&#8217;s. Ni rastre de l\u2019\u00fanic i veritable origen del benefici: el treball assalariat.<\/p>\n","protected":false},"author":9,"featured_media":3050,"comment_status":"open","ping_status":"open","sticky":false,"template":"","format":"standard","meta":{"footnotes":""},"categories":[44],"tags":[],"class_list":["post-3049","post","type-post","status-publish","format-standard","has-post-thumbnail","hentry","category-economia"],"aioseo_notices":[],"_links":{"self":[{"href":"https:\/\/espai-marx.net\/index.php?rest_route=\/wp\/v2\/posts\/3049","targetHints":{"allow":["GET"]}}],"collection":[{"href":"https:\/\/espai-marx.net\/index.php?rest_route=\/wp\/v2\/posts"}],"about":[{"href":"https:\/\/espai-marx.net\/index.php?rest_route=\/wp\/v2\/types\/post"}],"author":[{"embeddable":true,"href":"https:\/\/espai-marx.net\/index.php?rest_route=\/wp\/v2\/users\/9"}],"replies":[{"embeddable":true,"href":"https:\/\/espai-marx.net\/index.php?rest_route=%2Fwp%2Fv2%2Fcomments&post=3049"}],"version-history":[{"count":0,"href":"https:\/\/espai-marx.net\/index.php?rest_route=\/wp\/v2\/posts\/3049\/revisions"}],"wp:featuredmedia":[{"embeddable":true,"href":"https:\/\/espai-marx.net\/index.php?rest_route=\/wp\/v2\/media\/3050"}],"wp:attachment":[{"href":"https:\/\/espai-marx.net\/index.php?rest_route=%2Fwp%2Fv2%2Fmedia&parent=3049"}],"wp:term":[{"taxonomy":"category","embeddable":true,"href":"https:\/\/espai-marx.net\/index.php?rest_route=%2Fwp%2Fv2%2Fcategories&post=3049"},{"taxonomy":"post_tag","embeddable":true,"href":"https:\/\/espai-marx.net\/index.php?rest_route=%2Fwp%2Fv2%2Ftags&post=3049"}],"curies":[{"name":"wp","href":"https:\/\/api.w.org\/{rel}","templated":true}]}}