{"id":3054,"date":"2015-11-04T00:00:00","date_gmt":"2015-11-04T00:00:00","guid":{"rendered":"https:\/\/espai-marx.net\/?p=3054"},"modified":"2020-02-15T12:55:25","modified_gmt":"2020-02-15T11:55:25","slug":"unitat-popular-el-nou-mantra-de-les-esquerres-i-un-nou-vell-error","status":"publish","type":"post","link":"https:\/\/espai-marx.net\/?p=3054","title":{"rendered":"Unitat Popular: El nou \u201cmantra\u201d de les esquerres i un nou (vell) error"},"content":{"rendered":"<p><a name=\"_GoBack\"><\/a> Fins fa poc mesos, els conceptes que m\u00e9s es repetien dins i al voltant de les esquerres socials i pol\u00edtiques eren els de \u201cruptura democr\u00e0tica\u201d, \u201cproc\u00e9s constituent\u201d en el context de lluita dins i contra el r\u00e8gim del 78. [<a href=\"http:\/\/euia.cat\/pagina.php?idp=7943\">1<\/a>] [<a href=\"http:\/\/politica.elpais.com\/politica\/2014\/11\/15\/actualidad\/1416044494_928494.html\">2<\/a>] [<a href=\"http:\/\/cup.cat\/noticia\/david-fernandez-som-un-projecte-de-ruptura-democratica-als-paisos-catalans-1\">3<\/a>]<\/p>\n<p>La pluralitat de les esquerres fa que la conceptualitzaci\u00f3 d&#8217;aquests termes sigui sensiblement diferents segons l&#8217;an\u00e0lisi de cada organitzaci\u00f3. Ara \u00e9s un altre concepte el que sembla clau per a la lluita social i nacional del nostre poble, el concepte Unitat Popular. Crec que els i les comunistes de Catalunya podem cometre un greu error en la manera d\u2019enfocar la Unitat Popular, especialment si seguim la l\u00ednia dels companys i companyes d\u2019Izquierda Unida o de Podemos.<\/p>\n<p>Els que venim d&#8217;una de les branques (la marxista-leninista del PCC i els CJC) que van formar Comunistes de Catalunya hav\u00edem teoritzat des dels anys 80 l&#8217;aposta estrat\u00e8gica del Front d&#8217;Esquerres. En aquesta estrat\u00e8gia social, cultural, econ\u00f2mica i electoral, es van produir moltes iniciatives d&#8217;acord electoral com la mateixa Iniciativa per Catalunya [<a href=\"http:\/\/dialnet.unirioja.es\/servlet\/articulo?codigo=5003314\">4<\/a>] (any 1987, formada amb el PSUC, independents i L&#8217;Entesa dels Nacionalistes d&#8217;Esquerra) per\u00f2 no es va considerar mai -amb encert segons el meu punt de vista- que aix\u00f2 fos el Front d&#8217;Esquerres o la Unitat Popular (concepte que ja utilitzava el camarada Manolo Monereo en aquesta etapa al capdavant del Partido Comunista del Pueblo Andaluz com a alternativa al projecte de Convergencia Pol\u00edtica y Social impulsat pel PCE).<\/p>\n<p>Era un pas endavant en aquest sentit, especialment en l&#8217;esfera electoral, per\u00f2 no es podia confondre. El tema principal era l&#8217;organitzaci\u00f3 popular en els diferents espais (feina, barri, universitat, cooperatives, ateneus, sindicats&#8230;) per construir el poder popular i l&#8217;alternativa al sistema imperant i els seus aliats. Aix\u00f2 \u00e9s la base del projecte comunista, i on s\u2019han d\u2019invertir pr\u00e0cticament tots els esfor\u00e7os. Del bon treball o no en aquest sentit despr\u00e9s es podr\u00e0 veure reflectit en els resultats electorals. Per\u00f2 la \u201cUnitat Popular\u201d est\u00e0 molt lluny de representar aix\u00f2.<\/p>\n<p>De nou, s\u2019est\u00e0 confonent un acord electoral -important sens dubte- entre diferents forces de l&#8217;esquerra amb el que hauria de ser una aposta estrat\u00e8gica a mig i llarg termini. De nou ens acostem a una confrontaci\u00f3 electoral amb un llenguatge d\u2019ofensiva quan no hem acumulat forces per ni tan sols resistir a l\u2019ofensiva de l\u2019enemic.<\/p>\n<p>En aquest document d\u2019Izquierda Unida sobre la Unitat Popular [<a href=\"http:\/\/www.izquierda-unida.es\/sites\/default\/files\/doc\/Hacia%20la%20Unidad%20Popular.pdf\">5<\/a>], s\u2019assenyala de nou una fita electoral -del 24 de maig, eleccions municipals i auton\u00f2miques- com: \u201c<i>Y el 24M ha marcado un punto de inflexi\u00f3n en la historia pol\u00edtica de nuestro pa\u00eds. Y ya no hay vuelta atr\u00e1s. El \u00e9xito de las candidaturas de unidad popular ha dejado claro que la ciudadan\u00eda quiere la unidad, y que este tipo de procesos, basados en el protagonismo y la participaci\u00f3n ciudadana no solo suman, multiplican.<\/i>\u201d Sembla ser que anys i anys de derrotes queden compensades i amb escreix pels resultats electorals de maig.<\/p>\n<p>Per m\u00e9s endavant assenyalar les eleccions europees del 2014 com un altre moment perdut de la Unitat Popular (novament el pacte electoral amb Podemos). Una visi\u00f3 estrat\u00e8gica del futur \u201cNo obstante, la lectura pol\u00edtica de los resultados municipales y auton\u00f3micos nos indica claramente la potencialidad de la Convergencia. All\u00ed donde \u00e9sta ha conformado el mejor proceso unitario, las formas m\u00e1s participativas, ha mimado la pluralidad, etc. ha obtenido unos resultados incuestionables que orientan claramente el futuro.\u201d<\/p>\n<p>Per a IU, no hi ha m\u00e9s cam\u00ed que la Unitat Popular (sic) i aquesta es concreta en \u201c<i>Se trata de hacer llegar a las Instituciones, al Parlamento y finalmente al Gobierno de Espa\u00f1a lo que son demandas de la calle y de la amplia mayor\u00eda social y que se sit\u00faan en torno a tres objetivos<\/i>\u201d:<\/p>\n<p><i>-Concretar la salida social a la crisis o la soluci\u00f3n efectiva a la situaci\u00f3n de emergencia social del pa\u00eds.<br \/>\n-Cambiar la pol\u00edtica: situar lo mejor de la nueva cultura pol\u00edtica que ha emergido en los \u00faltimos a\u00f1os y que se comienza a desplegar, desde el 24 M, en todas las instituciones,<\/i><\/p>\n<p><i>-Hacer efectiva la unidad popular en candidaturas unitarias en el conjunto del Estado. Candidaturas con actitud y determinaci\u00f3n de ganar el Gobierno del pa\u00eds.<\/i><\/p>\n<p><i>Es por todo ello que Izquierda Unida hace un llamamiento a las fuerzas pol\u00edticas que est\u00e1n por la transformaci\u00f3n social sin distinci\u00f3n alguna, a las sociales que est\u00e1n en la lucha cotidiana y en la alternativa, a sindicatos, colectivos, plataformas que han impulsado las CUP en municipios y comarcas, a las fuerzas de la cultura, etc. a explorar las bases de acuerdos de m\u00ednimos que permitan concretar esa convergencia social y pol\u00edtica y que, en lo electoral, culmine con la conformaci\u00f3n de plataforma electorales comunes para las pr\u00f3ximas elecciones generales con el fin de desalojar a la derecha y a las pol\u00edticas de derecha de las instituciones.<\/i><\/p>\n<p>(A tall anecd\u00f2tic, \u00e9s curi\u00f3s que es parli de \u201cconverg\u00e8ncia social y pol\u00edtica\u201d que va ser el mateix concepte que va impulsar PCE als anys 80 de la m\u00e0 de Gerardo Iglesias i que va acabar donant lloc amb el PCPE \u2013principalment- a la creaci\u00f3 d\u2019 Izquierda Unida l\u2019any 1986)<\/p>\n<p>Ras i curt, Unitat Popular \u00e9s un acord electoral entre diferents forces progressistes per guanyar les eleccions del 20 D. Un acord electoral que, si passem de la teoria a la realitat, ha de concretar-se amb PODEMOS principalment \u2013sense restar import\u00e0ncia a forces com Anova, Comprom\u00eds etc.- per\u00f2 que sempre queda m\u00e9s llu\u00eft parlar de \u201cm\u00faltiples forces pol\u00edtiques i\/o socials\u201d.<\/p>\n<p>L\u2019acord amb Podemos sembla ja impossible [<a href=\"http:\/\/www.publico.es\/politica\/iglesias-garzon-dan-rota-negociacion.html\">6<\/a>]. Tot amb tot em venen diferents reflexions.<\/p>\n<p>Qu\u00e9 lluny que queda l\u2019etapa d\u2019extasi col\u00b7lectiu a IU i d\u2019aquell \u00ab\u00c9sta es la Syriza espa\u00f1ola, no hace falta irse a buscarla fuera\u201d [<a href=\"http:\/\/www.publico.es\/espana\/cayo-lara-reelegido-coordinador-federal.html\">7<\/a>]<\/p>\n<p>Si el pacte electoral amb Podemos no \u00e9s possible, on queda el cam\u00ed irrenunciable de la Unitat Popular? IU es presentar\u00e0 a les eleccions amb algun aliat amb l\u2019objectiu com a m\u00e0xim d\u2019obtenir grup parlamentari propi?<\/p>\n<p>No hem apr\u00e8s res de la hist\u00f2ria o almenys de la hist\u00f2ria recent? La hipot\u00e8tica vict\u00f2ria electoral a les generals (veurem si Podemos no acaba agrupant el 18% de l&#8217;electorat i votant a Pedro S\u00e1nchez com a president) seria un gran triomf per\u00f2 com hem vist a Gr\u00e8cia [<a href=\"http:\/\/www.20minutos.es\/noticia\/2515493\/0\/pablo-iglesias\/decision-tsipras\/verdad-poder\/\">8<\/a>] tamb\u00e9 un gran repte davant unes forces nacionals i internacionals molt poderoses. Existeix dins la classe obrera i els sectors populars dels pobles d\u2019Espanya la capacitat d\u2019organitzaci\u00f3, consci\u00e8ncia i lluita per oferir batalla a la Troika?<\/p>\n<p>El sindicalisme \u2013tant el majoritari com el minoritari- ha demostrat la seva for\u00e7a i vitalitat durant aquests anys i ha estat capa\u00e7 d\u2019aturar la destrucci\u00f3 de la classe obrera com a subjecte pol\u00edtic conscient? I la destrucci\u00f3 de l\u2019estat del benestar? Despr\u00e9s d\u2019aix\u00f2 existeix sindicalisme a Espanya amb capacitat operativa m\u00e9s enll\u00e0 del pacte cupular o els petits aldarulls?<\/p>\n<p>Hem estat capa\u00e7os de vertebrar un potent moviment social on ens trobem amb els sectors plurals de les esquerres sota uns acords de m\u00ednims i que podrien traslladar-se a la lluita social i nacional?<\/p>\n<p>Existeix una xarxa d\u2019economia i treball cooperatiu alternativa a la imperant i que ens permetria oferir alternatives des del primer dia despr\u00e9s de guanyar les eleccions?<\/p>\n<p>Existeix actualment una majoria social a Espanya disposada a lluitar per un programa com el que planteja IU o Podemos?<\/p>\n<p>Malauradament, crec que el projecte estrat\u00e8gic \u2013que he resumit abans en el Front d\u2019Esquerres per\u00f2 que podria tenir un altre nom en l\u2019actualitat- dels comunistes \u00e9s veritablement l\u2019\u00fanic capa\u00e7 de plantejar la batalla per la democr\u00e0cia i que aquest projecte est\u00e0 massa debilitat. Calen moltes m\u00e9s forces, organitzaci\u00f3 i poder popular a les esferes social, cultural, econ\u00f2mica i finalment electoral com per plantejar realment un escenari com el que planteja Podemos des del seu naixement o el de la Unitat Popular, el nou mantra.<\/p>\n<p>Cal construir moltes m\u00e9s trinxeres, fortificacions, b\u00fanquers i vertebrar un veritable ex\u00e8rcit social per la lluita de posicions gramsciana en la que estem immersos. Siguem seriosos i admetem que no hi ha possibilitat \u2013actualment- de guanyar ni molt menys de transformar la realitat, amb Unitat Popular o sense. Avui, dem\u00e0 i per molts dies m\u00e9s, els comunistes hem de fer un treball de formigueta, vertebrant, reconstruint, construint, organitzant, formant, analitzant, discutint, orientant i lluitant. No hi ha dreceres. Forces com Podemos, de car\u00e0cter eminentment electoral han de fer la seva feina, per\u00f2 nosaltres tenim una tasca massa important. Si les urg\u00e8ncies electorals de tot tipus continuen ocupant la major part del temps, la derrota ser\u00e0 molt m\u00e9s dura que l\u2019electoral. A m\u00e9s, existeixen altres forces, com la CUP, amb les quals, si entenen tamb\u00e9 aix\u00f2 i actuen de manera intel\u00b7ligent, podr\u00edem acabar ocupant tot l\u2019espai (real) de l\u2019esquerra transformadora a Catalunya. Els i les comunistes de Catalunya tenim un gran repte.<\/p>\n<p><i><b>Font: <\/b><\/i><a href=\"http:\/\/bloc.realitat.cat\/2015\/10\/unitat-popular-el-nou-mantra-de-les.html\">http:\/\/bloc.realitat.cat\/2015\/10\/unitat-popular-el-nou-mantra-de-les.html<\/a><\/p>\n<p>[1] <a href=\"http:\/\/euia.cat\/pagina.php?idp=7943\">http:\/\/euia.cat\/pagina.php?idp=7943<\/a><\/p>\n<p>[2]<a href=\"http:\/\/politica.elpais.com\/politica\/2014\/11\/15\/actualidad\/1416044494_928494.html\">http:\/\/politica.elpais.com\/politica\/2014\/11\/15\/actualidad\/1416044494_928494.html<\/a><\/p>\n<p>[3] <a href=\"http:\/\/cup.cat\/noticia\/david-fernandez-som-un-projecte-de-ruptura-democratica-als-paisos-catalans-1\">http:\/\/cup.cat\/noticia\/david-fernandez-som-un-projecte-de-ruptura-democratica-als-paisos-catalans-1<\/a><\/p>\n<p>[4] <a href=\"http:\/\/dialnet.unirioja.es\/servlet\/articulo?codigo=5003314\">http:\/\/dialnet.unirioja.es\/servlet\/articulo?codigo=5003314<\/a><\/p>\n<p>[5] <a href=\"http:\/\/www.izquierda-unida.es\/sites\/default\/files\/doc\/Hacia%20la%20Unidad%20Popular.pdf\">http:\/\/www.izquierda-unida.es\/sites\/default\/files\/doc\/Hacia%20la%20Unidad%20Popular.pdf<\/a><\/p>\n<p>[6] <a href=\"http:\/\/www.publico.es\/politica\/iglesias-garzon-dan-rota-negociacion.html\">http:\/\/www.publico.es\/politica\/iglesias-garzon-dan-rota-negociacion.html<\/a><\/p>\n<p>[7] <a href=\"http:\/\/www.publico.es\/espana\/cayo-lara-reelegido-coordinador-federal.html\">http:\/\/www.publico.es\/espana\/cayo-lara-reelegido-coordinador-federal.html<\/a><\/p>\n<p>[8] <a href=\"http:\/\/www.20minutos.es\/noticia\/2515493\/0\/pablo-iglesias\/decision-tsipras\/verdad-poder\/\">http:\/\/www.20minutos.es\/noticia\/2515493\/0\/pablo-iglesias\/decision-tsipras\/verdad-poder\/<\/a><\/p>\n","protected":false},"excerpt":{"rendered":"<p class='MsoNormal' style='text-align: justify;'>Cal construir moltes m\u00e9s trinxeres, fortificacions, b\u00fanquers i vertebrar un veritable ex\u00e8rcit social per la lluita de posicions gramsciana en la que estem immersos. Siguem seriosos i admetem que no hi ha possibilitat \u2013actualment- de guanyar ni molt menys de transformar la realitat, amb Unitat Popular o sense. Avui, dem\u00e0 i per molts dies m\u00e9s, els comunistes hem de fer un treball de formigueta, vertebrant, reconstruint, construint, organitzant, formant, analitzant, discutint, orientant i lluitant. No hi ha dreceres.<\/p>\n","protected":false},"author":9,"featured_media":3055,"comment_status":"open","ping_status":"open","sticky":false,"template":"","format":"standard","meta":{"footnotes":""},"categories":[13],"tags":[],"class_list":["post-3054","post","type-post","status-publish","format-standard","has-post-thumbnail","hentry","category-la-izquierda-a-debate"],"aioseo_notices":[],"_links":{"self":[{"href":"https:\/\/espai-marx.net\/index.php?rest_route=\/wp\/v2\/posts\/3054","targetHints":{"allow":["GET"]}}],"collection":[{"href":"https:\/\/espai-marx.net\/index.php?rest_route=\/wp\/v2\/posts"}],"about":[{"href":"https:\/\/espai-marx.net\/index.php?rest_route=\/wp\/v2\/types\/post"}],"author":[{"embeddable":true,"href":"https:\/\/espai-marx.net\/index.php?rest_route=\/wp\/v2\/users\/9"}],"replies":[{"embeddable":true,"href":"https:\/\/espai-marx.net\/index.php?rest_route=%2Fwp%2Fv2%2Fcomments&post=3054"}],"version-history":[{"count":0,"href":"https:\/\/espai-marx.net\/index.php?rest_route=\/wp\/v2\/posts\/3054\/revisions"}],"wp:featuredmedia":[{"embeddable":true,"href":"https:\/\/espai-marx.net\/index.php?rest_route=\/wp\/v2\/media\/3055"}],"wp:attachment":[{"href":"https:\/\/espai-marx.net\/index.php?rest_route=%2Fwp%2Fv2%2Fmedia&parent=3054"}],"wp:term":[{"taxonomy":"category","embeddable":true,"href":"https:\/\/espai-marx.net\/index.php?rest_route=%2Fwp%2Fv2%2Fcategories&post=3054"},{"taxonomy":"post_tag","embeddable":true,"href":"https:\/\/espai-marx.net\/index.php?rest_route=%2Fwp%2Fv2%2Ftags&post=3054"}],"curies":[{"name":"wp","href":"https:\/\/api.w.org\/{rel}","templated":true}]}}