{"id":3059,"date":"2015-11-18T00:00:00","date_gmt":"2015-11-17T23:00:00","guid":{"rendered":"https:\/\/espai-marx.net\/?p=3059"},"modified":"2020-02-19T09:00:32","modified_gmt":"2020-02-19T08:00:32","slug":"paris-la-guerra-imperial-y-el-folleto-junius","status":"publish","type":"post","link":"https:\/\/espai-marx.net\/?p=3059","title":{"rendered":"Par\u00eds, la Guerra Imperial y el Folleto Junius"},"content":{"rendered":"<p>A\u00fan no hab\u00eda dejado de oler a p\u00f3lvora el aire de la UE y las aguas del Mediterr\u00e1neo a causa de las \u00faltimas maniobras de la OTAN, las mayores llevadas a cabo despu\u00e9s de la Segunda Guerra Mundial, cuando Par\u00eds viv\u00eda una noche de terror y muerte.<\/p>\n<p>Los atentados de Par\u00eds, Ankara, Beirut\u2026tienen el mismo perfil: la guerra discrecional, psicol\u00f3gica, indefinida, dentro de un conflicto global entre grandes poderes, grandes corporaciones financiero-econ\u00f3micas, que arrastran detr\u00e1s tambi\u00e9n a diferentes facciones de los Estados m\u00e1s poderosos del planeta, en una cruenta batalla que tiene un frente externo global y otro interno, en una recomposici\u00f3n del poder de las \u00e9lites y acopio de posiciones de fuerza de cara al nuevo capitalismo salvaje que viene o incluso del post-capitalismo (que ellas quieren tambi\u00e9n salvaje) ya en curso. Ellas se dan tortas en nuestros cuerpos destrozados, a trav\u00e9s de las matanzas de miles y miles de seres humanos en todo el mundo.<\/p>\n<p>Este tipo de t\u00e1cticas b\u00e9licas tienen como objetivo crear las condiciones para una intervenci\u00f3n a gran escala o debilitar las facciones de clase contrarias, ya sea econ\u00f3mica, pol\u00edtica, militar o incluso emocionalmente.<\/p>\n<p>Habr\u00eda que hacerse muchas preguntas al respecto. \u00bfSabemos con bastante certeza qui\u00e9n financia al \u201cEstado Isl\u00e1mico\u201d (los principales pa\u00edses del Golfo Ar\u00e1bigo, especialmente la dictadura saud\u00ed amiga de Europa); qui\u00e9n le apoya t\u00e9cnica y log\u00edsticamente (Israel); qui\u00e9n lo crea (EE.UU. a partir sobre todo de restos del ej\u00e9rcito iraqu\u00ed) y qui\u00e9n lo articula operativamente (Turqu\u00eda)? \u00bfA qu\u00e9 supermercado va a vender el petr\u00f3leo y el gas que roba, con el permiso de los ej\u00e9rcitos de los pa\u00edses nombrados y algunos otros europeos, en Siria e Irak?, \u00bfbajo qu\u00e9 bandera se transportan esas materias primas?<\/p>\n<p>Demasiados interrogantes que nuestros pol\u00edticos profesionales, acad\u00e9micos org\u00e1nicos y medios de difusi\u00f3n de masas se empe\u00f1an en no responder y que nos conducen a pensar que no es la primera vez en la historia reciente que se utilizan mercenarios o ej\u00e9rcitos de falsa bandera para ocultar al inductor, al que realmente dirige la guerra.<\/p>\n<p>Disculpen ustedes, por eso, si les recomendamos que sean ustedes mismos quienes busquen a Wally, seguro que lo encuentran.<\/p>\n<p>Estamos en guerra. Sin lugar a dudas esta guerra global tiene como objetivo el control de las zonas geoestrat\u00e9gicas del planeta, los recursos energ\u00e9ticos y naturales y el espacio interestelar, as\u00ed como el enfrentamiento o desplazamiento de las potencias dichas \u201cemergentes\u201d. Podr\u00edamos decir que vivimos una Guerra-Mundo, al mejor Hollywood, pero en la vida real.<\/p>\n<p>EEUU, la UE, Canad\u00e1 y Jap\u00f3n, van perdiendo la hegemon\u00eda mundial frente a Rusia y China, sobre todo, con el apoyo de otros Pa\u00edses BRICS. Utilizan lo que el Capital ha utilizado otras veces para salir de una crisis sist\u00e9mica y resolver as\u00ed las contradicciones de clase: LA GUERRA.<\/p>\n<p>El Capital y su brazo armado, la OTAN, van cerrando el c\u00edrculo en torno a Rusia, su principal adversario militar. El control de los Balcanes, Afganist\u00e1n, el Cuerno de \u00c1frica, el Canal de Su\u00e9z\u2026el golpe de estado fascista en Ucrania, el despliegue de misiles estrat\u00e9gicos en la UE y el despliegue de tropas en Polonia, apuntan al objetivo: Rusia. Muy posiblemente en breve comenzaremos a ver al fascismo asi\u00e1tico, sea en su versi\u00f3n \u201cEstado Isl\u00e1mico\u201d o en cualquier otra, infiltrarse en los territorios rusos (incluso chinos) con poblaci\u00f3n musulmana, tambi\u00e9n en las exrep\u00fablicas sovi\u00e9ticas.<\/p>\n<p>Pero vivimos igualmente una guerra de clases, donde la vieja Europa disciplina a su poblaci\u00f3n con leyes coercitivas y de aumento de la tasa de explotaci\u00f3n sobre los trabajadores y el medio f\u00edsico, en una creciente dictadura combinada de la tasa de ganancia y de la tasa de inter\u00e9s.<\/p>\n<p>El cierre de fronteras en Hungr\u00eda y Alemania a los refugiados Sirios, y ahora las de Francia, despu\u00e9s de los atentados, son botones de muestra del rostro que est\u00e1 adquiriendo la guerra de clases interna en combinaci\u00f3n con la externa. La dominaci\u00f3n de las sociedades por el miedo permite a las clases dominantes desbaratar m\u00e1s r\u00e1pidamente las conquistas y logros sociales conseguidos durante siglos. Recortar las libertades bajo la excusa de la seguridad.<\/p>\n<p>Por eso, en la estrategia de disciplinar a la ciudadan\u00eda europea entra el apoyo de las \u00e9lites a los partidos de extrema derecha o directamente fascistas, y la colaboraci\u00f3n con aquellas fuerzas pol\u00edticas \u201cprogresistas\u201d que no cuestionen la estrategia imperial de la guerra.<\/p>\n<p>No es ajena una parte de la izquierda internacional a esa colaboraci\u00f3n b\u00e9lica. Fue precisamente el apoyo de la socialdemocracia alemana, inglesa y francesa a la carrera armamentista antes de la Primera Guerra Mundial, la causa de la ruptura de la Segunda Internacional. Rosa Luxemburgo, en su trabajo el \u201cFolleto Junius\u201d explica muy bien el proceso. <a href=\"https:\/\/marxismolibertario.files.wordpress.com\/2010\/09\/09el-folletojuniuslacrisisdelasocialdemocraciaalemana_0.pdf\" target=\"_blank\" rel=\"noopener noreferrer\">https:\/\/marxismolibertario.files.wordpress.com\/2010\/09\/09el-folletojuniuslacrisisdelasocialdemocraciaalemana_0.pdf<\/a><\/p>\n<p>De nuevo hoy, cien a\u00f1os despu\u00e9s, existe una l\u00ednea roja en el campo de la emancipaci\u00f3n y la soberan\u00eda de los pueblos: la Guerra. Aquellos que se han situado a favor de la invasi\u00f3n colonial de Afganist\u00e1n, Irak, Libia, Siria, Yugoeslavia\u2026se han puesto a la postre, de una u otra manera, consciente o inconscientemente, al lado de la Guerra y contra la Paz Mundial. El apoyo de Syriza en Grecia a la OTAN y cada vez m\u00e1s de Podemos en Espa\u00f1a a la Alianza Atl\u00e1ntica, son dos ejemplos a tener en cuenta del peligroso camino que se emprende al respecto.<\/p>\n<p>Hoy como ayer, la Paz Mundial es una necesidad vital para la Humanidad, especialmente para las zonas del planeta que son y ser\u00e1n el teatro de operaciones militares. Desde Venezuela a Palestina, pasando por Siria, Ucrania, Congo o Espa\u00f1a (con dos bases militares cedidas a perpetuidad al Ej\u00e9rcito de EE.UU.)\u2026<\/p>\n<p>La creaci\u00f3n de un movimiento Internacional por la Paz, por la disoluci\u00f3n de la OTAN y de los instrumentos econ\u00f3micos que la sostienen y mantienen al tiempo el poder de clase frente a la poblaci\u00f3n trabajadora, como lo es la UE, la permanente lucha por la justicia social\u2026son algunos de los elementos incuestionables para una alternativa de los Pueblos ante la crisis del Capital y sus guerras.<\/p>\n<p>Para que no nos sigan matando.<\/p>\n<p>Publicado en Tercera Informaci\u00f3n 17-11-2015<\/p>\n<p><img loading=\"lazy\" decoding=\"async\" src=\"..\/documentos\/articulos\/9658\/html\/images\/AOW3MEoAAAAKSURBVHicY2AEAAADAAJL9d3qAAAAAElFTkSuQmCC\" alt=\"\" width=\"2\" height=\"2\" align=\"bottom\" border=\"0\" \/><\/p>\n","protected":false},"excerpt":{"rendered":"<p style='margin-bottom: 0.6cm; line-height: 150%;' align='justify'>Los atentados de Par\u00eds, Ankara, Beirut\u2026tienen el mismo perfil: la guerra discrecional, psicol\u00f3gica, indefinida, dentro de un conflicto global entre grandes poderes, grandes corporaciones financiero-econ\u00f3micas, que arrastran detr\u00e1s tambi\u00e9n a diferentes facciones de los Estados m\u00e1s poderosos del planeta, en una cruenta batalla que tiene un frente externo global y otro interno, en una recomposici\u00f3n del poder de las \u00e9lites y acopio de posiciones de fuerza de cara al nuevo capitalismo salvaje que viene o incluso del post-capitalismo (que ellas quieren tambi\u00e9n salvaje) ya en curso. Ellas se dan tortas en nuestros cuerpos destrozados, a trav\u00e9s de las matanzas de miles y miles de seres humanos en todo el mundo.<\/p>\n","protected":false},"author":9,"featured_media":3060,"comment_status":"open","ping_status":"open","sticky":false,"template":"","format":"standard","meta":{"footnotes":""},"categories":[16],"tags":[1041],"class_list":["post-3059","post","type-post","status-publish","format-standard","has-post-thumbnail","hentry","category-imperio-imperialismo","tag-rosa-luxemburgo"],"aioseo_notices":[],"_links":{"self":[{"href":"https:\/\/espai-marx.net\/index.php?rest_route=\/wp\/v2\/posts\/3059","targetHints":{"allow":["GET"]}}],"collection":[{"href":"https:\/\/espai-marx.net\/index.php?rest_route=\/wp\/v2\/posts"}],"about":[{"href":"https:\/\/espai-marx.net\/index.php?rest_route=\/wp\/v2\/types\/post"}],"author":[{"embeddable":true,"href":"https:\/\/espai-marx.net\/index.php?rest_route=\/wp\/v2\/users\/9"}],"replies":[{"embeddable":true,"href":"https:\/\/espai-marx.net\/index.php?rest_route=%2Fwp%2Fv2%2Fcomments&post=3059"}],"version-history":[{"count":0,"href":"https:\/\/espai-marx.net\/index.php?rest_route=\/wp\/v2\/posts\/3059\/revisions"}],"wp:featuredmedia":[{"embeddable":true,"href":"https:\/\/espai-marx.net\/index.php?rest_route=\/wp\/v2\/media\/3060"}],"wp:attachment":[{"href":"https:\/\/espai-marx.net\/index.php?rest_route=%2Fwp%2Fv2%2Fmedia&parent=3059"}],"wp:term":[{"taxonomy":"category","embeddable":true,"href":"https:\/\/espai-marx.net\/index.php?rest_route=%2Fwp%2Fv2%2Fcategories&post=3059"},{"taxonomy":"post_tag","embeddable":true,"href":"https:\/\/espai-marx.net\/index.php?rest_route=%2Fwp%2Fv2%2Ftags&post=3059"}],"curies":[{"name":"wp","href":"https:\/\/api.w.org\/{rel}","templated":true}]}}