{"id":3061,"date":"2015-11-13T00:00:00","date_gmt":"2015-11-13T00:00:00","guid":{"rendered":"https:\/\/espai-marx.net\/?p=3061"},"modified":"2020-02-15T12:49:00","modified_gmt":"2020-02-15T11:49:00","slug":"miseria-de-l-esquerra","status":"publish","type":"post","link":"https:\/\/espai-marx.net\/?p=3061","title":{"rendered":"Mis\u00e8ria de l&#8217;esquerra"},"content":{"rendered":"<p>En quatre anys hem passat de la rebel\u00b7li\u00f3 imprevisible del 15 de maig del 2011 a la reconstrucci\u00f3 i refor\u00e7ament del propi sistema. Hem passat, en quatre anys, d&#8217;unes condicions \u00f2ptimes de creixement de consci\u00e8ncia social on es q\u00fcestionaven els fonaments del sistema que ens facilitava la reconstrucci\u00f3 de l&#8217;esquerra social a l&#8217;aparici\u00f3 d&#8217;organitzacions pol\u00edtiques noves les quals m\u00e9s que trencar amb el bipartidisme, el substitueix i el refor\u00e7a, ja que aquestes noves organitzacions no deixen de ser la mateixa pol\u00edtica vella amb una nova imatge. Mateixos productes amb un env\u00e0s renovat. M\u00e9s partits nous per\u00f2 provisionals, perqu\u00e8 v\u00e9nen a renovar o refor\u00e7ar les dues opcions que s&#8217;alternen hist\u00f2ricament, perqu\u00e8 mai canvi\u00ef res.<br \/>\nDel \u00abno nos representan\u00bb, \u00able llaman democracia y no lo es\u00bb, on es va generar tot un proc\u00e9s de reflexi\u00f3 entorn un sistema democr\u00e0tic hip\u00f2crita estructurat i pensat per impedir la participaci\u00f3 del poble, en quatre anys hem passat a un escenari pol\u00edtic aparentment nou, per\u00f2 que les noves \u00abofertes pol\u00edtiques\u00bb no nom\u00e9s no ofereixen ni garanteixen una participaci\u00f3 democr\u00e0tica real, sin\u00f3 que repeteixen els esquemes anteriors.<\/p>\n<p>I \u00e9s que realment el desenlla\u00e7 incert d&#8217;aquesta crisi global del capitalisme inclou una opci\u00f3 que sovint oblidem: La reconstituci\u00f3 i renovaci\u00f3 del mateix sistema.<\/p>\n<p>Aquests esdeveniments viscuts no fan m\u00e9s que demostrar-nos que vivim temps de combat ideol\u00f2gic i de lluita de classes on Goliat ens est\u00e0 guanyant alguns assalts, perqu\u00e8 David no s&#8217;acaba d&#8217;assabentar que es troba present en el ring, fins i tot no s&#8217;acaba d&#8217;assabentar que hi ha un ring.<\/p>\n<p>Per\u00f2 \u00e9s bo i necessari reflexionar i fer balan\u00e7, perqu\u00e8 la guerra no s&#8217;acabat, perqu\u00e8 ni el Capitalisme podr\u00e0 resoldre la seva pr\u00f2pia crisi sist\u00e8mica, tot el contrari, ni els processos d&#8217;emancipaci\u00f3 i transformaci\u00f3 s&#8217;han esgotat. En aquest sentit, cal que hi pensem: aquests processos s\u00f3n per\u00edodes de temps llargs, m\u00e9s llargs que les nostres vides, per\u00edodes en els quals nosaltres transitem el nostre pas per la vida i no al contrari.<\/p>\n<p>Segur que hi ha m\u00e9s maneres d&#8217;expressar-ho, per\u00f2 em referir\u00e9 a cinc elements, que no estan madurats, que no formen part del sentit com\u00fa i que sense ells no hi haur\u00e0 transformacions profundes. Aquests elements s\u00f3n: La Consci\u00e8ncia de Classe, La Cultura Pol\u00edtica Popular, el Decreixement Econ\u00f2mic, la Uni\u00f3 Europea i Els l\u00edmits de l&#8217;electoralisme.<\/p>\n<p>En primer lloc i com fonament b\u00e0sic. Tot i que vivim en un m\u00f3n on la lluita dels oprimits per millorar les seves condicions de vida ha estat la constant i el motor econ\u00f2mic de la Hist\u00f2ria, les d\u00e8cades d&#8217;educaci\u00f3 neo-liberal ho han esborrat de la consci\u00e8ncia de les classes populars. L&#8217;exist\u00e8ncia de classes socials enfrontades amb interessos antag\u00f2nics \u00e9s una realitat i una ensenyan\u00e7a que les classes populars han de reaprendre. Les injust\u00edcies i les desigualtats no s\u00f3n producte d&#8217;una mala gesti\u00f3 d&#8217;una classe pol\u00edtica. S\u00f3n producte d&#8217;un m\u00f3n on impera el Sistema Capitalista. Lluita de classes que es d\u00f3na tant a l\u2019\u00e0mbit local, com global. Tant nacional com internacional. Hem de saber veure la \u201cuniversalitat\u201d de les nostres lluites locals.<\/p>\n<p>En segon lloc, i condici\u00f3 pr\u00e8via, entendre que no tenim un poble amb una cultura comunit\u00e0ria que afronta i resol els seus problemes de subsist\u00e8ncia al marge de les institucions. La cultura de masses a trav\u00e9s dels seus mitjans, ens educa passius i in\u00fatils, i la nostra societat \u00e9s majorit\u00e0riament una esponja acr\u00edtica davant aquesta realitat. Per tan qualsevol intent de reconstrucci\u00f3 d&#8217;alternativa pol\u00edtica al Capitalisme a d&#8217;assumir amb paci\u00e8ncia aquesta realitat i aportar tots els seus esfor\u00e7os perqu\u00e8 es vagi trenant aquesta infraestructura imprescindible, sense for\u00e7ar, respectant ritmes. La participaci\u00f3 pol\u00edtica de la societat vindr\u00e0 determinada per aquesta condici\u00f3. Parlar de conceptes com Unitat Popular obviant aquesta necessitat essencial, \u00e9s no fer cap pas endavant en aquest sentit. Alguna cosa que s&#8217;hi acosti el que entenem per Unitat Popular, haur\u00e0 de ser la suma de poders populars locals i naturals.<\/p>\n<p>En tercer lloc, trencar amb la creen\u00e7a que hem de \u00abcr\u00e9ixer econ\u00f2micament per superar la crisi\u00bb. Al marge de que com a t\u00e0ctica de pressi\u00f3 pol\u00edtica utilitzem \u00abla reivindicaci\u00f3 econ\u00f2mica per a millorar el nostre poder adquisitiu\u00bb, el cert \u00e9s que l&#8217;alternativa al Capitalisme, ha de ser un horitz\u00f3 on el paradigma del creixement econ\u00f2mic desaparegui i el substitueixi el Decreixement ent\u00e8s com a fi de l&#8217;absurd capitalista de cr\u00e9ixer constantment. Falsa visi\u00f3 que no nom\u00e9s no garanteix el benestar social, sin\u00f3 que accentua les desigualtats i esgota els recursos naturals. La l\u00f2gica de l&#8217;acumulaci\u00f3 de capital i l&#8217;augment de la tassa de benefici \u00e9s consubstancial al Capitalisme. El Decreixement, ent\u00e8s com decreixement econ\u00f2mic capitalista i ent\u00e8s com creixement social i recuperaci\u00f3 de la relaci\u00f3 de la humanitat amb la natura.<\/p>\n<p>En quart lloc, desemmascarar la UE. Trencar d&#8217;arrel el dilema encara existent dins l&#8217;esquerra i dins la societat de si \u00e9s bo o dolent estar a \u00abEuropa\u00bb. A Europa ja hi som per una q\u00fcesti\u00f3 geogr\u00e0fica, i de moment no est\u00e0 anunciat que la Mediterr\u00e0nia i el Cant\u00e0bric s&#8217;hi ajuntin trencant els Pirineus i separant-nos de Fran\u00e7a. Europa \u00e9s el nom d&#8217;un territori no dividit pel mar i que com a tal facilita comunicacions i relacions entre pobles. I una altra cosa \u00e9s la UE, instrument de dominaci\u00f3 econ\u00f2mica des de la seva creaci\u00f3, que anul\u2022la les sobiranies i limita el desenvolupament dels pobles d&#8217;Europa. La UE no \u00e9s cap instituci\u00f3 democr\u00e0tica, \u00e9s l&#8217;instrument imposat i pensat que gestiona el nostre capitalisme.<\/p>\n<p>En cinqu\u00e8 lloc, condicionat pels elements anteriors i com a conclusi\u00f3.El fet que tots aquests elements no siguin populars, no siguin de sentit com\u00fa entre la nostra societat, determinen i obliguen a una visi\u00f3 de l&#8217;acci\u00f3 pol\u00edtica de l&#8217;esquerra totalment inn\u00f2cua cap al poder establert:\u00bbLes Eleccions i aconseguir uns bons resultats\u00bb.<\/p>\n<p>Qualsevol proposta pol\u00edtica alternativa que vulgui \u00abguanyar les eleccions\u00bb tindr\u00e0 necess\u00e0riament que obviar tots aquests elements descrits, perqu\u00e8 si no els obvia, no rebr\u00e0 suficients vots per a ser una \u00abfor\u00e7a determinant\u00bb, perqu\u00e8 si el seu missatge pol\u00edtic inclou tots aquests elements abans descrits, no ser\u00e0 escoltat per una societat que no est\u00e0 preparada per segons quines doloroses veritats. Avui, si l&#8217;esquerra \u00e9s protagonista en l&#8217;escenari pol\u00edtic medi\u00e0tic, ho ser\u00e0 perqu\u00e8 ha deixat de ser un instrument realment eficient per l&#8217;emancipaci\u00f3 dels oprimits.<\/p>\n<p>Avui, l&#8217;esquerres, deixant de costat ambicions electorals, hauran de contribuir per revertir aquest sentit com\u00fa de la nostra societat que encara no ent\u00e9n ni de consci\u00e8ncia de classe, ni de cultura alternativa, ni de sobirania, ni de decreixement.<\/p>\n<p>Si no treballem per transformar aquest sentit com\u00fa neo-liberal, i les organitzacions d&#8217;esquerres tenen grans representacions parlament\u00e0ries, no ser\u00e0 cap \u00e8xit, ni cap triomf, ser\u00e0 la gran derrota, un cop m\u00e9s. El sistema s&#8217;haur\u00e0 engolit projectes i il\u00b7lusions incipients, a causa de la des\u00eddia, de les presses i de la mis\u00e8ria de l&#8217;esquerra i nom\u00e9s haurem contribu\u00eft a renovar el bipartidisme perqu\u00e8 no canvi\u00ef res.<\/p>\n<p>L&#8217;electoralisme de l&#8217;esquerra nom\u00e9s reflecteix la seva impot\u00e8ncia.<\/p>\n","protected":false},"excerpt":{"rendered":"<p class='western' style='margin-bottom: 5.65pt; text-align: justify; line-height: 150%;'>En quatre anys hem passat de la rebel\u00b7li\u00f3 imprevisible del 15 de maig del 2011 a la reconstrucci\u00f3 i refor\u00e7ament del propi sistema. D&#8217;unes condicions \u00f2ptimes de creixement de consci\u00e8ncia social on es q\u00fcestionava els fonaments del sistema que a l&#8217;aparici\u00f3 d&#8217;organitzacions pol\u00edtiques, que m\u00e9s que trencar amb el bipartidisme, el substitueix i el refor\u00e7a. Mateixos productes amb un env\u00e0s renovat. <\/p>\n","protected":false},"author":9,"featured_media":3062,"comment_status":"open","ping_status":"open","sticky":false,"template":"","format":"standard","meta":{"footnotes":""},"categories":[13],"tags":[],"class_list":["post-3061","post","type-post","status-publish","format-standard","has-post-thumbnail","hentry","category-la-izquierda-a-debate"],"aioseo_notices":[],"_links":{"self":[{"href":"https:\/\/espai-marx.net\/index.php?rest_route=\/wp\/v2\/posts\/3061","targetHints":{"allow":["GET"]}}],"collection":[{"href":"https:\/\/espai-marx.net\/index.php?rest_route=\/wp\/v2\/posts"}],"about":[{"href":"https:\/\/espai-marx.net\/index.php?rest_route=\/wp\/v2\/types\/post"}],"author":[{"embeddable":true,"href":"https:\/\/espai-marx.net\/index.php?rest_route=\/wp\/v2\/users\/9"}],"replies":[{"embeddable":true,"href":"https:\/\/espai-marx.net\/index.php?rest_route=%2Fwp%2Fv2%2Fcomments&post=3061"}],"version-history":[{"count":0,"href":"https:\/\/espai-marx.net\/index.php?rest_route=\/wp\/v2\/posts\/3061\/revisions"}],"wp:featuredmedia":[{"embeddable":true,"href":"https:\/\/espai-marx.net\/index.php?rest_route=\/wp\/v2\/media\/3062"}],"wp:attachment":[{"href":"https:\/\/espai-marx.net\/index.php?rest_route=%2Fwp%2Fv2%2Fmedia&parent=3061"}],"wp:term":[{"taxonomy":"category","embeddable":true,"href":"https:\/\/espai-marx.net\/index.php?rest_route=%2Fwp%2Fv2%2Fcategories&post=3061"},{"taxonomy":"post_tag","embeddable":true,"href":"https:\/\/espai-marx.net\/index.php?rest_route=%2Fwp%2Fv2%2Ftags&post=3061"}],"curies":[{"name":"wp","href":"https:\/\/api.w.org\/{rel}","templated":true}]}}