{"id":3077,"date":"2015-12-23T00:00:00","date_gmt":"2015-12-23T00:00:00","guid":{"rendered":"https:\/\/espai-marx.net\/?p=3077"},"modified":"2020-02-15T12:38:31","modified_gmt":"2020-02-15T11:38:31","slug":"en-la-casa-comun-europea-no-hay-sitio-para-los-gitanos","status":"publish","type":"post","link":"https:\/\/espai-marx.net\/?p=3077","title":{"rendered":"En la \u201ccasa com\u00fan europea\u201d no hay sitio para los gitanos"},"content":{"rendered":"<p>Sobre los muchos debates y controversias que han nacido a ra\u00edz de los acontecimientos de la II Guerra Mundial, uno de los m\u00e1s candentes es aquel que se refiere a las categor\u00edas del Holocausto. Es habitual que muchas personas, incluso las que tienen una mayor relaci\u00f3n con las Ciencias Sociales, consideren que el Holocausto se limit\u00f3 a la Shoa, esto es, a la ejecuci\u00f3n de 6 millones de jud\u00edos en los campos de exterminio del III Reich durante la guerra. No obstante, el Holocausto afect\u00f3 tambi\u00e9n a otras etnias y nacionalidades, entre ellas a la gitana. En este sentido, se calcula que entre 222.000 y <u><a href=\"http:\/\/www.ushmm.org\/wlc\/en\/article.php?ModuleId=10005219\">500.000 gitanos fueron aniquilados por el III Reich<\/a><\/u>, aunque hasta la fecha han sido muy pocos los gobiernos u organizaciones internacionales las que han reconocido <u><a href=\"https:\/\/www.gitanos.org\/actualidad\/archivo\/57353.html\">el Porraimos como uno de los genocidios<\/a><\/u> que forman parte del Holocausto. Y es que esta falta de reconocimiento internacional, adem\u00e1s de significar una injusticia hist\u00f3rica, es tambi\u00e9n sin\u00f3nimo de que a\u00fan a d\u00eda de hoy ser gitano significa llevar encima un estigma que muchos prefieren ocultar.<\/p>\n<p><b>Marginalizando que es gitano<\/b><\/p>\n<p>Desde las calurosas y soleadas costas de Espa\u00f1a hasta las g\u00e9lidas y sombr\u00edas estepas rusas los gitanos se extienden a lo largo y ancho de todos los estados-naci\u00f3n europeos. Seg\u00fan las estimaciones realizadas por el Consejo de Europa en el a\u00f1o 2007, un total de <u><a href=\"https:\/\/web.archive.org\/web\/20090221234346\/http:\/www.coe.int\/t\/dg3\/romatravellers\/documentation\/strategies\/statistiques_en.asp\">9,8 millones de gitanos<\/a><\/u> habitaban Europa, siendo Bulgaria, Espa\u00f1a, Ruman\u00eda y Turqu\u00eda los pa\u00edses que comprenden dentro de sus fronteras a m\u00e1s poblaci\u00f3n de esta etnia. No obstante, m\u00e1s all\u00e1 de su pa\u00eds de residencia, todos ellos se ven obligados a sufrir y combatir la marginalizaci\u00f3n y el rechazo social que sus conciudadanos y las instituciones estatales les imponen los 365 d\u00edas del a\u00f1o.<\/p>\n<p>Los gobiernos de los Estados donde los gitanos residen aplican directamente una serie de pol\u00edticas contra la etnia gitana para las cuales pueden usar diferentes pretextos y justificaciones. Se puede tratar de una cuesti\u00f3n de seguridad, como fue <u><a href=\"http:\/\/www.rtve.es\/noticias\/20080513\/gobierno-berlusconi-aprobara-plan-inmigracion-preve-medidas-contra-rumanos\/52431.shtml\">el caso del Plan de Seguridad italiano<\/a><\/u> aplicado por el ejecutivo Berlusconi en 2008. As\u00ed, el Primer Ministro italiano justificaba el endurecimiento de las normas contra la inmigraci\u00f3n ilegal por cuestiones de seguridad nacional, haciendo especial hincapi\u00e9 en los gitanos no italianos. Tambi\u00e9n se puede tratar de una cuesti\u00f3n de cumplir con las normativas europeas tal y como el ejecutivo Sarkozy argument\u00f3 en el 2010 cuando se levant\u00f3 una gran pol\u00e9mica debido a <u><a href=\"http:\/\/www.20minutos.es\/noticia\/791389\/0\/francia\/deporta\/gitanos\">la expulsi\u00f3n de gitanos que viv\u00edan en situaci\u00f3n irregular<\/a><\/u> en el pa\u00eds galo.<\/p>\n<p>Adem\u00e1s de las coartadas que se centran en la seguridad y en el cumplimiento de las normativas legales, existen otros muchos argumentos que sirven de plataforma para llevar a cabo actos de marginalizaci\u00f3n contra los gitanos. As\u00ed, por ejemplo, en el plano m\u00e9dico-sanitario se encuentra el tr\u00e1gico periodo de 100 a\u00f1os en el que las autoridades suecas persiguieron y esterilizaron a las mujeres gitanas para que no se reprodujesen debido a que dichas autoridades categorizaban a <u><a href=\"http:\/\/internacional.elpais.com\/internacional\/2014\/03\/28\/actualidad\/1396032026_384483.html\">la poblaci\u00f3n gitana como \u201cincapacitados sociales\u201d<\/a><\/u>. Lo cierto es que esta clasificaci\u00f3n sigue vigente en otros muchos pa\u00edses a trav\u00e9s de los sistemas educativos. As\u00ed, en Croacia, son muy pocos los ni\u00f1os gitanos que tienen acceso a una educaci\u00f3n de calidad como el resto de sus compa\u00f1eros y cuando lo consiguen son muchos los progenitores que deciden sacar a sus hijos no gitanos de esas escuelas para enviarlos a otras debido a que <u><a href=\"http:\/\/www.balkaninsight.com\/en\/article\/croatia-s-roma-children-battle-to-make-the-grade\">los estudiantes gitanos, supuestamente, bajan el nivel educativo<\/a><\/u> y entorpecen el aprendizaje del resto de los alumnos no gitanos. En otros estados de Europa tales como Hungr\u00eda, Grecia, Eslovaquia o la Rep\u00fablica Checa los ni\u00f1os tienen aulas espec\u00edficas alejadas del resto de la comunidad estudiantil o instituciones educativas diferenciadas para ellos, lo que llev\u00f3 al <u><a href=\"http:\/\/www.elconfidencial.com\/mundo\/2013-10-27\/el-mapa-de-los-gitanos-una-poblacion-que-conecta-espana-con-rusia_46284\/\">Tribunal Europeo de Derechos Humanos emitir una sentencia contraria a Grecia<\/a><\/u> por esta causa. Ni tan siquiera el l\u00edder de la Uni\u00f3n Europea, Alemania, se libra de acusaciones por parte de diferentes organismos internacionales y ONGs de un trato denigrante y persecutorio contra la poblaci\u00f3n de etnia gitana. En este sentido, en 2008 la alta comisaria de las Naciones Unidas para los Derechos Humanos calific\u00f3 el ejecutivo alem\u00e1n como el m\u00e1s hostil hacia la poblaci\u00f3n gitana en toda Europa. Esto se debe a\u00f1adir al hecho de que entre 2005 y 2010 el ejecutivo germano haya expulsado a 15.000 personas de etnia gitana, la mayor\u00eda de ellas procedentes de la zona occidental de los Balcanes, con la excusa de contribuir as\u00ed a la (re)creaci\u00f3n de las sociedades multiculturales que un d\u00eda existieron en la zona. Pobre justificaci\u00f3n esta y m\u00e1s teniendo en cuenta que las condiciones de <u><a href=\"http:\/\/periodismohumano.com\/sociedad\/discriminacion\/alemania-deporta-a-miles-de-gitanos-refugiados-de-los-balcanes.html\">marginalidad socio-econ\u00f3mica de la poblaci\u00f3n gitana<\/a><\/u> en este \u00e1rea son incluso m\u00e1s acentuadas de las que existen en las zonas pr\u00f3speras del viejo continente. Baste recordar que hace no mucho tiempo \u2013sucedi\u00f3 en el 2006\u2013 300 eslovenos casi linchan aproximadamente a 35 gitanos en la zona este de Ljubljana y que si el pogromo no se ejecut\u00f3 fue debido a que la polic\u00eda eslovena lo evit\u00f3. Posteriormente, el Ministerio de Interior esloveno decidi\u00f3 <u><a href=\"http:\/\/www.abc.es\/hemeroteca\/historico-18-11-2006\/abc\/Internacional\/grave-altercado-en-eslovenia-por-la-expulsion-de-una-familia-gitana_15322930981.html\">deportar a la poblaci\u00f3n gitana<\/a><\/u> de la zona, tal y como la muchedumbre exig\u00eda.<\/p>\n<p>No obstante, aunque naturalmente unido a lo escrito previamente, el mayor caso de discriminaci\u00f3n y persecuci\u00f3n hacia poblaci\u00f3n gitana por parte de autoridades gubernamentales ha sucedido en Kosovo. Tras la victoria del Ej\u00e9rcito de Liberaci\u00f3n Kosovar en 1999, las nuevas autoridades comenzaron r\u00e1pidamente a hacer efectiva la nueva soberan\u00eda obtenida a trav\u00e9s de la limpieza \u00e9tnica no s\u00f3lo contra los serbios, sino tambi\u00e9n contra los gitanos. Un total de 50.000 gitanos partieron desde Kosovo hasta Serbia para huir de la furia de los liberadores albano-kosovares. Es cierto que la mayor\u00eda volvieron a sus tierras, pero aproximadamente unos 1.000 se vieron forzados a vivir en campos de refugiados situados en una zona con alta contaminaci\u00f3n de metales pesados. Cientos de personas <u><a href=\"http:\/\/www.elconfidencial.com\/mundo\/2013-10-27\/el-mapa-de-los-gitanos-una-poblacion-que-conecta-espana-con-rusia_46284\/\">sufrieron intoxicaciones por plomo<\/a><\/u> y alrededor de 30 fallecieron.<\/p>\n<p>Adem\u00e1s, para completar la marginalizaci\u00f3n que los gitanos sufren por parte de estados e instituciones se debe a\u00f1adir que son pocos los pa\u00edses que han reconocido como fecha oficial el 8 de abril como <u><a href=\"https:\/\/www.gitanos.org\/actualidad\/dossieres\/110637.html\">el D\u00eda Internacional del Pueblo Gitano<\/a><\/u>. Una fecha donde la poblaci\u00f3n de esta etnia denuncia el rechazo social en el que viven y reivindican condiciones m\u00e1s igualitarias y dignas de vida all\u00ed donde se encuentran. Una celebraci\u00f3n-reivindicaci\u00f3n que cobra m\u00e1s fuerza a\u00fan en un contexto en donde a lo largo de la geograf\u00eda europea <u><a href=\"http:\/\/elordenmundial.com\/regiones\/europa\/europa-y-su-regreso-al-futuro-el-avance-de-la-extrema-derecha\/\">la extrema derecha comienza a ganar importancia<\/a><\/u> gracias, entre otras razones, al discurso xen\u00f3fobo y racista que dirigen contra el pueblo gitano.<\/p>\n<p><b>El chivo expiatorio de la Extrema Derecha<\/b><\/p>\n<p>Una de las consecuencias m\u00e1s visibles a nivel pol\u00edtico y social del impacto de la crisis econ\u00f3mico-financiera comenzada en el a\u00f1o 2008 es el auge de la extrema derecha en Europa. A decir verdad, la extrema derecha siempre hab\u00eda estado ah\u00ed desde el final de la II Guerra Mundial, pero s\u00ed es cierto que a excepci\u00f3n de Austria, en donde el FPO desde la d\u00e9cada de 1980 <u><a href=\"http:\/\/www.eastjournal.net\/archives\/34741\">siempre ha cosechado buenos resultados electorales<\/a><\/u>, en el resto de Europa este tipo de agrupaciones se han mostrado un fen\u00f3meno minoritario hasta que el empobrecimiento, la desesperaci\u00f3n social y la falta de respuesta de los pol\u00edticos en el poder han propiciado las condiciones perfectas para poder ganar apoyo entre diferentes estratos de la sociedad y as\u00ed poder mostrar que sus reivindicaciones son leg\u00edtimas debido a que detr\u00e1s tienen cierto apoyo social.<\/p>\n<p>La estrategia de estos partidos y agrupaciones no es sofisticada, pero s\u00ed tremendamente efectiva. Se centran en buscar un enemigo para explicar todos los males que afectan al pa\u00eds en el que act\u00faan. No se trata apenas de crear un \u201cnosotros\u201d contra \u201cellos\u201d pero tambi\u00e9n se pretende \u2013y se consigue en muchos casos\u2013 la criminalizaci\u00f3n y deshumanizaci\u00f3n de aquellos que componen el conjunto \u201cellos\u201d. En el caso que aqu\u00ed se examina, esto es la poblaci\u00f3n de etnia gitana, este discurso se centra en c\u00f3mo los gitanos aumentan el \u00edndice de criminalidad, el de inseguridad ciudadana as\u00ed como son el principal factor de la pobreza que sufre el pa\u00eds no tan solo a nivel econ\u00f3mico, pero tambi\u00e9n pol\u00edtico, social y cultural.<\/p>\n<p>Si la poblaci\u00f3n gitana no pertenece al pa\u00eds donde est\u00e1n establecidos en ese momento, los partidos de extrema derecha abogan por su simple expulsi\u00f3n hacia sus pa\u00edses de origen, que en la mayor\u00eda de las ocasiones suelen ser Rumania y Bulgaria. Si esto no fuese posible debido a que los gitanos son habitantes aut\u00f3ctonos o no pueden ser expulsados, estas agrupaciones trabajan en pro de su marginalizaci\u00f3n y demonizaci\u00f3n con el objetivo de aislarlos en verdaderos guetos para separarlos del resto de la poblaci\u00f3n como si de un virus mortal se tratasen. As\u00ed, por ejemplo, durante la campa\u00f1a electoral francesa para las elecciones municipales del 2014 un candidato perteneciente al Frente Nacional Franc\u00e9s calificaba la presencia de la poblaci\u00f3n gitana en Francia como de \u201clepra\u201d e \u201cinvasi\u00f3n\u201d, al mismo tiempo que <u><a href=\"http:\/\/internacional.elpais.com\/internacional\/2014\/03\/04\/actualidad\/1393937904_504982.html\">suger\u00eda encerrarlos en campos con el objetivo de recuperar \u201cla dignidad nacional francesa\u201d<\/a><\/u>.<\/p>\n<p>En el centro de Europa <u><a href=\"http:\/\/www.eldiario.es\/politica\/gitanos-extrema-derecha-Europa-Central_0_192480774.html\">los gitanos est\u00e1n en un peligro constante<\/a><\/u>. En Eslovaquia se han venido <u><a href=\"http:\/\/www.elmundo.es\/elmundo\/2013\/08\/20\/internacional\/1377006920.html\">construyendo muros para separar a los eslovacos de la poblaci\u00f3n gitana<\/a><\/u> regularmente hasta alcanzar un total de 14 seg\u00fan los datos ofrecidos por la web \u201cRomovi\u201d. Por su parte, en la Rep\u00fablica Checa, los ataques contra la poblaci\u00f3n gitana han ido en aumento desde el a\u00f1o 2008, llegando incluso al <u><a href=\"http:\/\/www.rebelion.org\/noticia.php?id=172187\">asesinato de tres gitanos en el a\u00f1o 2013<\/a><\/u>, mientras que en el 2012 las manifestaciones racistas contra esta etnia se elevaron hasta 16. Mientras tanto, en Polonia, en la peque\u00f1a localidad de Andrychow, <u><a href=\"http:\/\/www.fagic.org\/es\/component\/content\/article\/525-grupos-de-extrema-derecha-polacos-quieren-echar-a-los-gitanos-de-un-pueblo-cercano-a-auschwitz\">se organiz\u00f3 la primera campa\u00f1a orquestada contra los gitanos<\/a><\/u> desde el fin de la II Guerra Mundial exigiendo su expulsi\u00f3n de la peque\u00f1a localidad, seg\u00fan Romano Kwiatkowski, el presidente de la Asociaci\u00f3n de Gitanos en Polonia. No obstante, es en Hungr\u00eda en donde la poblaci\u00f3n gitana est\u00e1 sufriendo las mayores dificultades debido al ascenso del grupo pol\u00edtico Jobbik.<\/p>\n<p>Jobbik cuenta con poco m\u00e1s de 10 a\u00f1os de vida, pero en esa corta etapa ha conseguido establecerse como un referente pol\u00edtico no s\u00f3lo de la extrema derecha, sino tambi\u00e9n de Hungr\u00eda. Es en la actualidad la tercera fuerza pol\u00edtica del pa\u00eds centroeuropeo. Uno de los elementos fuertes que han resultado exitosos en la pol\u00edtica del partido h\u00fangaro ha sido la ret\u00f3rica xen\u00f3foba y racista en contra de los gitanos. El programa de Jobbik en este apartado se basa en la mera segregaci\u00f3n de esta etnia del resto de la sociedad en base a que son considerados como vagos que apenas viven de las ayudas sociales, sin educaci\u00f3n y procreadores de hijos sin asumir responsabilidad alguna por ello. Dentro de esta segregaci\u00f3n se debe a\u00f1adir la separaci\u00f3n que se establecer\u00eda dentro de la propia sociedad gitana ya que los ni\u00f1os vendr\u00edan separados de sus padres, siendo internados en campos de reeducaci\u00f3n para as\u00ed poder <u><a href=\"http:\/\/internacional.elpais.com\/internacional\/2013\/05\/12\/actualidad\/1368388706_483405.html\">convertirlos en miembros \u00fatiles para la sociedad tras haber sido eliminada la \u201cgitanidad\u201d<\/a><\/u> que hab\u00eda en ellos.<\/p>\n<p>A pesar de lo anterior, lo m\u00e1s preocupante para la poblaci\u00f3n gitana en Europa no es tanto que partidos de extrema derecha los usen como chivo expiatorio para as\u00ed poder obtener el apoyo de la poblaci\u00f3n, sino que los partidos de derecha conservadora, con la intenci\u00f3n de no perder comba ante estas nuevas agrupaciones, implementan medidas y <u><a href=\"http:\/\/www.lamarea.com\/2013\/11\/07\/la-xenofobia-se-instala-en-los-gobiernos-de-europa-ante-el-aumento-de-la-extrema-derecha\/\">pol\u00edticas que est\u00e1n en la l\u00ednea de lo que los partidos de extrema derecha proponen<\/a><\/u>. Aqu\u00ed, como en el caso del auge de la extrema derecha, <u><a href=\"http:\/\/elordenmundial.com\/regiones\/europa\/el-orbanismo-retroceso-en-la-hungria-post-sovietica\/\">el caso h\u00fangaro es iluminador con el fen\u00f3meno del \u201corbanismo\u201d<\/a><\/u>. Es posible que el autoritarismo y el nacionalismo exacerbado de Viktor Orban <u><a href=\"http:\/\/ctxt.es\/es\/20150930\/Politica\/2409\/Orb%C3%A1n-Hungr%C3%ADa-UE-extrema-derecha-refugiados-Europa.htm\">abochornen a la Uni\u00f3n Europea<\/a><\/u> \u2013aunque eso no est\u00e1 del todo claro\u2013 pero s\u00ed es cierto que para la poblaci\u00f3n de su pa\u00eds eso tampoco supone un problema a juzgar por la opini\u00f3n pol\u00edtica que reina entre la mayor\u00eda de los h\u00fangaros, los cuales <u><a href=\"http:\/\/www.dw.com\/es\/hungr%C3%ADa-giro-a-la-ultraderecha\/a-18448346\">se posicionan en posiciones cada vez m\u00e1s conservadoras<\/a><\/u> del espectro pol\u00edtico. Esto \u00faltimo supone un riesgo para la poblaci\u00f3n gitana debido a que ni gran parte de la sociedad, ni el actual ejecutivo liderado por Viktor Orban, se preocupar\u00e1n lo m\u00e1s m\u00ednimo por atajar y resolver la actitud racista que se va extendiendo en Hungr\u00eda en torno a los gitanos, como de hecho ha venido sucediendo en los \u00faltimos a\u00f1os. Y a esta permisividad por parte de las autoridades h\u00fangaras se le debe sumar la crisis de refugiados que afecta de lleno a Hungr\u00eda, lo que empeorar\u00e1, si no lo ha hecho ya, <u><a href=\"https:\/\/www.google.ro\/webhp?sourceid=chrome-instant&amp;ion=1&amp;espv=2&amp;ie=UTF-8#q=orban+y+los+gitanos\">la fr\u00e1gil situaci\u00f3n de los gitanos<\/a><\/u> en el pa\u00eds magiar.<\/p>\n<p><b>Un dif\u00edcil panorama que afrontar<\/b><\/p>\n<p>Las causas de la marginalizaci\u00f3n y fragilidad del pueblo gitano a lo largo y ancho de Europa son f\u00e1ciles de comprender. En t\u00e9rminos econ\u00f3micos la poblaci\u00f3n gitana se ve forzada, no ya a la precariedad laboral, sino a la supervivencia a trav\u00e9s de numerosas actividades econ\u00f3micas informales y discontinuas. Su precariedad laboral-econ\u00f3mica les conduce a bajos niveles de educaci\u00f3n y de instrucci\u00f3n que se muestran en que <u><a href=\"http:\/\/www.elmundo.es\/opinion\/2014\/08\/25\/53fa52f7e2704ebd128b457a.html\">la mayor\u00eda de ellos apenas atienden a los primeros estadios de la escuela<\/a><\/u>. Esto a su vez provoca que desde el punto de vista pol\u00edtico su conciencia y sus niveles de agrupaci\u00f3n sean extremadamente bajos provocando que sus intereses no puedan ni ser tan siquiera escuchados.<\/p>\n<p>Los factores mencionados anteriormente pueden ser intercambiados, aunque el resultado seguir\u00eda siendo el mismo. Ahora bien, para completar las razones del p\u00e1rrafo anterior se debe a\u00f1adir que para la mayor\u00eda de la sociedad, incluso para aquella con mayores niveles de instrucci\u00f3n, ser gitano conlleva un estigma muy dif\u00edcil de eliminar y de superar. Esto a su vez conduce a que en situaciones de dificultad e incertidumbre como las que se est\u00e1n viviendo en la Europa actual los partidos de extrema derecha, partidos de derecha y autoridades estatales \u2013incluso las que est\u00e1n <u><a href=\"http:\/\/internacional.elpais.com\/internacional\/2013\/09\/28\/actualidad\/1380390374_138990.html\">lideradas por los socialistas<\/a><\/u> \u2013 puedan aprovechar la situaci\u00f3n para conducir una verdadera campa\u00f1a de marginalizaci\u00f3n y deshumanizaci\u00f3n contra los gitanos que puede tener horribles consecuencias para esta poblaci\u00f3n. A esto tambi\u00e9n se le debe a\u00f1adir el hecho de que las organizaciones y partidos que trabajan por la defensa de los derechos de los gitanos tienen poca relevancia en Europa y el mundo, al tiempo que no cuentan con un Estado(s)-naci\u00f3n propio que les pudiese respaldar como s\u00ed es el caso para los jud\u00edos o los musulmanes.<\/p>\n<p>Por desgracia, la gitanofobia en Europa, a diferencia de la judeofobia o la islamofobia \u2013aunque despu\u00e9s los \u00faltimos atentados en Par\u00eds esto est\u00e1 por evaluar todav\u00eda\u2013, no s\u00f3lo no est\u00e1 mal vista, sino que incluso se ve como algo natural, como <u><a href=\"http:\/\/ctxt.es\/es\/20150205\/politica\/268\/Racismo-genocidio-gitano-Gitanos-Xenofobia-Europa.htm\">verdades que no se dicen<\/a><\/u> por la cuesti\u00f3n de ser pol\u00edticamente correcto. En otras palabras, el futuro que la poblaci\u00f3n gitana se ver\u00e1 obligada a afrontar en Europa es, en caso de que todo siga como hasta ahora, verdaderamente l\u00fagubre.<\/p>\n<p><i><b>Fuente:<\/b><\/i> <a href=\"http:\/\/elordenmundial.com\/regiones\/europa\/en-la-casa-comun-europea-hay-sitio-para-los-gitanos\/\">http:\/\/elordenmundial.com\/regiones\/europa\/en-la-casa-comun-europea-hay-sitio-para-los-gitanos\/<\/a><\/p>\n<p>&nbsp;<\/p>\n","protected":false},"excerpt":{"rendered":"<p class='MsoNormal' style='margin-bottom: 18.0pt; text-align: justify; line-height: 150%; vertical-align: baseline;'>En Europa, la gitanofobia no s\u00f3lo no est\u00e1 mal vista, sino que incluso se ve como algo natural, como verdades que no se dicen por la cuesti\u00f3n de ser pol\u00edticamente correcto. El futuro que la poblaci\u00f3n gitana se ver\u00e1 obligada a afrontar en Europa es, en caso de que todo siga como hasta ahora, verdaderamente l\u00fagubre.<\/p>\n","protected":false},"author":9,"featured_media":3078,"comment_status":"open","ping_status":"open","sticky":false,"template":"","format":"standard","meta":{"footnotes":""},"categories":[3,41],"tags":[],"class_list":["post-3077","post","type-post","status-publish","format-standard","has-post-thumbnail","hentry","category-condiciones-de-vida","category-europa"],"aioseo_notices":[],"_links":{"self":[{"href":"https:\/\/espai-marx.net\/index.php?rest_route=\/wp\/v2\/posts\/3077","targetHints":{"allow":["GET"]}}],"collection":[{"href":"https:\/\/espai-marx.net\/index.php?rest_route=\/wp\/v2\/posts"}],"about":[{"href":"https:\/\/espai-marx.net\/index.php?rest_route=\/wp\/v2\/types\/post"}],"author":[{"embeddable":true,"href":"https:\/\/espai-marx.net\/index.php?rest_route=\/wp\/v2\/users\/9"}],"replies":[{"embeddable":true,"href":"https:\/\/espai-marx.net\/index.php?rest_route=%2Fwp%2Fv2%2Fcomments&post=3077"}],"version-history":[{"count":0,"href":"https:\/\/espai-marx.net\/index.php?rest_route=\/wp\/v2\/posts\/3077\/revisions"}],"wp:featuredmedia":[{"embeddable":true,"href":"https:\/\/espai-marx.net\/index.php?rest_route=\/wp\/v2\/media\/3078"}],"wp:attachment":[{"href":"https:\/\/espai-marx.net\/index.php?rest_route=%2Fwp%2Fv2%2Fmedia&parent=3077"}],"wp:term":[{"taxonomy":"category","embeddable":true,"href":"https:\/\/espai-marx.net\/index.php?rest_route=%2Fwp%2Fv2%2Fcategories&post=3077"},{"taxonomy":"post_tag","embeddable":true,"href":"https:\/\/espai-marx.net\/index.php?rest_route=%2Fwp%2Fv2%2Ftags&post=3077"}],"curies":[{"name":"wp","href":"https:\/\/api.w.org\/{rel}","templated":true}]}}