{"id":3113,"date":"2016-01-28T00:00:00","date_gmt":"2016-01-28T00:00:00","guid":{"rendered":"https:\/\/espai-marx.net\/?p=3113"},"modified":"2020-02-15T12:19:36","modified_gmt":"2020-02-15T11:19:36","slug":"repetir-a-abraham","status":"publish","type":"post","link":"https:\/\/espai-marx.net\/?p=3113","title":{"rendered":"Repetir a Abraham"},"content":{"rendered":"<p>Como en los felices a\u00f1os 90 del s. XX en los que la clase trabajadora contra\u00eda cr\u00e9ditos para olvidar que lo era, en los que <a href=\"http:\/\/www.elhype.com\/es\/nacho-vegas-la-dimensi%C3%B3n-pol%C3%ADtica-y-social-es-la-misma-en-un-disco-de-kortatu-que-en-uno-de-locom%C3%ADa\">los indies jugaban al onanismo chic<\/a> y en los que s\u00f3lo en el Pais Vasco se evidenciaban las grietas del r\u00e9gimen del 78 \u2014pues fue all\u00ed donde permaneci\u00f3 vivo un espacio pol\u00edtico que impidi\u00f3 la estabilizaci\u00f3n del marco inaugurado en 1978\u2014 regresa \u2014mientras Arnaldo Otegi todav\u00eda est\u00e1 en la c\u00e1rcel para recordarnos que s\u00f3lo estamos en la continuaci\u00f3n de una batalla que viene de atr\u00e1s\u2014 el \u201cBloque Constitucionalista\u201d para tratar de frenar lo que Arthur Rosenberg llamar\u00eda el \u201cMovimiento Democr\u00e1tico\u201d \u2014con el sentido que el t\u00e9rmino Democr\u00e1tico tiene en la tradici\u00f3n de la izquierda y que poco tiene que ver con los ritos e instituciones de la democracia liberal\u2014; un Moviemiento, este, que se ampli\u00f3 en el plano electoral como consecuencia de una crisis del capitalismo que no tiene fin y como consecuencia de que el Estado de las autonom\u00edas (sentencia del TC sobre el Estatut mediante) ya no pudiese seguir ejerciendo de barrera frente a las demandas nacionais, especialmente catalanas.<\/p>\n<p>Esta vez, sin embargo, el Movimiento Democr\u00e1tico tiene ante si, desde que le incluiron la argolla del art\u00edculo 135, a una Constituci\u00f3n todav\u00eda m\u00e1s antidemocr\u00e1tica y antipopular de la que actuaba como muro de contenci\u00f3n en los tiempos de la gran coalici\u00f3n de Redondo Terreros y Mayor Oreja.<\/p>\n<p>Seg\u00fan ese consejo de ancianos llamado <a style=\"line-height: 1.6em;\" href=\"http:\/\/www.infolibre.es\/noticias\/politica\/2016\/01\/26\/una_hornada_exministros_del_psoe_pp_piden_para_espana_quot_gobierno_amplio_respaldo_quot_43900_1012.html\">Fundaci\u00f3n Espa\u00f1a Constitucional y su ej\u00e9rcito de zombies<\/a> que vuelven a campar fuera de sus nichos, la Gran Coalici\u00f3n debe repetirse hoy, como en el Pais Vasco del aznarato, y la Constituci\u00f3n debe ser objeto de una reforma \u201cen el esp\u00edritu de la Transici\u00f3n\u201d; es decir, la Constituci\u00f3n debe ser actualizada para continuar siendo \u00fatil a lo que <a style=\"line-height: 1.6em;\" href=\"http:\/\/www.filosofia.mx\/index.php\/forolibre\/archivos\/entrevista_a_gerardo_pisarello_sobre_un_largo_termidor\">Gerardo Pisarello denomin\u00f3 el \u201cGran Termidor\u201d del constitucionalismo antidemocr\u00e1tico.<\/a><\/p>\n<p>Un constitucionalismo antidemocr\u00e1tico de larga raigambre en la tradici\u00f3n liberal \u2014por ejemplo en los padres fundadores de los EEUU analizado por Sheldon Wolin en \u201cDemocracia S.A.\u201d y que cuenta con su reverso en forma de explotaci\u00f3n estructural de los negros como describi\u00f3 demoradamente Domenico Losurdo en \u201cContrahistoria del liberalismo\u201d\u2014 y que tiene en todo el aparato jur\u00eddico que conforman los tratados de la UE un ejemplo requintado de lo que puede significar la separaci\u00f3n absoluta de las instituciones y los textos emanados de ellas a respecto de la vida cotidiana y de la capacidad de decisi\u00f3n de las personas del com\u00fan.<\/p>\n<p>Una separaci\u00f3n de que la <a style=\"line-height: 1.6em;\" href=\"http:\/\/www.eldiario.es\/politica\/Podemos-manden-sentar-gallinero-Congreso_0_477702762.html\">expulsi\u00f3n al gallinero de los deputados-as<\/a> llamados a ser la pata (y no su n\u00facleo irradiador) del Movimiento Democr\u00e1tico en el Congreso (para cuando la vuelta a las calles?) es la representaci\u00f3n gr\u00e1fica de esta nueva distinci\u00f3n entre lores y comunes que, lejos de ser un endemismo de \u201cEspa\u00f1ist\u00e1n\u201d, como se acostumbra caricaturizar a menudo, est\u00e1 en la vanguardia de lo que sucede en Europa y en el mundo (de igual manera que el PSOE de Felipe Gonz\u00e1lez tras el franquismo fue un avanzado de la Tercera V\u00eda y de la liquidaci\u00f3n de la socialdemocracia; o, por decirlo con Gregorio Mor\u00e1n: \u201cla clase pol\u00edtica de la Transici\u00f3n fue posmoderna antes de que llegaran algunos ide\u00f3logos a explicarlo\u201d.)<\/p>\n<p>Un horizonte en el que la Ley escrita se convierte en la instituci\u00f3n por antonomasia a la que todas las dem\u00e1s instancias, comenzando por el Parlamento (la inutilidad del Parlamento de la UE demuestra lo avanzada que est\u00e1 esta nueva fase en nuestro continente) deben venerar, obedecer y no tocar.<\/p>\n<p>As\u00ed, es ante la realidad del Constitucionalismo Antidemocr\u00e1tico de la Uni\u00f3n Europea (<a style=\"line-height: 1.6em;\" href=\"http:\/\/www.elmundo.es\/internacional\/2016\/01\/23\/56a26c8946163fbe358b4662.html\">una realidad que, si bien algo tarde, le qued\u00f3 clara a Varoufakis siendo Ministro de Finanzas en Grecia<\/a>), que esas dos demandas del Moviemiento Democr\u00e1tico (o, mejor, de los Movimientos Democr\u00e1ticos) del Estado espa\u00f1ol deben demostrar de qu\u00e9 pasta est\u00e1n hechos. Si estamos abocados a la cuarta revoluci\u00f3n pasiva que vive el Estado espa\u00f1ol en los \u00faltimos 150 a\u00f1os como creen Joaqu\u00edn Miras y Joan Tafalla o si asistiremos, por fin, a una ruptura con la Lei (de la eurozona, de la deuda, de los \u201ccompromisos adquiridos con nuestros socios\u201d, etc.) que permita una verdadera mudanza en las condiciones de vida de los subalternos.<\/p>\n<p>Dice Enrique Dussel que Abraham, \u201ccontra la Ley de los pueblos semitas que inmolaban a los dioses a sus hijos primog\u00e9nitos, no sacrific\u00f3 a su hijo Isaac\u201d y que \u201cser del linaje de Abraham es saber que hay ocasiones en que no hay que cumplir la Ley cuando est\u00e1 en riesgo la Vida.\u201d<\/p>\n<p>Repetir a Abraham. He ah\u00ed para lo que deber\u00edan prepararse los Movimientos Democr\u00e1ticos del Estado espa\u00f1ol desde ya.<\/p>\n<p>(1). &#8216;La experiencia espa\u00f1ola: tres revoluciones pasivas con un genocidio intercalado. [&#8230;] En los \u00faltimos ciento cincuenta a\u00f1os de historia de Espa\u00f1a, desde 1868, se ha producido en cuatro ocasiones una situaci\u00f3n que a\u00fane el doblete de la crisis econ\u00f3mica al de la deslegitimaci\u00f3n pol\u00edtica del r\u00e9gimen por corrupci\u00f3n, por esc\u00e1ndalo financiero: a,la previa a la Revoluci\u00f3n del 68; b,la que conduce a la Segunda Rep\u00fablica; c, el periodo que termina con el advenimiento del r\u00e9gimen neofranquista hoy en crisis, y, d, el momento actual.&#8217; <a href=\"http:\/\/old.sinpermiso.info\/articulos\/ficheros\/miras.pdf\">http:\/\/old.sinpermiso.info\/articulos\/ficheros\/miras.pdf<\/a><\/p>\n","protected":false},"excerpt":{"rendered":"<p class='MsoNormal' style='line-height: 22.4px;'>Un horizonte en el que la Ley escrita se convierte en la instituci\u00f3n por antonomasia a la que todas las dem\u00e1s instancias, comenzando por el Parlamento (la inutilidad del Parlamento de la UE demuestra lo avanzada que est\u00e1 esta nueva fase en nuestro continente) deben venerar, obedecer y no tocar.As\u00ed, es ante la realidad del Constitucionalismo Antidemocr\u00e1tico de la Uni\u00f3n Europea (una realidad que, si bien algo tarde, le qued\u00f3 clara a Varoufakis siendo Ministro de Finanzas en Grecia), que esas dos demandas del Movimiento Democr\u00e1tico (o, mejor, de los Movimientos Democr\u00e1ticos) del Estado espa\u00f1ol deben demostrar de qu\u00e9 pasta est\u00e1n hechos. Si estamos abocados a la cuarta revoluci\u00f3n pasiva que vive el Estado espa\u00f1ol en los \u00faltimos 150 a\u00f1os como creen Joaqu\u00edn Miras y Joan Tafalla o si asistiremos, por fin, a una ruptura con la Ley (de la eurozona, de la deuda, de los \u201ccompromisos adquiridos con nuestros socios\u201d, etc.) que permita una verdadera mudanza en las condiciones de vida de los subalternos.<\/p>\n","protected":false},"author":9,"featured_media":3114,"comment_status":"open","ping_status":"open","sticky":false,"template":"","format":"standard","meta":{"footnotes":""},"categories":[14],"tags":[],"class_list":["post-3113","post","type-post","status-publish","format-standard","has-post-thumbnail","hentry","category-democracia-republica"],"aioseo_notices":[],"_links":{"self":[{"href":"https:\/\/espai-marx.net\/index.php?rest_route=\/wp\/v2\/posts\/3113","targetHints":{"allow":["GET"]}}],"collection":[{"href":"https:\/\/espai-marx.net\/index.php?rest_route=\/wp\/v2\/posts"}],"about":[{"href":"https:\/\/espai-marx.net\/index.php?rest_route=\/wp\/v2\/types\/post"}],"author":[{"embeddable":true,"href":"https:\/\/espai-marx.net\/index.php?rest_route=\/wp\/v2\/users\/9"}],"replies":[{"embeddable":true,"href":"https:\/\/espai-marx.net\/index.php?rest_route=%2Fwp%2Fv2%2Fcomments&post=3113"}],"version-history":[{"count":0,"href":"https:\/\/espai-marx.net\/index.php?rest_route=\/wp\/v2\/posts\/3113\/revisions"}],"wp:featuredmedia":[{"embeddable":true,"href":"https:\/\/espai-marx.net\/index.php?rest_route=\/wp\/v2\/media\/3114"}],"wp:attachment":[{"href":"https:\/\/espai-marx.net\/index.php?rest_route=%2Fwp%2Fv2%2Fmedia&parent=3113"}],"wp:term":[{"taxonomy":"category","embeddable":true,"href":"https:\/\/espai-marx.net\/index.php?rest_route=%2Fwp%2Fv2%2Fcategories&post=3113"},{"taxonomy":"post_tag","embeddable":true,"href":"https:\/\/espai-marx.net\/index.php?rest_route=%2Fwp%2Fv2%2Ftags&post=3113"}],"curies":[{"name":"wp","href":"https:\/\/api.w.org\/{rel}","templated":true}]}}