{"id":3126,"date":"2016-02-16T00:00:00","date_gmt":"2016-02-16T00:00:00","guid":{"rendered":"https:\/\/espai-marx.net\/?p=3126"},"modified":"2020-02-15T12:13:17","modified_gmt":"2020-02-15T11:13:17","slug":"un-plan-b-para-no-ir-a-ninguna-parte","status":"publish","type":"post","link":"https:\/\/espai-marx.net\/?p=3126","title":{"rendered":"Un Plan B para no ir a ninguna parte"},"content":{"rendered":"<p>Miembros de la Plataforma Salir del Euro<\/p>\n<p>Despu\u00e9s del encuentro celebrado en Par\u00eds el 23 y 24 de enero pasado, las personas y fuerzas pol\u00edticas agrupadas en lo que se conoce como el plan B para Europa trasladan su caravana a Madrid los d\u00edas 19, 20 y 21 febrero.<\/p>\n<p>La puesta en marcha de estas iniciativas revela ante todo la precaria situaci\u00f3n en la que se encuentra la Uni\u00f3n europea y el incierto proyecto de integraci\u00f3n del Continente. Por mucho que se quiera pasar por alto la desolaci\u00f3n social existente, el fracaso de la uni\u00f3n monetaria, el desconcierto pol\u00edtico de Europa, es imposible no detectar un gran malestar general y no sentirse en la necesidad y obligaci\u00f3n para los que se reclaman de la izquierda de decir algo sobre sobre el mal de fondo, las fracturas en las que se asienta la actual Uni\u00f3n.<\/p>\n<p>A ello responde el llamado plan B, surgido tras el desastre que represent\u00f3 la claudicaci\u00f3n del gobierno de Tsipras a la Troika en julio del pasado a\u00f1o. Todo se conmovi\u00f3 en la izquierda, por m\u00e1s que, en nuestro pa\u00eds en particular, se haya extendido un manto de silencio sobre el an\u00e1lisis y consecuencias de lo acontecido. Acaban de celebrarse las elecciones generales y nunca entr\u00f3 en el debate y las propuestas de los partidos el condicionante del tema europeo, y en el embrollo de la investidura se elude contumaz y sistem\u00e1ticamente la respuesta que ser\u00e1 forzoso dar a las exigencias de la Comisi\u00f3n europea, que exige nuevos ajustes y recortes sin tapujo alguno, con independencia del gobierno que se configure.\u00a0<a style=\"font-size: 1em; color: #0099cc;\" href=\"http:\/\/planbeuropa.es\/llamamiento\/\">http:\/\/planbeuropa.es\/llamamiento\/<\/a><\/p>\n<p>Se agrupan en torno al plan B muchos personajes reconocidos de diferentes pa\u00edses. Inmediatamente se detecta que hay dos posiciones bien diferenciadas, cuya convivencia no podr\u00e1 tener una gran vigencia temporal. Por un lado, est\u00e1n aquellos que habiendo comprendido correctamente la naturaleza pol\u00edtica e ideol\u00f3gica de la uni\u00f3n monetaria, y sus inevitables consecuencias, que tan de manifiesto se han puesto en Grecia y en otros pa\u00edses perif\u00e9ricos, entre ellos Espa\u00f1a, no cabe otra soluci\u00f3n que desmantelar la zona euro, bien sea por un acuerdo colectivo entre los pa\u00edses europeos, o bien sea porque unilateralmente los pa\u00edses estrangulados por el euro se desprendan el dogal que los asfixia. Participantes en Par\u00eds como Oskar Lafontaine, Costa Lapavitsas, Fr\u00e9deric Lordon o Zoe Konstantopoulou, dejaron n\u00edtida su posici\u00f3n a favor de la ruptura de la uni\u00f3n monetaria.<\/p>\n<p>Pero, junto a ellos, participan en esa iniciativa otras personas y organizaciones cuyas propuestas no est\u00e1n claras ni tampoco sus verdaderas intenciones pol\u00edticas, pues no dejan despejada la respuesta que dar al euro ni tampoco la forma de acabar con el proyecto de la unidad europea levantado a partir del Tratado de Maastricht de 1992. Incluso hablan con desparpajo de \u201csalvar Europa de si misma\u201d, ech\u00e1ndose sobre los hombros una responsabilidad que los pueblos nunca han pedido, sino m\u00e1s bien todo lo contrario como lo demuestran cada vez que han sido consultados. Se ha llegado a decir que en el plan B conviden dos almas, y cabe admitirlo as\u00ed, sin perjuicio de las diferencias y matices que existen en cada una de ellas. (E n una reciente entrevista, Oskar Lafontaine ha mostrado discrepancias claras en relaci\u00f3n con los objetivos que viene defendiendo Yanis Varoufakis , famoso ex-ministro griego que abandon\u00f3 sin m\u00e1s las negociaciones del gobierno de Tsipras con la Troika ).<\/p>\n<p>Desde luego, los promotores del encuentro de Madrid pertenecen sin duda alguna al sector del alma en pena, de los que no se sabe si suben o bajan, a juzgar por el documento lanzado para la convocatoria. La prensa se ha hecho eco de la edici\u00f3n de un manifiesto para la reforma de la Uni\u00f3n europea bajo la f\u00f3rmula de un plan B. Vista la lista de los primeros firmantes, numerosos, reconocidos nombres, con autoridad leg\u00edtima unos, con cargos otros, no es sorprendente esa irrupci\u00f3n medi\u00e1tica, ligada adem\u00e1s al nombre de Varoufakis.<\/p>\n<p>En el manifiesto es f\u00e1cil detectar el origen ideol\u00f3gico de su elaboraci\u00f3n, por m\u00e1s que siempre hay firmantes para todo, que se dejan seducir f\u00e1cilmente cuando se habla de democracia y si de asuntos econ\u00f3micos se trata para no quedar descolgados en el limbo de la ignorancia. Son los partidarios del no pero si, tan frecuentes en la pol\u00edtica. Los que tan c\u00f3modamente se instalan en la confusi\u00f3n y buscan coherencias con argumentos espurios.<\/p>\n<p>Para muchos de ellos, es preciso criticar con mucha crudeza a la Uni\u00f3n europea por sus carencias y pol\u00edtica, pero no proponer su liquidaci\u00f3n. Parad\u00f3jicamente denuncian los desastres para los trabajadores y dem\u00e1s capas populares provocados por la globalizaci\u00f3n que representa la zona euro, pero alegan que tiene la ventaja de que ha impulsado el \u201cinternacionalismo\u201d. Afirman que las soluciones no pueden ser nacionales, ni revertir de nuevo la soberan\u00eda a los estados-naci\u00f3n, porque es algo superado hist\u00f3ricamente, salvo para los gobiernos de cada pa\u00eds para mejor extorsionar a sus pueblos ampar\u00e1ndose en la internacionalizaci\u00f3n del capital. Piensan que realmente no hay soluci\u00f3n a los problemas de Europa y de los pa\u00edses miembros en el marco de la uni\u00f3n monetaria, pero ya estamos afortunadamente integrados bajo las exigencias y los dogmas del neoliberalismo y quiz\u00e1s convenga inventar reformas inviables que no supongan rupturas. Se trata de una nueva edici\u00f3n de la pol\u00edtica TINA ( There is not alternative) practicada recientemente por el gobierno de Tsipras Todo ello nos recuerda al revisionismo taimado y viejo, arropado de sensibilidad social pero resignado e impotente para evitar lo que se denuncia. Cortinas de humo para alimentar el oscurantismo, no dejar ver con claridad a nadie y taparse las verg\u00fcenzas propias.<\/p>\n<p>Toda reacci\u00f3n para combatir la UE actual es bienvenida, pero es muy penoso que tantas firmas ilustres junten su nombre para producir un manifiesto tan pobre, confuso, desorientado e in\u00fatil. Muchos cerebros para gestar un rat\u00f3n de manifiesto tan lamentable, cuando la crisis europea golpea con tanta fuerza y en algunos pa\u00edses de la Uni\u00f3n el dolor y los sufrimientos y su extensi\u00f3n ciudadana alcanzan situaciones dram\u00e1ticas, al punto de que se pueden avecinar encrucijadas pol\u00edticas donde opciones siniestras pueden tener su oportunidad, como incluso se menciona en el manifiesto, o plan B.<\/p>\n<p>Que a estas alturas se venga a reconocer que la UE no es democr\u00e1tica y que la pol\u00edtica est\u00e1 dominada por los poderes econ\u00f3micos es un gran acierto anal\u00edtico, si bien ha transcurrido demasiado tiempo para percatarse de ello y para sentirse en la obligaci\u00f3n de demostrarlo. En efecto, la Uni\u00f3n europea y el sistema econ\u00f3mico capitalista, en su versi\u00f3n m\u00e1s dogm\u00e1tica y neoliberal en que se sustenta, no son democr\u00e1ticos. Pero cabr\u00eda exponerlo limpiamente, sin mezclar asuntos y sin amalgamar problemas. En Grecia, en julio del pasado a\u00f1o, no hubo un golpe de estado financiero, sino la entrega de un gobierno que, mandatado por los ciudadanos a no negociar nuevos ajustes y recortes, claudic\u00f3 ante la Troika y acept\u00f3 estrangular con m\u00e1s fuerza a los trabajadores y capas populares griegas.<\/p>\n<p>Tampoco aclara mucho citar el triste problema de los refugiados como ligado a la naturaleza de Uni\u00f3n europea, cuando sobre todo es una situaci\u00f3n generada por el imperialismo americano y los juegos contradictorios y turbios de otros muchos pa\u00edses. En fin, desde el punto de vista ideol\u00f3gico, decir que las instituciones europeas trabajan a favor de una peque\u00f1a minor\u00eda es no haber entendido que esa peque\u00f1a minor\u00eda representa el poder de la gran burgues\u00eda europea con sus diferentes tensiones y luchas de poder. No es necesario ridiculizar a Marx para aclarar que en el capitalismo la inmensa mayor\u00eda est\u00e1 doblegada y supeditada a los intereses de la minoritaria, pero todopoderosa, clase dominante.<\/p>\n<p>Con ese trasfondo anal\u00edtico y la trivial conclusi\u00f3n de la falta de democracia en la Uni\u00f3n europea, la inanidad de las propuestas del manifiesto es tan manifiesta que cabe mal\u00e9volamente pensar que su objetivo no es tanto poner fin a la situaci\u00f3n desoladora en tantos sentidos que vive Europa como a confundir la poblaci\u00f3n y darle un respiro a las instituciones europeas. Ante el malestar y las propuestas m\u00e1s radicales que han surgido, como la necesidad de que los pa\u00edses recuperen su soberan\u00eda econ\u00f3mica y monetaria y abandonen el euro, ya sea cohesionada o aisladamente, el plan B cabe interpretarlo como un programa de viaje a ninguna parte. Como un intento de desviar la atenci\u00f3n sobre los verdaderos problemas y sus causas e ilusionar con falsas expectativas a una poblaci\u00f3n desorientada, a trav\u00e9s de la potencia medi\u00e1tica que pueden acumular tantas firmas ilustres proclamando la nada.<\/p>\n<p>La ambig\u00fcedad, la falta de rigor y la inconcreci\u00f3n de las propuestas como se\u00f1as del manifiesto no impiden reconocer, como se ha dicho, que participan en torno al Plan B nombres de prestigio que tienen una posici\u00f3n firme y coherente sobre las implicaciones del euro y con la ineludible necesidad de desmontarlo. Toda reacci\u00f3n para combatir la UE actual es bienvenida, pero el tiempo es limitado: no caben debates acad\u00e9micos ni ocurrencias sin fundamento cuando est\u00e1 demostrado de modo fehaciente que la causa m\u00e1s decisiva del colapso de Europa es la uni\u00f3n monetaria.<\/p>\n<p>Dada la existencia de n\u00facleos de rechazo a la Europa de Maastricht y los trabajadores masivamente de una forma u otra se han expresado contra las consecuencias econ\u00f3micas y sociales de la moneda \u00fanica, los firmantes del manifiesto, con gran sensibilidad pol\u00edtica y un sentido acendrado del \u201cinternacionalismo\u201d, se proponen generar un espacio de confluencia a escala europea, para luchar contra el &#8216;modelo&#8217; actual de la pol\u00edtica de las instituciones europeas, rompiendo con la austeridad y democratiz\u00e1ndolas radicalmente para que se pongan al servicio de la ciudadan\u00eda.<\/p>\n<p>Nobles objetivos, aunque el manifiesto no se ocupa de desarrollar como acabar con la austeridad, ni como los pa\u00edses atrapados y en bancarrota con una enorme deuda pueden eludirla, ni c\u00f3mo resolver las grav\u00edsimas contradicciones que encierra la uni\u00f3n monetaria, entre otras los tipos de cambio irrevocables que han desencadenado la crisis actual al provocar profundos desequilibrios econ\u00f3micos y financieros que no podr\u00e1n corregirse con los vigentes cambios impl\u00edcitos entre las monedas por pa\u00edses.<\/p>\n<p>A pesar de nuestro desacuerdo con el manifiesto por su huidiza posici\u00f3n y sus desenfocadas propuestas, consideramos que representa una contribuci\u00f3n para despertar la conciencia de los ciudadanos sobre el crucial tema de Europa. Esta conciencia es decisiva para afrontar la desolaci\u00f3n econ\u00f3mica y social que se ha instalado en muchos pa\u00edses.<\/p>\n<p>En nuestro pa\u00eds, todos los intentos por eludir la cuesti\u00f3n europea ser\u00e1n bald\u00edos. Arrojada por la puerta del debate pol \u00ed tico sin consideraci\u00f3n n, la cuesti\u00f3n del euro y de la UE, se colar \u00e1 por la ventana por la sencilla raz \u00f3 n de que la Troika amenaza y es muy poderosa y la econom\u00eda espa\u00f1ola muy fr \u00e1 gil y vulnerable. Los partidarios de cualquiera de las versiones del llamado plan B deber\u00e1n esforzarse a\u00fan mucho para salir de la ret\u00f3rica y para dar una respuesta concreta y real a los problemas reales y concretos de nuestro pueblo.<\/p>\n<p>&nbsp;<\/p>\n","protected":false},"excerpt":{"rendered":"<p>Toda reacci\u00f3n para combatir la UE actual es bienvenida, pero es muy penoso que tantas firmas ilustres junten su nombre para producir un manifiesto tan pobre, confuso, desorientado e in\u00fatil. Muchos cerebros para gestar un rat\u00f3n de manifiesto tan lamentable, cuando la crisis europea golpea con tanta fuerza y en algunos pa\u00edses de la Uni\u00f3n el dolor y los sufrimientos y su extensi\u00f3n ciudadana alcanzan situaciones dram\u00e1ticas, al punto de que se pueden avecinar encrucijadas pol\u00edticas donde opciones siniestras pueden tener su oportunidad, como incluso se menciona en el manifiesto, o plan B.<\/p>\n","protected":false},"author":9,"featured_media":3127,"comment_status":"open","ping_status":"open","sticky":false,"template":"","format":"standard","meta":{"footnotes":""},"categories":[3],"tags":[],"class_list":["post-3126","post","type-post","status-publish","format-standard","has-post-thumbnail","hentry","category-condiciones-de-vida"],"aioseo_notices":[],"_links":{"self":[{"href":"https:\/\/espai-marx.net\/index.php?rest_route=\/wp\/v2\/posts\/3126","targetHints":{"allow":["GET"]}}],"collection":[{"href":"https:\/\/espai-marx.net\/index.php?rest_route=\/wp\/v2\/posts"}],"about":[{"href":"https:\/\/espai-marx.net\/index.php?rest_route=\/wp\/v2\/types\/post"}],"author":[{"embeddable":true,"href":"https:\/\/espai-marx.net\/index.php?rest_route=\/wp\/v2\/users\/9"}],"replies":[{"embeddable":true,"href":"https:\/\/espai-marx.net\/index.php?rest_route=%2Fwp%2Fv2%2Fcomments&post=3126"}],"version-history":[{"count":0,"href":"https:\/\/espai-marx.net\/index.php?rest_route=\/wp\/v2\/posts\/3126\/revisions"}],"wp:featuredmedia":[{"embeddable":true,"href":"https:\/\/espai-marx.net\/index.php?rest_route=\/wp\/v2\/media\/3127"}],"wp:attachment":[{"href":"https:\/\/espai-marx.net\/index.php?rest_route=%2Fwp%2Fv2%2Fmedia&parent=3126"}],"wp:term":[{"taxonomy":"category","embeddable":true,"href":"https:\/\/espai-marx.net\/index.php?rest_route=%2Fwp%2Fv2%2Fcategories&post=3126"},{"taxonomy":"post_tag","embeddable":true,"href":"https:\/\/espai-marx.net\/index.php?rest_route=%2Fwp%2Fv2%2Ftags&post=3126"}],"curies":[{"name":"wp","href":"https:\/\/api.w.org\/{rel}","templated":true}]}}