{"id":3138,"date":"2016-04-07T00:00:00","date_gmt":"2016-04-07T00:00:00","guid":{"rendered":"https:\/\/espai-marx.net\/?p=3138"},"modified":"2019-01-21T18:59:24","modified_gmt":"2019-01-21T18:59:24","slug":"acotaciones-al-manifiesto-del-grupo-koine","status":"publish","type":"post","link":"https:\/\/espai-marx.net\/?p=3138","title":{"rendered":"Acotaciones al manifiesto del grupo Koin\u00e9"},"content":{"rendered":"<p>    <P ALIGN=JUSTIFY STYLE='margin-bottom: 0.64cm; line-height: 150%'>Aunque el Presidente Puigdemont haya querido desviar la atenci&oacute;n de la carga pol&iacute;tica del manifiesto, sosteniendo hoy &ndash; 6 de abril &#8211; en el Parlament que se trata de un debate acad&eacute;mico cuya discusi&oacute;n no corresponde a la c&aacute;mara, lo cierto es que se trata de una declaraci&oacute;n pol&iacute;tica, con intenci&oacute;n pol&iacute;tica, que pretende partir de posiciones acad&eacute;micas para presentarse cargado de raz&oacute;n; por cierto que la interpretaci&oacute;n del President Puigdemont puede entenderse como una manera de zanjar un incipiente debate, pero tambi&eacute;n de cerrarlo aceptando la invocada raz&oacute;n acad&eacute;mica. Se trata de una declaraci&oacute;n pol&iacute;tica que pretende intervenir en el debate constituyente abierto en Catalu&ntilde;a &ndash; presente tambi&eacute;n en Espa&ntilde;a se quiera ver o no &ndash; marcando un punto que se considera fundamental de esa constituci&oacute;n en marcha, sea legal o material, firmado por algunos fil&oacute;logos con conocida activa militancia pol&iacute;tica, y responsabilidades gubernamentales pasadas algunos de ellos (Joaquim Arenas, cap del Servei d&rsquo;ensenyament del Catal&agrave; durante veinte a&ntilde;os despu&eacute;s de 1983) y por pol&iacute;ticos, tambi&eacute;n de militancia conocida (Juli&agrave; de Jodar, las hermanas Blanca y Eva Serra, por citar solo algunos que no pueden negar su larga trayectoria militante). Adem&aacute;s el documento no est&aacute; firmado por cuatro especialistas, sino por una nutrida representaci&oacute;n de un sector profesional de la universidad catalana, del Institut d&rsquo;Estudis Catalans, y de la intelectualidad cat&oacute;lica catalanista &ndash; algunos dir&iacute;an montserratina, para precisar m&aacute;s-. La penosa intervenci&oacute;n del President ha sido en respuesta a la intervenci&oacute;n del diputado de &ldquo;Catalunya si que es Pot&rdquo; Llu&iacute;s Rabel que lo ha calificado de racista; d&iacute;as antes en un editorial de La Vanguardia le atribuy&oacute;, con un tono m&aacute;s moderado, un &ldquo;tufillo etnicista&rdquo;. Dejando fuera el juego de calificativos, lo cierto es que, cuando menos, la m&uacute;sica y gran parte de las letras del documento destilan un argumentario de distinci&oacute;n de poblaciones y de guerra de lenguas que choca con la imagen que se pretende &ndash; y algunos seguimos defendiendo &ndash; de Catalu&ntilde;a como pa&iacute;s integrador y tolerante; e incluso con algunas operaciones pol&iacute;ticas recientes de formaciones del proceso independentista, a las que pertenecen &ndash; o est&aacute;n vinculados &ndash; una parte importante de los promotores y firmantes del manifiesto, como la que ha representado la asociaci&oacute;n &ldquo;S&uacute;mate&rdquo;.  <\/P> <P ALIGN=JUSTIFY STYLE='margin-bottom: 0.64cm; line-height: 150%'>Lo m&aacute;s importante del documento no es la relativamente equ&iacute;voca proposici&oacute;n final, que elude utilizar expresamente el t&eacute;rmino de lengua oficial pero que, de acuerdo con la pol&iacute;tica dominante del eufemismo, adopta el concepto bajo la identificaci&oacute;n de una sola lengua como natural del pa&iacute;s con plena legitimidad para ser &ldquo;el eje integrador&rdquo;; como estamos ante un escrito profesionales de la lengua, el uso del art&iacute;culo determinado &ldquo;el&rdquo; no es en balde, sino representativo de un deseo de exclusividad. Lo m&aacute;s importante, sin dejar de serlo esa propuesta de eje determinado\/exclusivo, es la argumentaci&oacute;n que se va utilizando a lo largo para llegar a esa conclusi&oacute;n.<\/P> <P ALIGN=JUSTIFY STYLE='margin-bottom: 0.64cm; line-height: 150%'>El concepto que se tiene de Catalu&ntilde;a y del pueblo catal&aacute;n es un concepto petrificado, inm&oacute;vil, no precisamente republicano, sino de entidad y colectivo formado en todas sus caracter&iacute;sticas de una vez para siempre. El trato que se da a la inmigraci&oacute;n es sonrojante en muchos sentidos, pero sobre todo en uno: se la trata de poblaci&oacute;n ex&oacute;gena, puesto que es portadora de una lengua ex&oacute;gena, distorsionadora de la cohesi&oacute;n social, instrumento &ldquo;involuntario&rdquo;, etc. Etc. Para los autores del manifiesto la evoluci&oacute;n hist&oacute;rica de Catalu&ntilde;a desde finales del siglo XIX no ha producido una evoluci&oacute;n social paralela, con sus connotaciones culturales incluidas.<\/P> <P ALIGN=JUSTIFY STYLE='margin-bottom: 0.64cm; line-height: 150%'>Su problema no solo es lo que sostiene, su falta de matiz, su trazo grueso que no se borra con una invocaci&oacute;n final, y ret&oacute;rica, al multiling&uuml;ismo, sino las conclusiones en contrario, las consecuencias l&oacute;gicas de las argumentaciones que se utilizan; consecuencias que quedan impl&iacute;citas, sin explicitar, pero que no por ello dejan de estar presentes en su ausencia. Un ejemplo, quiz&aacute;s el de mayor gravedad por las consecuencias que se derivan, o se pueden derivar, es el de la dicotom&iacute;a end&oacute;gena-ex&oacute;gena referida a la lengua y asociada a la de poblaci&oacute;n natural-poblaci&oacute;n inmigrada. Por ese camino la integraci&oacute;n se convierte en asimilaci&oacute;n y abre la puerta a la marginaci&oacute;n o exclusi&oacute;n de los no asimilados. Y es de menor trascendencia, aunque significativo de la ligereza con la que se trata de nuestro complejo pasado, su escaso rigor hist&oacute;rico en algunos puntos, como el de la precariedad del biling&uuml;ismo hasta 1939.  <\/P> <P ALIGN=JUSTIFY STYLE='margin-bottom: 0.64cm; line-height: 150%'>Entrando en el detalle, algunas de las frases y p&aacute;rrafos del documento, merecen acotaciones concretas (en adelante el texto del manifiesto se reproducir&aacute; entre comillas y cursiva). Estas son.  <\/P> <P ALIGN=JUSTIFY STYLE='margin-bottom: 0.64cm; line-height: 150%'><B>1<\/B><I>:&ldquo;llengua end&ograve;gena del territori de Catalunya, on s&rsquo;ha format i ha evolucionat hist&ograve;ricament, i des d&rsquo;on es va estendre (&hellip;)<\/I><I> <\/I><I>la llengua end&ograve;gena i l&rsquo;ex&ograve;gena&rdquo;<\/I><\/P> <P ALIGN=JUSTIFY STYLE='margin-bottom: 0.64cm; line-height: 150%'>Ya he se&ntilde;alado la perversidad de la dicotom&iacute;a endo\/exo. S&oacute;lo a&ntilde;ado, esa extensi&oacute;n de la lengua hacia el Sur el Norte y el Este, &iquest;se hizo de manera natural o por imposici&oacute;n pol&iacute;tica? Parece que sin la &ldquo;reconquista&rdquo; y el expansionismo din&aacute;stico mediterr&aacute;neo el catal&aacute;n dif&iacute;cilmente se hubiera extendido en los t&eacute;rminos que lo hizo&hellip; La argumentaci&oacute;n entra aqu&iacute; en un c&iacute;rculo vicioso. &iquest;Qu&eacute; lengua end&oacute;gena tendr&iacute;an que reivindicar los pueblos sobre los que la nueva lengua se extendi&oacute;? Seguir con ese razonamiento es absurdo; en cualquier caso invocar la historia para remodelar el presente puede tener consecuencias aberrantes, con graves consecuencias para las gentes del presente. El ejemplo actual paradigm&aacute;tico es el de la reconstituci&oacute;n forzada del reino de Israel, hoy, claro est&aacute;, bajo forma de rep&uacute;blica.  <\/P> <P ALIGN=JUSTIFY STYLE='margin-bottom: 0.64cm; line-height: 150%'><B>2.<\/B> <I>&ldquo;d&rsquo;en&ccedil;&agrave; del 1714, el castell&agrave;, com a llengua de dominaci&oacute;, li disputa coercitivament aquest estatus de llengua territorial i ha intentat i continua intentant repressivament de despla&ccedil;ar-la dels &agrave;mbits d&rsquo;&uacute;s ling&uuml;&iacute;stic general&rdquo;<\/I><\/P> <P ALIGN=JUSTIFY STYLE='margin-bottom: 0.64cm; line-height: 150%'>Ese es un ejemplo del tratamiento de la cuesti&oacute;n en t&eacute;rminos de &ldquo;guerra de lenguas&rdquo;. &iquest;Es el castellano el que disputa coercitivamente con el catal&aacute;n? &iquest;El que reprime al catal&aacute;n y lo desplaza? Pero una lengua es el instrumento de comunicaci&oacute;n propio de las personas &iquest;Son los inmigrantes lo que ejercen la coerci&oacute;n? Ese p&aacute;rrafo podr&iacute;a haber tenido una redacci&oacute;n que hubiese evitado la formulaci&oacute;n de la guerra de lenguas; y que se hubiera mantenido en los t&eacute;rminos de la dominaci&oacute;n pol&iacute;tica, de la pol&iacute;tica de estado- la denuncia inicial, compartible, porque es evidente y condenable que hubo imposici&oacute;n pol&iacute;tica de un idioma oficial y persecuci&oacute;n pol&iacute;tica de la lengua catalana. Sin embargo no ha sido as&iacute;, se ha sostenido el argumento de la guerra entre una &ldquo;lengua territorial&rdquo; y otra lengua &ldquo;extra-territorial&rdquo;; un argumento utilizado de manera deliberada por una comunidad redactora y firmante de primer nivel acad&eacute;mico y con voluntad pol&iacute;tica de configurar un nuevo poder. Uno de los t&eacute;rminos en boga desde hace alg&uacute;n tiempo es el del &ldquo;territorio&rdquo;, utilizado habitualmente para identificar la Catalu&ntilde;a eterna, inmanente, presente sobre todo en las tierras cismetropolitanas. La &ldquo;territorialidad&rdquo; tiene en ese uso popular del t&eacute;rmino un tufillo, como dir&iacute;a con su cautela interesada habitual La Vanguardia, excluyente, &iquest;lo tiene tambi&eacute;n el t&eacute;rmino de lengua territorial, referido al catal&aacute;n, con respecto al castellano, que habr&aacute; de ser por tanto forzosamente extraterritorial? Parece que no estemos ante una correcci&oacute;n de la persecuci&oacute;n pol&iacute;tica de una lengua, sino ante una propuesta de darle la vuelta a la tortilla.<\/P> <P ALIGN=JUSTIFY STYLE='margin-bottom: 0.64cm; line-height: 150%'><B>3.<\/B> &ldquo;<I>el mecanisme per a aconseguir la implantaci&oacute; del castell&agrave; a Catalunya va ser i continua essent la biling&uuml;itzaci&oacute; for&ccedil;osa de la poblaci&oacute;n&rdquo;<\/I><\/P> <P ALIGN=JUSTIFY STYLE='margin-bottom: 0.64cm; line-height: 150%'>&iquest;Bilinguizaci&oacute;n forzosa de la poblaci&oacute;n? Pudo haber intenciones pol&iacute;ticas en ese sentido, aunque ser&iacute;a m&aacute;s propio decir que las intenciones pol&iacute;ticas fueron las de imponer el castellano, sin m&aacute;s, no generar un sistema de dualidad de lenguas. El biling&uuml;ismo, como se deduce de la m&uacute;sica y de algunos versos del manifiesto est&aacute; fundamentalmente asociado a la inmigraci&oacute;n. El manifiesto rezuma evocaciones de Vandell&oacute;s, y quiz&aacute;s alguna gota de influencia pompeyana (Pompeu Gener), aunque no se le cite de manera expl&iacute;cita, quiz&aacute;s por no ser pol&iacute;ticamente oportuno todav&iacute;a. Dada la importancia trascendente de la inmigraci&oacute;n en la poblaci&oacute;n catalana del siglo XX, los inmigrantes aragoneses, murcianos, gallegos, extreme&ntilde;os y andaluces, al pasar el Ebro tendr&iacute;an que haber renunciado a su lengua para trabajar en las f&aacute;bricas, los tajos,&hellip;. Se elude el an&aacute;lisis de la realidad, de toda ella, de todo el proceso hist&oacute;rico real, de manera que el &uacute;nico referente de la contemporaneidad parece ser 1714; y se introduce un concepto con gran carga dram&aacute;tica que hace recaer, de forma impl&iacute;cita, la culpa &ndash;el t&eacute;rmino &ldquo;forzoso&rdquo; remite a la coerci&oacute;n, es una adjudicaci&oacute;n de culpa- el retroceso del uso del catal&aacute;n a la poblaci&oacute;n inmigrada.  <\/P> <P ALIGN=JUSTIFY STYLE='margin-bottom: 0.64cm; line-height: 150%'><B>4.<\/B> <I>&ldquo;Un proc&eacute;s que va costar segles i que fins el 1939 encara era for&ccedil;a precari pel que fa a la major part de les classes populars&rdquo;<\/I><\/P> <P ALIGN=JUSTIFY STYLE='margin-bottom: 0.64cm; line-height: 150%'>Falso.  Se ha pasado de negar que entre las clases populares tambi&eacute;n se hablaba catal&aacute;n a sostener que fundamentalmente se hablaba catal&aacute;n y el uso del castellano era residual. No desde luego en el principal componente de esas clases populares, las clases trabajadores. Aunque, con toda l&oacute;gica hist&oacute;rica en el mundo campesino, donde la inmigraci&oacute;n no tuvo impacto, el catal&aacute;n sigui&oacute; siendo la lengua predominante, y no solo entre las clases populares; pero eso sigui&oacute; siendo as&iacute; despu&eacute;s de 1939, all&iacute; donde no alcanzaron las nuevas oleadas migratorias de postguerra. &iquest;En qu&eacute; lengua se public&oacute; Solidaridad Obrera? &iquest;Cu&aacute;l era la lengua &ldquo;de uso&rdquo; de las zarzuelas? &iquest;Se han le&iacute;do estos doctos fil&oacute;logos las actas de las reuniones obreras de los veinte y los treinta? El PSUC ten&iacute;a un diario oficial en catal&aacute;n Treball, por la ma&ntilde;ana, un diario oficioso, de tarde, en castellano, La Rambla. El diario de la UGT de Catalunya era Las Noticias. Por cierto que la CNT catalana fracas&oacute; en su proyecto de llevar adelante un diario propio en catal&aacute;n, Catalunya, por falta de p&uacute;blico. &iquest;Cu&aacute;l era la lengua de &ldquo;La Batalla&rdquo;? &iquest;C&oacute;mo puede ser tan ignorante gente tan docta? El biling&uuml;ismo estaba bien presente, y no de manera precaria, entre las clases populares urbanas de Catalu&ntilde;a mucho antes de 1939. Como consecuencia de la inmigraci&oacute;n, no de las pol&iacute;ticas oficiales; el factor fundamental fue la inmigraci&oacute;n y la resurrecci&oacute;n, no confesa, de Vandell&oacute;s considera la inmigraci&oacute;n, el biling&uuml;ismo, como un mal, como la base de una guerra de lenguas.<\/P> <P ALIGN=JUSTIFY STYLE='margin-bottom: 0.64cm; line-height: 150%'><B>5.<\/B> <I>&ldquo;la utilitzaci&oacute; d&rsquo;una immigraci&oacute; arribada de territoris castellanoparlants com a instrument involuntari de colonitzaci&oacute; ling&uuml;&iacute;stica&rdquo;<\/I><\/P> <P ALIGN=JUSTIFY STYLE='margin-bottom: 0.64cm; line-height: 150%'>Es una reformulaci&oacute;n vergonzante de la vieja acusaci&oacute;n hacia la inmigraci&oacute;n como agente de la castellanizaci&oacute;n. Se ha incluido lo de &ldquo;involuntario&rdquo; supuestamente para no ofender; por el contrario, ofende m&aacute;s ya que convierte al inmigrante en una elemento inferior, d&eacute;bil, apto para la manipulaci&oacute;n. Una vez m&aacute;s la idea se pod&iacute;a haber formulado de otra manera, pero no se ha hecho. Se habr&iacute;a podido decir que la pol&iacute;tica franquista de castellanizaci&oacute;n forzosa &ndash;esta s&iacute;&ndash; se vio beneficiada por la nueva oleada inmigratoria y punto; pero no es eso lo que se sostiene, sino que esa inmigraci&oacute;n actu&oacute; como instrumento. Nos hemos olvidado de Candel, los otros catalanes y la aportaci&oacute;n de la inmigraci&oacute;n a la lucha por lo que entonces  llam&aacute;bamos libertades catalanas, por la reivindicaci&oacute;n del uso del catal&aacute;n. Pero esa acci&oacute;n, instrumental si se quiere tambi&eacute;n, no conviene recordarla, porque distorsiona la linealidad del relato hist&oacute;rico p&eacute;treo sobre el que se sustenta el manifiesto.<\/P> <P ALIGN=JUSTIFY STYLE='margin-bottom: 0.64cm; line-height: 150%'><B>6.<\/B> <I>&ldquo;El r&egrave;gim constitucional del 1978 ha refermat la continu&iuml;tat de la imposici&oacute; politicojur&iacute;dica del castell&agrave; a Catalunya<\/I><\/P> <P ALIGN=JUSTIFY STYLE='margin-bottom: 0.64cm; line-height: 150%'><I>La legislaci&oacute; de la Generalitat&hellip;han servit per a superar en certs &agrave;mbits i for&ccedil;a prec&agrave;riament la minoritzaci&oacute; total soferta pel catal&agrave; a mans del franquisme, per&ograve; no pas per a revertir la norma social d&rsquo;&uacute;s subordinat del catal&agrave; al castell&agrave; que condiciona l&rsquo;&uacute;s ling&uuml;&iacute;stic quotidi&agrave; de la immensa majoria dels parlants i que porta a una indefectible substituci&oacute; de la llengua del pa&iacute;s per la llengua imposada per l&rsquo;Estat&rdquo;<\/I><\/P> <P ALIGN=JUSTIFY STYLE='margin-bottom: 0.64cm; line-height: 150%'>Parece que algunos de los promotores hacen autocr&iacute;tica de la pol&iacute;tica de inmersi&oacute;n ling&uuml;&iacute;stica y del pacto cultural, que entonces promovieron; pero no la hacen del todo. En los t&eacute;rminos victimistas habituales se ve la paja en el ojo ajeno y no la viga en el propio. Desde 1980 gobierna el pa&iacute;s, con un amplio margen para desarrollar pol&iacute;ticas ling&uuml;&iacute;sticas &ndash;y desplegarlas en medios de comunicaci&oacute;n de masas&ndash; formaciones pol&iacute;ticas que han aportado por la normalizaci&oacute;n del catal&aacute;n, su uso social, etc. Etc. &iquest;No ser&aacute; que esas formaciones han fallado en algo? &iquest;Qu&eacute;, a lo peor, el nuevo nacionalismo pol&iacute;tico ha generado reacciones contrarias a las de los a&ntilde;os sesenta? Se habla demasiado castellano en los patios de las escuelas, en el transporte p&uacute;blico, en los hospitales p&uacute;blicos metropolitanos,&hellip; es una queja frecuente. &iquest;Es razonable? Esa obsesi&oacute;n por controlar el uso privado de la lengua es extraordinariamente preocupante y no resulta, precisamente, una muestra de criterio democr&aacute;tico; por el contrario es una puerta abierta al totalitarismo comunitario.<\/P> <P ALIGN=JUSTIFY STYLE='margin-bottom: 0.64cm; line-height: 150%'>Por lo dem&aacute;s, &iquest;es una situaci&oacute;n com&uacute;n a todo el &ldquo;territorio&rdquo; o es caracter&iacute;stico de la gran conurbaci&oacute;n de la capital? &iquest;No subyacer&aacute; en esa queja una aspiraci&oacute;n de control pol&iacute;tico del nacionalismo, ni que sea el nacionalismo cultural, de las &aacute;reas que todav&iacute;a no dominan?<\/P> <P ALIGN=JUSTIFY STYLE='margin-bottom: 0.64cm; line-height: 150%'><B>7.<\/B> <I>&ldquo;<\/I><I>la situaci&oacute; actual de la llengua catalana&hellip; &eacute;s extremament cr&iacute;tica (&hellip;) cam&iacute; de convertir-se en una mena de dialecte del castell&agrave;&rdquo;.<\/I><\/P> <P ALIGN=JUSTIFY STYLE='margin-bottom: 0.64cm; line-height: 150%'>Afirmaciones apocal&iacute;pticas que son, con toda evidencia, demag&oacute;gicas. La lengua catalana puede tener problemas, &iquest;pero est&aacute; en situaci&oacute;n cr&iacute;tica? &iquest;se est&aacute; convirtiendo en un dial&eacute;ctico del castellano? Con todos los respectos esas exageraciones bordean la sandez. O son manifestaciones de una aspiraci&oacute;n monoling&uuml;&iacute;stica -del monopolio de una sola lengua&ndash; que no tiene suficiente con la inmersi&oacute;n educativa y persigue una inmersi&oacute;n social, ya; sin considerar las implicaciones y consecuencias. Aunque s&iacute; que es cierto que los medios de comunicaci&oacute;n de masas p&uacute;blicos habr&iacute;an de procurar que sus presentadores, en particular de los informativos, atropellasen menos la lengua propia.  <\/P> <P ALIGN=JUSTIFY STYLE='margin-bottom: 0.64cm; line-height: 150%'><B>8.<\/B> <I>&ldquo;Tampoc no &eacute;s la llengua predominant entre les generacions de la dita &laquo;immersi&oacute;&raquo;: en les zones m&eacute;s poblades la coneixen per&ograve; l&rsquo;usen m&iacute;nimament&rdquo;<\/I><\/P> <P ALIGN=JUSTIFY STYLE='margin-bottom: 0.64cm; line-height: 150%'>&iquest;Y eso se resuelve imponiendo un monoling&uuml;ismo b&aacute;sico? &iquest;Mediante decisiones de autoridad o por pol&iacute;ticas de consenso? Quiz&aacute;s se tendr&aacute;n que revisar las formas de aplicaci&oacute;n de la pol&iacute;tica de inmersi&oacute;n y practicar mejor las pol&iacute;ticas de consenso, el uso de los medios de comunicaci&oacute;n p&uacute;blicos.<\/P> <P ALIGN=JUSTIFY STYLE='margin-bottom: 0.64cm; line-height: 150%'><B>9.<\/B> <I>&ldquo;Denunciem la ideologia pol&iacute;tica de l&rsquo;anomenat &laquo;biling&uuml;isme&raquo;, que s&rsquo;ha anat inoculant des de les esferes de poder a tota la poblaci&oacute; catalana d&rsquo;en&ccedil;&agrave; del 1978&rdquo;<\/I><\/P> <P ALIGN=JUSTIFY STYLE='margin-bottom: 0.64cm; line-height: 150%'>&iquest;El &ldquo;biling&uuml;ismo&rdquo; es una ideolog&iacute;a? &iquest;se reduce a una ideolog&iacute;a? &iquest;la misma? &iquest;cu&aacute;l? Es decir, que esa parte de la poblaci&oacute;n que es biling&uuml;e, o se considera biling&uuml;e, son un colectivo cobaya que contamina al conjunto de la comunidad. Una vez m&aacute;s, lo peor es el tono de la argumentaci&oacute;n.<\/P> <P ALIGN=JUSTIFY STYLE='margin-bottom: 0.64cm; line-height: 150%'><B>10.<\/B> <I>&ldquo;un dels grans problemes d&rsquo;estat de la nova rep&uacute;blica, potser el m&eacute;s important, ser&agrave; el problema ling&uuml;&iacute;stic, perqu&egrave; afecta la base mateixa de la cohesi&oacute; social articular la llengua catalana com a eix integrador de la nostra ciutadania en un marc d&rsquo;assumpci&oacute; p&uacute;blica del multiling&uuml;isme com a riquesa individual i social&rdquo;<\/I><\/P> <P ALIGN=JUSTIFY STYLE='margin-bottom: 0.64cm; line-height: 150%'><A NAME='_GoBack'><\/A> No s&eacute; si ser&aacute; el principal problema. Es mucho suponer y quiz&aacute;s esa afirmaci&oacute;n sea un ejemplo de soberbia profesional. La cohesi&oacute;n social se fractura por muchas razones y no solo por la lengua. Sea como sea, esa postulaci&oacute;n del catal&aacute;n como &ldquo;el eje integrador&rdquo;, como &uacute;nico eje integrador tal y como ha de deducirse del texto general, no parece que case bien con el multiling&uuml;ismo que dice respetarse, en una frase sobrevenida al final del documento, qui&eacute;n sabe si a&ntilde;adida para convencer a los que pudieran dudar del tono monoling&uuml;&iacute;stica del texto, o para hacer una concesi&oacute;n verbal a la correcci&oacute;n pol&iacute;tica. A menos que ese multilung&uuml;ismo sea &ldquo;subordinado&rdquo; y, por tanto, en la l&iacute;nea de como argumentan los autores del manifiesto, con menores derechos.  <\/P> <P ALIGN=JUSTIFY STYLE='margin-bottom: 0.64cm; line-height: 150%'>El camino que se propone, una imposici&oacute;n forzosa, constituyente de la nueva rep&uacute;blica como se pretende, de ese eje integrador parece el m&aacute;s directo para la ruptura de la sociedad catalana en dos comunidades, la integrada y la no integrada; una de las dos dominada por la otra, y en la rep&uacute;blica independiente la dominada ser&aacute; la no integrada. Proponer una aceleraci&oacute;n, de ingenier&iacute;a socio-cultural, en la cuesti&oacute;n ling&uuml;&iacute;stica dif&iacute;cilmente evitar&aacute; una reacci&oacute;n social cuyo control ser&aacute; problem&aacute;tico; a menos que esa ingenier&iacute;a socio-cultural se acompa&ntilde;e del uso de la fuerza de la autoridad, m&aacute;s all&aacute; de los democr&aacute;ticamente aceptable &iquest;Los castellanopensantes y biling&uuml;eparlantes que nos consideramos catalanes, aunque no tengamos estirpe que mostrar, porque hemos nacido aqu&iacute; y son sentimos parte de esta comunidad, nos hemos de sumar a eso tambi&eacute;n?  <\/P> <P ALIGN=JUSTIFY STYLE='margin-bottom: 0.64cm; line-height: 150%'>Y, por cierto y para acabar, abanderar el multiling&uuml;ismo y denostar el biling&uuml;ismo es una ofensa a la inteligencia y a una buena parte de la poblaci&oacute;n catalana; con todos los respetos para el urdu, el amazhig, el &aacute;rabe, el w&oacute;lof y otras lenguas africanas, el peso y uso social del castellano no es comparable a ellas, no es una pieza igual de un supuesto mosaico ling&uuml;&iacute;stico, aunque pudiera llegar a serlo con el tiempo, si nos empe&ntilde;amos en no cerrar fronteras ling&uuml;&iacute;sticas. El camino no son las fronteras y la asimilaci&oacute;n, sino el respeto a la diversidad, los puentes y la integraci&oacute;n en la comunidad en pie de igualdad de derechos, culturales tambi&eacute;n; nunca dividida por sus culturas y tradiciones, de las que solo hay que excluir aquellas que atentan a los derechos individuales, la igualdad y la democracia.  <\/P>  <\/p>\n","protected":false},"excerpt":{"rendered":"<p class='MsoNormal' style='margin-bottom: 18.0pt; text-align: justify; line-height: 150%;'>La cohesi\u00f3n social se fractura por muchas razones y no solo por la lengua. Sea como sea, esa postulaci\u00f3n del catal\u00e1n como \u201cel eje integrador\u201d, como \u00fanico eje integrador tal y como ha de deducirse del texto general, no parece que case bien con el multiling\u00fcismo que dice respetarse, en una frase sobrevenida al final del documento, qui\u00e9n sabe si a\u00f1adida para convencer a los que pudieran dudar del tono monoling\u00fc\u00edstica del texto, o para hacer una concesi\u00f3n verbal a la correcci\u00f3n pol\u00edtica. A menos que ese multilung\u00fcismo sea \u201csubordinado\u201d y, por tanto, en la l\u00ednea de como argumentan los autores del manifiesto, con menores derechos. <\/p>\n","protected":false},"author":4,"featured_media":3139,"comment_status":"open","ping_status":"open","sticky":false,"template":"","format":"standard","meta":{"footnotes":""},"categories":[13],"tags":[],"class_list":["post-3138","post","type-post","status-publish","format-standard","has-post-thumbnail","hentry","category-la-izquierda-a-debate"],"aioseo_notices":[],"_links":{"self":[{"href":"https:\/\/espai-marx.net\/index.php?rest_route=\/wp\/v2\/posts\/3138","targetHints":{"allow":["GET"]}}],"collection":[{"href":"https:\/\/espai-marx.net\/index.php?rest_route=\/wp\/v2\/posts"}],"about":[{"href":"https:\/\/espai-marx.net\/index.php?rest_route=\/wp\/v2\/types\/post"}],"author":[{"embeddable":true,"href":"https:\/\/espai-marx.net\/index.php?rest_route=\/wp\/v2\/users\/4"}],"replies":[{"embeddable":true,"href":"https:\/\/espai-marx.net\/index.php?rest_route=%2Fwp%2Fv2%2Fcomments&post=3138"}],"version-history":[{"count":0,"href":"https:\/\/espai-marx.net\/index.php?rest_route=\/wp\/v2\/posts\/3138\/revisions"}],"wp:featuredmedia":[{"embeddable":true,"href":"https:\/\/espai-marx.net\/index.php?rest_route=\/wp\/v2\/media\/3139"}],"wp:attachment":[{"href":"https:\/\/espai-marx.net\/index.php?rest_route=%2Fwp%2Fv2%2Fmedia&parent=3138"}],"wp:term":[{"taxonomy":"category","embeddable":true,"href":"https:\/\/espai-marx.net\/index.php?rest_route=%2Fwp%2Fv2%2Fcategories&post=3138"},{"taxonomy":"post_tag","embeddable":true,"href":"https:\/\/espai-marx.net\/index.php?rest_route=%2Fwp%2Fv2%2Ftags&post=3138"}],"curies":[{"name":"wp","href":"https:\/\/api.w.org\/{rel}","templated":true}]}}