{"id":315,"date":"2006-04-10T00:00:00","date_gmt":"2006-04-10T00:00:00","guid":{"rendered":"https:\/\/espai-marx.net\/?p=315"},"modified":"2020-02-14T11:55:06","modified_gmt":"2020-02-14T10:55:06","slug":"historia-inacabada-del-euro","status":"publish","type":"post","link":"https:\/\/espai-marx.net\/?p=315","title":{"rendered":"Historia inacabada del euro"},"content":{"rendered":"<p><b>Presentacion del libro en Barcelona <\/b><\/p>\n<p>Pedro Montes fue invitado por Espai Marx para presentar su libro \u201cHistoria inacabada del euro\u201d publicado por Editorial Trotta. El acto se realiz\u00f3 n la Universidad Pompeu Fabra el dia 30 de noviembre del a\u00f1o 2001. Ante setenta personas, Montes pronunci\u00f3 las palabras que siguen. Tras su intervenci\u00f3n se realiz\u00f3 un animado debate. Los subt\u00edtulos son de la redacci\u00f3n de Espai Marx.<\/p>\n<p>Gracias Josep Bel por tus palabras de presentaci\u00f3n, sin duda motivadas por la amistad y el aprecio, pero en exceso elogiosas.<\/p>\n<p>Gracias a todos los asistentes, entre los que reconozco muchos amigos y compa\u00f1eros.<\/p>\n<p>Gracias tambi\u00e9n a los amigos que han hecho posible este acto. En particular a Joan Tafalla, como impulsor, y a Josep Bel, que ha corrido con el gasto de\u00a0 intervenir en esta presentaci\u00f3n, de un libro que si no importante \u00e9l,\u00a0 se refiere a un hecho realmente hist\u00f3rico, como es la creaci\u00f3n del euro.<\/p>\n<p>Empec\u00e9 a escribirlo en los primeros meses de 1999, una vez iniciada la llamada tercera fase de la unidad monetaria en la que a todos los efectos b\u00e1sicos el euro era ya una realidad y comenzaba la cuenta atr\u00e1s para quedar implantado como moneda unica de curso legal en los primeros meses del a\u00f1o que viene.<\/p>\n<p>Lo inicie con un sentimiento de frustraci\u00f3n y cierto \u00e1nimo de revancha, si cabe la palabra, por un doble motivo. Por un lado, como persona vinculada a la izquierda, por razones\u00a0 pol\u00edticas. Por otro como profesional de la econom\u00eda.<\/p>\n<p>Hasta muy al final\u00a0 del proceso, en 1998 cuando tuvo lugar el examen de la convergencia en que se dio aprobado general a todos los pa\u00edses que pretend\u00edan formar parte del euro, siempre apost\u00e9 mas bien porque la moneda com\u00fan no ver\u00eda la luz en la fecha prevista, o por lo menos que los\u00a0 pa\u00edses que se adherir\u00edan inicialmente ser\u00edan bastantes menos que los once que resultaron finalmente.<\/p>\n<p><b>Coartada para el neoliberalismo.<\/b><\/p>\n<p>La frustraci\u00f3n viene de que durante la d\u00e9cada de los noventa, el objetivo de la moneda \u00fanica aprobado\u00a0 en el Tratado de Maastricht, el cumplimiento de las condiciones de convergencia y el examen final han dominado las pol\u00edticas econ\u00f3micas y sociales en todos los pa\u00edses de la Uni\u00f3n Europea, con el resultado de que el neoliberalismo ha dado un salto significativo en todos ellos. El euro ha servido de coartada para el avance del neoliberalismo y yo esperaba que la reacci\u00f3n social en alg\u00fan pa\u00eds importante diera al traste con el proyecto de la moneda \u00fanica.<\/p>\n<p>En alg\u00fan momento, cabe recordar el per\u00edodo sumamente agitado de Francia en diciembre de 1995, parec\u00eda como que por fin los\u00a0 trabajadores haci\u00e9ndose o\u00edr, iban a poner trabas al proyecto burgu\u00e9s de la construcci\u00f3n europea. Al final, las grandes huelgas sirvieron para cambiar el gobierno de la derecha, pero el gobierno de la izquierda maniobr\u00f3 con destreza y supo acometer algunas reformas \u2013la jornada de 35 horas, por ejemplo, &#8211; sin cuestionar la vinculaci\u00f3n de Francia al euro y sin poner obst\u00e1culos insalvables a su entrada en vigor.<\/p>\n<p>La frustraci\u00f3n viene tambi\u00e9n porque se ha vendido el proyecto de la moneda unica como un paso decisivo para la contracci\u00f3n pol\u00edtica de Europa. El euro, a pesar de su significado netamente econ\u00f3mico,\u00a0 era la punta de lanza de proceso que tendr\u00eda\u00a0 continuidad pol\u00edtica. Pero hemos visto que ello no ha sido asi. Desde su implantaci\u00f3n el proyecto de la construcci\u00f3n pol\u00edtica europea ha sufrido una paralizaci\u00f3n y se ha optado por una alternativa, la ampliaci\u00f3n al Este, que en \u00faltima instancia supone renunciar a la unidad pol\u00edtica europea, como lo han hecho saber y lo han criticado destacados lideres europeos que creyeron realmente que el euro era una etapa del camino.<\/p>\n<p>En el caso del Estado espa\u00f1ol se da la doble circunstancia de que el tema de Europa siempre ha sido aceptado con especial unci\u00f3n, por razones hist\u00f3ricas obvias, el tiempo que la pol\u00edtica\u00a0 neoliberal aplicada por los gobiernos, primero por el PSOE sin ascos ideol\u00f3gicos y luego con por el PP con plena coherencia pol\u00edticas, ha revestido una dureza ins\u00f3lita, como lo ponen de\u00a0 manifiesto reformas tan regresivas como las laborales, las de pensiones, las de protecci\u00f3n al paro, y los datos macroecon\u00f3micos seg\u00fan los cuales la inmensa mayor\u00eda de los trabajadores, excepto en conseguir puestos de trabajo en condiciones laborales deleznables, ha sido testigos mudos de la mejora social que se ha registrado en estos \u00faltimos a\u00f1os.<\/p>\n<p>Asi pues, en el caso espa\u00f1ol, el euro como se\u00f1uelo de Europa,\u00a0 ha rendido unos servicios impagables a los gobiernos para hacer avanzar el neoliberalismo en todos los terrenos.<\/p>\n<p><b>Las graves implicaciones econ\u00f3micas del euro<\/b><\/p>\n<p>Pero dec\u00eda que la frustraci\u00f3n tenia tambien un componente profesional. Aun cuando reconoc\u00eda los grandes intereses econ\u00f3micos puestos en juego con el euro, el gran respaldo pol\u00edtico que tenia \u2013en \u00faltima instancia no exist\u00eda otro proyecto alternativo de construcci\u00f3n europea-, lo implicados que estaban en el mismo algunos dirigentes y los rendimientos que el mismo supondr\u00eda, las ventajas econ\u00f3micas que en algunos aspectos representa la moneda unica, no llegaba a creerme que los gobiernos se atrever\u00edan a asumir las graves implicaciones econ\u00f3micas que tiene el euro. Y que son principalmente dos:<\/p>\n<p><b>La primera<\/b>,\u00a0 el establecimiento de un sistema de tipos de cambio fijo e\u00a0 irreversible, de una rigidez extrema,\u00a0 entre las monedas implicadas.<\/p>\n<p><b>La segunda<\/b>, la existencia de una unica pol\u00edtica monetaria, para un conjunto muy complejo, diverso y desigual de pa\u00edses, todav\u00eda\u00a0 muy compartimendas a pesar del fen\u00f3meno de la \u00abglobalizaci\u00f3n\u00bb, particularmente intenso entre los pa\u00edses de la Uni\u00f3n Europea, y cuya importancia no desde\u00f1o como un factor primordial de respaldo al euro.<\/p>\n<p>De las dos, la m\u00e1s\u00a0 trascendental me parece la primera. Todos los estudios te\u00f3ricos concluyen que la Uni\u00f3n Europea es una zona que dista de poder considerarse una \u00e1rea monetaria optima, principalmente por la falta de una pol\u00edtica presupuestaria com\u00fan y por la compartimentaci\u00f3n de los mercados laborales. Aparte de otras muchas barreras, la diversidad de lenguas levanta obst\u00e1culos muy serios a la movilidad de la mano de obra.<\/p>\n<p>Por otra parte, la experiencia hist\u00f3rica pone de relieve que no es posible mantener tipos de cambio fijos entre econom\u00edas con diferente nivel productivo y capacidad competitiva. Despu\u00e9s de todo, el SME, el compromiso de mantener tipos estables entre las monedas europeas, el veh\u00edculo que deb\u00eda conducir a Maastricht, se estrello en 1993. A los efectos pr\u00e1cticamente ayer,\u00a0 para un proyecto como el euro, cuyas consecuencias s\u00f3lo podr\u00e1n valorarse a medio y largo plazo.<\/p>\n<p>Basta considerar las enormes variaciones de los tipos de cambio entre las monedas europeas que se han producido desde que se hundi\u00f3 en 1971 el sistema de Bret\u00f3n Woods, inaugurado despu\u00e9s de la Segunda Guerra Mundial, de tipos de cambio fijos, pero ajustables, como para pensar que el euro es una apuesta\u00a0 demasiado arriesgada, que se trata de una aventura cuyo final est\u00e1 por ver.<\/p>\n<p>Aunque no esta bien que como autor recurra a la autoridad de otros economistas para respaldar mis opiniones, vais a permitir, aunque solo sea por la distancia ideol\u00f3gica que mantengo con ellos y el que son posteriores a la conclusi\u00f3n del libro, que cite cuatro\u00a0 destacados comentarios sobre el tema:<\/p>\n<p>El primero de Alan Blinder, ex vicepresidente de la Junta de Reserva Federal de US, en una conferencia comentada en el bolet\u00edn del FMI. Despu\u00e9s de se\u00f1alar que los reg\u00edmenes de tipo de cambio fijo con frecuencia acaban, concluye: \u201cTendr\u00e1n que pasar muchos a\u00f1os para poder determinar si la adopci\u00f3n de una moneda com\u00fan en la Uni\u00f3n Europea es acertada\u201d.<\/p>\n<p>El segundo de Martin Feldstein, gran economista americano, conservador donde los haya, Presidente del Consejo de Asesores\u00a0 Econ\u00f3micos con Reagan, en una entrevista en El Mundo: \u201cCreo que el euro crea problemas de verdad a la hora de gestionar la econom\u00eda y que las consecuencias adversas se ir\u00e1n viendo con el tiempo\u201d.<\/p>\n<p>El nuevo director gerente del FMI Horst K\u00f6hler, recalcaba en el Bolet\u00edn del FMI que, en t\u00e9rminos realistas,\u00a0 no existe alternativa a los tipos de cambio flotantes entre las tres monedas principales, el d\u00f3lar, el yen y el euro. Pero cabe preguntarse si la conclusi\u00f3n a la que\u00a0 llega no es asimismo aplicable a las monedas europeas integradas en el euro.<\/p>\n<p>En fin, el profesor Tobin, en un reciente art\u00edculo sobre su famosa y pol\u00e9mica tasa (Financial Times, septiembre de 2001), hacia la siguiente reflexi\u00f3n, despu\u00e9s de preguntarse por qu\u00e9 no una \u00fanica moneda mundial: \u00abMuy deseable, pienso yo, pero no es posible dada la heterogeneidad de las naciones. No podemos incluso estar seguros del euro\u00bb. Y a\u00f1ad\u00eda como apostilla\u00a0 el caso\u00a0 de Argentina, un barco que se hunde por tener como m\u00e1stil una moneda, el peso, ligado f\u00e9rreamente al d\u00f3lar.<\/p>\n<p><b>Las condiciones de convergencia.<\/b><\/p>\n<p>Las condiciones de convergencia, por lo demas, sin mitificarlas respond\u00edan a algunas exigencias l\u00f3gicas, y, como es sabido s\u00f3lo se cumplieron a medias: en algunos casos recurriendo a todo tipo de artificiosos y en otros se obviaron abiertamente, como en lo que se refiere al endeudamiento p\u00fablico de algunos pa\u00edses. Se hizo la vista a gorda, traspasando al euro los problemas.<\/p>\n<p>Como sostengo en el libro, el euro es ante todo fruto de la voluntad pol\u00edtica, de decisiones adoptadas por los gobernantes europeas. Pueden ser muy legitimas, aunque se ha sorteado todo lo posible la participaci\u00f3n de los ciudadanos, pero no por ello se eliminan los problemas econ\u00f3micos que entra\u00f1a el euro ni las contradicciones que encierra.<\/p>\n<p>Pero en fin el euro ya esta aqu\u00ed. Y hay razones profundas para temer sus consecuencias.<\/p>\n<p>Como he dicho antes, toda la d\u00e9cada pasada estuvo dominada por el proyecto de la moneda com\u00fan. Pero nada tiene que ver la fase del proyecto a la realidad de su implantaci\u00f3n. Antes, el intento de cumplir\u00a0 las condiciones de convergencia impon\u00eda limites y restricciones a la politica econom\u00eda y condicionaba la pol\u00edtica social. Pero, bien porque estaban definidas con cierta flexibilidad, porque su incumplimiento era generalizado hasta 1997, bien porque la moneda unica siempre fue una inc\u00f3gnita,\u00a0 nada tiene que ver ese per\u00edodo, donde todav\u00eda exist\u00edan las monedas nacionales, con la nueva etapa hist\u00f3rica que ha abierto la creaci\u00f3n del euro.<\/p>\n<p>La moneda com\u00fan es como una camisa de fuerza que los poderes econ\u00f3micos han colocado a las sociedades europeas. Y cabe aqu\u00ed pensar si la camisa de fuerza no habr\u00eda que hab\u00e9rsela puesto\u00a0 a los gobernantes europeos, por haber tirado por la calle de en medio sin pararse a considerar la falta de madurez de condiciones econ\u00f3micas para implantar una moneda com\u00fan y las consecuencias que puede engendrar.<\/p>\n<p>La cuestion fundamental que se plantea es si el euro aguantara o si los problemas econ\u00f3micos, las tensiones sociales y los desacuerdos pol\u00edticos har\u00e1n estallar las costuras de la comisa, teniendo en cuenta que el tiempo no es un dato y que el devenir\u00a0 puede ser sensiblemente mas complicado en todos los aspectos que lo ocurrido en estos dos a\u00f1os de la breve experiencia del euro.<\/p>\n<p>Como es f\u00e1cil imaginar, las dificultades no van a\u00a0 ser las mismas para todos los pa\u00edses,\u00a0 pues muy diferentes son las condiciones de partida y\u00a0 el potencial de cada econom\u00eda.<\/p>\n<p>La espa\u00f1ola en particular como analizo con detalle en el libro es una de las que por su retraso y debilidad comparativa mas perjudicadas puede resultar, d\u00e1ndose el caso adem\u00e1s que es una de las sociedades que m\u00e1s problemas a arrastran, como lo revela el nivel de paro,\u00a0 la precariedad, la modestia de los gastos p\u00fablicos en protecci\u00f3n y servicios sociales, el regresivo sistema fiscal, la desigual\u00a0 distribuci\u00f3n de la renta, las diferencias territoriales, etc. Es decir, la sociedad espa\u00f1ola es de las que necesitar\u00edan m\u00e1rgenes muy amplios para poder afrontar muchas demandas sociales con una econom\u00eda comparativamente d\u00e9bil, por lo que la rigidez del nuevo marco pesar\u00e1 sobremanera.<\/p>\n<p><b>Un dogal impuesto a la sociedad.<\/b><\/p>\n<p>Si tenemos en cuenta los sacrificios que han sido necesarios para llegar al euro y que ahora la moneda com\u00fan es como un dogal impuesto a la sociedad no pueden ser m\u00e1s hirientes las declaraciones de Azar cuando refiri\u00e9ndose\u00a0 a la congelaci\u00f3n de los\u00a0 salarios de los funcionarios nos reconfortaba con que gracias a ella hab\u00edamos entrado en el euro. Darle la posibilidad de utilizar este argumento, da idea del retroceso ideol\u00f3gico existente y de la desorientaci\u00f3n que ha tenido la izquierda ante el asunto del euro.<\/p>\n<p>Por supuesto, las v\u00edctimas ser\u00e1n los trabajadores y demas capas populares, en los que tratar\u00e1 de descargarse todos los ajustes necesarios para mantener una competitividad dif\u00edcil de mantener por toros m\u00e9todos, y sobre todo sin la posibilidad de modificar el tipo de cambio.<\/p>\n<p>La importancia de esto es, desde mi punto de vista fundamental. Todo el periodo de crecimiento de los \u00faltimos tiempos, el que permiti\u00f3 al gobierno el eslogan del \u201cEspa\u00f1a va bien\u201d y al PP ganar la mayor\u00eda absoluta el a\u00f1o pasado descansa en las devaluaciones de la peseta entre los a\u00f1os 1992 y 1995 con la crisis del SME. Fueron las exportaciones las que tiraron entonces y detonaron la recuperaci\u00f3n, y fueron gracias a esas devaluaciones las que permitieron corregir el agobiante d\u00e9ficit exterior del principio de los a\u00f1os noventa.<\/p>\n<p>M\u00e1s pronto de lo previsto, con solo dos a\u00f1os de euro, de nuevo\u00a0 ha reaparecido ese d\u00e9ficit y la econom\u00eda apunta ya todos los signos de un debilitamiento. \u00bfC\u00f3mo se iniciar\u00e1 la pr\u00f3xima recuperaci\u00f3n?\u00a0 \u00bfC\u00f3mo se corregir\u00e1 ahora el d\u00e9ficit exterior que se viene acumulando, con un saldo comercial negativo que representa el 7% del PIB?<\/p>\n<p>Todas las contradicciones econ\u00f3micas estan operando ya, pero sus efectos tardaran en decantarse alg\u00fan tiempo. El car\u00e1cter de sostenible o insostenible del tipo de cambio de una moneda no se determina en un momento dado, sino que es fruto del devenir econ\u00f3mico no s\u00f3lo del propio pa\u00eds sino del contexto exterior.<\/p>\n<p>No obstante,\u00a0 en la medida en que el euro tiene que reflejar doce realidades distintas, aunque\u00a0 no todas tengan igual peso, est\u00e1 claro que su cotizaci\u00f3n estar\u00e1 siempre sometida a muchos factores de inestabilidad, lo cual se refleja en su evoluci\u00f3n, llena de altibajos y un\u00a0 comportamiento muy irregular desde su nacimiento.<\/p>\n<p>Sin embargo el dato b\u00e1sico fundamental de la historia del euro desde 1999 es su profunda depreciaci\u00f3n con respecto al d\u00f3lar \u2013en octubre de 2000 fij\u00f3 su cota m\u00ednima en 0,82 d\u00f3lares por euro, lo que significaba una devaluaci\u00f3n del 30%-, y esta evoluci\u00f3n, en mi opini\u00f3n esta determinadas por las carencias pol\u00edticas con el euro ha nacido: la ausencia de una entidad pol\u00edtica digna de tal nombre que lo respalde.<\/p>\n<p>La amalgama pol\u00edtica que constituye actualmente la Uni\u00f3n Europea pone al euro al albur todas las perturbaciones y conflictos que puedan desatarse, tanto econ\u00f3micas como pol\u00edticas. Como digo en el libro, el euro tendr\u00e1 que librar las batallas en un campo econ\u00f3mico abierto sin protecci\u00f3n pol\u00edtica.<\/p>\n<p><b>La ampliaci\u00f3n de la UE hacia el Este<\/b><\/p>\n<p>Un problema, por lo demas, que tender\u00e1 a agravarse en el futuro, pues desde la creaci\u00f3n del euro la Uni\u00f3n Europea ha abandonado los proyectos de continuar profundizando en su integraci\u00f3n y ha emprendido una huida hacia delante con la ampliaci\u00f3n al Este, que no hace sino complicar sobremanera cualquier intento posterior de avanzar hacia la integraci\u00f3n pol\u00edtica y la propia existencia del euro, puesto que integrar\u00e1 monedas de mas pa\u00edses m\u00e1s divergentes entre ellos. Las cr\u00edticas han sido muy duras por esa orientaci\u00f3n, entre otros el ex Presidente de la Comisi\u00f3n Europea Delors,\u00a0 para nadie parece tener inter\u00e9s o capacidad para enmendar el curso de los\u00a0\u00a0 acontecimientos.<\/p>\n<p>La imagen en la cumbre de Niza de todos los jefes de Estado y de Gobierno manejando calculadoras, como en los congresos de las organizaciones de la izquierda, es elocuente de la par\u00e1lisis,\u00a0 la desolaci\u00f3n, las divisiones que recorren la Uni\u00f3n Europea. Algunos ensayistas pol\u00edticos han llegado a escribir que la cumbre de Niza y el Tratado a que ha dado lugar suponen una verdadera sentencia de muerte para la Europa pol\u00edtica.<\/p>\n<p>Tal es el marco pol\u00edtico que le espera al euro, sobre cuyo tel\u00f3n de fondo actuaran las tensiones y los problemas que la moneda com\u00fan entra\u00f1a.<\/p>\n<p>De ah\u00ed emana la tesis central del libro, que creo razonablemente justificada: al euro le espera un futuro muy problem\u00e1tico y su destino final es una inc\u00f3gnita.<\/p>\n<p>En todo caso, adem\u00e1s, aparte de los pron\u00f3sticos y de ese intento de columbrar el futuro, el libro contiene una descripci\u00f3n y un an\u00e1lisis validos del camino que se ha recorrido hasta llegar a Maastricht y la nueva situaci\u00f3n econ\u00f3mica que se ha creado.<\/p>\n<p>Yo ver\u00eda mis objetivos cumplidos si,\u00a0 primero,\u00a0 pongo a los lectores en condiciones\u00a0 de interpretar y entender muchos de los\u00a0 acontecimientos que est\u00e1n por suceder.<\/p>\n<p>Segundo,\u00a0 si les da argumentos para rechazar y\u00a0 luchar contra el estado de cosas que nos han impuesto, sin la participaci\u00f3n ni consulta de los ciudadanos, y creo que contra los\u00a0 intereses\u00a0 de la inmensa mayor\u00eda.<\/p>\n<p>Tercero,\u00a0 si aporta alguna ilusi\u00f3n, si abre un rayo de esperanza, de que alg\u00fan d\u00eda todo este montaje, esencia del neoliberalismo, se puede venir abajo.<\/p>\n<p>Muchas gracias, otra vez, a todos vosotros.<\/p>\n","protected":false},"excerpt":{"rendered":"<p>Presentacion del libro en Barcelona <\/p>\n<p>Pedro Montes fue invitado por Espai Marx para presentar su libro &#8220;Historia inacabada del euro&#8221; publicado por Editorial Trotta. El acto se realiz\u00f3 n la Universidad Pompeu Fabra el dia 30 de noviembre del a\u00f1o 2001. Ante setenta personas, Montes pronunci\u00f3 las palabras que siguen. Tras su intervenci\u00f3n se realiz\u00f3 un animado debate. Los subt\u00edtulos son de la redacci\u00f3n de Espai Marx.<\/p>\n<p>Gracias Josep Bel por tus palabras de presentaci\u00f3n, sin duda motivadas por la amistad y el aprecio, pero en exceso elogiosas. <\/p>\n<p>Gracias a todos los asistentes, entre los que reconozco muchos amigos y compa\u00f1eros. <\/p>\n<p>Gracias tambi\u00e9n a los amigos que han hecho posible este acto. En particular a Joan Tafalla, como impulsor, y a Josep Bel, que ha corrido con el gasto de  intervenir en esta presentaci\u00f3n, de un libro que si no importante \u00e9l,  se refiere a un hecho realmente hist\u00f3rico, como es la creaci\u00f3n del euro. <\/p>\n<p>Empec\u00e9 a escribirlo en los primeros meses de 1999, una vez iniciada la llamada tercera fase de la unidad monetaria en la que a todos los efectos b\u00e1sicos el euro era ya una realidad y comenzaba la cuenta atr\u00e1s para quedar implantado como moneda unica de curso legal en los primeros meses del a\u00f1o que viene. <\/p>\n","protected":false},"author":9,"featured_media":0,"comment_status":"open","ping_status":"open","sticky":false,"template":"","format":"standard","meta":{"footnotes":""},"categories":[44],"tags":[],"class_list":["post-315","post","type-post","status-publish","format-standard","hentry","category-economia"],"aioseo_notices":[],"_links":{"self":[{"href":"https:\/\/espai-marx.net\/index.php?rest_route=\/wp\/v2\/posts\/315","targetHints":{"allow":["GET"]}}],"collection":[{"href":"https:\/\/espai-marx.net\/index.php?rest_route=\/wp\/v2\/posts"}],"about":[{"href":"https:\/\/espai-marx.net\/index.php?rest_route=\/wp\/v2\/types\/post"}],"author":[{"embeddable":true,"href":"https:\/\/espai-marx.net\/index.php?rest_route=\/wp\/v2\/users\/9"}],"replies":[{"embeddable":true,"href":"https:\/\/espai-marx.net\/index.php?rest_route=%2Fwp%2Fv2%2Fcomments&post=315"}],"version-history":[{"count":0,"href":"https:\/\/espai-marx.net\/index.php?rest_route=\/wp\/v2\/posts\/315\/revisions"}],"wp:attachment":[{"href":"https:\/\/espai-marx.net\/index.php?rest_route=%2Fwp%2Fv2%2Fmedia&parent=315"}],"wp:term":[{"taxonomy":"category","embeddable":true,"href":"https:\/\/espai-marx.net\/index.php?rest_route=%2Fwp%2Fv2%2Fcategories&post=315"},{"taxonomy":"post_tag","embeddable":true,"href":"https:\/\/espai-marx.net\/index.php?rest_route=%2Fwp%2Fv2%2Ftags&post=315"}],"curies":[{"name":"wp","href":"https:\/\/api.w.org\/{rel}","templated":true}]}}