{"id":3190,"date":"2016-06-14T00:00:00","date_gmt":"2016-06-14T00:00:00","guid":{"rendered":"https:\/\/espai-marx.net\/?p=3190"},"modified":"2020-02-15T10:49:55","modified_gmt":"2020-02-15T09:49:55","slug":"6-hipoteses","status":"publish","type":"post","link":"https:\/\/espai-marx.net\/?p=3190","title":{"rendered":"6 hip\u00f3teses"},"content":{"rendered":"<p><a name=\"_GoBack\"><\/a> Seis reflexi\u00f3ns-hip\u00f3teses (sen \u00e1nimo de sentar c\u00e1tedra) sobre as dial\u00e9cticas que poder\u00eda causar o triunfo de movementos nacionalistas tipo Podemos nos estados do sur de Europa que me suscitou o co\u00f1ecemento <a href=\"http:\/\/internacional.elpais.com\/internacional\/2016\/06\/07\/actualidad\/1465313896_118011.html\">desta enquisa<\/a>.<\/p>\n<p>1. A verdadeira natureza da UE vaise desenmascarando, no sur de Europa, despois de d\u00e9cadas de propaganda alienante.<\/p>\n<p>2. Nos estados do sur est\u00e1 a crecer a identificaci\u00f3n entre soberan\u00eda e democracia como a soluci\u00f3n ao trilema que Dani Rodrick v\u00eda nos fen\u00f3menos globalizaci\u00f3n-soberan\u00eda-democracia. Unha soluci\u00f3n ao trilema que, dentro do Estado espa\u00f1ol -onde a esquerda ti\u00f1a problemas para crear un nacionalismo progresista- sempre defenderon os movementos nacionalistas-independentistas subestatais de esquerdas fronte a certo cosmopolitismo abstracto reacio a reco\u00f1ecer que ser \u00aba Esquerda\u00bb no marco do Estado espa\u00f1ol era unha forma de soberanismo espa\u00f1ol e non de \u00abUniversal\u00bb superador da dial\u00e9ctica nacional.<\/p>\n<p>3. A utop\u00eda \u00abEuropa dos pobos\u00bb como sa\u00edda para os pobos sen estado da opresi\u00f3n do Estado-naci\u00f3n, do punto de vista de esquerda, non \u00e9 viable. Mesmo unha UE reformada pola presi\u00f3n dos nacionalismos do sur ser\u00e1 unha Europa dos Estados na que estes se mostrar\u00e1n reacios a dilu\u00edrense entregando soberan\u00eda a instancias superiores.<\/p>\n<p>4. O soberanismo de Estado-naci\u00f3n interpretar\u00e1 toda reivindicaci\u00f3n de soberan\u00eda sub-estatal como unha ameaza e tender\u00e1 a coagular a forma Estado-naci\u00f3n actual como algo intocable, pronunciando a centralizaci\u00f3n e bloqueando a posibilidade de que o proceso soberanista contin\u00fae cara escalas m\u00e1is baixas.<\/p>\n<p>5. A sa\u00edda m\u00e1is viable para os movementos independentistas-nacionalistas, do punto de vista de esquerdas, consiste en profundizar o caracter federal-confederal do Estado-naci\u00f3n espa\u00f1ol.<\/p>\n<p>6. Pero dentro dun Estado espa\u00f1ol federal-confederal, Galicia \u00e9 quen ten m\u00e1is complicado manter a s\u00faa soberan\u00eda por tratarse dunha zona econ\u00f3mica e demograficamente residual na xeopol\u00edtica espa\u00f1ola e por necesitar crear un contrapeso \u00e1 basculaci\u00f3n socioecon\u00f3mica mediterr\u00e1nea do Estado espa\u00f1ol mantendo unha relaci\u00f3n cada vez m\u00e1is intensa co estado-naci\u00f3n portugu\u00e9s.<\/p>\n<p><i><b>Fuente:<\/b><\/i> <a href=\"http:\/\/ofunambulistacoxo.blogspot.com.es\/2016\/06\/6-hipoteses.html\">http:\/\/ofunambulistacoxo.blogspot.com.es\/2016\/06\/6-hipoteses.html<\/a><\/p>\n<p>&nbsp;<\/p>\n","protected":false},"excerpt":{"rendered":"<p class='MsoNormal' style='margin-bottom: 18.0pt; text-align: justify; line-height: 150%; vertical-align: baseline;'>Seis reflexi\u00f3ns-hip\u00f3teses (sen \u00e1nimo de sentar c\u00e1tedra) sobre as dial\u00e9cticas que poder\u00eda causar o triunfo de movementos nacionalistas tipo Podemos nos estados do sur de Europa que me suscitou o co\u00f1ecemento desta enquisa.<\/p>\n","protected":false},"author":9,"featured_media":3191,"comment_status":"open","ping_status":"open","sticky":false,"template":"","format":"standard","meta":{"footnotes":""},"categories":[13],"tags":[],"class_list":["post-3190","post","type-post","status-publish","format-standard","has-post-thumbnail","hentry","category-la-izquierda-a-debate"],"aioseo_notices":[],"_links":{"self":[{"href":"https:\/\/espai-marx.net\/index.php?rest_route=\/wp\/v2\/posts\/3190","targetHints":{"allow":["GET"]}}],"collection":[{"href":"https:\/\/espai-marx.net\/index.php?rest_route=\/wp\/v2\/posts"}],"about":[{"href":"https:\/\/espai-marx.net\/index.php?rest_route=\/wp\/v2\/types\/post"}],"author":[{"embeddable":true,"href":"https:\/\/espai-marx.net\/index.php?rest_route=\/wp\/v2\/users\/9"}],"replies":[{"embeddable":true,"href":"https:\/\/espai-marx.net\/index.php?rest_route=%2Fwp%2Fv2%2Fcomments&post=3190"}],"version-history":[{"count":0,"href":"https:\/\/espai-marx.net\/index.php?rest_route=\/wp\/v2\/posts\/3190\/revisions"}],"wp:featuredmedia":[{"embeddable":true,"href":"https:\/\/espai-marx.net\/index.php?rest_route=\/wp\/v2\/media\/3191"}],"wp:attachment":[{"href":"https:\/\/espai-marx.net\/index.php?rest_route=%2Fwp%2Fv2%2Fmedia&parent=3190"}],"wp:term":[{"taxonomy":"category","embeddable":true,"href":"https:\/\/espai-marx.net\/index.php?rest_route=%2Fwp%2Fv2%2Fcategories&post=3190"},{"taxonomy":"post_tag","embeddable":true,"href":"https:\/\/espai-marx.net\/index.php?rest_route=%2Fwp%2Fv2%2Ftags&post=3190"}],"curies":[{"name":"wp","href":"https:\/\/api.w.org\/{rel}","templated":true}]}}