{"id":3205,"date":"2016-07-07T00:00:00","date_gmt":"2016-07-07T00:00:00","guid":{"rendered":"https:\/\/espai-marx.net\/?p=3205"},"modified":"2020-02-15T10:40:26","modified_gmt":"2020-02-15T09:40:26","slug":"la-clase-obrera-inglesa-le-ha-asestado-un-golpe-a-la-oligarquia-global","status":"publish","type":"post","link":"https:\/\/espai-marx.net\/?p=3205","title":{"rendered":"La clase obrera inglesa le ha asestado un golpe a la oligarqu\u00eda global"},"content":{"rendered":"<p>\u201c<strong>El mapa del voto por el Brexit en Gran Breta\u00f1a\u201d<\/strong><\/p>\n<p><strong>La clase obrera inglesa le ha asestado un golpe a la oligarqu\u00eda global<\/strong><\/p>\n<p>por Wilhelm Langthaler<\/p>\n<p>publicado en: <a href=\"http:\/\/www.euroexit.org\/index.php\/2016\/06\/25\/europa-retten-eu-auflosen\/\">http:\/\/www.euroexit.org\/index.php\/2016\/06\/25\/europa-retten-eu-auflosen\/<\/a><\/p>\n<p>(25\/6\/2016)<\/p>\n<p>Las clases subalternas inglesas por abrumadora mayor\u00eda se han decidido por la salida de la UE neoliberal -un resultado excelente similar al del Oxi [sic] de los griegos del pasado verano contra la austeridad impuesta por la UE. La campa\u00f1a masiva de prensa de la elites, de la City de Londres, de las clases propietarias de ambos lados del Canal de la Mancha a favor de la permanencia no han podido cambiar nada.<\/p>\n<p>Bajo el liderazgo de Reagan y Thatcher, en la d\u00e9cada de 1980 el neoliberalismo, se impuso el neoliberalismo a partir del capitalismo anglosaj\u00f3n. Las elites de la Europa continental recogieron gustosamente la pelota y obligaron al entero continente a someterse a las nuevas reglas de juego. La finalidad era la de revocar las conquistas sociales y democr\u00e1ticas que hab\u00edan alcanzado su nivel m\u00e1s alto en los a\u00f1os setenta. Sirvieron institucionalmente a la denominada \u201creforma\u201d el mercado \u00fanico europeo y la burocracia supranacional como instrumentos principales de la permanente lucha de clases.<\/p>\n<p>Pero ya basta. El discurso de la globalizaci\u00f3n ya no hace efecto. Crece la efervescencia en toda Europa. Las clases bajas y medias se niegan a aceptar el empeoramiento de sus condiciones de vida, especialmente desde la crisis econ\u00f3mica mundial de 2008, mientras las clases altas se enriquecen cada vez m\u00e1s, mientras c\u00ednicamente declaran servir al bien com\u00fan. (\u201cMientras vaya bien la econom\u00eda, todo va bien\u201d)<\/p>\n<p>La mayor\u00eda se opone a una globalizaci\u00f3n desenfrenada. Exigen acabar finalmente con el dominio que ejercen las elites sobre el capital, los bienes y la fuerza de trabajo, sin disponer de controles democr\u00e1ticos (la verdadera constituci\u00f3n de la UE), exigen regulaci\u00f3n. Exigen volver a la cogesti\u00f3n pol\u00edtica para neutralizar el imperativo de los mercados (tras el cual se oculta el dominio total de la oligarqu\u00eda capitalista). Ese principio de soberan\u00eda popular, que hasta ahora no ha podido llevarse a la pr\u00e1ctica porque el control de la econom\u00eda permanecen en manos de una elite reducida, tiene, como demos organizado en Estado, por lo tanto necesidad de recuperar la soberan\u00eda nacional.<\/p>\n<p>Constituye una se\u00f1al que justamente en la tierra natal del neoliberalismo la mayor\u00eda vote contra el r\u00e9gimen concreto de ese neoliberalismo, la UE.<\/p>\n<p><strong>\u00bfBrexit liderado por la derecha?<\/strong><\/p>\n<p>Aqu\u00ed hay que dar la r\u00e9plica, a la afirmaci\u00f3n de que se tratar\u00eda de una victoria del populismo de derechas, o que el movimiento progresivamente ser\u00eda liderado por las derechas. Estas, veros\u00edmilmente, proseguir\u00edan con el neoliberalismo incluso bajo un modo reaccionario.<\/p>\n<p>En primer t\u00e9rmino ha habido y hay tambi\u00e9n en Gran Breta\u00f1a una campa\u00f1a de izquierdas contra la UE, que tiene profundas ra\u00edces que alcanzan a los sindicatos. Contra ella se ha decretado la censura informativa en los medios de comunicaci\u00f3n, de tal modo que las protestas sociales y a\u00fan m\u00e1s las expresiones pol\u00edticas de la izquierda alternativa nunca tiene ocasi\u00f3n de manifestarse. Existe una estrategia olig\u00e1rquica para asimilar las protestas sociales a las derechas hist\u00f3ricas.<\/p>\n<p>En segundo t\u00e9rmino hay tambi\u00e9n en Gran Breta\u00f1a numerosos votantes del partido Laborista que votaron a favor del Brexit, no s\u00f3lo el UKIP y los conservadores. El mismo Corbyn perteneci\u00f3 anteriormente a los euro-esc\u00e9pticos. Die Linke con su defensa de la UE y con ello del dominio de la oligarqu\u00eda entrega a las derechas el movimiento social de masas.<\/p>\n<p>Es cierto que que las clases dominantes brit\u00e1nicas eran m\u00e1s esc\u00e9pticas que las de las todas las otras grandes potencias europeas frente a la centralizaci\u00f3n pol\u00edtica supranacional. Estaban preocupados por el futuro del libre comercio y el neoliberalismo, cuyos campeones eran y son todav\u00eda, y por su historia imperial su incorporaci\u00f3n subordinada a la burocracia de Bruselas estuvo siempre bajo sospecha. Ello no impide que las fuerzas decisivas de la elite brit\u00e1nica acepten la UE como indispensable. El gran hermano del otro lado del Atl\u00e1ntico lo expres\u00f3 clara y firmemente \u2013 Obama quer\u00eda la permanencia de Gran Breta\u00f1a en la UE.<\/p>\n<p>Resulta evidente que la salida de la UE no significa autom\u00e1ticamente un avance hacia la izquierda, ante todo por las dificultades que esto ofrece en Gran Breta\u00f1a. Pero afect\u00f3 a las elites en Inglaterra como en el continente. Ello ofrece una gran ocasi\u00f3n que vale la pena aprovechar.<\/p>\n<p><strong>\u00bfRacista?<\/strong><\/p>\n<p>Los oponentes del Brexit quieren hacer creer que es una cuesti\u00f3n contra la inmigraci\u00f3n. Tories y UKIP son naturalmente chovinistas y tambi\u00e9n racistas. Justamente est\u00e1n interesados en desviar las preocupaciones sociales contra un enemigo externo. En el fondo yace sin embargo sin duda alguna la cuesti\u00f3n social. Es una actitud ciega de la izquierda pr\u00f3xima al r\u00e9gimen, considerar el deseo de limitar la inmigraci\u00f3n como s\u00f3lo motivada por el racismo. Regular de determinada forma el funcionamiento del mercado, incluido el mercado laboral (por lo tanto poner en cuesti\u00f3n el dominio total de las elites) se sit\u00faa en el inter\u00e9s de los asalariados. Es una parte de la lucha contra la globalizaci\u00f3n, como cada lucha social y sindical para defender los acuerdos salariales y los convenios colectivos. Los trabajadores no deben seguir a los puestos de trabajo sino que deben ser creados ah\u00ed donde viven. Eso se obtiene s\u00f3lo con el fin de la globalizaci\u00f3n, del r\u00e9gimen de libre comercio a nivel mundial y su forma europea, el mercado \u00fanico europeo. Significa concretamente para los europeos del Este en Gran Breta\u00f1a acabar con la marginalizaci\u00f3n de polacos, b\u00e1lticos, balc\u00e1nicos, etc..<\/p>\n<p>Se puede luchar contra el chovinismo y el racismo nacional y cultural s\u00f3lo si se defienden los intereses sociales de las clases baja y media contra la globalizaci\u00f3n. La exigencia de la limitaci\u00f3n de la inmigraci\u00f3n debe ser despojada de su condici\u00f3n de panacea, debe ser ajustada a la lucha general contra la globalizaci\u00f3n, contra el dominio olig\u00e1rquico de las elites, contra el imperialismo. S\u00f3lo as\u00ed puede transformarse en algo concreto el llamado a la solidaridad con los inmigrantes que ya se encuentran aqu\u00ed.<\/p>\n<p><strong>\u00bfLa UE como proyecto de paz?<\/strong><\/p>\n<p>Dificilmente quede alguien todav\u00eda dispuesto a vender la idea de una \u201cUE social\u201d. La \u00faltima l\u00ednea de defensa es siempre el pretendido proyecto de paz \u2013 la UE como baluarte contra los antiguos nacionalismos.<\/p>\n<p>Olvidada est\u00e1 la guerra de los Balcanes, de la que la UE fue responsable, donde Yugoslavia como integraci\u00f3n multinacional combati\u00f3 a Occidente y al nacionalismo.. O tambi\u00e9n la agresiva actitud frente a Rusia, provocando la guerra civil en Ucrania.. La expansi\u00f3n de la OTAN hacia el Este, en consonancia con los EE.UU, atizando la guerra y estimulando el nacionalismo.<\/p>\n<p><a name=\"_GoBack\"><\/a>La UE sigue globalmente con mayor o menor diferencia la pol\u00edtica imperialista de los EE.UU, lo que constituir\u00eda en el saqueo econ\u00f3mico en nombre del libre comercio o la intervenci\u00f3n militar directa en Pr\u00f3ximo Oriente o en \u00c1frica.<\/p>\n<p>Pero incluso en la misma Europa existe el r\u00e9gimen del,euro, que empobrece sin piedad a los pa\u00edses del sur y produce oposici\u00f3n a lo largo de las fronteras nacionales. En efecto es la adhesi\u00f3n a la camisa de fuerza del euro lo que oculta el chovinismo y nacionalismo del Norte opulento y especialmente de Alemania. Del mismo modo como tras la globalizaci\u00f3n y el clintonianismo se oculta el nacionalismo estadounidense (el que con Bush se manifestara abiertamente).<\/p>\n<p><strong>Aceleraci\u00f3n centr\u00edfuga<\/strong><\/p>\n<p>Gran Breta\u00f1a es un pa\u00eds central y es, sin duda, todav\u00eda lejano el momento en que una izquierda alternativa pueda asentarse. Aqu\u00ed juega tambi\u00e9n un papel la contradicci\u00f3n con Escocia. Pues contra el Londres neoliberal se ha desarrollado un nacionalismo escoc\u00e9s de izquierdas, el que por su parte apuesta por la UE. Mecanismos similares pueden observarse en Catalu\u00f1a y el Pa\u00eds Vasco.<\/p>\n<p>Por lo tanto lo que el Brexit en cada caso env\u00eda a las clases obreras y medias continentales es una se\u00f1al pol\u00edtica de que ni el euro ni la UE son irreversibles tal como establecen los tratados, los que Tsipras no se atrevi\u00f3 a romper.<\/p>\n<p>Dentro de pocos d\u00edas se votar\u00e1 en Espa\u00f1a y es de esperar que Podemos pueda poner todav\u00eda m\u00e1s en apuros a las \u00e9lites. Hasta ahora el partido izquierdista de protesta no se ha planteado el problema del euro y de la UE. Por el contrario: Iglesias se ha situado junto a Tsipras. El voto obrero brit\u00e1nico puede ser de ayuda para desarrollar un ala radical que prepare la ruptura con la oligarqu\u00eda de la UE a favor de los intereses sociales y democr\u00e1ticos de la mayor\u00eda.<\/p>\n<p>La UE ha dividido a Europa, social, cultural y nacionalmente, provoca la guerra (civil) y la dictadura, amenaza las conquistas remanentes que afectan a la desigualdad y que datan del siglo XIX. Lo que necesitamos es la solidaridad de los pueblos (no s\u00f3lo,europeos) y ser\u00e1 s\u00f3lo posible sobre la base de la autodeterminaci\u00f3n y la soberan\u00eda nacionales, los primeros de todos los pueblos empobrecidos contra las \u00e9lites centrales globales.<\/p>\n<p>Europ\u00e4ische Lexit-Plattform<br \/>\nJune 30, 2016<\/p>\n<p><a name=\"page\"><\/a><\/p>\n<p><a name=\"main\"><\/a><\/p>\n","protected":false},"excerpt":{"rendered":"<p>El Brexit, como explica este art\u00edculo, se puede y debe analizar desde otras claves como el grav\u00edsimo deterioro social y la p\u00e9rdida por la clase obrera de derechos sociales y laborales como consecuencia de las pol\u00edticas de ajuste neoliberal impulsadas tanto por conservadores como laboristas y patrocinadas por la UE, y por lo tanto como las condiciones sociales y econ\u00f3micas que impulsan el Brexit han sido generadas por las pol\u00edticas proc\u00edclicas de la propia UE.<\/p>\n","protected":false},"author":9,"featured_media":3206,"comment_status":"open","ping_status":"open","sticky":false,"template":"","format":"standard","meta":{"footnotes":""},"categories":[44,16,45],"tags":[],"class_list":["post-3205","post","type-post","status-publish","format-standard","has-post-thumbnail","hentry","category-economia","category-imperio-imperialismo","category-proletariado-demos-multidud"],"aioseo_notices":[],"_links":{"self":[{"href":"https:\/\/espai-marx.net\/index.php?rest_route=\/wp\/v2\/posts\/3205","targetHints":{"allow":["GET"]}}],"collection":[{"href":"https:\/\/espai-marx.net\/index.php?rest_route=\/wp\/v2\/posts"}],"about":[{"href":"https:\/\/espai-marx.net\/index.php?rest_route=\/wp\/v2\/types\/post"}],"author":[{"embeddable":true,"href":"https:\/\/espai-marx.net\/index.php?rest_route=\/wp\/v2\/users\/9"}],"replies":[{"embeddable":true,"href":"https:\/\/espai-marx.net\/index.php?rest_route=%2Fwp%2Fv2%2Fcomments&post=3205"}],"version-history":[{"count":0,"href":"https:\/\/espai-marx.net\/index.php?rest_route=\/wp\/v2\/posts\/3205\/revisions"}],"wp:featuredmedia":[{"embeddable":true,"href":"https:\/\/espai-marx.net\/index.php?rest_route=\/wp\/v2\/media\/3206"}],"wp:attachment":[{"href":"https:\/\/espai-marx.net\/index.php?rest_route=%2Fwp%2Fv2%2Fmedia&parent=3205"}],"wp:term":[{"taxonomy":"category","embeddable":true,"href":"https:\/\/espai-marx.net\/index.php?rest_route=%2Fwp%2Fv2%2Fcategories&post=3205"},{"taxonomy":"post_tag","embeddable":true,"href":"https:\/\/espai-marx.net\/index.php?rest_route=%2Fwp%2Fv2%2Ftags&post=3205"}],"curies":[{"name":"wp","href":"https:\/\/api.w.org\/{rel}","templated":true}]}}