{"id":321,"date":"2006-04-10T00:00:00","date_gmt":"2006-04-10T00:00:00","guid":{"rendered":"https:\/\/espai-marx.net\/?p=321"},"modified":"2020-02-14T11:51:59","modified_gmt":"2020-02-14T10:51:59","slug":"la-politica-en-las-calles-y-la-crisis-del-liberalismo","status":"publish","type":"post","link":"https:\/\/espai-marx.net\/?p=321","title":{"rendered":"La pol\u00edtica en las calles y la crisis del liberalismo"},"content":{"rendered":"<p>Despu\u00e9s del Argentinazo<\/p>\n<p>Una primera aproximaci\u00f3n a la\u00a0 rebeli\u00f3n popular<\/p>\n<p><b>(Docente de la Universidad Popular Madres de Plaza de Mayo)<\/b><\/p>\n<p><i>A vos te puso el Fondo, chupete bot\u00f3n<\/i><\/p>\n<p><i>A vos te puso el Fondo, chupete bot\u00f3n,<\/i><\/p>\n<p><i>Te cortamos las rutas, te paramos el pa\u00eds<\/i><\/p>\n<p><i>Sos un hijo de puta, te ten\u00e9s que ir&#8230;<\/i><\/p>\n<p>(Cantito popular en columna sobre Diagonal Norte, acceso a Plaza de mayo)<\/p>\n<p><i>Salta, salta, salta,<\/i><\/p>\n<p><i>Peque\u00f1a langosta,<\/i><\/p>\n<p><i>De la Rua y Menem son la misma bosta&#8230;<\/i><\/p>\n<p>(Cantito popular en columna sobre Avenida de Mayo, rumbo a la plaza de mayo)<\/p>\n<p>\u00bfAlguien se acuerda? Poco antes de ganar las elecciones de 1999, el futuro vicepresidente Carlos Alvarez y Graciela Fern\u00e1ndez Meijide (\u201cel Chacho\u201d y \u201cGraciela\u201d a secas, para el progresismo) martillaban una y otra vez los o\u00eddos populares con la consigna de que en Argentina ya no iba m\u00e1s la pol\u00edtica en las calles. Reclamaban cerrar la campa\u00f1a de la Alianza que llevar\u00eda a De la Rua como presidente por televisi\u00f3n sin recurrir a actos callejeros.<\/p>\n<p>Escaso tiempo antes, el historiador Luis Alberto Romero (de la Universidad de Buenos Aires) hab\u00eda cerrado una inmensa antolog\u00eda de dos tomos sobre la historia de la ciudad de Buenos Aires con un cap\u00edtulo final titulado sintom\u00e1ticamente \u201cEl fin de la pol\u00edtica en las calles\u201d.<\/p>\n<p>La misma tesis era defendida en su programa de TV por Mariano Grondona, mientras tomaba \u2013emocionado- la mano de Lilita Carri\u00f3 y de otros miembros del ARI (el partido cabeza del progresismo actual que tiene como lema \u201cuna Rep\u00fablica de Iguales\u201d).<\/p>\n<p>\u00bfCu\u00e1l era la alternativa liberal entonces en danza? Manifestar la opini\u00f3n individualmente y dentro de las instituciones mediante el voto, como ciudadanos-contribuyentes, sin caer en \u201cel autoritarismo\u201d de los que hacen pol\u00edtica en las calles y desde posiciones de clase al margen de la Constituci\u00f3n, el Parlamento o los tribunales.<\/p>\n<p><b>RESIGNIFICAR EL ARGENTINAZO<\/b><\/p>\n<p><i>A ver, a ver,Quien maneja la batuta,<\/i><\/p>\n<p><i>Si el pueblo unido<\/i><\/p>\n<p><i>O el gobierno hijo de puta (yuta puta&#8230;)<\/i><\/p>\n<p>(Cantito popular en barricada de acceso a Plaza de mayo)<\/p>\n<p><i>Baila la hinchada baila,<\/i><\/p>\n<p><i>Baila de coraz\u00f3n,<\/i><\/p>\n<p><i>Sin radicales, sin peronistas<\/i><\/p>\n<p><i>Vamos a vivir mejor&#8230;<\/i><\/p>\n<p>(Cantito popular en columna que se dispersaba en el Obelisco frente a la represi\u00f3n policial)<\/p>\n<p>Durante las jornadas del 19 y 20 de diciembre, en un abrir y cerrar de ojos, cuando la experiencia popular de unas pocas horas equivalen a muchos a\u00f1os y el tiempo se acelera vertiginosamente desafiando al reloj, esa pr\u00e9dica liberal y ese modo institucionalista de entender la pol\u00edtica cayeron en el vac\u00edo. El liberalismo burgu\u00e9s qued\u00f3 girando, aturdido, en medio del humo espeso de los neum\u00e1ticos quemados y los incendios callejeros.<\/p>\n<p>Los medios de comunicaci\u00f3n del sistema y todo el andamiaje pol\u00edtico institucional argentino se abocaron inmediatamente despu\u00e9s de las batallas callejeras a resignificar el car\u00e1cter del conflicto, la intensidad de la represi\u00f3n estatal, la modalidad de la rebeli\u00f3n popular e incluso hasta la identidad misma de los protagonistas.<\/p>\n<p>Para los medios gr\u00e1ficos del sistema (incluyendo a los \u201cprogres\u201d) la fotograf\u00eda central de tapa fueron las v\u00edctimas de la represi\u00f3n o el helic\u00f3ptero de De la Rua huyendo de la Casa Rosada. Ninguno puso en primer plano a los trabajadores y a los j\u00f3venes peleando en las calles. El enfrentamiento de la lucha de calles y la lucha de clases se esconde, se elude. Su lugar es reemplazado por la cuesti\u00f3n institucional de la sucesi\u00f3n presidencial.<\/p>\n<p>Pero no s\u00f3lo eso. Los medios tambi\u00e9n trataron de\u00a0 minimizar la incidencia de la rebeli\u00f3n popular, intentando convencer a todo el mundo de que De la Rua se tuvo que ir m\u00e1s por sus fallas en pol\u00edtica econ\u00f3mica que por la lucha popular. Resumiendo: no fue el pueblo combatiendo en la calle el que lo ech\u00f3 por su propia iniciativa, sino que \u00e9l simplemente&#8230; \u201cse fue\u201d. El intento de expropiaci\u00f3n de la rebeli\u00f3n popular no qued\u00f3 limitado a las maniobras de los medios. Toda la dirigencia burguesa (incluyendo no s\u00f3lo al Partido Justicialista y a la Uni\u00f3n C\u00edvica Radical sino tambi\u00e9n a los \u201cprogres\u201d del ARI, el FRENAPO y el CTA) intent\u00f3 encaramarse mezquinamente sobre la rebeli\u00f3n y sacar provecho personal recorriendo presurosamente los canales de TV cuando ninguno de sus dirigentes puso el cuerpo en la lucha.<\/p>\n<p>\u00bfD\u00f3nde estaban los jerarcas del peronismo que hoy se refriegan las manos y se relamen con el bot\u00edn de una lucha ajena? \u00bfY Lilita Carri\u00f3? \u00bfY De Gennaro? \u00bfY Horacio Verbitsky? \u00bfY las dos CGT? \u00bfD\u00f3nde estuvieron? \u00bfAlguien los vio en las barricadas? \u00bfAlguien los vio tir\u00e1ndoles piedras a la polic\u00eda montada a caballo o a los motociclistas policiales con itakas en la mano? \u00bfAlguien los vio apedreando a los grandes bancos y entidades financieras multinacionales? \u00bfAlguien los vio incendiando las camionetas de la empresa de correspondencia privada OCA hasta hace poco perteneciente al empresario Yabr\u00e1n? En serio: \u00bfAlguien los vio?<\/p>\n<p><b>\u00bfBARBARIE O REBELI\u00d3N DE MASAS?<\/b><\/p>\n<p><i>\u00a0\u00a1Qu\u00e9 boludos! \u00a1Qu\u00e9 boludos!<\/i><\/p>\n<p><i>El estado de sitio<\/i><\/p>\n<p><i>Se lo meten en el culo&#8230;<\/i><\/p>\n<p>(Cantito popular en Plaza Congreso)<\/p>\n<p><i>Ya se acerca nochebuena,<\/i><\/p>\n<p><i>Ya se acerca navidad<\/i><\/p>\n<p><i>Pero el pueblo est\u00e1 en la calle<\/i><\/p>\n<p><i>Y el gobierno ya se va&#8230;<\/i><\/p>\n<p>(Cantito popular en Plaza de mayo)<\/p>\n<p><i>El pueblo unido, jam\u00e1s ser\u00e1 vencido&#8230;<\/i><\/p>\n<p>(Cantito Popular en avenida Corrientes, mientras era incendiado un local de Mc Donalds)<\/p>\n<p>\u00bfCaos? \u00bfDesorden? \u00bfIrracionalidad? \u00bfLocura colectiva? \u00bfDesmanes? \u00bfBarbarie? Esas palabras est\u00e1n resonando actualmente (al d\u00eda despu\u00e9s de las jornadas de lucha) hasta el hartazgo por la radio y la TV. Obviamente no explican absolutamente nada.<\/p>\n<p>El quiebre masivo de la propiedad privada de los grandes centros de distribuci\u00f3n comercial de mercanc\u00edas, \u00bfno expresa nada? El costo de cerca de 30 millones de d\u00f3lares (seg\u00fan estimaciones de las empresas de seguro) que las masas trabajadoras enardecidas cobraron al capital por todo lo que \u00e9ste le exprimi\u00f3 durante las \u00faltimas d\u00e9cadas, \u00bfno expresa nada? \u00bfSon \u201cvandalismo\u201d y \u201cbarbarie\u201d o significan otra cosa? \u00bfQu\u00e9 obst\u00e1culos ideol\u00f3gicos de clase impiden hacerse esas preguntas?<\/p>\n<p>El tipo de luchas y el componente ideol\u00f3gico de los sujetos sociales que desarrollaron esta rebeli\u00f3n popular de masas in\u00e9dita en nuestra historia fue notoriamente diverso y matizado.<\/p>\n<p>En el seno de este pueblo que se puso orgullosamente de pie convivieron desde sectores obreros que no fueron a trabajar y marcharon al centro de Buenos Aires y empleados de oficina ligados a la peque\u00f1aburgues\u00eda que se fueron de sus trabajos hasta movimientos de trabajadores desocupados y estudiantes, todos entremezclados con vecinos, transe\u00fantes y manifestantes dispersos. Ideol\u00f3gicamente se cruzaron: (a) algunos sectores urbanos (hasta ahora) despolitizados que cantaban, con la olla y la sart\u00e9n en la mano, \u201cque se vayan todos, que no quede ni uno solo\u201d refiri\u00e9ndose a todos los pol\u00edticos&#8230;en general; (b) sectores del extremismo nacionalista, de origen autoritario y fuertes simpat\u00edas por la derecha peronista (en el caso de los punteros barriales) o incluso por militares represores con ret\u00f3rica \u201cpatriota\u201d como Seineld\u00edn y (c) sectores de la izquierda revolucionaria que lograron superar el estrecho marco en que hasta ahora se mov\u00edan alcanzando en la calle y en las barricadas influencia aut\u00e9nticamente de masas.<\/p>\n<p>En cuanto al tipo de luchas y acciones, convivieron durante las mismas jornadas \u2013reparti\u00e9ndose seg\u00fan los barrios m\u00e1s c\u00e9ntricos o m\u00e1s perif\u00e9ricos, tanto en la capital como en el interior del pa\u00eds- (a) expropiaciones de comida de supermercados pertenecientes a grandes firmas concentradas que han crecido notablemente durante la \u00faltima d\u00e9cada menemista-delaruista; (b) saqueos a peque\u00f1os negocios barriales; (c) protesta callejera cortando avenidas, golpeando ollas y quemando basura en las bocacalles; (d) destrucci\u00f3n sistem\u00e1tica de bancos\u00a0 y entidades financieras pertenecientes a la burgues\u00eda argentina m\u00e1s concentrada y al gran capital; (d) quema de autos y camionetas (mayormente pertenecientes a grandes firmas locales como OCA); (e) destrucci\u00f3n de tel\u00e9fonos p\u00fablicos pertenecientes a compa\u00f1\u00edas espa\u00f1olas y francesas que se hab\u00edan apropiado \u2013quebrando una huelga telef\u00f3nica a inicios de los \u201890- de la empresa argentina ENTEL; (e) destrucci\u00f3n de locales de comida r\u00e1pida de factura internacional, s\u00edmbolos mundiales del american way of life (Mc Donalds). En todos estos tipos de lucha se gener\u00f3 invariablemente un enfrentamiento con las fuerzas de la polic\u00eda federal y las polic\u00edas provinciales.<\/p>\n<p>En medio de tama\u00f1o mosaico de distintos tipos de acciones y de tan diversos componentes ideol\u00f3gicos se produjo una evidente lucha por la hegemon\u00eda entre distintos proyectos pol\u00edticos. All\u00ed disputaron desde sectores ligados a la derecha peronista y sus punteros de barrios (principalmente en las provincias y en el gran Buenos Aires) con agrupaciones y corrientes de izquierda anticapitalista que intentaron orientar las expropiaciones s\u00f3lo hacia las grandes firmas capitalistas y las destrucciones callejeras producto de la ira popular s\u00f3lo hacia los bancos, las empresas y los locales del gran capital.<\/p>\n<p>Los medios de comunicaci\u00f3n del sistema recortaron esa realidad sumamente din\u00e1mica y contradictoria destacando en todo momento los componentes ideol\u00f3gicamente m\u00e1s despolitizados y menos organizados. El objetivo de estos medios (incluyendo, insistimos, a los \u201cprogres\u201d) ha sido el de\u00a0\u00a0 reconstruir el consenso a favor del sistema y aceitar la hegemon\u00eda de los partidos institucionales del r\u00e9gimen burgu\u00e9s, hoy en seria crisis de legitimaci\u00f3n. \u00bfC\u00f3mo se puede lograr esa meta? Pues resignificando las luchas callejeras y ti\u00f1iendo la rebeli\u00f3n popular con el color acusatorio del \u201ccaos\u201d y el \u201cdesm\u00e1n\u201d irracional, as\u00ed como tambi\u00e9n destacando a grupos l\u00fampenes por sobre los trabajadores ocupados y desocupados en lucha. En el mejor de los casos, los medios han intentado conceder al pueblo en lucha un m\u00ednimo margen de racionalidad. \u201cLa gente\u201d (nunca el pueblo, y mucho menos la clase&#8230;) habr\u00eda salido a la calle para pedir solamente un cambio de ministro y un cambio de presidente. El viejo gatopardismo: que cambie algo para que todo siga igual.<\/p>\n<p><b>\u00a0COMO SIEMPRE&#8230; EL EJEMPLO DE LAS MADRES<\/b><\/p>\n<p><i>\u00a0Madres de la Plaza, el pueblo las abraza&#8230;<\/i><\/p>\n<p>(Cantito Popular coreado por la multitud en Plaza de Mayo en medio de la marcha de las madres y la represi\u00f3n militar de la polic\u00eda a caballo)<\/p>\n<p>Las Madres de Plaza de mayo, como en los peores tiempos de la dictadura militar del general Videla, volvieron a poner su cuerpo en la lucha de calles, marchando en medio de las peores corridas, los gases m\u00e1s asfixiantes y la represi\u00f3n m\u00e1s sanguinaria que los radicales supieron siempre implementar desde los tiempos de la semana tr\u00e1gica y la Patagonia rebelde. No menos de diez banderas de las madres (las azules con el pa\u00f1uelo blanco) marcharon alrededor de la pir\u00e1mide aun durante los momentos m\u00e1s sangrientos de la represi\u00f3n, cuando la valiente polic\u00eda a caballo argentina arremet\u00eda sin piedad contra mujeres que en gran parte superan los 65 a\u00f1os de edad (una de ellas tiene 90 a\u00f1os y fue derribada por la polic\u00eda, mientras varias otras recibieron palazos, latigazos, gases lacrim\u00f3genos y balas de goma).<\/p>\n<p>\u00bfD\u00f3nde estaban mientras tanto los grandes \u201cestrategas\u201d y los (supuestos) eruditos del marxismo que se cansaron de despotricar contra Hebe de Bonafini d\u00e1ndoles letra a los medios de comunicaci\u00f3n del sistema en su reciente campa\u00f1a macartista contra las Madres? \u00bfD\u00f3nde estaban los marx\u00f3logos que tanto desprecio mantuvieron y mantienen frente a todos los \u201cplebeyos\u201d que luchan sin seguir al pie de la letra los esquemas apolillados de sus catecismos de escritorio? Antes con pantuflas, ahora con sandalias (porque durante las jornadas de lucha hizo un calor tremendo&#8230;) estos personajes caricaturescos siguieron, como siempre lo han hecho, observando desde afuera \u2013como si estuvieran en un laboratorio de qu\u00edmica o f\u00edsica- el modo en que otros (los obreros, los estudiantes, los desocupados, los piqueteros y las madres) enfrentaron las balas, los gases y los latigazos de la polic\u00eda.<\/p>\n<p>No fueron los \u00fanicos. A pesar de que la Asociaci\u00f3n Madres de Plaza de mayo cumpli\u00f3 un papel que, sin temor a exagerar, no dudamos en calificar como heroico (alg\u00fan medio de TV las film\u00f3 enfrentando a estos cosacos argentinos y esa imagen se retransmiti\u00f3 luego a gran parte del mundo&#8230;), algunos medios escritos nacionales invirtieron completamente la ecuaci\u00f3n y \u2013tergiversando completamente lo ocurrido en la plaza de mayo- escribieron al d\u00eda siguiente que Adolfo P\u00e9rez Esquivel (premio Nobel de la paz), Estela Carlotto (oradora junto a Alfons\u00edn en uno de los \u00faltimos actos del radicalismo) y otros miembros del FRENAPO (organizaci\u00f3n del progresismo argentino del que forman parte varios radicales que hasta ayer nom\u00e1s fueron funcionarios del gobierno de De La Rua) hab\u00edan encabezado la marcha. Hasta un estudiante de primer a\u00f1o de periodismo o comunicaci\u00f3n social puede darse cuenta que toda cr\u00f3nica period\u00edstica es ideol\u00f3gica y est\u00e1 bien que as\u00ed sea, pero, si el diario es m\u00ednimamente serio, esa ideolog\u00eda no puede jam\u00e1s conducir a publicar mentiras o a tergiversar en la cr\u00f3nica aquello que se pretende relatar.<\/p>\n<p>Pero dejemos por un momento de lado las eternas manipulaciones de los dem\u00f3cratas argentinos (esos mismos que suspiraron con la Alianza y con De la Rua como una quincea\u00f1era enamorada como hoy lo hacen con Carri\u00f3) para resaltar una nota color. Mientras las motos de la polic\u00eda recorr\u00edan todas las avenidas del microcentro\u00a0 porte\u00f1o disparando contra la multitud (llevando en cada motocicleta dos polic\u00edas, el de adelante manejaba, el de atr\u00e1s disparaba con su itaka, ambos con chalecos de bala y casco), el pueblo insumiso contaba con su propia \u201cinfanter\u00eda motorizada\u201d: los motoqueros [empleados repartidores de correspondencia en motocicleta] que arremet\u00edan masivamente con motos y piedras contra los polic\u00edas mientras enarbolaban al viento una inmensa bandera argentina dando aliento a la multitud que los aplaud\u00eda a rabiar. (Aclaramos r\u00e1pidamente, para que ning\u00fan pusil\u00e1nime y ning\u00fan mediocre nos acuse de \u201cmilitaristas\u201d, \u201cfoquistas\u201d o \u201cterroristas\u201d que utilizamos la expresi\u00f3n infanter\u00eda motorizada en broma).<\/p>\n<p><b>LOS HIJOS DEL CORDOBAZO<\/b><\/p>\n<p><i>\u00a1Qu\u00e9 cagazo! \u00a1Qu\u00e9 cagazo!<\/i><\/p>\n<p><i>Echamos a de la Rua<\/i><\/p>\n<p><i>Los hijos del cordobazo&#8230;<\/i><\/p>\n<p>(Cantito popular en una barricada de acceso a plaza de mayo)<\/p>\n<p><i>Sean eternos los laureles<\/i><\/p>\n<p><i>Que supimos conseguir<\/i><\/p>\n<p><i>Coronados de gloria vivamos<\/i><\/p>\n<p><i>\u00a1Oh juremos con gloria morir!<\/i><\/p>\n<p><i>\u00a1Oh juremos con gloria morir!<\/i><\/p>\n<p>(Estrofas del himno nacional argentino cantadas durante todas las jornadas en diversos puntos)<\/p>\n<p>Como sucediera hace tres d\u00e9cadas atr\u00e1s en tiempos del Cordobazo, estas jornadas fueron el emergente observable de un largo proceso previo aparentemente invisible. Ac\u00e1 no se expres\u00f3 una explosi\u00f3n de \u201cirracionalidad\u201d inexplicable. Por el contrario, fue el punto de llegada de una larga acumulaci\u00f3n de piquetes aislados y luchas de calles fragmentarias.<\/p>\n<p>El camino de las luchas de clases fue de lo fragmentario y puntual a lo nacional y global. Hasta ahora las protestas contra el capitalismo neoliberal hab\u00edan venido desarroll\u00e1ndose de manera aislada. Incluso el santiagazo \u2013uno de esos v\u00e9rtices durante el gobierno de Menem- no tuvo inmediata repercusi\u00f3n en otras provincias.<\/p>\n<p>Por eso muchos apresurados y superficiales, como tambi\u00e9n hicieron en tiempos del cordobazo, dec\u00edan que ac\u00e1 \u201cno pasaba nada\u201d. Importantes politic\u00f3logos \u201cdemocr\u00e1ticos\u201d, con la autosuficiencia que los caracteriza, insistieron hasta el cansancio durante los \u00faltimos a\u00f1os con el latiguillo de que el pueblo argentino es pasivo y nunca pelea&#8230;La refutaci\u00f3n fue contundente. Y esta vez s\u00ed se logr\u00f3 romper el muro infranqueable de la protesta aislada para alcanzar un plano de rebeli\u00f3n a escala nacional.<\/p>\n<p>El principal escenario de esa rebeli\u00f3n multiplicada espacialmente al infinito revisti\u00f3 un car\u00e1cter centralizado. Se combati\u00f3 en la misma plaza de mayo, a metros de la casa de gobierno. \u00bfHubiera renunciado De la Rua si los enfrentamientos hubieran sido \u00fanicamente en Jujuy o C\u00f3rdoba? Probablemente no.<\/p>\n<p>No obstante las modas acad\u00e9micas, principalmente de factura postestructuralista\u00a0 y posmoderna (ambas corrientes de amplia difusi\u00f3n en Francia) que han instalado entre nuestra intelectualidad la peregrina idea de que no hay que plantearse una estrategia para la toma del poder ya que \u201cel poder no esta centralizado en ning\u00fan lado&#8230;\u201d, la plaza de mayo sigue siendo, no s\u00f3lo el s\u00edmbolo resumido de la lucha hist\u00f3rica popular en la Argentina, sino tambi\u00e9n el espacio centralizado en que se expresa la confrontaci\u00f3n con el poder pol\u00edtico burgu\u00e9s y sus aparatos de represi\u00f3n. Eso no implica creer que los distintos territorios sociales del capital que atraviesan el conjunto de la sociedad civil argentina sean soslayables. Tampoco implica desconocer que las decenas de miles de hombres armados para la represi\u00f3n y la guerra (no tanto guerra externa entre estados-naciones sino principalmente guerra interna de clases) distribuidos a lo largo de toda la Argentina est\u00e9n \u00fanicamente concentrados en Plaza de Mayo. Creer eso ser\u00eda ingenuo y hasta rid\u00edculo y tonto. Sin embargo \u00e9sta \u00faltima resume un espacio de poder simb\u00f3lico que otorga inteligibilidad a la ferocidad con que los cuerpos represivos argentinos defendieron esa plaza durante estas dos jornadas de lucha<\/p>\n<p><b>UNA CRISIS ORG\u00c1NIGA<\/b><\/p>\n<p><i>Ohhh, que se vayan todos,<\/i><\/p>\n<p><i>Ohhh, que no quede, ni uno solo&#8230;<\/i><\/p>\n<p>(Cantito popular en Plaza Congres)<\/p>\n<p><i>\u00bfAd\u00f3nde est\u00e1?, \u00bfAd\u00f3nde est\u00e1?<\/i><\/p>\n<p><i>La burocracia sindical&#8230;<\/i><\/p>\n<p>(Cantito popular en Plaza Congreso)<\/p>\n<p><i>Hay que saltar, hay que saltar,<\/i><\/p>\n<p><i>El que no salta es militar&#8230;<\/i><\/p>\n<p>(Cantito popular en Plaza Congreso)<\/p>\n<p><i>\u00bfAd\u00f3nde est\u00e1?, Que no se ve<\/i><\/p>\n<p><i>Esa famosa CGT&#8230;<\/i><\/p>\n<p>(Cantito popular en plaza de mayo)<\/p>\n<p>Cuando tantos ex militantes quebrados y ex revolucionarios frustrados han hartado a quien quiera escucharlos con el prejuicio de que \u201cla juventud actual est\u00e1 perdida\u201d y otras payasadas semejantes, si hubo un protagonista central de estas jornadas ese fue la juventud. Una juventud sumamente combativa que no se siente representada por los partidos tradicionales del sistema ni tampoco por la burocracia sindical o las instituciones juveniles de la Iglesia.<\/p>\n<p>Estamos viviendo una crisis org\u00e1nica, una crisis de hegemon\u00eda de la burgues\u00eda argentina en sus diferentes fracciones que combina la crisis econ\u00f3mica (el agotamiento de la convertibilidad, la recesi\u00f3n generalizada y la ausencia de un proyecto burgu\u00e9s estable y a largo plazo) con la crisis pol\u00edtica del bipartidismo y su sistema de representaci\u00f3n pol\u00edtica.<\/p>\n<p>La mayor\u00eda de esas masas juveniles que pusieron el pecho a las balas policiales y que pelearon con todas sus energ\u00edas en las barricadas del centro de la ciudad de Buenos Aires y tambi\u00e9n en el interior del pa\u00eds no reconoce legitimidad ni autoridad a la vieja dirigencia pol\u00edtica de nuestra burgues\u00eda. Se abre una oportunidad hist\u00f3rica para la izquierda revolucionaria argentina. Una oportunidad que no se hab\u00eda visto en d\u00e9cadas.<\/p>\n<p>Como ense\u00f1\u00f3 Antonio Gramsci, durante los per\u00edodos de crisis org\u00e1nica las clases sociales se separan de sus viejos partidos pol\u00edticos. Ese tipo de crisis pueden resolverse en un sentido revolucionario o pueden mitigarse las fuerzas en conflicto mediante la emergencia de una salida cesarista, es decir, mediante un liderazgo carism\u00e1tico de un proyecto que aparente estar \u201cpor encima\u201d del conflicto social. La apelaci\u00f3n a la figura del Coronel Seineld\u00edn, defendida en la calle pocos d\u00edas antes del 19 y 20 de diciembre, puede constituir un ejemplo en ese sentido. Creemos que Seineld\u00edn no tiene \u2013afortunadamente- fuerza para lograr imponer ese liderazgo carism\u00e1tico. El intento de compromisos parlamentarios entre el PJ y la UCR constituye tambi\u00e9n una forma moderna de cesarismo, ya que seg\u00fan Gramsci \u00e9ste \u00faltimo no puede ser reducido \u00fanicamente al bonapartismo militar. Tambi\u00e9n incluye toda forma de compromiso que aparente estar por encima del conflicto pol\u00edtico de clases. La izquierda revolucionaria argentina s\u00f3lo podr\u00e1 incidir con su iniciativa (abandonando todo car\u00e1cter pasivo o expectante) si logra superar las reivindicaciones econ\u00f3mico corporativas y alcanza a conformar una alternativa integral, pol\u00edtica pero tambi\u00e9n cultural, para las nuevas camadas de luchadores populares.<\/p>\n<p>Pero atenci\u00f3n. La tremenda crisis econ\u00f3mica que vivimos y la crisis pol\u00edtica que la acompa\u00f1a no se resolver\u00e1n de manera autom\u00e1tica. Hace much\u00edsimo tiempo que Lenin (ese maldito innombrable para la Academia burguesa) demostr\u00f3 que la mera existencia de la crisis jam\u00e1s se resuelve en un sentido progresivo si no existe un fuerte componente subjetivo (y organizativo) de masas. Eso todav\u00eda nos falta. En eso somos d\u00e9biles. Si bien es cierto que las luchas de calles no fueron absolutamente \u201cespont\u00e1neas\u201d tambi\u00e9n es innegable que no tuvieron una direcci\u00f3n pol\u00edtica unificada. Pongamos un ejemplo bien concreto. Supongamos que las masas enardecidas hubiesen logrado superar en plaza de mayo a la polic\u00eda ingresando por la fuerza a la casa de gobierno, a la casa rosada, \u00bfqu\u00e9 hubiesen hecho&#8230;?<\/p>\n<p>Hoy, en Argentina, los de abajo no quieren vivir m\u00e1s como hasta ahora y lo demostraron contundentemente en la calle. Pero todav\u00eda los de arriba pueden seguir viviendo as\u00ed. Aunque cada vez pueden menos&#8230; Lo viejo no termina de morir. Lo nuevo no termina de nacer.<\/p>\n<p>El resultado de la rebeli\u00f3n popular de masas, aunque insuficiente, fue exitoso. El 19 y el 20 de diciembre fueron d\u00edas felices. A pesar de que la represi\u00f3n radical-peronista (pues en varias provincias donde hubo muertos gobierna el PJ) dej\u00f3 como saldo alrededor de 30 compa\u00f1eros asesinados, estos dos d\u00edas de rebeli\u00f3n no fueron \u201ctristes\u201d como titularon al un\u00edsono los diarios del poder. Fueron d\u00edas de alegr\u00eda y de entusiasmo popular.<\/p>\n<p>No debemos perder de vista que ES LA PRIMERA VEZ EN LA HISTORIA ARGENTINA QUE UN PUEBLO EN LUCHA LOGRA DERRIBAR UN GOBIERNO. No los militares sino un pueblo en lucha. Eso solo constituye un hecho hist\u00f3rico que en ning\u00fan momento debemos soslayar.<\/p>\n<p>\u00bfC\u00f3mo seguir de aqu\u00ed en m\u00e1s? La lucha ser\u00e1 larga y ser\u00e1 dura. Que nadie se confunda. Es cierto que el recambio de presidente no soluciona absolutamente nada. Adem\u00e1s los servicios de inteligencia y la polic\u00eda est\u00e1n desparramando en los barrios populares de las distintas provincias \u2013sitiados militarmente durante las jornadas- que la gente del barrio aleda\u00f1o \u201cviene a saquear\u201d, intentando as\u00ed enfrentar a pobres contra pobres, como hicieron durante los saqueos del \u201889. Tambi\u00e9n es verdad que la revoluci\u00f3n socialista argentina y la felicidad duradera de nuestro pueblo no est\u00e1n a la vuelta de la esquina. Es m\u00e1s que obvio. Pero est\u00e1 m\u00e1s cerca que antes. \u00a1Hemos avanzado y mucho!.<\/p>\n<p>Como las Madres de Plaza de Mayo han venido insistiendo desde hace muchos a\u00f1os y lo reafirmaron en la \u00faltima marcha de la resistencia y piquetera de hace apenas dos semanas, el camino, largo y dif\u00edcil, seguir\u00e1 siendo el de la rebeli\u00f3n popular, es decir, la lucha de masas en la calle. Una lucha que no es ni puede ser parlamentaria o institucional. Los hijos e hijas de cordobazo, esa nueva generaci\u00f3n combativa que comenz\u00f3 a forjarse en estas jornadas de diciembre, ser\u00e1 la encargada de llevar esa lucha y esa resistencia hasta el final.<\/p>\n<p>Buenos Aires, 22 de diciembre 2001.<\/p>\n","protected":false},"excerpt":{"rendered":"<p>Despu\u00e9s del Argentinazo<\/p>\n<p>Una primera aproximaci\u00f3n a la  rebeli\u00f3n popular <\/p>\n<p>(Docente de la Universidad Popular Madres de Plaza de Mayo)<\/p>\n<p> A vos te puso el Fondo, chupete bot\u00f3n<\/p>\n<p>A vos te puso el Fondo, chupete bot\u00f3n,<\/p>\n<p>Te cortamos las rutas, te paramos el pa\u00eds<\/p>\n","protected":false},"author":9,"featured_media":0,"comment_status":"open","ping_status":"open","sticky":false,"template":"","format":"standard","meta":{"footnotes":""},"categories":[32],"tags":[],"class_list":["post-321","post","type-post","status-publish","format-standard","hentry","category-america-latina"],"aioseo_notices":[],"_links":{"self":[{"href":"https:\/\/espai-marx.net\/index.php?rest_route=\/wp\/v2\/posts\/321","targetHints":{"allow":["GET"]}}],"collection":[{"href":"https:\/\/espai-marx.net\/index.php?rest_route=\/wp\/v2\/posts"}],"about":[{"href":"https:\/\/espai-marx.net\/index.php?rest_route=\/wp\/v2\/types\/post"}],"author":[{"embeddable":true,"href":"https:\/\/espai-marx.net\/index.php?rest_route=\/wp\/v2\/users\/9"}],"replies":[{"embeddable":true,"href":"https:\/\/espai-marx.net\/index.php?rest_route=%2Fwp%2Fv2%2Fcomments&post=321"}],"version-history":[{"count":0,"href":"https:\/\/espai-marx.net\/index.php?rest_route=\/wp\/v2\/posts\/321\/revisions"}],"wp:attachment":[{"href":"https:\/\/espai-marx.net\/index.php?rest_route=%2Fwp%2Fv2%2Fmedia&parent=321"}],"wp:term":[{"taxonomy":"category","embeddable":true,"href":"https:\/\/espai-marx.net\/index.php?rest_route=%2Fwp%2Fv2%2Fcategories&post=321"},{"taxonomy":"post_tag","embeddable":true,"href":"https:\/\/espai-marx.net\/index.php?rest_route=%2Fwp%2Fv2%2Ftags&post=321"}],"curies":[{"name":"wp","href":"https:\/\/api.w.org\/{rel}","templated":true}]}}