{"id":3218,"date":"2016-07-23T00:00:00","date_gmt":"2016-07-23T00:00:00","guid":{"rendered":"https:\/\/espai-marx.net\/?p=3218"},"modified":"2020-02-15T10:33:56","modified_gmt":"2020-02-15T09:33:56","slug":"la-cortina-de-humo","status":"publish","type":"post","link":"https:\/\/espai-marx.net\/?p=3218","title":{"rendered":"La cortina de humo"},"content":{"rendered":"<p style=\"margin-bottom: 0.64cm; line-height: 150%;\" align=\"JUSTIFY\"><a name=\"_GoBack\"><\/a> Los resultados de las dos \u00faltimas elecciones generales han ayudado a popularizar la idea de que \u201cla cuesti\u00f3n catalana\u201d est\u00e1 en la ra\u00edz del persistente bloqueo de la situaci\u00f3n pol\u00edtica espa\u00f1ola. Una muy extendida opini\u00f3n atribuye al rechazo de los socialistas a pactar con los independentistas catalanes la raz\u00f3n del fracaso en la formaci\u00f3n de un gobierno de progreso tras el 20-D y, con ello, la convocatoria de unas segundas elecciones en seis meses. Desde las filas independentistas, la moraleja es clara: \u201cEspa\u00f1a\u201d puede ignorar las reivindicaciones \u201ccatalanas\u201d, s\u00ed, pero al precio de su propia par\u00e1lisis pol\u00edtica.<\/p>\n<p style=\"margin-bottom: 0.64cm; line-height: 150%;\" align=\"JUSTIFY\">La aparente vuelta al <i>peixalcovisme<\/i> convergente que parece anunciar la elecci\u00f3n de la nueva mesa del Congreso de los Diputados pone en cuarentena esa afirmaci\u00f3n. Con todo, y aun dando por cierto que el fracaso en la formaci\u00f3n de un gobierno de izquierdas tuviera su causa principal en el refer\u00e9ndum catal\u00e1n y no, como creo, en la aversi\u00f3n de un sector poderoso del PSOE al pacto con Podemos, quiz\u00e1s merezca la pena observar la cuesti\u00f3n tambi\u00e9n a la luz de la pol\u00edtica dom\u00e9stica catalana. Y es que es la misma \u201ccuesti\u00f3n catalana\u201d, en la forma en que la tenemos planteada, la que mantiene a Catalu\u00f1a en situaci\u00f3n de par\u00e1lisis, y no desde hace meses, como ocurre en Madrid, sino desde hace varios a\u00f1os.<\/p>\n<p style=\"margin-bottom: 0.64cm; line-height: 150%;\" align=\"JUSTIFY\">Bastar\u00eda con referirse a la pobr\u00edsima producci\u00f3n legislativa de las dos \u00faltimas legislaturas, o a la incapacidad para aprobar los presupuestos en la actual, para corroborar esa afirmaci\u00f3n. Incluso desde el punto de vista del <i>Proc\u00e9s<\/i>, el empantanamiento es evidente hasta para sus m\u00e1s entusiastas partidarios. De momento, todo parece reducirse a tomar decisiones que pueda tumbar el Tribunal Constitucional, a ver si as\u00ed levantamos la deca\u00edda moral y creamos algunos independentistas m\u00e1s. Vana esperanza, me temo, a estas alturas.<\/p>\n<p style=\"margin-bottom: 0.64cm; line-height: 150%;\" align=\"JUSTIFY\">Los resultados electorales del 20-D y del 26-J ratificaron que, como ya se vio en las auton\u00f3micas de septiembre pasado, la masa cr\u00edtica del independentismo es insuficiente para dar el gran salto, y que, peor, no parece que la base <i>indepe<\/i> sea susceptible de aumentar en los pr\u00f3ximos tiempos. Si no lo consigui\u00f3 ni la \u00edntima y obscena conversaci\u00f3n del Ministro del Interior con el hombre propuesto por Artur Mas para combatir el fraude en Catalu\u00f1a, ya me explicar\u00e1n qu\u00e9 otra cosa podr\u00eda hacerlo. Pero as\u00ed estamos, entreteniendo al personal con gatopardistas refundaciones de partidos, referendos unilaterales (otros los prefieren vinculantes) de independencia, procesos constituyentes y cualquier otro invento que los estrategas del viaje a-no-se-sabe-d\u00f3nde-ni-en-cu\u00e1nto-tiempo se saquen del mag\u00edn para que esto no decaiga.<\/p>\n<p style=\"margin-bottom: 0.64cm; line-height: 150%;\" align=\"JUSTIFY\">Hay que reconocer, sin embargo, que en crear espesas cortinas de humo no tienen rival, porque han conseguido que est\u00e9 pasando desapercibido que tanto las elecciones de diciembre como las de junio, que no depararon ni una mayor\u00eda recentralizadora ni otra independentista, s\u00ed aflor\u00f3, en ambas ocasiones, una contundente mayor\u00eda social de izquierdas. Y n\u00f3tese que digo social y no electoral, porque es evidente que hay fuerzas pol\u00edticas que, situ\u00e1ndose en diferentes zonas de la izquierda, dif\u00edcilmente se unir\u00edan para articular una mayor\u00eda que diera apoyo parlamentario a un gobierno progresista. No, al menos, mientras la pol\u00edtica catalana siga girando en torno a un imposible, que, adem\u00e1s, todo el mundo sabe que lo es, aunque lo calle. Hete aqu\u00ed el gran \u00e9xito del independentismo de orden, el artista antes conocido como Converg\u00e8ncia Democr\u00e0tica de Catalunya.<\/p>\n<p style=\"margin-bottom: 0.64cm; line-height: 150%;\" align=\"JUSTIFY\">Y es que el proc\u00e9s est\u00e1 consistiendo en que, en un pa\u00eds donde hay una neta mayor\u00eda de izquierdas, la divisi\u00f3n de las clases populares por la cuesti\u00f3n nacional est\u00e9 impidiendo la conversi\u00f3n de esa mayor\u00eda social en mayor\u00eda pol\u00edtica, lo que deja el control de una parte sustancial del poder (empezando por la presidencia de la Generalitat) en manos de un partido que ha sido cuarto (en n\u00famero de votos) en las dos \u00faltimas elecciones, y quinto, por detr\u00e1s del PP, el pasado junio en las provincias de Barcelona y Tarragona, donde, seg\u00fan el Idescat, vive el 84% de los catalanes.<\/p>\n<p style=\"margin-bottom: 0.64cm; line-height: 150%;\" align=\"JUSTIFY\">Nuestras izquierdas pueden mir\u00e1rselo desde muchos puntos de vista, pero dif\u00edcilmente podr\u00e1n ignorar esa realidad: desde hace tiempo es posible construir una mayor\u00eda pol\u00edtica de izquierdas que permita abordar con energ\u00eda los grav\u00edsimos problemas de pobreza y desigualdad social que padecemos. Aunque eso es incompatible con el proc\u00e9s, claro. Y as\u00ed nos va.<\/p>\n<p style=\"margin-bottom: 0.64cm; line-height: 150%;\" align=\"JUSTIFY\"><i><b>Fuente:<\/b><\/i> <a href=\"http:\/\/ccaa.elpais.com\/ccaa\/2016\/07\/20\/catalunya\/1469037737_393253.html\">http:\/\/ccaa.elpais.com\/ccaa\/2016\/07\/20\/catalunya\/1469037737_393253.html<\/a><\/p>\n","protected":false},"excerpt":{"rendered":"<p class='MsoNormal' style='margin-bottom: 18.0pt; text-align: justify; line-height: 150%; mso-outline-level: 2; vertical-align: baseline;'>En un pa\u00eds donde hay una mayor\u00eda social de izquierdas, la divisi\u00f3n de las clases populares por la cuesti\u00f3n nacional impide que se convierta en mayor\u00eda pol\u00edtica, lo que deja el poder en manos de un partido que ha sido cuarto en n\u00famero de votos<\/p>\n","protected":false},"author":9,"featured_media":3219,"comment_status":"open","ping_status":"open","sticky":false,"template":"","format":"standard","meta":{"footnotes":""},"categories":[13],"tags":[],"class_list":["post-3218","post","type-post","status-publish","format-standard","has-post-thumbnail","hentry","category-la-izquierda-a-debate"],"aioseo_notices":[],"_links":{"self":[{"href":"https:\/\/espai-marx.net\/index.php?rest_route=\/wp\/v2\/posts\/3218","targetHints":{"allow":["GET"]}}],"collection":[{"href":"https:\/\/espai-marx.net\/index.php?rest_route=\/wp\/v2\/posts"}],"about":[{"href":"https:\/\/espai-marx.net\/index.php?rest_route=\/wp\/v2\/types\/post"}],"author":[{"embeddable":true,"href":"https:\/\/espai-marx.net\/index.php?rest_route=\/wp\/v2\/users\/9"}],"replies":[{"embeddable":true,"href":"https:\/\/espai-marx.net\/index.php?rest_route=%2Fwp%2Fv2%2Fcomments&post=3218"}],"version-history":[{"count":0,"href":"https:\/\/espai-marx.net\/index.php?rest_route=\/wp\/v2\/posts\/3218\/revisions"}],"wp:featuredmedia":[{"embeddable":true,"href":"https:\/\/espai-marx.net\/index.php?rest_route=\/wp\/v2\/media\/3219"}],"wp:attachment":[{"href":"https:\/\/espai-marx.net\/index.php?rest_route=%2Fwp%2Fv2%2Fmedia&parent=3218"}],"wp:term":[{"taxonomy":"category","embeddable":true,"href":"https:\/\/espai-marx.net\/index.php?rest_route=%2Fwp%2Fv2%2Fcategories&post=3218"},{"taxonomy":"post_tag","embeddable":true,"href":"https:\/\/espai-marx.net\/index.php?rest_route=%2Fwp%2Fv2%2Ftags&post=3218"}],"curies":[{"name":"wp","href":"https:\/\/api.w.org\/{rel}","templated":true}]}}